{"id":277,"count":1,"description":"","link":"https:\/\/batinyilmaz.av.tr\/ru\/tag\/kirmizi-bulten-karari-nasil-kaldirilir\/","name":"k\u0131rm\u0131z\u0131 b\u00fclten karar\u0131 nas\u0131l kald\u0131r\u0131l\u0131r","slug":"kirmizi-bulten-karari-nasil-kaldirilir","taxonomy":"post_tag","meta":[],"_links":{"self":[{"href":"https:\/\/batinyilmaz.av.tr\/ru\/wp-json\/wp\/v2\/tags\/277","targetHints":{"allow":["GET"]}}],"collection":[{"href":"https:\/\/batinyilmaz.av.tr\/ru\/wp-json\/wp\/v2\/tags"}],"about":[{"href":"https:\/\/batinyilmaz.av.tr\/ru\/wp-json\/wp\/v2\/taxonomies\/post_tag"}],"wp:post_type":[{"href":"https:\/\/batinyilmaz.av.tr\/ru\/wp-json\/wp\/v2\/posts?tags=277"}],"curies":[{"name":"wp","href":"https:\/\/api.w.org\/{rel}","templated":true}]}}