{"id":942,"date":"2024-06-28T17:53:41","date_gmt":"2024-06-28T14:53:41","guid":{"rendered":"https:\/\/batinyilmaz.av.tr\/?p=942"},"modified":"2026-06-02T08:08:58","modified_gmt":"2026-06-02T05:08:58","slug":"yabanci-ehliyet-turk-ehliyetine-cevirme","status":"publish","type":"post","link":"https:\/\/batinyilmaz.av.tr\/ru\/yabanci-ehliyet-turk-ehliyetine-cevirme\/","title":{"rendered":"Yabanc\u0131 Ehliyet T\u00fcrkiye\u2019de Nas\u0131l \u00c7evrilir? (2026 \u015eartlar + Evraklar)"},"content":{"rendered":"<div id=\"ez-toc-container\" class=\"ez-toc-v2_0_85 counter-hierarchy ez-toc-counter ez-toc-grey ez-toc-container-direction\">\n<div class=\"ez-toc-title-container\">\n<p class=\"ez-toc-title\" style=\"cursor:inherit\">\u0417\u0430\u0433\u043e\u043b\u043e\u0432\u043a\u0438<\/p>\n<span class=\"ez-toc-title-toggle\"><a href=\"#\" class=\"ez-toc-pull-right ez-toc-btn ez-toc-btn-xs ez-toc-btn-default ez-toc-toggle\" aria-label=\"Toggle Table of Content\"><span class=\"ez-toc-js-icon-con\"><span class=\"\"><span class=\"eztoc-hide\" style=\"display:none;\">\u041f\u0435\u0440\u0435\u043a\u043b\u044e\u0447\u0430\u0442\u0435\u043b\u044c<\/span><span class=\"ez-toc-icon-toggle-span\"><svg style=\"fill: #999;color:#999\" xmlns=\"http:\/\/www.w3.org\/2000\/svg\" class=\"list-377408\" width=\"20px\" height=\"20px\" viewbox=\"0 0 24 24\" fill=\"none\"><path d=\"M6 6H4v2h2V6zm14 0H8v2h12V6zM4 11h2v2H4v-2zm16 0H8v2h12v-2zM4 16h2v2H4v-2zm16 0H8v2h12v-2z\" fill=\"currentColor\"><\/path><\/svg><svg style=\"fill: #999;color:#999\" class=\"arrow-unsorted-368013\" xmlns=\"http:\/\/www.w3.org\/2000\/svg\" width=\"10px\" height=\"10px\" viewbox=\"0 0 24 24\" version=\"1.2\" baseprofile=\"tiny\"><path d=\"M18.2 9.3l-6.2-6.3-6.2 6.3c-.2.2-.3.4-.3.7s.1.5.3.7c.2.2.4.3.7.3h11c.3 0 .5-.1.7-.3.2-.2.3-.5.3-.7s-.1-.5-.3-.7zM5.8 14.7l6.2 6.3 6.2-6.3c.2-.2.3-.5.3-.7s-.1-.5-.3-.7c-.2-.2-.4-.3-.7-.3h-11c-.3 0-.5.1-.7.3-.2.2-.3.5-.3.7s.1.5.3.7z\"\/><\/svg><\/span><\/span><\/span><\/a><\/span><\/div>\n<nav><ul class='ez-toc-list ez-toc-list-level-1' ><ul class='ez-toc-list-level-2' ><li class='ez-toc-heading-level-2'><a class=\"ez-toc-link ez-toc-heading-1\" href=\"https:\/\/batinyilmaz.av.tr\/ru\/yabanci-ehliyet-turk-ehliyetine-cevirme\/#YABANCI_EHLIYETIN_TURKIYEDE_HUKUKI_GECERLILIGI\" >YABANCI EHL\u0130YET\u0130N T\u00dcRK\u0130YE\u2019DE HUKUK\u0130 GE\u00c7ERL\u0130L\u0130\u011e\u0130<\/a><\/li><li class='ez-toc-page-1 ez-toc-heading-level-2'><a class=\"ez-toc-link ez-toc-heading-2\" href=\"https:\/\/batinyilmaz.av.tr\/ru\/yabanci-ehliyet-turk-ehliyetine-cevirme\/#YABANCI_EHLIYET_TURK_EHLIYETINE_NASIL_CEVRILIR\" >YABANCI EHL\u0130YET T\u00dcRK EHL\u0130YET\u0130NE NASIL \u00c7EVR\u0130L\u0130R?<\/a><\/li><li class='ez-toc-page-1 ez-toc-heading-level-2'><a class=\"ez-toc-link ez-toc-heading-3\" href=\"https:\/\/batinyilmaz.av.tr\/ru\/yabanci-ehliyet-turk-ehliyetine-cevirme\/#%F0%9F%93%8D_Basvuru_Sureci_Adimlari\" >\ud83d\udccd Ba\u015fvuru S\u00fcreci Ad\u0131mlar\u0131<\/a><\/li><li class='ez-toc-page-1 ez-toc-heading-level-2'><a class=\"ez-toc-link ez-toc-heading-4\" href=\"https:\/\/batinyilmaz.av.tr\/ru\/yabanci-ehliyet-turk-ehliyetine-cevirme\/#2026_GUNCEL_GEREKLI_BELGELER\" >2026 G\u00dcNCEL GEREKL\u0130 BELGELER<\/a><\/li><li class='ez-toc-page-1 ez-toc-heading-level-2'><a class=\"ez-toc-link ez-toc-heading-5\" href=\"https:\/\/batinyilmaz.av.tr\/ru\/yabanci-ehliyet-turk-ehliyetine-cevirme\/#Hangi_Ulke_Ehliyetleri_Turk_Ehliyetine_Cevirilebilir\" >Hangi \u00dclke Ehliyetleri T\u00fcrk Ehliyetine \u00c7evirilebilir?<\/a><\/li><\/ul><\/li><li class='ez-toc-page-1 ez-toc-heading-level-1'><a class=\"ez-toc-link ez-toc-heading-6\" href=\"https:\/\/batinyilmaz.av.tr\/ru\/yabanci-ehliyet-turk-ehliyetine-cevirme\/#SIKCA_SORULAN_SORULAR_SSS\" >SIK\u00c7A SORULAN SORULAR (SSS)<\/a><ul class='ez-toc-list-level-2' ><li class='ez-toc-heading-level-2'><a class=\"ez-toc-link ez-toc-heading-7\" href=\"https:\/\/batinyilmaz.av.tr\/ru\/yabanci-ehliyet-turk-ehliyetine-cevirme\/#Yabanci_ehliyet_Turkiyede_ne_kadar_sure_gecerlidir\" >Yabanc\u0131 ehliyet T\u00fcrkiye\u2019de ne kadar s\u00fcre ge\u00e7erlidir?<\/a><\/li><li class='ez-toc-page-1 ez-toc-heading-level-2'><a class=\"ez-toc-link ez-toc-heading-8\" href=\"https:\/\/batinyilmaz.av.tr\/ru\/yabanci-ehliyet-turk-ehliyetine-cevirme\/#Yabanci_ehliyet_Turk_ehliyetine_cevrilebilir_mi\" >Yabanc\u0131 ehliyet T\u00fcrk ehliyetine \u00e7evrilebilir mi?<\/a><\/li><li class='ez-toc-page-1 ez-toc-heading-level-2'><a class=\"ez-toc-link ez-toc-heading-9\" href=\"https:\/\/batinyilmaz.av.tr\/ru\/yabanci-ehliyet-turk-ehliyetine-cevirme\/#Yabanci_ehliyet_degisimi_icin_sinav_gerekiyor_mu\" >Yabanc\u0131 ehliyet de\u011fi\u015fimi i\u00e7in s\u0131nav gerekiyor mu?<\/a><\/li><li class='ez-toc-page-1 ez-toc-heading-level-2'><a class=\"ez-toc-link ez-toc-heading-10\" href=\"https:\/\/batinyilmaz.av.tr\/ru\/yabanci-ehliyet-turk-ehliyetine-cevirme\/#Yabanci_ehliyet_degisimi_icin_nereden_randevu_alinir\" >Yabanc\u0131 ehliyet de\u011fi\u015fimi i\u00e7in nereden randevu al\u0131n\u0131r?<\/a><\/li><li class='ez-toc-page-1 ez-toc-heading-level-2'><a class=\"ez-toc-link ez-toc-heading-11\" href=\"https:\/\/batinyilmaz.av.tr\/ru\/yabanci-ehliyet-turk-ehliyetine-cevirme\/#Yabanci_ehliyet_Turkiyede_suresiz_gecerli_midir\" >Yabanc\u0131 ehliyet T\u00fcrkiye\u2019de s\u00fcresiz ge\u00e7erli midir?<\/a><\/li><li class='ez-toc-page-1 ez-toc-heading-level-2'><a class=\"ez-toc-link ez-toc-heading-12\" href=\"https:\/\/batinyilmaz.av.tr\/ru\/yabanci-ehliyet-turk-ehliyetine-cevirme\/#Hangi_belgeler_yabanci_ehliyet_degisiminde_gereklidir\" >Hangi belgeler yabanc\u0131 ehliyet de\u011fi\u015fiminde gereklidir?<\/a><\/li><li class='ez-toc-page-1 ez-toc-heading-level-2'><a class=\"ez-toc-link ez-toc-heading-13\" href=\"https:\/\/batinyilmaz.av.tr\/ru\/yabanci-ehliyet-turk-ehliyetine-cevirme\/#Yabanci_ehliyet_Turkiyede_kullanilirken_yanimda_ne_olmali\" >Yabanc\u0131 ehliyet T\u00fcrkiye\u2019de kullan\u0131l\u0131rken yan\u0131mda ne olmal\u0131?<\/a><\/li><li class='ez-toc-page-1 ez-toc-heading-level-2'><a class=\"ez-toc-link ez-toc-heading-14\" href=\"https:\/\/batinyilmaz.av.tr\/ru\/yabanci-ehliyet-turk-ehliyetine-cevirme\/#Turk_ehliyetine_cevrilen_yabanci_ehliyet_geri_alinir_mi\" >T\u00fcrk ehliyetine \u00e7evrilen yabanc\u0131 ehliyet geri al\u0131n\u0131r m\u0131?<\/a><\/li><li class='ez-toc-page-1 ez-toc-heading-level-2'><a class=\"ez-toc-link ez-toc-heading-15\" href=\"https:\/\/batinyilmaz.av.tr\/ru\/yabanci-ehliyet-turk-ehliyetine-cevirme\/#Yabanci_ehliyet_ile_Turkiyede_ceza_alinir_mi\" >Yabanc\u0131 ehliyet ile T\u00fcrkiye\u2019de ceza al\u0131n\u0131r m\u0131?<\/a><\/li><\/ul><\/li><li class='ez-toc-page-1 ez-toc-heading-level-1'><a class=\"ez-toc-link ez-toc-heading-16\" href=\"https:\/\/batinyilmaz.av.tr\/ru\/yabanci-ehliyet-turk-ehliyetine-cevirme\/#BIZE_ULASIN\" >B\u0130ZE ULA\u015eIN<\/a><\/li><\/ul><\/nav><\/div>\n\n<p class=\"wp-block-paragraph\">Yabanc\u0131 \u00fclkelerden al\u0131nan s\u00fcr\u00fcc\u00fc belgeleri, belirli \u015fartlar\u0131n sa\u011flanmas\u0131 halinde T\u00fcrkiye Cumhuriyeti s\u00fcr\u00fcc\u00fc belgesine \u00e7evrilebilmektedir. Bu s\u00fcre\u00e7, N\u00fcfus ve Vatanda\u015fl\u0131k \u0130\u015fleri Genel M\u00fcd\u00fcrl\u00fc\u011f\u00fc (NV\u0130) taraf\u0131ndan y\u00fcr\u00fct\u00fclmekte olup, ba\u015fvuru sahibinin gerekli belgeleri tamamlamas\u0131 ve uygunluk \u015fartlar\u0131n\u0131 sa\u011flamas\u0131 gerekmektedir.<\/p>\n\n\n\n<p class=\"wp-block-paragraph\">T\u00fcrkiye, 8 Kas\u0131m 1968 tarihli <strong>Karayolu Trafi\u011fi Konvansiyonu<\/strong> kapsam\u0131nda bir\u00e7ok \u00fclke ile kar\u015f\u0131l\u0131kl\u0131 tan\u0131ma esas\u0131na sahiptir. Bu nedenle baz\u0131 \u00fclkelerden al\u0131nan ehliyetler, s\u0131navs\u0131z \u015fekilde T\u00fcrk ehliyetine d\u00f6n\u00fc\u015ft\u00fcr\u00fclebilmektedir.<\/p>\n\n\n\n<p class=\"wp-block-paragraph\">M\u00fctekabiliyet esas\u0131, devletler aras\u0131nda kar\u015f\u0131l\u0131kl\u0131 olma durumunu izah eden diplomatik anla\u015fma olarak tan\u0131mlanabilir. Hal b\u00f6yle iken s\u00fcr\u00fcc\u00fc belgesi ge\u00e7erlili\u011fi konusunda bak\u0131lmas\u0131 gereken en temel kaynak 8 Kas\u0131m 1968 tarihli, Karayolu Trafi\u011fi Konvansiyonu&#8217;dur.<\/p>\n\n\n\n<h2 class=\"wp-block-heading\"><span class=\"ez-toc-section\" id=\"YABANCI_EHLIYETIN_TURKIYEDE_HUKUKI_GECERLILIGI\"><\/span>YABANCI EHL\u0130YET\u0130N T\u00dcRK\u0130YE\u2019DE HUKUK\u0130 GE\u00c7ERL\u0130L\u0130\u011e\u0130<span class=\"ez-toc-section-end\"><\/span><\/h2>\n\n\n\n<p class=\"wp-block-paragraph\">Yabanc\u0131 s\u00fcr\u00fcc\u00fc belgelerinin T\u00fcrkiye\u2019de kullan\u0131labilmesi, uluslararas\u0131 anla\u015fmalar ve kar\u015f\u0131l\u0131kl\u0131l\u0131k (m\u00fctekabiliyet) ilkesine ba\u011fl\u0131d\u0131r.<\/p>\n\n\n\n<p class=\"wp-block-paragraph\">M\u00fctekabiliyet, devletler aras\u0131nda kar\u015f\u0131l\u0131kl\u0131 tan\u0131ma esas\u0131na dayanan diplomatik bir ilkedir. Bu ilke kapsam\u0131nda, baz\u0131 \u00fclkelerin s\u00fcr\u00fcc\u00fc belgeleri T\u00fcrkiye\u2019de ge\u00e7erli kabul edilir.<\/p>\n\n\n\n<p class=\"wp-block-paragraph\">T\u00fcrkiye\u2019nin taraf oldu\u011fu en \u00f6nemli d\u00fczenleme:<br>\ud83d\udccc <strong>8 Kas\u0131m 1968 Viyana Karayolu Trafi\u011fi Konvansiyonu<\/strong><\/p>\n\n\n\n<p class=\"wp-block-paragraph\">Bu s\u00f6zle\u015fme kapsam\u0131nda yer alan \u00fclkelerin ehliyetleri, belirli \u015fartlarla T\u00fcrkiye\u2019de de\u011fi\u015ftirilebilmektedir.<\/p>\n\n\n\n<h2 class=\"wp-block-heading\"><span class=\"ez-toc-section\" id=\"YABANCI_EHLIYET_TURK_EHLIYETINE_NASIL_CEVRILIR\"><\/span>YABANCI EHL\u0130YET T\u00dcRK EHL\u0130YET\u0130NE NASIL \u00c7EVR\u0130L\u0130R?<span class=\"ez-toc-section-end\"><\/span><\/h2>\n\n\n\n<p class=\"wp-block-paragraph\">Ehliyet de\u011fi\u015fim i\u015flemleri N\u00fcfus ve Vatanda\u015fl\u0131k \u0130\u015fleri (NV\u0130) \u00fczerinden y\u00fcr\u00fct\u00fclmektedir.<\/p>\n\n\n\n<h2 class=\"wp-block-heading\"><span class=\"ez-toc-section\" id=\"%F0%9F%93%8D_Basvuru_Sureci_Adimlari\"><\/span>\ud83d\udccd Ba\u015fvuru S\u00fcreci Ad\u0131mlar\u0131<span class=\"ez-toc-section-end\"><\/span><\/h2>\n\n\n\n<ol class=\"wp-block-list\">\n<li>NV\u0130 \u00fczerinden randevu al\u0131nmas\u0131<\/li>\n\n\n\n<li>Gerekli belgelerin haz\u0131rlanmas\u0131<\/li>\n\n\n\n<li>N\u00fcfus m\u00fcd\u00fcrl\u00fc\u011f\u00fcne ba\u015fvuru yap\u0131lmas\u0131<\/li>\n\n\n\n<li>Belgelerin kontrol edilmesi<\/li>\n\n\n\n<li>Uygunluk halinde T\u00fcrk ehliyetinin d\u00fczenlenmesi<\/li>\n<\/ol>\n\n\n\n<h2 class=\"wp-block-heading\"><span class=\"ez-toc-section\" id=\"2026_GUNCEL_GEREKLI_BELGELER\"><\/span>2026 G\u00dcNCEL GEREKL\u0130 BELGELER<span class=\"ez-toc-section-end\"><\/span><\/h2>\n\n\n\n<ul class=\"wp-block-list\">\n<li>S\u00fcr\u00fcc\u00fc belgesinin T\u00fcrk\u00e7e terc\u00fcmesi<\/li>\n\n\n\n<li>Sa\u011fl\u0131k raporu<\/li>\n\n\n\n<li>Kan grubunu belirten belge<\/li>\n\n\n\n<li>Adli sicil kayd\u0131<\/li>\n\n\n\n<li>Biyometrik foto\u011fraf<\/li>\n\n\n\n<li>\u00d6\u011frenim belgesi, yurtd\u0131\u015f\u0131ndan al\u0131nan \u00f6\u011frenim belgelerinin noter tasdikli terc\u00fcmesi<\/li>\n\n\n\n<li>S\u00fcr\u00fcc\u00fc belgesi de\u011ferli ka\u011f\u0131t, har\u00e7 bedeli, vak\u0131f pay\u0131 \u00fccreti dekontu<\/li>\n<\/ul>\n\n\n\n<p class=\"wp-block-paragraph\">Bu belirtilen evraklar\u0131n tamamlanmas\u0131 halinde bizzat ya da vekiliniz vas\u0131tas\u0131yla N\u00fcfus ve Vatanda\u015fl\u0131k \u0130\u015fleri Genel M\u00fcd\u00fcrl\u00fc\u011f\u00fc&#8217;ne ehliyet de\u011fi\u015fim i\u015flemleri i\u00e7in ba\u015fvuru yapabilirsiniz.<\/p>\n\n\n\n<h2 class=\"wp-block-heading\"><span class=\"ez-toc-section\" id=\"Hangi_Ulke_Ehliyetleri_Turk_Ehliyetine_Cevirilebilir\"><\/span>Hangi \u00dclke Ehliyetleri T\u00fcrk Ehliyetine \u00c7evirilebilir?<span class=\"ez-toc-section-end\"><\/span><\/h2>\n\n\n\n<p class=\"wp-block-paragraph\">A\u015fa\u011f\u0131daki listede yer alan \u00fclkelerin tamam\u0131 8 Kas\u0131m 1968 tarihli, Karayolu Trafi\u011fi Konvansiyonu&#8217;na taraf devletlerdir. Liste i\u00e7erisinde yer alan \u00fclkeler, ehliyet de\u011fi\u015fim i\u015flemlerini tamamlayabilirler.<\/p>\n\n\n\n<ul class=\"wp-block-list\">\n<li>Almanya DE<\/li>\n\n\n\n<li>Arnavutluk \u200b AL<\/li>\n\n\n\n<li>Avusturya AU<\/li>\n\n\n\n<li>Azerbaycan AZ<\/li>\n\n\n\n<li>Bahamalar \u200b BS<\/li>\n\n\n\n<li>Bahreyn \u200b BRN<\/li>\n\n\n\n<li>Bel\u00e7ika BE<\/li>\n\n\n\n<li>Beyaz Rusya(Belarus)BY<\/li>\n\n\n\n<li>Birle\u015fik Arap Emirlikleri\u200bAE<\/li>\n\n\n\n<li>Bosna-Hersek \u200b BA<\/li>\n\n\n\n<li>Brezilya BR<\/li>\n\n\n\n<li>Bulgaristan BG<\/li>\n\n\n\n<li>\u00c7ek Cumhuriyeti \u200bCZ<\/li>\n\n\n\n<li>Danimarka DK<\/li>\n\n\n\n<li>Demokratik Kongo Cumhuriyeti \u200bCD<\/li>\n\n\n\n<li>Ekvator \u200b EC<\/li>\n\n\n\n<li>Endonezya \u200bID<\/li>\n\n\n\n<li>Ermenistan \u200b ARM<\/li>\n\n\n\n<li>Estonya \u200b EE<\/li>\n\n\n\n<li>Fas \u200b MA<\/li>\n\n\n\n<li>Fildi\u015fi Sahilleri \u200b CI<\/li>\n\n\n\n<li>Filipinler PH<\/li>\n\n\n\n<li>Finlandiya FI<\/li>\n\n\n\n<li>Fransa F<\/li>\n\n\n\n<li>Gana \u200b GH<\/li>\n\n\n\n<li>Guyana \u200b GY<\/li>\n\n\n\n<li>G\u00fcney Afrika \u200b ZA<\/li>\n\n\n\n<li>G\u00fcney Kore \u200bKR<\/li>\n\n\n\n<li>G\u00fcrcistan \u200b GE<\/li>\n\n\n\n<li>H\u0131rvatistan \u200b HR<\/li>\n\n\n\n<li>Hollanda \u200b NL<\/li>\n\n\n\n<li>\u0130ngiltere \u200b GB<\/li>\n\n\n\n<li>\u0130ran \u0130slam Cumhuriyeti IR<\/li>\n\n\n\n<li>\u0130spanya \u200b ES<\/li>\n\n\n\n<li>\u0130srail IL<\/li>\n\n\n\n<li>\u0130sve\u00e7 SE<\/li>\n\n\n\n<li>\u0130svi\u00e7re CH<\/li>\n\n\n\n<li>\u0130talya IT<\/li>\n\n\n\n<li>Karada\u011f \u200b ME<\/li>\n\n\n\n<li>Katar \u200b Q<\/li>\n\n\n\n<li>Kazakistan KZ<\/li>\n\n\n\n<li>Kenya \u200b EAK<\/li>\n\n\n\n<li>K\u0131rg\u0131zistan \u200b KG<\/li>\n\n\n\n<li>Kostarika \u200b CR<\/li>\n\n\n\n<li>Kuveyt \u200b KW<\/li>\n\n\n\n<li>K\u00fcba \u200b CU<\/li>\n\n\n\n<li>Letonya \u200b LV<\/li>\n\n\n\n<li>Liberya \u200b LR<\/li>\n\n\n\n<li>Litvanya \u200b LT<\/li>\n\n\n\n<li>L\u00fcksemburg LU<\/li>\n\n\n\n<li>Macaristan HU<\/li>\n\n\n\n<li>Makedonya \u200b MK<\/li>\n\n\n\n<li>Meksika \u200b MX<\/li>\n\n\n\n<li>Mo\u011folistan \u200b MN<\/li>\n\n\n\n<li>Moldova \u200b MD<\/li>\n\n\n\n<li>Monako \u200b MC<\/li>\n\n\n\n<li>Nijer \u200b NE<\/li>\n\n\n\n<li>Norve\u00e7 NO<\/li>\n\n\n\n<li>Orta Afrika Cumhuriyeti CF<\/li>\n\n\n\n<li>\u00d6zbekistan \u200b UZ<\/li>\n\n\n\n<li>Pakistan \u200b PK<\/li>\n\n\n\n<li>Peru \u200b PE<\/li>\n\n\n\n<li>Polonya PL<\/li>\n\n\n\n<li>Portekiz PT<\/li>\n\n\n\n<li>Romanya RO<\/li>\n\n\n\n<li>Rusya RUS<\/li>\n\n\n\n<li>San Marino SM<\/li>\n\n\n\n<li>Senegal \u200b SN<\/li>\n\n\n\n<li>Sey\u015feller \u200b SC<\/li>\n\n\n\n<li>S\u0131rbistan \u200b RS<\/li>\n\n\n\n<li>Slovakya \u200b SK<\/li>\n\n\n\n<li>Slovenya \u200b SLO<\/li>\n\n\n\n<li>\u015eili \u200b CL<\/li>\n\n\n\n<li>Tacikistan \u200b TJ<\/li>\n\n\n\n<li>Tayland \u200b TH<\/li>\n\n\n\n<li>Tunus \u200b TN<\/li>\n\n\n\n<li>T\u00fcrkiye \u200b TR<\/li>\n\n\n\n<li>T\u00fcrkmenistan \u200b TM<\/li>\n\n\n\n<li>Ukrayna UA<\/li>\n\n\n\n<li>Uruguay \u200b ROU<\/li>\n\n\n\n<li>Vatikan \u200b VA<\/li>\n\n\n\n<li>Venezuela \u200bVE<\/li>\n\n\n\n<li>Yunanistan \u200b GR<\/li>\n\n\n\n<li>Zimbabve ZW<\/li>\n<\/ul>\n\n\n\n<h1 class=\"wp-block-heading\"><span class=\"ez-toc-section\" id=\"SIKCA_SORULAN_SORULAR_SSS\"><\/span>SIK\u00c7A SORULAN SORULAR (SSS)<span class=\"ez-toc-section-end\"><\/span><\/h1>\n\n\n\n<h2 class=\"wp-block-heading\"><span class=\"ez-toc-section\" id=\"Yabanci_ehliyet_Turkiyede_ne_kadar_sure_gecerlidir\"><\/span>Yabanc\u0131 ehliyet T\u00fcrkiye\u2019de ne kadar s\u00fcre ge\u00e7erlidir?<span class=\"ez-toc-section-end\"><\/span><\/h2>\n\n\n\n<p class=\"wp-block-paragraph\">Yabanc\u0131 \u00fclkeden al\u0131nan s\u00fcr\u00fcc\u00fc belgeleri T\u00fcrkiye\u2019ye giri\u015f tarihinden itibaren genellikle <strong>6 ay s\u00fcreyle ge\u00e7erli kabul edilir<\/strong>. Bu s\u00fcrenin sonunda T\u00fcrkiye\u2019de uzun s\u00fcre kal\u0131nacaksa ehliyet de\u011fi\u015fimi yap\u0131lmas\u0131 gerekir.<\/p>\n\n\n\n<hr class=\"wp-block-separator has-alpha-channel-opacity\"\/>\n\n\n\n<h2 class=\"wp-block-heading\"><span class=\"ez-toc-section\" id=\"Yabanci_ehliyet_Turk_ehliyetine_cevrilebilir_mi\"><\/span>Yabanc\u0131 ehliyet T\u00fcrk ehliyetine \u00e7evrilebilir mi?<span class=\"ez-toc-section-end\"><\/span><\/h2>\n\n\n\n<p class=\"wp-block-paragraph\">Evet. T\u00fcrkiye\u2019nin taraf oldu\u011fu uluslararas\u0131 anla\u015fmalar ve kar\u015f\u0131l\u0131kl\u0131l\u0131k ilkesi kapsam\u0131nda, uygun \u00fclkelerden al\u0131nan s\u00fcr\u00fcc\u00fc belgeleri <strong>N\u00fcfus ve Vatanda\u015fl\u0131k \u0130\u015fleri Genel M\u00fcd\u00fcrl\u00fc\u011f\u00fc (NV\u0130)<\/strong> \u00fczerinden T\u00fcrk ehliyetine \u00e7evrilebilmektedir.<\/p>\n\n\n\n<hr class=\"wp-block-separator has-alpha-channel-opacity\"\/>\n\n\n\n<h2 class=\"wp-block-heading\"><span class=\"ez-toc-section\" id=\"Yabanci_ehliyet_degisimi_icin_sinav_gerekiyor_mu\"><\/span>Yabanc\u0131 ehliyet de\u011fi\u015fimi i\u00e7in s\u0131nav gerekiyor mu?<span class=\"ez-toc-section-end\"><\/span><\/h2>\n\n\n\n<p class=\"wp-block-paragraph\">Genellikle <strong>anla\u015fmal\u0131 \u00fclkeler i\u00e7in s\u0131nav \u015fart\u0131 aranmaz<\/strong>. Ancak baz\u0131 durumlarda ehliyet s\u0131n\u0131f\u0131, belge do\u011frulamas\u0131 veya \u00fclke uygulamas\u0131na g\u00f6re ek de\u011ferlendirme yap\u0131labilir.<\/p>\n\n\n\n<hr class=\"wp-block-separator has-alpha-channel-opacity\"\/>\n\n\n\n<h2 class=\"wp-block-heading\"><span class=\"ez-toc-section\" id=\"Yabanci_ehliyet_degisimi_icin_nereden_randevu_alinir\"><\/span>Yabanc\u0131 ehliyet de\u011fi\u015fimi i\u00e7in nereden randevu al\u0131n\u0131r?<span class=\"ez-toc-section-end\"><\/span><\/h2>\n\n\n\n<p class=\"wp-block-paragraph\">Ba\u015fvurular i\u00e7in:<\/p>\n\n\n\n<ul class=\"wp-block-list\">\n<li><strong>ALO 199<\/strong><\/li>\n\n\n\n<li><strong>randevu.nvi.gov.tr<\/strong><\/li>\n<\/ul>\n\n\n\n<p class=\"wp-block-paragraph\">\u00fczerinden N\u00fcfus ve Vatanda\u015fl\u0131k \u0130\u015fleri M\u00fcd\u00fcrl\u00fc\u011f\u00fc\u2019nden randevu al\u0131nmas\u0131 gerekir.<\/p>\n\n\n\n<hr class=\"wp-block-separator has-alpha-channel-opacity\"\/>\n\n\n\n<h2 class=\"wp-block-heading\"><span class=\"ez-toc-section\" id=\"Yabanci_ehliyet_Turkiyede_suresiz_gecerli_midir\"><\/span>Yabanc\u0131 ehliyet T\u00fcrkiye\u2019de s\u00fcresiz ge\u00e7erli midir?<span class=\"ez-toc-section-end\"><\/span><\/h2>\n\n\n\n<p class=\"wp-block-paragraph\">Hay\u0131r. T\u00fcrkiye\u2019de yabanc\u0131 s\u00fcr\u00fcc\u00fc belgeleri yaln\u0131zca ge\u00e7ici s\u00fcreyle kullan\u0131labilir. Uzun s\u00fcreli ikamet eden ki\u015filer i\u00e7in T\u00fcrk ehliyetine ge\u00e7i\u015f zorunlu hale gelir.<\/p>\n\n\n\n<hr class=\"wp-block-separator has-alpha-channel-opacity\"\/>\n\n\n\n<h2 class=\"wp-block-heading\"><span class=\"ez-toc-section\" id=\"Hangi_belgeler_yabanci_ehliyet_degisiminde_gereklidir\"><\/span>Hangi belgeler yabanc\u0131 ehliyet de\u011fi\u015fiminde gereklidir?<span class=\"ez-toc-section-end\"><\/span><\/h2>\n\n\n\n<p class=\"wp-block-paragraph\">Genel olarak a\u015fa\u011f\u0131daki belgeler istenir:<\/p>\n\n\n\n<ul class=\"wp-block-list\">\n<li>Yabanc\u0131 s\u00fcr\u00fcc\u00fc belgesi asl\u0131 ve fotokopisi<\/li>\n\n\n\n<li>Noter onayl\u0131 T\u00fcrk\u00e7e terc\u00fcme<\/li>\n\n\n\n<li>Biyometrik foto\u011fraf<\/li>\n\n\n\n<li>Sa\u011fl\u0131k raporu<\/li>\n\n\n\n<li>Adli sicil kayd\u0131<\/li>\n\n\n\n<li>Kan grubu belgesi<\/li>\n\n\n\n<li>\u00d6\u011frenim belgesi <\/li>\n\n\n\n<li>Har\u00e7 ve de\u011ferli ka\u011f\u0131t \u00f6deme dekontu<\/li>\n<\/ul>\n\n\n\n<hr class=\"wp-block-separator has-alpha-channel-opacity\"\/>\n\n\n\n<h2 class=\"wp-block-heading\"><span class=\"ez-toc-section\" id=\"Yabanci_ehliyet_Turkiyede_kullanilirken_yanimda_ne_olmali\"><\/span>Yabanc\u0131 ehliyet T\u00fcrkiye\u2019de kullan\u0131l\u0131rken yan\u0131mda ne olmal\u0131?<span class=\"ez-toc-section-end\"><\/span><\/h2>\n\n\n\n<p class=\"wp-block-paragraph\">T\u00fcrkiye\u2019de yabanc\u0131 ehliyet ile ara\u00e7 kullan\u0131rken:<\/p>\n\n\n\n<ul class=\"wp-block-list\">\n<li>Ehliyetin asl\u0131<\/li>\n\n\n\n<li>Pasaport veya kimlik<\/li>\n\n\n\n<li>T\u00fcrk\u00e7e terc\u00fcme <\/li>\n<\/ul>\n\n\n\n<p class=\"wp-block-paragraph\">yan\u0131n\u0131zda bulunmal\u0131d\u0131r.<\/p>\n\n\n\n<hr class=\"wp-block-separator has-alpha-channel-opacity\"\/>\n\n\n\n<h2 class=\"wp-block-heading\"><span class=\"ez-toc-section\" id=\"Turk_ehliyetine_cevrilen_yabanci_ehliyet_geri_alinir_mi\"><\/span>T\u00fcrk ehliyetine \u00e7evrilen yabanc\u0131 ehliyet geri al\u0131n\u0131r m\u0131?<span class=\"ez-toc-section-end\"><\/span><\/h2>\n\n\n\n<p class=\"wp-block-paragraph\">Evet. T\u00fcrk ehliyetine \u00e7evrilen yabanc\u0131 s\u00fcr\u00fcc\u00fc belgesi, i\u015flem sonras\u0131 ilgili \u00fclkeye iade edilebilir.<\/p>\n\n\n\n<hr class=\"wp-block-separator has-alpha-channel-opacity\"\/>\n\n\n\n<h2 class=\"wp-block-heading\"><span class=\"ez-toc-section\" id=\"Yabanci_ehliyet_ile_Turkiyede_ceza_alinir_mi\"><\/span>Yabanc\u0131 ehliyet ile T\u00fcrkiye\u2019de ceza al\u0131n\u0131r m\u0131?<span class=\"ez-toc-section-end\"><\/span><\/h2>\n\n\n\n<p class=\"wp-block-paragraph\">Ge\u00e7erli s\u00fcre i\u00e7inde ve \u015fartlara uygun \u015fekilde kullan\u0131ld\u0131\u011f\u0131nda ceza uygulanmaz. Ancak s\u00fcresi dolmu\u015f veya ge\u00e7ersiz belge ile ara\u00e7 kullan\u0131lmas\u0131 halinde <strong>ehliyetsiz ara\u00e7 kullanma kapsam\u0131nda i\u015flem yap\u0131labilir<\/strong>.<\/p>\n\n\n\n<hr class=\"wp-block-separator has-alpha-channel-opacity\"\/>\n\n\n\n<h1 class=\"wp-block-heading\"><span class=\"ez-toc-section\" id=\"BIZE_ULASIN\"><\/span>B\u0130ZE ULA\u015eIN <span class=\"ez-toc-section-end\"><\/span><\/h1>\n\n\n\n<p class=\"wp-block-paragraph\">Yabanc\u0131 s\u00fcr\u00fcc\u00fc belgelerinin T\u00fcrkiye\u2019de ge\u00e7erlili\u011fi, ehliyet de\u011fi\u015fim s\u00fcre\u00e7leri ve ilgili idari i\u015flemler her somut olayda farkl\u0131 de\u011ferlendirme gerektirebilir.<\/p>\n\n\n\n<p class=\"wp-block-paragraph\">Bu i\u00e7erik yaln\u0131zca genel bilgilendirme amac\u0131yla haz\u0131rlanm\u0131\u015ft\u0131r. Somut durumlara ili\u015fkin hukuki de\u011ferlendirme yap\u0131lmas\u0131 gereken hallerde, ilgili mevzuat \u00e7er\u00e7evesinde profesyonel destek al\u0131nmas\u0131 \u00f6nerilir.<\/p>\n\n\n\n<p class=\"wp-block-paragraph\">\ud83d\udce7 \u0130leti\u015fim: <a>info@batinyilmaz.av.tr<\/a> &#8211; +90 (532) 669 34 90<\/p>\n\n\n\n<p class=\"wp-block-paragraph\">\u0410\u0434\u0432. \u0411\u0430\u0442\u0438\u043d \u0419\u042b\u041b\u041c\u0410\u0417<\/p>","protected":false},"excerpt":{"rendered":"<p>Yabanc\u0131 \u00fclkelerden al\u0131nan s\u00fcr\u00fcc\u00fc belgeleri, belirli \u015fartlar\u0131n sa\u011flanmas\u0131 halinde T\u00fcrkiye Cumhuriyeti s\u00fcr\u00fcc\u00fc belgesine \u00e7evrilebilmektedir. Bu s\u00fcre\u00e7, N\u00fcfus ve Vatanda\u015fl\u0131k \u0130\u015fleri Genel M\u00fcd\u00fcrl\u00fc\u011f\u00fc (NV\u0130) taraf\u0131ndan y\u00fcr\u00fct\u00fclmekte olup, ba\u015fvuru sahibinin gerekli belgeleri tamamlamas\u0131 ve uygunluk \u015fartlar\u0131n\u0131 sa\u011flamas\u0131 gerekmektedir. T\u00fcrkiye, 8 Kas\u0131m 1968 tarihli Karayolu Trafi\u011fi Konvansiyonu kapsam\u0131nda bir\u00e7ok \u00fclke ile kar\u015f\u0131l\u0131kl\u0131 tan\u0131ma esas\u0131na sahiptir. Bu nedenle baz\u0131 [&hellip;]<\/p>\n","protected":false},"author":1,"featured_media":2173,"comment_status":"open","ping_status":"open","sticky":false,"template":"","format":"standard","meta":{"_joinchat":[],"footnotes":""},"categories":[77],"tags":[80,81,84,85,82,83,86],"class_list":["post-942","post","type-post","status-publish","format-standard","has-post-thumbnail","hentry","category-idare-hukuku","tag-hangi-ulke-ehliyetleri-turk-ehliyetine-cevirilebilir","tag-hangi-ulkelerin-ehliyeti-turkiyede-gecerli","tag-yabanci-ulke-ehliyetinin-turkiye-cumhuriyeti-surucu-belgesine-cevrilmesi","tag-yabanci-ulke-surucu-belgesinin-turkiyede-gecerliligi","tag-yabanci-surucu-belgesini-turk-surucu-belgesine-cevirme-islemi-nasil-yapilir","tag-yabanci-ulke-ehliyeti-turkiyede-gecerli-mi","tag-yabanci-uyruklu-kisi-turkiyede-ehliyet-alabilir-mi"],"_links":{"self":[{"href":"https:\/\/batinyilmaz.av.tr\/ru\/wp-json\/wp\/v2\/posts\/942","targetHints":{"allow":["GET"]}}],"collection":[{"href":"https:\/\/batinyilmaz.av.tr\/ru\/wp-json\/wp\/v2\/posts"}],"about":[{"href":"https:\/\/batinyilmaz.av.tr\/ru\/wp-json\/wp\/v2\/types\/post"}],"author":[{"embeddable":true,"href":"https:\/\/batinyilmaz.av.tr\/ru\/wp-json\/wp\/v2\/users\/1"}],"replies":[{"embeddable":true,"href":"https:\/\/batinyilmaz.av.tr\/ru\/wp-json\/wp\/v2\/comments?post=942"}],"version-history":[{"count":1,"href":"https:\/\/batinyilmaz.av.tr\/ru\/wp-json\/wp\/v2\/posts\/942\/revisions"}],"predecessor-version":[{"id":2883,"href":"https:\/\/batinyilmaz.av.tr\/ru\/wp-json\/wp\/v2\/posts\/942\/revisions\/2883"}],"wp:featuredmedia":[{"embeddable":true,"href":"https:\/\/batinyilmaz.av.tr\/ru\/wp-json\/wp\/v2\/media\/2173"}],"wp:attachment":[{"href":"https:\/\/batinyilmaz.av.tr\/ru\/wp-json\/wp\/v2\/media?parent=942"}],"wp:term":[{"taxonomy":"category","embeddable":true,"href":"https:\/\/batinyilmaz.av.tr\/ru\/wp-json\/wp\/v2\/categories?post=942"},{"taxonomy":"post_tag","embeddable":true,"href":"https:\/\/batinyilmaz.av.tr\/ru\/wp-json\/wp\/v2\/tags?post=942"}],"curies":[{"name":"wp","href":"https:\/\/api.w.org\/{rel}","templated":true}]}}