{"id":2834,"date":"2026-05-13T13:30:29","date_gmt":"2026-05-13T10:30:29","guid":{"rendered":"https:\/\/batinyilmaz.av.tr\/?p=2834"},"modified":"2026-08-05T13:12:48","modified_gmt":"2026-08-05T10:12:48","slug":"karsiliksiz-cek-cezasi-beylikduzu-avukat","status":"publish","type":"post","link":"https:\/\/batinyilmaz.av.tr\/ru\/karsiliksiz-cek-cezasi-beylikduzu-avukat\/","title":{"rendered":"Kar\u015f\u0131l\u0131ks\u0131z \u00c7ek Cezas\u0131 Nedir? Beylikd\u00fcz\u00fc&#8217;de \u00c7ek Davas\u0131 S\u00fcreci ve Haklar\u0131n\u0131z"},"content":{"rendered":"<div id=\"ez-toc-container\" class=\"ez-toc-v2_0_85 counter-hierarchy ez-toc-counter ez-toc-grey ez-toc-container-direction\">\n<div class=\"ez-toc-title-container\">\n<p class=\"ez-toc-title\" style=\"cursor:inherit\">\u0417\u0430\u0433\u043e\u043b\u043e\u0432\u043a\u0438<\/p>\n<span class=\"ez-toc-title-toggle\"><a href=\"#\" class=\"ez-toc-pull-right ez-toc-btn ez-toc-btn-xs ez-toc-btn-default ez-toc-toggle\" aria-label=\"Toggle Table of Content\"><span class=\"ez-toc-js-icon-con\"><span class=\"\"><span class=\"eztoc-hide\" style=\"display:none;\">\u041f\u0435\u0440\u0435\u043a\u043b\u044e\u0447\u0430\u0442\u0435\u043b\u044c<\/span><span class=\"ez-toc-icon-toggle-span\"><svg style=\"fill: #999;color:#999\" xmlns=\"http:\/\/www.w3.org\/2000\/svg\" class=\"list-377408\" width=\"20px\" height=\"20px\" viewbox=\"0 0 24 24\" fill=\"none\"><path d=\"M6 6H4v2h2V6zm14 0H8v2h12V6zM4 11h2v2H4v-2zm16 0H8v2h12v-2zM4 16h2v2H4v-2zm16 0H8v2h12v-2z\" fill=\"currentColor\"><\/path><\/svg><svg style=\"fill: #999;color:#999\" class=\"arrow-unsorted-368013\" xmlns=\"http:\/\/www.w3.org\/2000\/svg\" width=\"10px\" height=\"10px\" viewbox=\"0 0 24 24\" version=\"1.2\" baseprofile=\"tiny\"><path d=\"M18.2 9.3l-6.2-6.3-6.2 6.3c-.2.2-.3.4-.3.7s.1.5.3.7c.2.2.4.3.7.3h11c.3 0 .5-.1.7-.3.2-.2.3-.5.3-.7s-.1-.5-.3-.7zM5.8 14.7l6.2 6.3 6.2-6.3c.2-.2.3-.5.3-.7s-.1-.5-.3-.7c-.2-.2-.4-.3-.7-.3h-11c-.3 0-.5.1-.7.3-.2.2-.3.5-.3.7s.1.5.3.7z\"\/><\/svg><\/span><\/span><\/span><\/a><\/span><\/div>\n<nav><ul class='ez-toc-list ez-toc-list-level-1' ><li class='ez-toc-page-1 ez-toc-heading-level-2'><a class=\"ez-toc-link ez-toc-heading-1\" href=\"https:\/\/batinyilmaz.av.tr\/ru\/karsiliksiz-cek-cezasi-beylikduzu-avukat\/#1_Karsiliksiz_Cek_Nedir_Yasal_Tanim\" >1. Kar\u015f\u0131l\u0131ks\u0131z \u00c7ek Nedir? Yasal Tan\u0131m<\/a><\/li><li class='ez-toc-page-1 ez-toc-heading-level-2'><a class=\"ez-toc-link ez-toc-heading-2\" href=\"https:\/\/batinyilmaz.av.tr\/ru\/karsiliksiz-cek-cezasi-beylikduzu-avukat\/#2_Karsiliksiz_Cek_Cezasi_Suc_mu_Kabahat_mi\" >2. Kar\u015f\u0131l\u0131ks\u0131z \u00c7ek Cezas\u0131: Su\u00e7 mu, Kabahat mi?<\/a><\/li><li class='ez-toc-page-1 ez-toc-heading-level-2'><a class=\"ez-toc-link ez-toc-heading-3\" href=\"https:\/\/batinyilmaz.av.tr\/ru\/karsiliksiz-cek-cezasi-beylikduzu-avukat\/#5_Karsiliksiz_Cek_Cezasi_Suc_mu_Kabahat_mi\" >5. Kar\u015f\u0131l\u0131ks\u0131z \u00c7ek Cezas\u0131: Su\u00e7 mu, Kabahat mi?<\/a><\/li><li class='ez-toc-page-1 ez-toc-heading-level-2'><a class=\"ez-toc-link ez-toc-heading-4\" href=\"https:\/\/batinyilmaz.av.tr\/ru\/karsiliksiz-cek-cezasi-beylikduzu-avukat\/#7_Zamanasimi_Sureleri\" >7. Zamana\u015f\u0131m\u0131 S\u00fcreleri<\/a><\/li><li class='ez-toc-page-1 ez-toc-heading-level-2'><a class=\"ez-toc-link ez-toc-heading-5\" href=\"https:\/\/batinyilmaz.av.tr\/ru\/karsiliksiz-cek-cezasi-beylikduzu-avukat\/#9_Avukat_Desteginin_Onemi\" >9. Avukat Deste\u011finin \u00d6nemi<\/a><\/li><\/ul><\/nav><\/div>\n\n<p class=\"wp-block-paragraph\">Beylikd\u00fcz\u00fc&#8217;de ticari ili\u015fkiler i\u00e7inde olan pek \u00e7ok ki\u015fi, kar\u015f\u0131l\u0131ks\u0131z \u00e7ek sorunuyla beklenmedik bir anda y\u00fcz y\u00fcze gelmektedir. Elinizdeki \u00e7ekin bankada kar\u015f\u0131l\u0131ks\u0131z \u00e7\u0131kmas\u0131 ya da verdi\u011finiz \u00e7ekin hesab\u0131n\u0131zda yeterli bakiye olmamas\u0131 nedeniyle protestoya u\u011framas\u0131; hem alacakl\u0131 hem de bor\u00e7lu taraf i\u00e7in ciddi hukuki sonu\u00e7lar do\u011furur. Bu yaz\u0131da, kar\u015f\u0131l\u0131ks\u0131z \u00e7ek cezas\u0131 nedir, \u00e7ek davas\u0131 s\u00fcreci nas\u0131l i\u015fler ve haklar\u0131n\u0131z\u0131 nas\u0131l korursunuz sorular\u0131n\u0131 ad\u0131m ad\u0131m ele alaca\u011f\u0131z.<\/p>\n\n\n\n<hr class=\"wp-block-separator has-alpha-channel-opacity\"\/>\n\n\n\n<h2 class=\"wp-block-heading\"><span class=\"ez-toc-section\" id=\"1_Karsiliksiz_Cek_Nedir_Yasal_Tanim\"><\/span>1. Kar\u015f\u0131l\u0131ks\u0131z \u00c7ek Nedir? Yasal Tan\u0131m<span class=\"ez-toc-section-end\"><\/span><\/h2>\n\n\n\n<p class=\"wp-block-paragraph\">\u00c7ek, belirli bir bankaya hitaben d\u00fczenlenmi\u015f ve ibraz an\u0131nda \u00f6denmesi gereken bir \u00f6deme arac\u0131d\u0131r. 5941 say\u0131l\u0131 <a href=\"https:\/\/www.mevzuat.gov.tr\" data-type=\"link\" data-id=\"https:\/\/www.mevzuat.gov.tr\" target=\"_blank\" rel=\"noopener\">\u00c7ek Kanunu<\/a> kapsam\u0131nda d\u00fczenlenen \u00e7ekler, T\u00fcrk ticaret hukukunun temel belgelerinden biridir.<\/p>\n\n\n\n<p class=\"wp-block-paragraph\">Bir \u00e7ek a\u015fa\u011f\u0131daki durumlarda <strong>kar\u015f\u0131l\u0131ks\u0131z<\/strong> say\u0131l\u0131r:<\/p>\n\n\n\n<ul class=\"wp-block-list\">\n<li>\u00c7ek hesab\u0131nda yeterli bakiye bulunmamas\u0131<\/li>\n\n\n\n<li>Hesab\u0131n kapat\u0131lm\u0131\u015f olmas\u0131<\/li>\n\n\n\n<li>Bankan\u0131n \u00f6demeyi durdurma karar\u0131 almas\u0131<\/li>\n\n\n\n<li>\u00c7ek \u00fczerindeki imzan\u0131n yetkisiz ki\u015fiye ait olmas\u0131<\/li>\n<\/ul>\n\n\n\n<p class=\"wp-block-paragraph\"><strong>\u0412\u0430\u0436\u043d\u043e\u0435 \u043f\u0440\u0438\u043c\u0435\u0447\u0430\u043d\u0438\u0435:<\/strong> Kar\u015f\u0131l\u0131ks\u0131z \u00e7ek yaln\u0131zca bir \u00f6deme sorunu de\u011fildir. 5941 say\u0131l\u0131 \u00c7ek Kanunu&#8217;nun ilgili maddeleri uyar\u0131nca ayn\u0131 zamanda <strong>cezai yapt\u0131r\u0131m<\/strong> gerektiren bir fiildir.Kar\u015f\u0131l\u0131ks\u0131z \u00e7ek cezas\u0131 konusunda hukuki destek almak s\u00fcreci do\u011fru y\u00f6netmek a\u00e7\u0131s\u0131ndan \u00f6nemlidir.<\/p>\n\n\n\n<hr class=\"wp-block-separator has-alpha-channel-opacity\"\/>\n\n\n\n<h2 class=\"wp-block-heading\"><span class=\"ez-toc-section\" id=\"2_Karsiliksiz_Cek_Cezasi_Suc_mu_Kabahat_mi\"><\/span>2. Kar\u015f\u0131l\u0131ks\u0131z \u00c7ek Cezas\u0131: Su\u00e7 mu, Kabahat mi?<span class=\"ez-toc-section-end\"><\/span><\/h2>\n\n\n\n<p class=\"wp-block-paragraph\">T\u00fcrk hukukunda kar\u015f\u0131l\u0131ks\u0131z \u00e7ek meselesi uzun y\u0131llar tart\u0131\u015fma konusu olmu\u015ftur. 2012 y\u0131l\u0131nda yap\u0131lan de\u011fi\u015fiklikle hapis cezas\u0131 kald\u0131r\u0131lm\u0131\u015f; ancak 2017 y\u0131l\u0131nda 5941 say\u0131l\u0131 \u00c7ek Kanunu&#8217;nda yap\u0131lan de\u011fi\u015fiklikle yeniden hapis cezas\u0131 g\u00fcndeme gelmi\u015ftir.<\/p>\n\n\n\n<p class=\"wp-block-paragraph\">Bug\u00fcn itibar\u0131yla ge\u00e7erli olan d\u00fczenlemeye g\u00f6re:<\/p>\n\n\n\n<ul class=\"wp-block-list\">\n<li>Kar\u015f\u0131l\u0131ks\u0131z \u00e7ek ke\u015fide etmek adli para cezas\u0131 ve ko\u015fullara g\u00f6re hapis cezas\u0131 ile sonu\u00e7lanabilir<\/li>\n\n\n\n<li>\u00c7ek bedelinin \u00f6denmemesi halinde alacakl\u0131, hem <strong>icra takibi<\/strong> \u0442\u0430\u043a \u0438 \u0441 \u0442\u043e\u0447\u043a\u0438 \u0437\u0440\u0435\u043d\u0438\u044f <strong>ceza davas\u0131<\/strong> yoluna ba\u015fvurabilir.<\/li>\n\n\n\n<li>Her iki yol birbirinden ba\u011f\u0131ms\u0131z olarak i\u015fletilebilir.<\/li>\n<\/ul>\n\n\n\n<p class=\"wp-block-paragraph\"><strong>Dikkat:<\/strong> Kar\u015f\u0131l\u0131ks\u0131z \u00e7ek su\u00e7u \u015fikayete ba\u011fl\u0131 bir su\u00e7tur. Alacakl\u0131n\u0131n \u015fikayette bulunmamas\u0131 halinde ceza davas\u0131 kendili\u011finden a\u00e7\u0131lmaz.<\/p>\n\n\n\n<hr class=\"wp-block-separator has-alpha-channel-opacity\"\/>\n\n\n\n<p class=\"wp-block-paragraph\"><strong>3. \u00c7ek Protestosu Nedir ve Nas\u0131l Yap\u0131l\u0131r?<\/strong><\/p>\n\n\n\n<p class=\"wp-block-paragraph\">\u00c7ek protestosu, ibraz edilen \u00e7ekin kar\u015f\u0131l\u0131ks\u0131z \u00e7\u0131kmas\u0131 \u00fczerine noterde ya da bankada yap\u0131lan resmi tespit i\u015flemidir. Protesto belgesi, hem icra takibi hem de ceza davas\u0131 i\u00e7in temel delil niteli\u011fi ta\u015f\u0131r.<\/p>\n\n\n\n<p class=\"wp-block-paragraph\"><strong>Protesto s\u00fcreci \u015fu \u015fekilde i\u015fler:<\/strong><\/p>\n\n\n\n<ul class=\"wp-block-list\">\n<li>\u00c7ekin bankaya ibraz edilmesi<\/li>\n\n\n\n<li>Bankan\u0131n &#8220;kar\u015f\u0131l\u0131ks\u0131zd\u0131r&#8221; \u015ferhi d\u00fc\u015fmesi<\/li>\n\n\n\n<li>Bu \u015ferhin noter arac\u0131l\u0131\u011f\u0131yla ya da banka taraf\u0131ndan resmi olarak belgelenmesi<\/li>\n\n\n\n<li>Protesto belgesinin alacakl\u0131ya teslimi<\/li>\n<\/ul>\n\n\n\n<p class=\"wp-block-paragraph\"><strong>S\u00fcre:<\/strong> Protesto i\u015flemi genellikle <strong>1-3 i\u015f g\u00fcn\u00fc<\/strong> i\u00e7inde tamamlan\u0131r.<\/p>\n\n\n\n<p class=\"wp-block-paragraph\"><strong>\u0412\u0430\u0436\u043d\u043e\u0435 \u043f\u0440\u0438\u043c\u0435\u0447\u0430\u043d\u0438\u0435:<\/strong> Protesto s\u00fcresi ka\u00e7\u0131r\u0131l\u0131rsa baz\u0131 hukuki haklar zamanla s\u0131n\u0131rlanabilir. Bu nedenle \u00e7ekin kar\u015f\u0131l\u0131ks\u0131z \u00e7\u0131kt\u0131\u011f\u0131n\u0131 \u00f6\u011frenir \u00f6\u011frenmez harekete ge\u00e7mek kritik \u00f6nem ta\u015f\u0131r.<\/p>\n\n\n\n<hr class=\"wp-block-separator has-alpha-channel-opacity\"\/>\n\n\n\n<p class=\"wp-block-paragraph\"><strong>4. Ceza Davas\u0131 A\u00e7ma S\u00fcreci<\/strong><\/p>\n\n\n\n<p class=\"wp-block-paragraph\">Beylikd\u00fcz\u00fc&#8217;de kar\u015f\u0131l\u0131ks\u0131z \u00e7ek nedeniyle ceza davas\u0131 a\u00e7mak isteyen alacakl\u0131lar\u0131n izleyece\u011fi ad\u0131mlar \u015f\u00f6yledir:<\/p>\n\n\n\n<p class=\"wp-block-paragraph\"><strong>\u2022 Ad\u0131m 1 \u2014 Protesto Belgesinin Al\u0131nmas\u0131<\/strong> Bankadan &#8220;kar\u015f\u0131l\u0131ks\u0131zd\u0131r&#8221; \u015ferhli \u00e7ek asl\u0131 ve banka yaz\u0131s\u0131 temin edilir.<\/p>\n\n\n\n<p class=\"wp-block-paragraph\"><strong>\u2022 Ad\u0131m 2 \u2014 \u015eikayet Dilek\u00e7esinin Haz\u0131rlanmas\u0131<\/strong> \u00c7ek bor\u00e7lusunun yerle\u015fim yeri ya da \u00e7ekin ibraz edildi\u011fi yer Cumhuriyet Savc\u0131l\u0131\u011f\u0131&#8217;na \u015fikayet dilek\u00e7esi verilir.<\/p>\n\n\n\n<p class=\"wp-block-paragraph\"><strong>\u2022 Ad\u0131m 3 \u2014 Savc\u0131l\u0131k Soru\u015fturmas\u0131<\/strong> Savc\u0131l\u0131k, bor\u00e7lunun savunmas\u0131n\u0131 al\u0131r ve dosyay\u0131 de\u011ferlendirir.<\/p>\n\n\n\n<p class=\"wp-block-paragraph\"><strong>\u2022 Ad\u0131m 4 \u2014 \u0130ddianame ve Yarg\u0131lama<\/strong> Yeterli delil bulunmas\u0131 halinde iddianame d\u00fczenlenir ve dava mahkemede g\u00f6r\u00fclmeye ba\u015flar.<\/p>\n\n\n\n<p class=\"wp-block-paragraph\"><strong>\u2022 Ad\u0131m 5 \u2014 Karar<\/strong> Mahkeme, dosya i\u00e7eri\u011fine g\u00f6re beraat, adli para cezas\u0131 veya hapis cezas\u0131na h\u00fckmeder.<\/p>\n\n\n\n<p class=\"wp-block-paragraph\"><strong>Ortalama S\u00fcre:<\/strong> Ceza davas\u0131 ortalama <strong>6-12 ay<\/strong> s\u00fcrmektedir.<\/p>\n\n\n\n<hr class=\"wp-block-separator has-alpha-channel-opacity\"\/>\n\n\n\n<h2 class=\"wp-block-heading\"><span class=\"ez-toc-section\" id=\"5_Karsiliksiz_Cek_Cezasi_Suc_mu_Kabahat_mi\"><\/span>5. Kar\u015f\u0131l\u0131ks\u0131z \u00c7ek Cezas\u0131: Su\u00e7 mu, Kabahat mi?<span class=\"ez-toc-section-end\"><\/span><\/h2>\n\n\n\n<p class=\"wp-block-paragraph\">5941 say\u0131l\u0131 \u00c7ek Kanunu kapsam\u0131nda kar\u015f\u0131l\u0131ks\u0131z \u00e7ek ke\u015fide eden ki\u015fi hakk\u0131nda 1.500 g\u00fcne kadar adli para cezas\u0131na h\u00fckmedilebilir. Adli para cezas\u0131n\u0131n \u00f6denmemesi halinde bu ceza hapis cezas\u0131na d\u00f6n\u00fc\u015febilir.<\/p>\n\n\n\n<p class=\"wp-block-paragraph\"><strong>Bor\u00e7lu iseniz \u015funlar\u0131 bilmelisiniz:<\/strong><\/p>\n\n\n\n<ul class=\"wp-block-list\">\n<li>Hakk\u0131n\u0131zda a\u00e7\u0131lan ceza davas\u0131nda savunma hakk\u0131n\u0131z vard\u0131r<\/li>\n\n\n\n<li>\u00c7ek bedelini dava s\u00fcrecinde \u00f6demeniz, cezan\u0131n d\u00fc\u015fmesini sa\u011flayabilir<\/li>\n\n\n\n<li>Taksitlendirme talep etme hakk\u0131n\u0131z bulunabilir<\/li>\n\n\n\n<li>Avukat olmadan mahkemeye \u00e7\u0131kmak ciddi hak kay\u0131plar\u0131na yol a\u00e7abilir<\/li>\n<\/ul>\n\n\n\n<p class=\"wp-block-paragraph\"><strong>Alacakl\u0131 iseniz \u015funlar\u0131 bilmelisiniz:<\/strong><\/p>\n\n\n\n<ul class=\"wp-block-list\">\n<li>Ceza davas\u0131 a\u00e7mak, alaca\u011f\u0131n\u0131z\u0131n tahsilini garanti etmez<\/li>\n\n\n\n<li>Ceza davas\u0131 ile e\u015f zamanl\u0131 olarak icra takibi ba\u015flatmak daha etkili bir yoldur<\/li>\n\n\n\n<li>Avukat deste\u011fi ile her iki s\u00fcreci paralel y\u00fcr\u00fctmek tahsilat ihtimalini art\u0131r\u0131r.<\/li>\n<\/ul>\n\n\n\n<hr class=\"wp-block-separator has-alpha-channel-opacity\"\/>\n\n\n\n<p class=\"wp-block-paragraph\"><strong>6. \u00c7ek Bedelini \u00d6deyerek Cezadan Kurtulma<\/strong><\/p>\n\n\n\n<p class=\"wp-block-paragraph\">5941 say\u0131l\u0131 \u00c7ek Kanunu&#8217;nun \u00f6ng\u00f6rd\u00fc\u011f\u00fc \u00f6nemli bir d\u00fczenlemeye g\u00f6re \u00e7ek bor\u00e7lusu, yarg\u0131lama s\u00fcrecinde \u00e7ek bedelini, i\u015flemi\u015f faizini ve yarg\u0131lama giderlerini \u00f6demesi halinde <strong>ceza davas\u0131 d\u00fc\u015fer.<\/strong> Kar\u015f\u0131l\u0131ks\u0131z \u00e7ek cezas\u0131 kapsam\u0131nda hapis cezas\u0131 riski en \u00e7ok merak edilen konulardan biridir.<\/p>\n\n\n\n<p class=\"wp-block-paragraph\">Bu d\u00fczenleme bor\u00e7lu a\u00e7\u0131s\u0131ndan \u00f6nemli bir \u00e7\u0131k\u0131\u015f yolu sunmaktad\u0131r:<\/p>\n\n\n\n<ul class=\"wp-block-list\">\n<li>\u00d6deme, <strong>h\u00fck\u00fcm kesinle\u015fmeden \u00f6nce<\/strong> yap\u0131lmal\u0131d\u0131r<\/li>\n\n\n\n<li>K\u0131smi \u00f6deme yeterli de\u011fildir; <strong>tam \u00f6deme<\/strong> \u015fartt\u0131r<\/li>\n\n\n\n<li>\u00d6deme yap\u0131ld\u0131ktan sonra mahkemeye bildirim yap\u0131lmas\u0131 gerekir<\/li>\n<\/ul>\n\n\n\n<p class=\"wp-block-paragraph\"><strong>\u00d6rnek Senaryo:<\/strong> Bir in\u015faat firmas\u0131, Beylikd\u00fcz\u00fc&#8217;nde malzeme tedarik\u00e7isine 3 adet \u00e7ek vermi\u015ftir. Hesab\u0131nda yetersiz bakiye nedeniyle \u00e7ekler kar\u015f\u0131l\u0131ks\u0131z \u00e7\u0131km\u0131\u015ft\u0131r. Firma sahibi, dava a\u00e7\u0131lmadan \u00f6nce \u00e7ek bedelini eksiksiz \u00f6derse ceza davas\u0131 ba\u015flamaz ya da a\u00e7\u0131lm\u0131\u015fsa d\u00fc\u015fer.<\/p>\n\n\n\n<hr class=\"wp-block-separator has-alpha-channel-opacity\"\/>\n\n\n\n<h2 class=\"wp-block-heading\"><span class=\"ez-toc-section\" id=\"7_Zamanasimi_Sureleri\"><\/span>7. Zamana\u015f\u0131m\u0131 S\u00fcreleri<span class=\"ez-toc-section-end\"><\/span><\/h2>\n\n\n\n<p class=\"wp-block-paragraph\">Kar\u015f\u0131l\u0131ks\u0131z \u00e7ek davalar\u0131nda zamana\u015f\u0131m\u0131 s\u00fcreleri, hem alacakl\u0131 hem de bor\u00e7lu a\u00e7\u0131s\u0131ndan kritik bir \u00f6neme sahiptir.<\/p>\n\n\n\n<p class=\"wp-block-paragraph\"><strong>\u2022 \u015eikayet zamana\u015f\u0131m\u0131:<\/strong> \u00c7ekin kar\u015f\u0131l\u0131ks\u0131z \u00e7\u0131kt\u0131\u011f\u0131n\u0131n \u00f6\u011frenilmesinden itibaren <strong>3 \u043c\u0435\u0441\u044f\u0446\u0430<\/strong> i\u00e7inde \u015fikayette bulunulmal\u0131d\u0131r.<\/p>\n\n\n\n<p class=\"wp-block-paragraph\"><strong>\u2022 Genel zamana\u015f\u0131m\u0131:<\/strong> \u00c7ek hukukunda genel zamana\u015f\u0131m\u0131 s\u00fcresi <strong>3 y\u0131ld\u0131r.<\/strong><\/p>\n\n\n\n<p class=\"wp-block-paragraph\"><strong>\u2022 \u0130cra takibi:<\/strong> \u00c7eke dayal\u0131 icra takibinde zamana\u015f\u0131m\u0131 <strong>3 \u0433\u043e\u0434\u0430<\/strong> olarak uygulan\u0131r.<\/p>\n\n\n\n<p class=\"wp-block-paragraph\"><strong>Dikkat:<\/strong> Zamana\u015f\u0131m\u0131 s\u00fcrelerinin ka\u00e7\u0131r\u0131lmas\u0131, hem ceza davas\u0131n\u0131n hem de icra takibinin \u00f6n\u00fcn\u00fc kapatabilir. Bu nedenle \u00e7ekin kar\u015f\u0131l\u0131ks\u0131z \u00e7\u0131kt\u0131\u011f\u0131n\u0131 \u00f6\u011frendikten sonra vakit kaybetmeden bir avukata dan\u0131\u015fman\u0131z \u00f6nerilir. Kar\u015f\u0131l\u0131ks\u0131z \u00e7ek cezas\u0131 davalar\u0131nda zamana\u015f\u0131m\u0131 konusunda mutlaka bir avukata dan\u0131\u015f\u0131lmal\u0131d\u0131r.<\/p>\n\n\n\n<hr class=\"wp-block-separator has-alpha-channel-opacity\"\/>\n\n\n\n<p class=\"wp-block-paragraph\"><strong>8. S\u0131k Yap\u0131lan Hatalar<\/strong><\/p>\n\n\n\n<p class=\"wp-block-paragraph\">Kar\u015f\u0131l\u0131ks\u0131z \u00e7ek s\u00fcrecinde alacakl\u0131 ve bor\u00e7lu taraflarca yap\u0131lan yayg\u0131n hatalar \u015funlard\u0131r:<\/p>\n\n\n\n<p class=\"wp-block-paragraph\"><strong>Alacakl\u0131lar\u0131n Yapt\u0131\u011f\u0131 Hatalar:<\/strong><\/p>\n\n\n\n<ul class=\"wp-block-list\">\n<li><strong>Protesto s\u00fcresini ka\u00e7\u0131rmak:<\/strong> \u00c7ekin kar\u015f\u0131l\u0131ks\u0131z \u00e7\u0131kmas\u0131ndan sonra beklenmesi, baz\u0131 haklar\u0131n yitirilmesine neden olabilir<\/li>\n\n\n\n<li><strong>Yaln\u0131zca bankaya ba\u015fvurmak:<\/strong> Banka i\u015flemi hukuki s\u00fcreci ba\u015flatmaz; avukata dan\u0131\u015fmak gerekir<\/li>\n\n\n\n<li><strong>\u0130cra ve ceza davas\u0131n\u0131 birbirinden ay\u0131rt edememek:<\/strong> \u0130ki s\u00fcre\u00e7 farkl\u0131 i\u015fler; her ikisinin paralel y\u00fcr\u00fct\u00fclmesi gerekir<\/li>\n\n\n\n<li><strong>\u015eikayet s\u00fcresi olan 3 ay\u0131 ka\u00e7\u0131rmak:<\/strong> Bu s\u00fcre ge\u00e7tikten sonra ceza davas\u0131 a\u00e7ma hakk\u0131 sona erer<\/li>\n<\/ul>\n\n\n\n<p class=\"wp-block-paragraph\"><strong>Bor\u00e7lular\u0131n Yapt\u0131\u011f\u0131 Hatalar:<\/strong><\/p>\n\n\n\n<ul class=\"wp-block-list\">\n<li><strong>Avukats\u0131z mahkemeye \u00e7\u0131kmak:<\/strong> Savunma hakk\u0131n\u0131 etkin kullanamamak a\u011f\u0131r cezalara yol a\u00e7abilir<\/li>\n\n\n\n<li><strong>\u00d6deme yap\u0131p bildirmemek:<\/strong> \u00d6deme yap\u0131ld\u0131ktan sonra mahkemeye bildirim yap\u0131lmazsa dava d\u00fc\u015fmez<\/li>\n\n\n\n<li><strong>Taksitlendirme talebinde ge\u00e7 kalmak:<\/strong> Bu talep dava a\u00e7\u0131lmadan \u00f6nce yap\u0131l\u0131rsa daha etkili sonu\u00e7 verir<\/li>\n\n\n\n<li><strong>Zamana\u015f\u0131m\u0131 hesab\u0131n\u0131 yanl\u0131\u015f yapmak:<\/strong> Kendi ba\u015f\u0131na hesap yap\u0131p yanl\u0131\u015f s\u00fcre beklemek hak kayb\u0131na yol a\u00e7ar<\/li>\n<\/ul>\n\n\n\n<hr class=\"wp-block-separator has-alpha-channel-opacity\"\/>\n\n\n\n<h2 class=\"wp-block-heading\"><span class=\"ez-toc-section\" id=\"9_Avukat_Desteginin_Onemi\"><\/span>9. Avukat Deste\u011finin \u00d6nemi<span class=\"ez-toc-section-end\"><\/span><\/h2>\n\n\n\n<p class=\"wp-block-paragraph\">Kar\u015f\u0131l\u0131ks\u0131z \u00e7ek davalar\u0131, teknik hukuki bilgi gerektiren ve s\u00fcre\u00e7 y\u00f6netiminin kritik oldu\u011fu davalard\u0131r. Beylikd\u00fcz\u00fc&#8217;de bu t\u00fcr davalar i\u00e7in avukat deste\u011fi almak \u015fu a\u00e7\u0131lardan belirleyici rol oynamaktad\u0131r:<\/p>\n\n\n\n<p class=\"wp-block-paragraph\"><strong>Alacakl\u0131 i\u00e7in:<\/strong><\/p>\n\n\n\n<ul class=\"wp-block-list\">\n<li>Protesto ve \u015fikayet s\u00fcre\u00e7lerinin eksiksiz y\u00fcr\u00fct\u00fclmesi<\/li>\n\n\n\n<li>Hem icra takibi hem ceza davas\u0131n\u0131n paralel y\u00f6netimi<\/li>\n\n\n\n<li>Alaca\u011f\u0131n en k\u0131sa s\u00fcrede tahsil edilmesi<\/li>\n<\/ul>\n\n\n\n<p class=\"wp-block-paragraph\"><strong>Bor\u00e7lu i\u00e7in:<\/strong><\/p>\n\n\n\n<ul class=\"wp-block-list\">\n<li>Savunma stratejisinin do\u011fru belirlenmesi<\/li>\n\n\n\n<li>\u00d6deme yoluyla cezadan kurtulma imkan\u0131n\u0131n de\u011ferlendirilmesi<\/li>\n\n\n\n<li>Hapis cezas\u0131na d\u00f6n\u00fc\u015f\u00fcm\u00fcn \u00f6nlenmesi<\/li>\n<\/ul>\n\n\n\n<p class=\"wp-block-paragraph\"><strong>\u00d6rnek Senaryo 1:<\/strong> Beylikd\u00fcz\u00fc&#8217;de bir esnaf, tedarik\u00e7isinden mal al\u0131rken teminat olarak \u00e7ek vermi\u015ftir. \u0130\u015flerin k\u00f6t\u00fcye gitmesi \u00fczerine \u00e7ek kar\u015f\u0131l\u0131ks\u0131z \u00e7\u0131km\u0131\u015ft\u0131r. Avukat deste\u011fiyle dava s\u00fcrecinde \u00e7ek bedeli taksitlendirilmi\u015f ve hapis cezas\u0131n\u0131n \u00f6n\u00fcne ge\u00e7ilmi\u015ftir.<\/p>\n\n\n\n<p class=\"wp-block-paragraph\"><strong>\u00d6rnek Senaryo 2:<\/strong> Bir gayrimenkul al\u0131m sat\u0131m\u0131nda al\u0131c\u0131, sat\u0131c\u0131ya 3 adet ileri tarihli \u00e7ek vermi\u015ftir. \u00c7ekler s\u0131ras\u0131yla kar\u015f\u0131l\u0131ks\u0131z \u00e7\u0131km\u0131\u015ft\u0131r. Sat\u0131c\u0131 avukat\u0131 arac\u0131l\u0131\u011f\u0131yla hem icra takibi ba\u015flatm\u0131\u015f hem de ceza davas\u0131 a\u00e7m\u0131\u015f; alaca\u011f\u0131n\u0131n tamam\u0131n\u0131 4 ay i\u00e7inde tahsil etmi\u015ftir.<\/p>\n\n\n\n<p class=\"wp-block-paragraph\"><strong>\u00d6rnek Senaryo 3:<\/strong> Beylikd\u00fcz\u00fc&#8217;de kirac\u0131, kira teminat\u0131 olarak verdi\u011fi \u00e7ekin kar\u015f\u0131l\u0131ks\u0131z \u00e7\u0131kmas\u0131 \u00fczerine ev sahibi taraf\u0131ndan \u015fikayette bulunulmu\u015ftur. Kirac\u0131n\u0131n avukat\u0131, zamana\u015f\u0131m\u0131 itiraz\u0131 ile davay\u0131 d\u00fc\u015f\u00fcrm\u00fc\u015ft\u00fcr.<\/p>\n\n\n\n<hr class=\"wp-block-separator has-alpha-channel-opacity\"\/>\n\n\n\n<p class=\"wp-block-paragraph\">Kar\u015f\u0131l\u0131ks\u0131z \u00e7ek davalar\u0131nda deneyimli <strong>Av. Bat\u0131n Y\u0131lmaz<\/strong>, Beylikd\u00fcz\u00fc&#8217;de hem alacakl\u0131lar hem de bor\u00e7lular i\u00e7in profesyonel hukuki dan\u0131\u015fmanl\u0131k sunmaktad\u0131r. \u00c7ek protestosundan ceza davas\u0131na, icra takibinden savunma stratejisine kadar t\u00fcm s\u00fcre\u00e7leri titizlikle y\u00f6netmektedir. <a href=\"https:\/\/batinyilmaz.av.tr\/ru\/istanbul-beylikduzu-ceza-avukati\/\" data-type=\"link\" data-id=\"https:\/\/batinyilmaz.av.tr\/istanbul-beylikduzu-ceza-avukati\/\">\u0423\u0433\u043e\u043b\u043e\u0432\u043d\u043e\u0435 \u043f\u0440\u0430\u0432\u043e<\/a> hizmetlerimiz hakk\u0131nda detayl\u0131 bilgi i\u00e7in Ceza Hukuku sayfam\u0131z\u0131 ziyaret edebilirsiniz.<\/p>","protected":false},"excerpt":{"rendered":"<p>Beylikd\u00fcz\u00fc&#8217;de ticari ili\u015fkiler i\u00e7inde olan pek \u00e7ok ki\u015fi, kar\u015f\u0131l\u0131ks\u0131z \u00e7ek sorunuyla beklenmedik bir anda y\u00fcz y\u00fcze gelmektedir. Elinizdeki \u00e7ekin bankada kar\u015f\u0131l\u0131ks\u0131z \u00e7\u0131kmas\u0131 ya da verdi\u011finiz \u00e7ekin hesab\u0131n\u0131zda yeterli bakiye olmamas\u0131 nedeniyle protestoya u\u011framas\u0131; hem alacakl\u0131 hem de bor\u00e7lu taraf i\u00e7in ciddi hukuki sonu\u00e7lar do\u011furur. Bu yaz\u0131da, kar\u015f\u0131l\u0131ks\u0131z \u00e7ek cezas\u0131 nedir, \u00e7ek davas\u0131 s\u00fcreci nas\u0131l i\u015fler [&hellip;]<\/p>\n","protected":false},"author":2,"featured_media":0,"comment_status":"open","ping_status":"open","sticky":false,"template":"","format":"standard","meta":{"_joinchat":[],"footnotes":""},"categories":[446],"tags":[131,431,433,228,195,430],"class_list":["post-2834","post","type-post","status-publish","format-standard","hentry","category-icra-ve-iflas-hukuku","tag-beylikduzu-avukat","tag-cek-davasi","tag-cek-protestosu","tag-ceza-hukuku","tag-icra-takibi","tag-karsiliksiz-cek"],"_links":{"self":[{"href":"https:\/\/batinyilmaz.av.tr\/ru\/wp-json\/wp\/v2\/posts\/2834","targetHints":{"allow":["GET"]}}],"collection":[{"href":"https:\/\/batinyilmaz.av.tr\/ru\/wp-json\/wp\/v2\/posts"}],"about":[{"href":"https:\/\/batinyilmaz.av.tr\/ru\/wp-json\/wp\/v2\/types\/post"}],"author":[{"embeddable":true,"href":"https:\/\/batinyilmaz.av.tr\/ru\/wp-json\/wp\/v2\/users\/2"}],"replies":[{"embeddable":true,"href":"https:\/\/batinyilmaz.av.tr\/ru\/wp-json\/wp\/v2\/comments?post=2834"}],"version-history":[{"count":1,"href":"https:\/\/batinyilmaz.av.tr\/ru\/wp-json\/wp\/v2\/posts\/2834\/revisions"}],"predecessor-version":[{"id":2835,"href":"https:\/\/batinyilmaz.av.tr\/ru\/wp-json\/wp\/v2\/posts\/2834\/revisions\/2835"}],"wp:attachment":[{"href":"https:\/\/batinyilmaz.av.tr\/ru\/wp-json\/wp\/v2\/media?parent=2834"}],"wp:term":[{"taxonomy":"category","embeddable":true,"href":"https:\/\/batinyilmaz.av.tr\/ru\/wp-json\/wp\/v2\/categories?post=2834"},{"taxonomy":"post_tag","embeddable":true,"href":"https:\/\/batinyilmaz.av.tr\/ru\/wp-json\/wp\/v2\/tags?post=2834"}],"curies":[{"name":"wp","href":"https:\/\/api.w.org\/{rel}","templated":true}]}}