{"id":2800,"date":"2026-05-11T14:59:17","date_gmt":"2026-05-11T11:59:17","guid":{"rendered":"https:\/\/batinyilmaz.av.tr\/?p=2800"},"modified":"2026-08-05T13:12:57","modified_gmt":"2026-08-05T10:12:57","slug":"yabanci-uyruklu-cocuklarin-egitim-hakki-okul-kaydi-hukuki-dayanak-ve-iptal-davasi","status":"publish","type":"post","link":"https:\/\/batinyilmaz.av.tr\/ru\/yabanci-uyruklu-cocuklarin-egitim-hakki-okul-kaydi-hukuki-dayanak-ve-iptal-davasi\/","title":{"rendered":"Yabanc\u0131 Uyruklu \u00c7ocuklar\u0131n E\u011fitim Hakk\u0131 | Okul Kayd\u0131, Hukuki Dayanak ve \u0130ptal Davas\u0131"},"content":{"rendered":"<div id=\"ez-toc-container\" class=\"ez-toc-v2_0_85 counter-hierarchy ez-toc-counter ez-toc-grey ez-toc-container-direction\">\n<div class=\"ez-toc-title-container\">\n<p class=\"ez-toc-title\" style=\"cursor:inherit\">\u0417\u0430\u0433\u043e\u043b\u043e\u0432\u043a\u0438<\/p>\n<span class=\"ez-toc-title-toggle\"><a href=\"#\" class=\"ez-toc-pull-right ez-toc-btn ez-toc-btn-xs ez-toc-btn-default ez-toc-toggle\" aria-label=\"Toggle Table of Content\"><span class=\"ez-toc-js-icon-con\"><span class=\"\"><span class=\"eztoc-hide\" style=\"display:none;\">\u041f\u0435\u0440\u0435\u043a\u043b\u044e\u0447\u0430\u0442\u0435\u043b\u044c<\/span><span class=\"ez-toc-icon-toggle-span\"><svg style=\"fill: #999;color:#999\" xmlns=\"http:\/\/www.w3.org\/2000\/svg\" class=\"list-377408\" width=\"20px\" height=\"20px\" viewbox=\"0 0 24 24\" fill=\"none\"><path d=\"M6 6H4v2h2V6zm14 0H8v2h12V6zM4 11h2v2H4v-2zm16 0H8v2h12v-2zM4 16h2v2H4v-2zm16 0H8v2h12v-2z\" fill=\"currentColor\"><\/path><\/svg><svg style=\"fill: #999;color:#999\" class=\"arrow-unsorted-368013\" xmlns=\"http:\/\/www.w3.org\/2000\/svg\" width=\"10px\" height=\"10px\" viewbox=\"0 0 24 24\" version=\"1.2\" baseprofile=\"tiny\"><path d=\"M18.2 9.3l-6.2-6.3-6.2 6.3c-.2.2-.3.4-.3.7s.1.5.3.7c.2.2.4.3.7.3h11c.3 0 .5-.1.7-.3.2-.2.3-.5.3-.7s-.1-.5-.3-.7zM5.8 14.7l6.2 6.3 6.2-6.3c.2-.2.3-.5.3-.7s-.1-.5-.3-.7c-.2-.2-.4-.3-.7-.3h-11c-.3 0-.5.1-.7.3-.2.2-.3.5-.3.7s.1.5.3.7z\"\/><\/svg><\/span><\/span><\/span><\/a><\/span><\/div>\n<nav><ul class='ez-toc-list ez-toc-list-level-1' ><li class='ez-toc-page-1 ez-toc-heading-level-2'><a class=\"ez-toc-link ez-toc-heading-1\" href=\"https:\/\/batinyilmaz.av.tr\/ru\/yabanci-uyruklu-cocuklarin-egitim-hakki-okul-kaydi-hukuki-dayanak-ve-iptal-davasi\/#Yabanci_Uyruklu_Cocuklarin_Egitim_Hakki_Engellenebilir_mi\" >Yabanc\u0131 Uyruklu \u00c7ocuklar\u0131n E\u011fitim Hakk\u0131 Engellenebilir mi?<\/a><\/li><li class='ez-toc-page-1 ez-toc-heading-level-2'><a class=\"ez-toc-link ez-toc-heading-2\" href=\"https:\/\/batinyilmaz.av.tr\/ru\/yabanci-uyruklu-cocuklarin-egitim-hakki-okul-kaydi-hukuki-dayanak-ve-iptal-davasi\/#Yabanci_Uyruklu_Cocuklarin_Egitim_Hakkinin_Hukuki_Dayanagi\" >Yabanc\u0131 Uyruklu \u00c7ocuklar\u0131n E\u011fitim Hakk\u0131n\u0131n Hukuki Dayana\u011f\u0131<\/a><\/li><li class='ez-toc-page-1 ez-toc-heading-level-2'><a class=\"ez-toc-link ez-toc-heading-3\" href=\"https:\/\/batinyilmaz.av.tr\/ru\/yabanci-uyruklu-cocuklarin-egitim-hakki-okul-kaydi-hukuki-dayanak-ve-iptal-davasi\/#Yabanci_Uyruklu_Cocuklarin_Okula_Kayit_Hakki\" >Yabanc\u0131 Uyruklu \u00c7ocuklar\u0131n Okula Kay\u0131t Hakk\u0131<\/a><\/li><li class='ez-toc-page-1 ez-toc-heading-level-2'><a class=\"ez-toc-link ez-toc-heading-4\" href=\"https:\/\/batinyilmaz.av.tr\/ru\/yabanci-uyruklu-cocuklarin-egitim-hakki-okul-kaydi-hukuki-dayanak-ve-iptal-davasi\/#TC_Kimlik_Numarasi_Olmayan_Cocuklarin_Okula_Kaydi\" >T.C. Kimlik Numaras\u0131 Olmayan \u00c7ocuklar\u0131n Okula Kayd\u0131<\/a><\/li><li class='ez-toc-page-1 ez-toc-heading-level-2'><a class=\"ez-toc-link ez-toc-heading-5\" href=\"https:\/\/batinyilmaz.av.tr\/ru\/yabanci-uyruklu-cocuklarin-egitim-hakki-okul-kaydi-hukuki-dayanak-ve-iptal-davasi\/#Ikamet_Izni_Olmayan_Cocuklarin_Egitim_Hakki\" >\u0130kamet \u0130zni Olmayan \u00c7ocuklar\u0131n E\u011fitim Hakk\u0131<\/a><\/li><li class='ez-toc-page-1 ez-toc-heading-level-2'><a class=\"ez-toc-link ez-toc-heading-6\" href=\"https:\/\/batinyilmaz.av.tr\/ru\/yabanci-uyruklu-cocuklarin-egitim-hakki-okul-kaydi-hukuki-dayanak-ve-iptal-davasi\/#Okul_Idarelerinin_Hukuka_Aykiri_Kayit_Reddi_Uygulamalari\" >Okul \u0130darelerinin Hukuka Ayk\u0131r\u0131 Kay\u0131t Reddi Uygulamalar\u0131<\/a><\/li><li class='ez-toc-page-1 ez-toc-heading-level-2'><a class=\"ez-toc-link ez-toc-heading-7\" href=\"https:\/\/batinyilmaz.av.tr\/ru\/yabanci-uyruklu-cocuklarin-egitim-hakki-okul-kaydi-hukuki-dayanak-ve-iptal-davasi\/#Okul_Kayit_Reddi_Halinde_Acilabilecek_Davalar\" >Okul Kay\u0131t Reddi Halinde A\u00e7\u0131labilecek Davalar<\/a><\/li><li class='ez-toc-page-1 ez-toc-heading-level-2'><a class=\"ez-toc-link ez-toc-heading-8\" href=\"https:\/\/batinyilmaz.av.tr\/ru\/yabanci-uyruklu-cocuklarin-egitim-hakki-okul-kaydi-hukuki-dayanak-ve-iptal-davasi\/#Yabanci_Ogrenci_Okul_Kayit_Sureci_Nasil_Isler\" >Yabanc\u0131 \u00d6\u011frenci Okul Kay\u0131t S\u00fcreci Nas\u0131l \u0130\u015fler?<\/a><\/li><li class='ez-toc-page-1 ez-toc-heading-level-2'><a class=\"ez-toc-link ez-toc-heading-9\" href=\"https:\/\/batinyilmaz.av.tr\/ru\/yabanci-uyruklu-cocuklarin-egitim-hakki-okul-kaydi-hukuki-dayanak-ve-iptal-davasi\/#Yabanci_Ogrencilerin_Egitim_Hakki_Neden_Korunur\" >Yabanc\u0131 \u00d6\u011frencilerin E\u011fitim Hakk\u0131 Neden Korunur?<\/a><\/li><li class='ez-toc-page-1 ez-toc-heading-level-2'><a class=\"ez-toc-link ez-toc-heading-10\" href=\"https:\/\/batinyilmaz.av.tr\/ru\/yabanci-uyruklu-cocuklarin-egitim-hakki-okul-kaydi-hukuki-dayanak-ve-iptal-davasi\/#Sik_Sorulan_Sorular_SSS\" >\u0427\u0430\u0441\u0442\u043e \u0437\u0430\u0434\u0430\u0432\u0430\u0435\u043c\u044b\u0435 \u0432\u043e\u043f\u0440\u043e\u0441\u044b (FAQ)<\/a><\/li><li class='ez-toc-page-1 ez-toc-heading-level-2'><a class=\"ez-toc-link ez-toc-heading-11\" href=\"https:\/\/batinyilmaz.av.tr\/ru\/yabanci-uyruklu-cocuklarin-egitim-hakki-okul-kaydi-hukuki-dayanak-ve-iptal-davasi\/#Sonuc_%E2%80%93_Yabanci_Cocuklarin_Egitim_Hakki_Hukuken_Guvence_Altindadir\" >Sonu\u00e7 \u2013 Yabanc\u0131 \u00c7ocuklar\u0131n E\u011fitim Hakk\u0131 Hukuken G\u00fcvence Alt\u0131ndad\u0131r<\/a><\/li><li class='ez-toc-page-1 ez-toc-heading-level-2'><a class=\"ez-toc-link ez-toc-heading-12\" href=\"https:\/\/batinyilmaz.av.tr\/ru\/yabanci-uyruklu-cocuklarin-egitim-hakki-okul-kaydi-hukuki-dayanak-ve-iptal-davasi\/#Hukuki_Degerlendirme_ve_Basvuru_Sureci\" >Hukuki De\u011ferlendirme ve Ba\u015fvuru S\u00fcreci<\/a><\/li><li class='ez-toc-page-1 ez-toc-heading-level-2'><a class=\"ez-toc-link ez-toc-heading-13\" href=\"https:\/\/batinyilmaz.av.tr\/ru\/yabanci-uyruklu-cocuklarin-egitim-hakki-okul-kaydi-hukuki-dayanak-ve-iptal-davasi\/#Hukuki_Destek_ve_Bilgi_Talebi\" >Hukuki Destek ve Bilgi Talebi<\/a><\/li><\/ul><\/nav><\/div>\n\n<h2 class=\"wp-block-heading\"><span class=\"ez-toc-section\" id=\"Yabanci_Uyruklu_Cocuklarin_Egitim_Hakki_Engellenebilir_mi\"><\/span><strong>Yabanc\u0131 Uyruklu \u00c7ocuklar\u0131n E\u011fitim Hakk\u0131 Engellenebilir mi?<\/strong><span class=\"ez-toc-section-end\"><\/span><\/h2>\n\n\n\n<p class=\"wp-block-paragraph\">T\u00fcrkiye\u2019de e\u011fitim hakk\u0131, yaln\u0131zca vatanda\u015flara tan\u0131nm\u0131\u015f bir hak de\u011fildir. Yabanc\u0131 uyruklu \u00e7ocuklar\u0131n e\u011fitim hakk\u0131, Anayasa ve uluslararas\u0131 s\u00f6zle\u015fmeler ile g\u00fcvence alt\u0131na al\u0131nm\u0131\u015f temel bir hakt\u0131r.<\/p>\n\n\n\n<p class=\"wp-block-paragraph\">Bu kapsamda, ikamet izni olmayan \u00e7ocuklar\u0131n okula kayd\u0131 veya T.C. kimlik numaras\u0131 bulunmayan yabanc\u0131 \u00f6\u011frencilerin e\u011fitim sistemi d\u0131\u015f\u0131nda b\u0131rak\u0131lmas\u0131, hukuka ayk\u0131r\u0131 bir uygulama niteli\u011fi ta\u015f\u0131r.<\/p>\n\n\n\n<p class=\"wp-block-paragraph\">Okul idarelerinin yaln\u0131zca kimlik numaras\u0131 veya ikamet durumu gerek\u00e7esiyle kay\u0131t yapmamas\u0131, hem idare hukuku hem de \u00e7ocuk haklar\u0131 mevzuat\u0131 a\u00e7\u0131s\u0131ndan ciddi bir hak ihlali olu\u015fturur.<\/p>\n\n\n\n<hr class=\"wp-block-separator has-alpha-channel-opacity\"\/>\n\n\n\n<h2 class=\"wp-block-heading\"><span class=\"ez-toc-section\" id=\"Yabanci_Uyruklu_Cocuklarin_Egitim_Hakkinin_Hukuki_Dayanagi\"><\/span><strong>Yabanc\u0131 Uyruklu \u00c7ocuklar\u0131n E\u011fitim Hakk\u0131n\u0131n Hukuki Dayana\u011f\u0131<\/strong><span class=\"ez-toc-section-end\"><\/span><\/h2>\n\n\n\n<p class=\"wp-block-paragraph\">Yabanc\u0131 \u00e7ocuklar\u0131n e\u011fitim hakk\u0131 \u015fu temel mevzuatlarla g\u00fcvence alt\u0131na al\u0131nm\u0131\u015ft\u0131r:<\/p>\n\n\n\n<ul class=\"wp-block-list\">\n<li>T\u00fcrkiye Cumhuriyeti Anayasas\u0131<\/li>\n\n\n\n<li>\u00c7ocuk Haklar\u0131na Dair S\u00f6zle\u015fme<\/li>\n\n\n\n<li>Milli E\u011fitim Temel Kanunu<\/li>\n<\/ul>\n\n\n\n<p class=\"wp-block-paragraph\">Bu d\u00fczenlemelere g\u00f6re:<\/p>\n\n\n\n<p class=\"wp-block-paragraph\"><strong>E\u011fitim hakk\u0131 evrensel bir hakt\u0131r ve \u00e7ocu\u011fun vatanda\u015fl\u0131\u011f\u0131na ba\u011fl\u0131 de\u011fildir.<\/strong><\/p>\n\n\n\n<p class=\"wp-block-paragraph\">\u00d6zellikle \u00e7ocuk haklar\u0131 bak\u0131m\u0131ndan en temel ilke \u015fudur:<\/p>\n\n\n\n<p class=\"wp-block-paragraph\"><strong>\u00c7ocu\u011fun \u00fcst\u00fcn yarar\u0131 her zaman \u00f6nceliklidir.<\/strong><\/p>\n\n\n\n<p class=\"wp-block-paragraph\">Bu nedenle, yabanc\u0131 uyruklu bir \u00e7ocu\u011fun e\u011fitim hakk\u0131; ikamet izni, vatanda\u015fl\u0131k veya kimlik numaras\u0131 gibi idari eksiklikler nedeniyle ortadan kald\u0131r\u0131lamaz.<\/p>\n\n\n\n<hr class=\"wp-block-separator has-alpha-channel-opacity\"\/>\n\n\n\n<h2 class=\"wp-block-heading\"><span class=\"ez-toc-section\" id=\"Yabanci_Uyruklu_Cocuklarin_Okula_Kayit_Hakki\"><\/span><strong>Yabanc\u0131 Uyruklu \u00c7ocuklar\u0131n Okula Kay\u0131t Hakk\u0131<\/strong><span class=\"ez-toc-section-end\"><\/span><\/h2>\n\n\n\n<p class=\"wp-block-paragraph\">T\u00fcrkiye\u2019de <strong>yabanc\u0131 \u00f6\u011frencilerin devlet okullar\u0131na kayd\u0131<\/strong>, a\u00e7\u0131k \u015fekilde m\u00fcmk\u00fcnd\u00fcr ve idarenin keyfi de\u011ferlendirmesine b\u0131rak\u0131lmam\u0131\u015ft\u0131r.<\/p>\n\n\n\n<p class=\"wp-block-paragraph\">Bu kapsamda:<\/p>\n\n\n\n<ul class=\"wp-block-list\">\n<li>Yabanc\u0131 \u00f6\u011frencilerin e\u011fitim hakk\u0131 anayasal g\u00fcvence alt\u0131ndad\u0131r<\/li>\n\n\n\n<li>Devlet okullar\u0131 ayr\u0131m g\u00f6zetmeksizin kay\u0131t yapmakla y\u00fck\u00fcml\u00fcd\u00fcr<\/li>\n\n\n\n<li>\u0130darenin takdir yetkisi s\u0131n\u0131rs\u0131z de\u011fildir<\/li>\n<\/ul>\n\n\n\n<p class=\"wp-block-paragraph\">\u041e\u0441\u043e\u0431\u0435\u043d\u043d\u043e <strong>yabanc\u0131 \u00f6\u011frenci okul kayd\u0131 s\u00fcrecinde<\/strong>, kimlik numaras\u0131 olmamas\u0131 tek ba\u015f\u0131na reddetme sebebi olamaz. Zira e\u011fitim hakk\u0131, stat\u00fc veya idari kay\u0131t ko\u015fullar\u0131na ba\u011fl\u0131 olarak ortadan kald\u0131r\u0131lamayacak temel bir hakt\u0131r.\u0130dare, eksik belgelerin tamamlanmas\u0131 i\u00e7in makul s\u00fcre ve y\u00f6nlendirme sa\u011flamakla y\u00fck\u00fcml\u00fcd\u00fcr.\u00c7ocu\u011fun e\u011fitim sistemine eri\u015fimi, b\u00fcrokratik eksiklikler gerek\u00e7e g\u00f6sterilerek geciktirilemez veya engellenemez.Bu t\u00fcr uygulamalar, kamu hizmetinin s\u00fcreklili\u011fi ve \u00e7ocuklar\u0131n \u00fcst\u00fcn yarar\u0131 ilkesiyle ba\u011fda\u015fmamaktad\u0131r.<\/p>\n\n\n\n<hr class=\"wp-block-separator has-alpha-channel-opacity\"\/>\n\n\n\n<h2 class=\"wp-block-heading\"><span class=\"ez-toc-section\" id=\"TC_Kimlik_Numarasi_Olmayan_Cocuklarin_Okula_Kaydi\"><\/span><strong>T.C. Kimlik Numaras\u0131 Olmayan \u00c7ocuklar\u0131n Okula Kayd\u0131<\/strong><span class=\"ez-toc-section-end\"><\/span><\/h2>\n\n\n\n<p class=\"wp-block-paragraph\">Uygulamada en s\u0131k kar\u015f\u0131la\u015f\u0131lan sorunlardan biri, yabanc\u0131 \u00e7ocuklar\u0131n <strong>T.C. kimlik numaras\u0131 bulunmamas\u0131d\u0131r<\/strong>.<\/p>\n\n\n\n<p class=\"wp-block-paragraph\">Ancak bu durum:<\/p>\n\n\n\n<ul class=\"wp-block-list\">\n<li>E\u011fitim hakk\u0131n\u0131 ortadan kald\u0131rmaz<\/li>\n\n\n\n<li>Okula kay\u0131t yap\u0131lmas\u0131na engel de\u011fildir<\/li>\n\n\n\n<li>Alternatif kay\u0131t y\u00f6ntemleri ile a\u015f\u0131labilir<\/li>\n<\/ul>\n\n\n\n<p class=\"wp-block-paragraph\">Milli E\u011fitim uygulamalar\u0131nda yabanc\u0131 \u00f6\u011frenciler i\u00e7in:<\/p>\n\n\n\n<ul class=\"wp-block-list\">\n<li>Ge\u00e7ici \u00f6\u011frenci numaras\u0131 olu\u015fturulabilir<\/li>\n\n\n\n<li>Yabanc\u0131 kimlik numaras\u0131 ile kay\u0131t yap\u0131labilir<\/li>\n\n\n\n<li>Sistemsel kay\u0131t alternatifleri uygulanabilir<\/li>\n<\/ul>\n\n\n\n<p class=\"wp-block-paragraph\">\u0421\u043b\u0435\u0434\u043e\u0432\u0430\u0442\u0435\u043b\u044c\u043d\u043e, <strong>kimlik numaras\u0131 yok diye okul kayd\u0131 reddedilemez<\/strong>. Bu durum, \u00e7ocu\u011fun e\u011fitim hakk\u0131n\u0131n idari i\u015flemlerle ortadan kald\u0131r\u0131lamayaca\u011f\u0131n\u0131 a\u00e7\u0131k\u00e7a g\u00f6stermektedir.<br>Kimlik veya kay\u0131t eksiklikleri, e\u011fitim hizmetine eri\u015fimin \u00f6n\u00fcnde mutlak bir engel olarak de\u011ferlendirilemez. \u0130dare, bu t\u00fcr eksiklikleri tamamlatmakla y\u00fck\u00fcml\u00fc olup \u00e7ocu\u011fu e\u011fitim sisteminin d\u0131\u015f\u0131nda b\u0131rakamaz.Aksi y\u00f6ndeki uygulamalar, hem ulusal mevzuata hem de uluslararas\u0131 \u00e7ocuk haklar\u0131 s\u00f6zle\u015fmelerine ayk\u0131r\u0131l\u0131k te\u015fkil eder.<\/p>\n\n\n\n<hr class=\"wp-block-separator has-alpha-channel-opacity\"\/>\n\n\n\n<h2 class=\"wp-block-heading\"><span class=\"ez-toc-section\" id=\"Ikamet_Izni_Olmayan_Cocuklarin_Egitim_Hakki\"><\/span><strong>\u0130kamet \u0130zni Olmayan \u00c7ocuklar\u0131n E\u011fitim Hakk\u0131<\/strong><span class=\"ez-toc-section-end\"><\/span><\/h2>\n\n\n\n<p class=\"wp-block-paragraph\">En \u00e7ok tart\u0131\u015f\u0131lan konulardan biri de <strong>ikamet izni olmayan \u00e7ocuklar\u0131n okula kayd\u0131<\/strong>\u044f\u0432\u043b\u044f\u0435\u0442\u0441\u044f.<\/p>\n\n\n\n<p class=\"wp-block-paragraph\">Hukuken:<\/p>\n\n\n\n<ul class=\"wp-block-list\">\n<li>\u0130kamet izni olmamas\u0131 e\u011fitim hakk\u0131n\u0131 ortadan kald\u0131rmaz<\/li>\n\n\n\n<li>\u00c7ocu\u011fun e\u011fitimden mahrum b\u0131rak\u0131lmas\u0131 \u00f6l\u00e7\u00fcl\u00fcl\u00fck ilkesine ayk\u0131r\u0131d\u0131r<\/li>\n\n\n\n<li>Devlet, \u00e7ocu\u011fun e\u011fitime eri\u015fimini sa\u011flamakla y\u00fck\u00fcml\u00fcd\u00fcr<\/li>\n<\/ul>\n\n\n\n<p class=\"wp-block-paragraph\">\u041f\u043e\u044d\u0442\u043e\u043c\u0443 <strong>yabanc\u0131 \u00f6\u011frenci devlet okulu kayd\u0131<\/strong>, idarenin keyfi uygulamalar\u0131na b\u0131rak\u0131lamaz. Kay\u0131t s\u00fcreci, a\u00e7\u0131k ve \u00f6ng\u00f6r\u00fclebilir hukuki kurallar \u00e7er\u00e7evesinde y\u00fcr\u00fct\u00fclmek zorundad\u0131r. \u0130darenin takdir yetkisi, \u00e7ocuklar\u0131n e\u011fitim hakk\u0131n\u0131 ortadan kald\u0131racak \u015fekilde kullan\u0131lamaz. Her ba\u015fvuru, \u00e7ocu\u011fun \u00fcst\u00fcn yarar\u0131 ilkesi g\u00f6zetilerek de\u011ferlendirilmelidir. Aksi y\u00f6ndeki uygulamalar hukuka ayk\u0131r\u0131l\u0131k te\u015fkil eder ve yarg\u0131 denetimine tabidir. Bu \u00e7er\u00e7evede e\u011fitim hakk\u0131, idari engellerin \u00fczerinde korunan temel bir hak niteli\u011findedir.<\/p>\n\n\n\n<hr class=\"wp-block-separator has-alpha-channel-opacity\"\/>\n\n\n\n<h2 class=\"wp-block-heading\"><span class=\"ez-toc-section\" id=\"Okul_Idarelerinin_Hukuka_Aykiri_Kayit_Reddi_Uygulamalari\"><\/span><strong>Okul \u0130darelerinin Hukuka Ayk\u0131r\u0131 Kay\u0131t Reddi Uygulamalar\u0131<\/strong><span class=\"ez-toc-section-end\"><\/span><\/h2>\n\n\n\n<p class=\"wp-block-paragraph\">Uygulamada baz\u0131 okul idareleri:<\/p>\n\n\n\n<ul class=\"wp-block-list\">\n<li>Kimlik numaras\u0131 yok diyerek kay\u0131t yapmamakta<\/li>\n\n\n\n<li>\u0130kamet izni bulunmad\u0131\u011f\u0131n\u0131 gerek\u00e7e g\u00f6stermekte<\/li>\n\n\n\n<li>Sistemsel nedenlerle \u00f6\u011frenciyi e\u011fitim d\u0131\u015f\u0131nda b\u0131rakmaktad\u0131r<\/li>\n<\/ul>\n\n\n\n<p class=\"wp-block-paragraph\">Bu i\u015flemler hukuken:<\/p>\n\n\n\n<p class=\"wp-block-paragraph\"><strong>\u0130dari i\u015flem niteli\u011findedir ve iptali m\u00fcmk\u00fcnd\u00fcr.<\/strong><\/p>\n\n\n\n<hr class=\"wp-block-separator has-alpha-channel-opacity\"\/>\n\n\n\n<h2 class=\"wp-block-heading\"><span class=\"ez-toc-section\" id=\"Okul_Kayit_Reddi_Halinde_Acilabilecek_Davalar\"><\/span><strong>Okul Kay\u0131t Reddi Halinde A\u00e7\u0131labilecek Davalar<\/strong><span class=\"ez-toc-section-end\"><\/span><\/h2>\n\n\n\n<p class=\"wp-block-paragraph\">Okul taraf\u0131ndan kay\u0131t yap\u0131lmamas\u0131 durumunda:<\/p>\n\n\n\n<ul class=\"wp-block-list\">\n<li>\u0130dare mahkemesinde iptal davas\u0131 a\u00e7\u0131labilir<\/li>\n\n\n\n<li>Gerekirse y\u00fcr\u00fctmenin durdurulmas\u0131 talep edilebilir<\/li>\n\n\n\n<li>\u00c7ocu\u011fun e\u011fitim hakk\u0131 \u00f6ncelikli olarak korunur<\/li>\n<\/ul>\n\n\n\n<p class=\"wp-block-paragraph\">Mahkemeler uygulamada \u015fu temel ilkeyi esas al\u0131r:<\/p>\n\n\n\n<p class=\"wp-block-paragraph\">\u00c7ocu\u011fun e\u011fitim hakk\u0131, idari eksiklikler nedeniyle engellenemez. Okul m\u00fcd\u00fcrl\u00fcklerinin, \u00f6\u011frencinin ikamet izin belgesinin olmad\u0131\u011f\u0131 iddias\u0131yla, yabanc\u0131 uyruklu ki\u015finin okul kayd\u0131n\u0131 yapmamas\u0131 hukuken do\u011fru olmay\u0131p ilgili karar\u0131n iptal edilmesi ve \u00e7ocu\u011fun okul kayd\u0131n\u0131n yap\u0131lmas\u0131 m\u00fcmk\u00fcnd\u00fcr.<\/p>\n\n\n\n<hr class=\"wp-block-separator has-alpha-channel-opacity\"\/>\n\n\n\n<h2 class=\"wp-block-heading\"><span class=\"ez-toc-section\" id=\"Yabanci_Ogrenci_Okul_Kayit_Sureci_Nasil_Isler\"><\/span><strong>Yabanc\u0131 \u00d6\u011frenci Okul Kay\u0131t S\u00fcreci Nas\u0131l \u0130\u015fler?<\/strong><span class=\"ez-toc-section-end\"><\/span><\/h2>\n\n\n\n<p class=\"wp-block-paragraph\">Uygulamada yabanc\u0131 \u00f6\u011frenci kay\u0131t s\u00fcreci \u015fu \u015fekilde ilerler:<\/p>\n\n\n\n<ol start=\"1\" class=\"wp-block-list\">\n<li>Okula ba\u015fvuru yap\u0131l\u0131r<\/li>\n\n\n\n<li>Kimlik veya yabanc\u0131 numara sunulur<\/li>\n\n\n\n<li>Gerekirse ge\u00e7ici \u00f6\u011frenci numaras\u0131 olu\u015fturulur<\/li>\n\n\n\n<li>Kay\u0131t i\u015flemi tamamlan\u0131r<\/li>\n<\/ol>\n\n\n\n<p class=\"wp-block-paragraph\">Burada en \u00f6nemli husus: \u00c7ocu\u011fun sistem d\u0131\u015f\u0131nda b\u0131rak\u0131lmamas\u0131d\u0131r. Bilindi\u011fi \u00fczere \u00e7ocuklar\u0131n e\u011fitim hakk\u0131, her \u00e7ocu\u011fun dil, din, \u0131rk, cinsiyet veya fiziksel\/zihinsel durum ayr\u0131m\u0131 g\u00f6zetilmeksizin, do\u011fu\u015ftan sahip oldu\u011fu temel bir insan hakk\u0131d\u0131r. \u0130lk\u00f6\u011fretim zorunlu ve \u00fccretsiz olup, devletler \u00e7ocuklar\u0131n nitelikli e\u011fitime eri\u015fimini sa\u011flamak ve potansiyellerini ger\u00e7ekle\u015ftirmelerine olanak tan\u0131makla y\u00fck\u00fcml\u00fcd\u00fcr.<\/p>\n\n\n\n<hr class=\"wp-block-separator has-alpha-channel-opacity\"\/>\n\n\n\n<h2 class=\"wp-block-heading\"><span class=\"ez-toc-section\" id=\"Yabanci_Ogrencilerin_Egitim_Hakki_Neden_Korunur\"><\/span><strong>Yabanc\u0131 \u00d6\u011frencilerin E\u011fitim Hakk\u0131 Neden Korunur?<\/strong><span class=\"ez-toc-section-end\"><\/span><\/h2>\n\n\n\n<p class=\"wp-block-paragraph\">Bu hakk\u0131n korunmas\u0131n\u0131n temel nedenleri:<\/p>\n\n\n\n<ul class=\"wp-block-list\">\n<li>\u00c7ocu\u011fun \u00fcst\u00fcn yarar\u0131 ilkesi<\/li>\n\n\n\n<li>E\u011fitim hakk\u0131n\u0131n evrenselli\u011fi<\/li>\n\n\n\n<li>Ayr\u0131mc\u0131l\u0131k yasa\u011f\u0131<\/li>\n<\/ul>\n\n\n\n<p class=\"wp-block-paragraph\">Hi\u00e7bir idari i\u015flem, \u00e7ocu\u011fun e\u011fitim hakk\u0131n\u0131 ortadan kald\u0131racak \u015fekilde uygulanamaz. Bu nedenle idarenin ald\u0131\u011f\u0131 kararlar her zaman hukuka uygunluk ve \u00f6l\u00e7\u00fcl\u00fcl\u00fck ilkeleri \u00e7er\u00e7evesinde de\u011ferlendirilmelidir. E\u011fitim hakk\u0131, \u00e7ocu\u011fun geli\u015fimi ve gelece\u011fi a\u00e7\u0131s\u0131ndan temel bir hak olup hi\u00e7bir b\u00fcrokratik eksiklik gerek\u00e7e g\u00f6sterilerek s\u0131n\u0131rland\u0131r\u0131lamaz. \u0130darenin uygulamalar\u0131, \u00e7ocu\u011fun \u00fcst\u00fcn yarar\u0131n\u0131 g\u00f6zetmek zorundad\u0131r ve bu ilke t\u00fcm i\u015flemlerin \u00fczerinde yer al\u0131r. Aksi y\u00f6nde tesis edilen i\u015flemler yarg\u0131 denetimine a\u00e7\u0131k olup iptal edilebilir niteliktedir. Bu yakla\u015f\u0131m, hem ulusal hukuk hem de uluslararas\u0131 \u00e7ocuk haklar\u0131 standartlar\u0131n\u0131n do\u011fal bir sonucudur.<\/p>\n\n\n\n<hr class=\"wp-block-separator has-alpha-channel-opacity\"\/>\n\n\n\n<h2 class=\"wp-block-heading\"><span class=\"ez-toc-section\" id=\"Sik_Sorulan_Sorular_SSS\"><\/span><strong>\u0427\u0430\u0441\u0442\u043e \u0437\u0430\u0434\u0430\u0432\u0430\u0435\u043c\u044b\u0435 \u0432\u043e\u043f\u0440\u043e\u0441\u044b (FAQ)<\/strong><span class=\"ez-toc-section-end\"><\/span><\/h2>\n\n\n\n<p class=\"wp-block-paragraph\"><strong>1)\u0130kamet izni olmayan \u00e7ocuk okula gidebilir mi?<\/strong><\/p>\n\n\n\n<p class=\"wp-block-paragraph\">Evet. E\u011fitim hakk\u0131 ikamet iznine ba\u011fl\u0131 de\u011fildir.<\/p>\n\n\n\n<p class=\"wp-block-paragraph\"><strong>2) T.C. kimlik numaras\u0131 olmayan \u00e7ocuk kay\u0131t yapt\u0131rabilir mi?<\/strong><\/p>\n\n\n\n<p class=\"wp-block-paragraph\">Evet. Yabanc\u0131 \u00f6\u011frenciler i\u00e7in alternatif numara ile kay\u0131t m\u00fcmk\u00fcnd\u00fcr.<\/p>\n\n\n\n<p class=\"wp-block-paragraph\"><strong>3) Okul kay\u0131t reddi hukuka uygun mu?<\/strong><\/p>\n\n\n\n<p class=\"wp-block-paragraph\">Sadece kimlik veya ikamet eksikli\u011fine dayal\u0131 ret hukuka ayk\u0131r\u0131d\u0131r.<\/p>\n\n\n\n<p class=\"wp-block-paragraph\"><strong>4) Yabanc\u0131 \u00f6\u011frenci devlet okuluna gidebilir mi?<\/strong><\/p>\n\n\n\n<p class=\"wp-block-paragraph\">Evet. Devlet okullar\u0131 yabanc\u0131 \u00f6\u011frencilere a\u00e7\u0131kt\u0131r.<\/p>\n\n\n\n<p class=\"wp-block-paragraph\"><strong>5) Kay\u0131t yap\u0131lmazsa ne yap\u0131lmal\u0131?<\/strong><\/p>\n\n\n\n<p class=\"wp-block-paragraph\">\u0130dare mahkemesinde iptal davas\u0131 a\u00e7\u0131labilir.<\/p>\n\n\n\n<hr class=\"wp-block-separator has-alpha-channel-opacity\"\/>\n\n\n\n<h2 class=\"wp-block-heading\"><span class=\"ez-toc-section\" id=\"Sonuc_%E2%80%93_Yabanci_Cocuklarin_Egitim_Hakki_Hukuken_Guvence_Altindadir\"><\/span><strong>Sonu\u00e7 \u2013 Yabanc\u0131 \u00c7ocuklar\u0131n E\u011fitim Hakk\u0131 Hukuken G\u00fcvence Alt\u0131ndad\u0131r<\/strong><span class=\"ez-toc-section-end\"><\/span><\/h2>\n\n\n\n<p class=\"wp-block-paragraph\">Yabanc\u0131 uyruklu \u00e7ocuklar\u0131n e\u011fitim hakk\u0131, T\u00fcrkiye\u2019de hem anayasal hem de uluslararas\u0131 hukuk kapsam\u0131nda g\u00fc\u00e7l\u00fc \u015fekilde korunmaktad\u0131r.<\/p>\n\n\n\n<p class=\"wp-block-paragraph\">\u0130kamet izni veya kimlik numaras\u0131 eksikli\u011fi, <strong>okula kay\u0131t engeli olu\u015fturmaz<\/strong>. Bu gerek\u00e7elerle yap\u0131lan kay\u0131t reddi i\u015flemleri hukuka ayk\u0131r\u0131 idari i\u015flem niteli\u011findedir ve yarg\u0131 denetimine tabidir.<\/p>\n\n\n\n<p class=\"wp-block-paragraph\">Her somut olayda temel ilke de\u011fi\u015fmez:<\/p>\n\n\n\n<p class=\"wp-block-paragraph\"><strong>\u00c7ocu\u011fun \u00fcst\u00fcn yarar\u0131 ve e\u011fitim hakk\u0131 her zaman \u00f6nceliklidir.<\/strong><\/p>\n\n\n\n<hr class=\"wp-block-separator has-alpha-channel-opacity\"\/>\n\n\n\n<h2 class=\"wp-block-heading\"><span class=\"ez-toc-section\" id=\"Hukuki_Degerlendirme_ve_Basvuru_Sureci\"><\/span><strong>Hukuki De\u011ferlendirme ve Ba\u015fvuru S\u00fcreci<\/strong><span class=\"ez-toc-section-end\"><\/span><\/h2>\n\n\n\n<p class=\"wp-block-paragraph\">Yabanc\u0131 uyruklu \u00e7ocuklar\u0131n e\u011fitim hakk\u0131na ili\u015fkin ya\u015fanan idari sorunlar, teknik ve hukuki bilgi gerektiren s\u00fcre\u00e7lerdir.<\/p>\n\n\n\n<p class=\"wp-block-paragraph\">Bu nedenle, okul kayd\u0131 reddi, idari engelleme veya sistemsel kay\u0131t sorunlar\u0131 gibi durumlarda, idare hukuku alan\u0131nda uzman bir hukuk\u00e7udan de\u011ferlendirme al\u0131nmas\u0131, s\u00fcrecin do\u011fru ve h\u0131zl\u0131 \u015fekilde ilerlemesi a\u00e7\u0131s\u0131ndan \u00f6nem ta\u015f\u0131maktad\u0131r. <a href=\"https:\/\/batinyilmaz.av.tr\/ru\/yabancilar-hukuku-av-batin-yilmaz\/\" data-type=\"link\" data-id=\"https:\/\/batinyilmaz.av.tr\/yabancilar-hukuku-av-batin-yilmaz\/\">Yabanc\u0131lar hukuku<\/a> kapsam\u0131ndaki t\u00fcm hizmetlerimiz hakk\u0131nda detayl\u0131 bilgi i\u00e7in Yabanc\u0131lar Hukuku sayfam\u0131z\u0131 ziyaret edebilirsiniz.<\/p>\n\n\n\n<h2 class=\"wp-block-heading\"><span class=\"ez-toc-section\" id=\"Hukuki_Destek_ve_Bilgi_Talebi\"><\/span><strong>Hukuki Destek ve Bilgi Talebi<\/strong><span class=\"ez-toc-section-end\"><\/span><\/h2>\n\n\n\n<p class=\"wp-block-paragraph\">Yabanc\u0131 uyruklu \u00e7ocuklar\u0131n e\u011fitim hakk\u0131, okul kay\u0131t s\u00fcre\u00e7leri ve idari ba\u015fvurularla ilgili uygulamada \u00e7e\u015fitli sorunlar ya\u015fanabilmektedir. Bu t\u00fcr durumlarda her somut olay\u0131n kendi \u00f6zel ko\u015fullar\u0131 bulundu\u011fundan, s\u00fcrecin do\u011fru \u015fekilde de\u011ferlendirilmesi ve hukuki hak kayb\u0131 ya\u015fanmamas\u0131 \u00f6nem ta\u015f\u0131r.Konuya ili\u015fkin g\u00fcncel mevzuat i\u00e7in <a href=\"https:\/\/www.mevzuat.gov.tr\" data-type=\"link\" data-id=\"https:\/\/www.mevzuat.gov.tr\" target=\"_blank\" rel=\"noopener\">Mevzuat Bilgi Sistemi<\/a>&#8216;ni inceleyebilirsiniz.<\/p>\n\n\n\n<p class=\"wp-block-paragraph\">Konuyla ilgili detayl\u0131 bilgi almak ve durumunuza \u00f6zel hukuki de\u011ferlendirme yap\u0131lmas\u0131n\u0131 talep etmek i\u00e7in ilgili hukuk b\u00fcrosu ile ileti\u015fime ge\u00e7ebilirsiniz.<\/p>\n\n\n\n<p class=\"wp-block-paragraph\">\ud83d\udcde <strong>Telefon 1:<\/strong> 0532 669 34 90<br>\ud83d\udcde <strong>Telefon 2:<\/strong> 0532 732 34 90<\/p>\n\n\n\n<p class=\"wp-block-paragraph\">\ud83d\udccd <strong>\u0410\u0434\u0440\u0435\u0441:<\/strong> Yakuplu Mahallesi, H\u00fcrriyet Bulvar\u0131 Skyport Residence Kat:12 No:133 Beylikd\u00fcz\u00fc, \u0130stanbul<\/p>","protected":false},"excerpt":{"rendered":"<p>Yabanc\u0131 Uyruklu \u00c7ocuklar\u0131n E\u011fitim Hakk\u0131 Engellenebilir mi? T\u00fcrkiye\u2019de e\u011fitim hakk\u0131, yaln\u0131zca vatanda\u015flara tan\u0131nm\u0131\u015f bir hak de\u011fildir. Yabanc\u0131 uyruklu \u00e7ocuklar\u0131n e\u011fitim hakk\u0131, Anayasa ve uluslararas\u0131 s\u00f6zle\u015fmeler ile g\u00fcvence alt\u0131na al\u0131nm\u0131\u015f temel bir hakt\u0131r. Bu kapsamda, ikamet izni olmayan \u00e7ocuklar\u0131n okula kayd\u0131 veya T.C. kimlik numaras\u0131 bulunmayan yabanc\u0131 \u00f6\u011frencilerin e\u011fitim sistemi d\u0131\u015f\u0131nda b\u0131rak\u0131lmas\u0131, hukuka ayk\u0131r\u0131 bir uygulama [&hellip;]<\/p>\n","protected":false},"author":2,"featured_media":2801,"comment_status":"open","ping_status":"open","sticky":false,"template":"","format":"standard","meta":{"_joinchat":[],"footnotes":""},"categories":[121],"tags":[429],"class_list":["post-2800","post","type-post","status-publish","format-standard","has-post-thumbnail","hentry","category-yabancilar-hukuku","tag-yabanci-uyruklu-cocuklarin-egitim-hakki"],"_links":{"self":[{"href":"https:\/\/batinyilmaz.av.tr\/ru\/wp-json\/wp\/v2\/posts\/2800","targetHints":{"allow":["GET"]}}],"collection":[{"href":"https:\/\/batinyilmaz.av.tr\/ru\/wp-json\/wp\/v2\/posts"}],"about":[{"href":"https:\/\/batinyilmaz.av.tr\/ru\/wp-json\/wp\/v2\/types\/post"}],"author":[{"embeddable":true,"href":"https:\/\/batinyilmaz.av.tr\/ru\/wp-json\/wp\/v2\/users\/2"}],"replies":[{"embeddable":true,"href":"https:\/\/batinyilmaz.av.tr\/ru\/wp-json\/wp\/v2\/comments?post=2800"}],"version-history":[{"count":2,"href":"https:\/\/batinyilmaz.av.tr\/ru\/wp-json\/wp\/v2\/posts\/2800\/revisions"}],"predecessor-version":[{"id":2829,"href":"https:\/\/batinyilmaz.av.tr\/ru\/wp-json\/wp\/v2\/posts\/2800\/revisions\/2829"}],"wp:featuredmedia":[{"embeddable":true,"href":"https:\/\/batinyilmaz.av.tr\/ru\/wp-json\/wp\/v2\/media\/2801"}],"wp:attachment":[{"href":"https:\/\/batinyilmaz.av.tr\/ru\/wp-json\/wp\/v2\/media?parent=2800"}],"wp:term":[{"taxonomy":"category","embeddable":true,"href":"https:\/\/batinyilmaz.av.tr\/ru\/wp-json\/wp\/v2\/categories?post=2800"},{"taxonomy":"post_tag","embeddable":true,"href":"https:\/\/batinyilmaz.av.tr\/ru\/wp-json\/wp\/v2\/tags?post=2800"}],"curies":[{"name":"wp","href":"https:\/\/api.w.org\/{rel}","templated":true}]}}