{"id":2797,"date":"2026-05-07T17:04:16","date_gmt":"2026-05-07T14:04:16","guid":{"rendered":"https:\/\/batinyilmaz.av.tr\/?p=2797"},"modified":"2026-08-05T13:13:05","modified_gmt":"2026-08-05T10:13:05","slug":"turk-vatandasliginin-iptali-ve-geri-alinmasi-2026-guncel-hukuki-degerlendirme","status":"publish","type":"post","link":"https:\/\/batinyilmaz.av.tr\/ru\/turk-vatandasliginin-iptali-ve-geri-alinmasi-2026-guncel-hukuki-degerlendirme\/","title":{"rendered":"T\u00fcrk Vatanda\u015fl\u0131\u011f\u0131n\u0131n \u0130ptali ve Geri Al\u0131nmas\u0131 (2026 G\u00fcncel Hukuki De\u011ferlendirme)"},"content":{"rendered":"<p class=\"wp-block-paragraph\">T\u00fcrk vatanda\u015fl\u0131\u011f\u0131n\u0131n iptali ve geri al\u0131nmas\u0131 konusu yabanc\u0131lar hukuku alan\u0131nda en s\u0131k kar\u015f\u0131la\u015f\u0131lan meselelerden biridir. Son y\u0131llarda, T\u00fcrkiye\u2019de ta\u015f\u0131nmaz edinimi yoluyla T\u00fcrk vatanda\u015fl\u0131\u011f\u0131 kazanan yabanc\u0131 uyruklu ki\u015filere ili\u015fkin <strong>vatanda\u015fl\u0131\u011f\u0131n geri al\u0131nmas\u0131 ve iptal edilmesi kararlar\u0131<\/strong> idari uygulamada \u00f6nemli \u00f6l\u00e7\u00fcde artm\u0131\u015ft\u0131r. \u00d6zellikle belirli projeler \u00fczerinden yap\u0131lan ba\u015fvurular\u0131n incelenmesi sonucunda, bir\u00e7ok ki\u015fi hakk\u0131nda <strong>T\u00fcrk vatanda\u015fl\u0131\u011f\u0131n\u0131n iptali<\/strong> y\u00f6n\u00fcnde idari i\u015flemler tesis edilmektedir. Kamuoyuna yans\u0131yan haberlerde g\u00f6r\u00fclece\u011fi \u00fczere, 2026 Nisan ay\u0131 i\u00e7erisinde, Hayatpark Gayrimenkul A.\u015e. isimli \u015firket taraf\u0131ndan, yabanc\u0131 uyruklu ki\u015filere T\u00fcrk Vatanda\u015fl\u0131\u011f\u0131 kazan\u0131m\u0131na esas olmak \u00fczere sat\u0131\u015fa arz edilen b\u00fct\u00fcn ta\u015f\u0131nmazlara\u00a0 \u0130stanbul Cumhuriyet Ba\u015fsavc\u0131l\u0131\u011f\u0131 taraf\u0131ndan yap\u0131lan soru\u015fturmaya esas olmak \u00fczere el koyma karar\u0131 verilmi\u015f ve ilgili ta\u015f\u0131nmaz \u00fczerinden T\u00fcrk Vatanda\u015fl\u0131\u011f\u0131 kazanan yakla\u015f\u0131k 1100 ki\u015finin T\u00fcrk Vatanda\u015fl\u0131\u011f\u0131 karar\u0131 geri al\u0131nm\u0131\u015ft\u0131r.<\/p>\n\n\n\n<p class=\"wp-block-paragraph\">Bu yaz\u0131da; T\u00fcrk vatanda\u015fl\u0131\u011f\u0131n\u0131n geri al\u0131nmas\u0131n\u0131n hukuki dayana\u011f\u0131, idarenin yetkisinin s\u0131n\u0131rlar\u0131, uygulamadaki sorunlar ve \u00f6zellikle <strong>ta\u015f\u0131nmaz de\u011ferlemesine dayal\u0131 iptal kararlar\u0131n\u0131n hukuki ge\u00e7erlili\u011fi<\/strong> detayl\u0131 \u015fekilde ele al\u0131nmaktad\u0131r.<\/p>\n\n\n\n<hr class=\"wp-block-separator has-alpha-channel-opacity\"\/>\n\n\n\n<p class=\"wp-block-paragraph\"><strong>T\u00fcrk Vatanda\u015fl\u0131\u011f\u0131n\u0131n \u0130ptali ve Geri Al\u0131nmas\u0131n\u0131n Hukuki Dayana\u011f\u0131<\/strong><\/p>\n\n\n\n<p class=\"wp-block-paragraph\">T\u00fcrk vatanda\u015fl\u0131\u011f\u0131na ili\u015fkin kararlar\u0131n geri al\u0131nmas\u0131, <strong>5901 say\u0131l\u0131 T\u00fcrk Vatanda\u015fl\u0131\u011f\u0131 Kanunu\u2019nun 40. maddesinde (TVK md. 40)<\/strong> \u041e\u043d\u043e \u0440\u0435\u0433\u0443\u043b\u0438\u0440\u0443\u0435\u0442\u0441\u044f<\/p>\n\n\n\n<p class=\"wp-block-paragraph\">Bu h\u00fckme g\u00f6re:<\/p>\n\n\n\n<ul class=\"wp-block-list\">\n<li>T\u00fcrk vatanda\u015fl\u0131\u011f\u0131n\u0131n kazan\u0131lmas\u0131 veya kayb\u0131na ili\u015fkin kararlar,<\/li>\n\n\n\n<li>Hukuki \u015fartlar olu\u015fmadan verilmi\u015fse,<\/li>\n\n\n\n<li>M\u00fckerrer veya hatal\u0131 \u015fekilde tesis edilmi\u015fse,<\/li>\n<\/ul>\n\n\n\n<p class=\"wp-block-paragraph\">idare taraf\u0131ndan geri al\u0131nabilir.<\/p>\n\n\n\n<p class=\"wp-block-paragraph\">Ayr\u0131ca ilgili y\u00f6netmelik h\u00fck\u00fcmlerine g\u00f6re bu t\u00fcr kararlar:<\/p>\n\n\n\n<ul class=\"wp-block-list\">\n<li>Karar\u0131 veren idari makam taraf\u0131ndan geri al\u0131n\u0131r.<\/li>\n\n\n\n<li>Ve geri alma i\u015flemi <strong>ilk karar tarihinden itibaren h\u00fck\u00fcms\u00fczl\u00fck do\u011furur<\/strong>.<\/li>\n<\/ul>\n\n\n\n<p class=\"wp-block-paragraph\">Bu y\u00f6n\u00fcyle vatanda\u015fl\u0131\u011f\u0131n geri al\u0131nmas\u0131, teknik olarak <strong>idare hukukunda \u201cidari i\u015flemin geri al\u0131nmas\u0131\u201d<\/strong> niteli\u011findedir.<\/p>\n\n\n\n<hr class=\"wp-block-separator has-alpha-channel-opacity\"\/>\n\n\n\n<p class=\"wp-block-paragraph\"><strong>Hangi Durumlarda Vatanda\u015fl\u0131k \u0130ptal Edilebilir?<\/strong><\/p>\n\n\n\n<p class=\"wp-block-paragraph\">Kanun koyucu, geri alma sebeplerini s\u0131n\u0131rl\u0131 \u015fekilde d\u00fczenlemi\u015ftir. Buna g\u00f6re bir vatanda\u015fl\u0131k karar\u0131n\u0131n geri al\u0131nabilmesi i\u00e7in:<\/p>\n\n\n\n<ul class=\"wp-block-list\">\n<li>Kanunda \u00f6ng\u00f6r\u00fclen \u015fartlar\u0131n ger\u00e7ekte olu\u015fmam\u0131\u015f olmas\u0131<\/li>\n\n\n\n<li>Karar\u0131n a\u00e7\u0131k bir hukuka ayk\u0131r\u0131l\u0131k i\u00e7ermesi<\/li>\n\n\n\n<li>Yetki, \u015fekil, sebep, konu veya ama\u00e7 unsurlar\u0131ndan birinin sakat olmas\u0131<\/li>\n<\/ul>\n\n\n\n<p class=\"wp-block-paragraph\">\u0442\u0440\u0435\u0431\u0443\u0435\u0442\u0441\u044f.<\/p>\n\n\n\n<p class=\"wp-block-paragraph\">Bu noktada kritik husus \u015fudur:<\/p>\n\n\n\n<p class=\"wp-block-paragraph\">Her idari hata veya tart\u0131\u015fmal\u0131 durum, vatanda\u015fl\u0131\u011f\u0131n iptalini hakl\u0131 k\u0131lmaz.<\/p>\n\n\n\n<p class=\"wp-block-paragraph\">\u0130darenin geri alma yetkisi s\u0131n\u0131rs\u0131z de\u011fildir ve \u00f6l\u00e7\u00fcl\u00fcl\u00fck, hukuki g\u00fcvenlik ve kazan\u0131lm\u0131\u015f hak ilkeleriyle s\u0131n\u0131rl\u0131d\u0131r.<\/p>\n\n\n\n<hr class=\"wp-block-separator has-alpha-channel-opacity\"\/>\n\n\n\n<p class=\"wp-block-paragraph\"><strong>Uygulamada En Kritik Sorun: Ta\u015f\u0131nmaz De\u011ferlemesi<\/strong><\/p>\n\n\n\n<p class=\"wp-block-paragraph\">Son d\u00f6nemde verilen vatanda\u015fl\u0131k iptal kararlar\u0131n\u0131n b\u00fcy\u00fck \u00e7o\u011funlu\u011fu, \u015fu iddiaya dayand\u0131r\u0131lmaktad\u0131r:<\/p>\n\n\n\n<p class=\"wp-block-paragraph\">Ta\u015f\u0131nmaz\u0131n beyan edilen de\u011ferinin, ger\u00e7ekte olmas\u0131 gerekenden d\u00fc\u015f\u00fck oldu\u011fu iddias\u0131d\u0131r. Yani ba\u015fvurunun, T\u00fcrk Vatanda\u015fl\u0131\u011f\u0131 kazan\u0131m\u0131nda Tapu M\u00fcd\u00fcrl\u00fcklerine beyan edilen ta\u015f\u0131nmaz sat\u0131\u015f bedelinin, ta\u015f\u0131nmaz\u0131n ger\u00e7ek de\u011ferinden daha y\u00fcksek oldu\u011fu iddias\u0131yla T\u00fcrk Vatanda\u015fl\u0131\u011f\u0131 kararlar\u0131 geri al\u0131nmaktad\u0131r. Ancak bu noktada uygulamada ciddi bir hukuki sorun bulunmaktad\u0131r:<\/p>\n\n\n\n<p class=\"wp-block-paragraph\"><strong>1. Sonradan Yap\u0131lan De\u011ferleme Sa\u011fl\u0131kl\u0131 Bir \u00d6l\u00e7\u00fct De\u011fildir<\/strong><\/p>\n\n\n\n<p class=\"wp-block-paragraph\">Bilindi\u011fi \u00fczere, ilgili ta\u015f\u0131nmazlar yabanc\u0131 ba\u015fvurucu taraf\u0131ndan 2021-2022-2023 y\u0131llar\u0131nda sat\u0131n al\u0131nm\u0131\u015ft\u0131r.\u0130dare taraf\u0131ndan yap\u0131lan incelemelerde:<\/p>\n\n\n\n<ul class=\"wp-block-list\">\n<li>2025 veya daha sonraki y\u0131llarda ,<\/li>\n\n\n\n<li>G\u00fcncel piyasa ko\u015fullar\u0131na g\u00f6re,<\/li>\n\n\n\n<li>Yeniden de\u011ferleme yap\u0131lmaktad\u0131r.<\/li>\n<\/ul>\n\n\n\n<p class=\"wp-block-paragraph\">Bu yakla\u015f\u0131m hukuken sorunludur. \u00c7\u00fcnk\u00fc:<\/p>\n\n\n\n<p class=\"wp-block-paragraph\">&nbsp;T\u00fcrkiye\u2019de ekonomik ko\u015fullar, enflasyon, d\u00f6viz kuru ve piyasa dalgalanmalar\u0131 dikkate al\u0131nd\u0131\u011f\u0131ndabir ta\u015f\u0131nmaz\u0131n ge\u00e7mi\u015fteki de\u011feri ile sonraki y\u0131llardaki de\u011feri <strong>ayn\u0131 <\/strong>olmayacakt\u0131r. Yani 2021-2022 ve 2023 y\u0131llar\u0131nda T\u00fcrkiye\u2019nin her hangi bir b\u00f6lgesinde al\u0131nm\u0131\u015f olan mesken niteli\u011findeki ta\u015f\u0131nmaz\u0131n 2025 y\u0131l\u0131ndaki de\u011ferinin al\u0131nd\u0131\u011f\u0131 tarihteki de\u011ferden daha d\u00fc\u015f\u00fck olaca\u011f\u0131 zaten ola\u011fan ve beklenen bir durumdur. Bu sebeple yaln\u0131zca bu iddiaya dayal\u0131 olarak al\u0131nacak olan geri alma ve iptal kararlar\u0131 hukuki de\u011fildir. Bu durum, hukuki g\u00fcvenlik ilkesine ve idarenin \u00f6l\u00e7\u00fcl\u00fcl\u00fck y\u00fck\u00fcml\u00fcl\u00fc\u011f\u00fcne ayk\u0131r\u0131d\u0131r.<\/p>\n\n\n\n<hr class=\"wp-block-separator has-alpha-channel-opacity\"\/>\n\n\n\n<p class=\"wp-block-paragraph\"><strong>3. GAB\u0130M Yetkili De\u011ferleme Uzmanlar\u0131 Dahi Ge\u00e7mi\u015fe D\u00f6n\u00fck Rapor D\u00fczenleyemez<\/strong><\/p>\n\n\n\n<p class=\"wp-block-paragraph\">Uygulamada g\u00f6z ard\u0131 edilen en \u00f6nemli teknik ger\u00e7eklerden biri \u015fudur:<\/p>\n\n\n\n<p class=\"wp-block-paragraph\">\ud83d\udc49<strong>GAB\u0130M (Gayrimenkul De\u011ferleme Uzmanlar\u0131 Birli\u011fi) taraf\u0131ndan yetkilendirilen uzmanlar dahi ge\u00e7mi\u015fe d\u00f6n\u00fck sa\u011fl\u0131kl\u0131 de\u011ferleme raporu d\u00fczenleyemez.<\/strong><\/p>\n\n\n\n<p class=\"wp-block-paragraph\">\u041f\u043e\u0442\u043e\u043c\u0443 \u0447\u0442\u043e:<\/p>\n\n\n\n<ul class=\"wp-block-list\">\n<li>De\u011ferleme, mevcut piyasa ko\u015fullar\u0131na g\u00f6re yap\u0131l\u0131r<\/li>\n\n\n\n<li>Ge\u00e7mi\u015fe y\u00f6nelik varsay\u0131msal de\u011ferleme objektif de\u011fildir<\/li>\n\n\n\n<li>Bu t\u00fcr raporlar bilimsel ve teknik kesinlik ta\u015f\u0131maz<\/li>\n<\/ul>\n\n\n\n<p class=\"wp-block-paragraph\">\u0421\u043b\u0435\u0434\u043e\u0432\u0430\u0442\u0435\u043b\u044c\u043d\u043e:<\/p>\n\n\n\n<p class=\"wp-block-paragraph\">&nbsp;Soru\u015fturma a\u015famas\u0131nda al\u0131nan bu t\u00fcr raporlar\u0131n<\/p>\n\n\n\n<p class=\"wp-block-paragraph\"><br>&nbsp;T\u00fcrk vatanda\u015fl\u0131\u011f\u0131n\u0131n geri al\u0131nmas\u0131na dayanak yap\u0131lmas\u0131<\/p>\n\n\n\n<p class=\"wp-block-paragraph\">hukuken, \u00f6l\u00e7\u00fcs\u00fcz ve hatal\u0131 bir uygulamad\u0131r.<\/p>\n\n\n\n<hr class=\"wp-block-separator has-alpha-channel-opacity\"\/>\n\n\n\n<p class=\"wp-block-paragraph\"><strong>Ta\u015f\u0131nmaz Al\u0131c\u0131s\u0131n\u0131n Kusuru Var m\u0131?<\/strong><\/p>\n\n\n\n<p class=\"wp-block-paragraph\">Uygulamada dikkat \u00e7eken bir di\u011fer \u00f6nemli husus:<\/p>\n\n\n\n<ul class=\"wp-block-list\">\n<li>Ta\u015f\u0131nmaz sat\u0131n alan yabanc\u0131 yat\u0131r\u0131mc\u0131lar\u0131n b\u00fcy\u00fck \u00e7o\u011funlu\u011fu<\/li>\n\n\n\n<li>S\u00fcreci resmi kurumlar ve yetkili \u015firketler arac\u0131l\u0131\u011f\u0131yla y\u00fcr\u00fctmektedir.<\/li>\n<\/ul>\n\n\n\n<p class=\"wp-block-paragraph\">Bu durumda:<\/p>\n\n\n\n<p class=\"wp-block-paragraph\">&nbsp;Olas\u0131 bir usuls\u00fczl\u00fck varsa dahi,<\/p>\n\n\n\n<p class=\"wp-block-paragraph\">Bunun yat\u0131r\u0131mc\u0131dan de\u011fil, proje geli\u015ftirici veya arac\u0131 firmalardan kaynaklanmas\u0131 ihtimali y\u00fcksektir.<\/p>\n\n\n\n<p class=\"wp-block-paragraph\">\u041f\u043e\u044d\u0442\u043e\u043c\u0443:<\/p>\n\n\n\n<p class=\"wp-block-paragraph\">Kusursuz ki\u015filerin vatanda\u015fl\u0131\u011f\u0131n\u0131n iptal edilmesi, hukuk devleti ilkesiyle ba\u011fda\u015fmaz.<\/p>\n\n\n\n<hr class=\"wp-block-separator has-alpha-channel-opacity\"\/>\n\n\n\n<p class=\"wp-block-paragraph\"><strong>\u0130ptal Kararlar\u0131na Kar\u015f\u0131 Hukuki Yol<\/strong><\/p>\n\n\n\n<p class=\"wp-block-paragraph\">T\u00fcrk vatanda\u015fl\u0131\u011f\u0131n\u0131n geri al\u0131nmas\u0131na ili\u015fkin kararlar:<\/p>\n\n\n\n<ul class=\"wp-block-list\">\n<li>\u0130dari i\u015flemdir<\/li>\n\n\n\n<li>Yarg\u0131 denetimine tabidir<\/li>\n<\/ul>\n\n\n\n<p class=\"wp-block-paragraph\">Bu kapsamda:<\/p>\n\n\n\n<p class=\"wp-block-paragraph\">\u0130lgili ki\u015filer idari yarg\u0131da iptal davas\u0131 a\u00e7abilir.<\/p>\n\n\n\n<p class=\"wp-block-paragraph\">Dava s\u00fcrecinde mahkeme:<\/p>\n\n\n\n<ul class=\"wp-block-list\">\n<li>\u0130\u015flemin hukuka uygunlu\u011funu<\/li>\n\n\n\n<li>Delillerin yeterlili\u011fini<\/li>\n\n\n\n<li>De\u011ferleme raporlar\u0131n\u0131n ge\u00e7erlili\u011fini<\/li>\n\n\n\n<li>Ki\u015finin kusurunu<\/li>\n<\/ul>\n\n\n\n<p class=\"wp-block-paragraph\">detayl\u0131 \u015fekilde inceler.<\/p>\n\n\n\n<hr class=\"wp-block-separator has-alpha-channel-opacity\"\/>\n\n\n\n<p class=\"wp-block-paragraph\"><strong>Sonu\u00e7: Her \u0130ptal Karar\u0131 Hukuka Uygun De\u011fildir<\/strong>. <a href=\"https:\/\/batinyilmaz.av.tr\/ru\/yabancilar-hukuku-av-batin-yilmaz\/\" data-type=\"link\" data-id=\"https:\/\/batinyilmaz.av.tr\/yabancilar-hukuku-av-batin-yilmaz\/\">Yabanc\u0131lar hukuku<\/a> hizmetlerimiz hakk\u0131nda detayl\u0131 bilgi i\u00e7in Yabanc\u0131lar Hukuku sayfam\u0131z\u0131 ziyaret edebilirsiniz.<\/p>\n\n\n\n<p class=\"wp-block-paragraph\">\u00d6zetle;<\/p>\n\n\n\n<ul class=\"wp-block-list\">\n<li>T\u00fcrk vatanda\u015fl\u0131\u011f\u0131n\u0131n geri al\u0131nmas\u0131 istisnai bir i\u015flemdir<\/li>\n\n\n\n<li>Her somut olay kendi i\u00e7inde de\u011ferlendirilmelidir<\/li>\n\n\n\n<li>\u00d6zellikle ta\u015f\u0131nmaz de\u011ferlemesine dayal\u0131 iptal kararlar\u0131 ciddi hukuki tart\u0131\u015fma konusudur.<\/li>\n<\/ul>\n\n\n\n<p class=\"wp-block-paragraph\">Ve en kritik tespit:<\/p>\n\n\n\n<p class=\"wp-block-paragraph\"><strong>Sonradan yap\u0131lan d\u00fc\u015f\u00fck de\u011ferleme, tek ba\u015f\u0131na vatanda\u015fl\u0131k iptaline dayanak olamaz. Ge\u00e7mi\u015fe d\u00f6n\u00fck de\u011ferleme raporlar\u0131na dayan\u0131larak verilen kararlar, hukuki a\u00e7\u0131dan zay\u0131f ve iptale a\u00e7\u0131k olabilir.<\/strong> <strong>G\u00fcncel mevzuat i\u00e7in <a href=\"https:\/\/www.mevzuat.gov.tr\" data-type=\"link\" data-id=\"https:\/\/www.mevzuat.gov.tr\" target=\"_blank\" rel=\"noopener\">Mevzuat Bilgi Sistemi<\/a>&#8216;ni inceleyebilirsiniz.<\/strong><\/p>\n\n\n\n<p class=\"wp-block-paragraph\"><strong>\u0130leti\u015fim ve Hukuki Destek<\/strong><\/p>\n\n\n\n<p class=\"wp-block-paragraph\">T\u00fcrk vatanda\u015fl\u0131\u011f\u0131n\u0131n geri al\u0131nmas\u0131 veya iptal edilmesine ili\u015fkin s\u00fcre\u00e7ler, teknik ve \u00e7ok boyutlu bir hukuki de\u011ferlendirme gerektirmektedir. Her somut olay\u0131n kendi ko\u015fullar\u0131 i\u00e7erisinde incelenmesi, hak kayb\u0131 ya\u015fanmamas\u0131 a\u00e7\u0131s\u0131ndan \u00f6nem arz etmektedir.<\/p>\n\n\n\n<p class=\"wp-block-paragraph\">Bu kapsamda, konuya ili\u015fkin hukuki durumunuzun de\u011ferlendirilmesi ve yasal ba\u015fvuru yollar\u0131 hakk\u0131nda bilgi edinmek i\u00e7in yabanc\u0131lar hukuku alan\u0131nda uzman bir hukuk ofisine ba\u015fvurulmas\u0131 faydal\u0131 olacakt\u0131r.<\/p>\n\n\n\n<p class=\"wp-block-paragraph\">\u0130leti\u015fim:<br>\ud83d\udcde +90 (532) 669 34 90<br>\ud83d\udcde +90 (532) 732 34 90<br>\ud83d\udce7 info@batinyilmaz.av.tr<\/p>","protected":false},"excerpt":{"rendered":"<p>T\u00fcrk vatanda\u015fl\u0131\u011f\u0131n\u0131n iptali ve geri al\u0131nmas\u0131 konusu yabanc\u0131lar hukuku alan\u0131nda en s\u0131k kar\u015f\u0131la\u015f\u0131lan meselelerden biridir. Son y\u0131llarda, T\u00fcrkiye\u2019de ta\u015f\u0131nmaz edinimi yoluyla T\u00fcrk vatanda\u015fl\u0131\u011f\u0131 kazanan yabanc\u0131 uyruklu ki\u015filere ili\u015fkin vatanda\u015fl\u0131\u011f\u0131n geri al\u0131nmas\u0131 ve iptal edilmesi kararlar\u0131 idari uygulamada \u00f6nemli \u00f6l\u00e7\u00fcde artm\u0131\u015ft\u0131r. \u00d6zellikle belirli projeler \u00fczerinden yap\u0131lan ba\u015fvurular\u0131n incelenmesi sonucunda, bir\u00e7ok ki\u015fi hakk\u0131nda T\u00fcrk vatanda\u015fl\u0131\u011f\u0131n\u0131n iptali y\u00f6n\u00fcnde [&hellip;]<\/p>\n","protected":false},"author":2,"featured_media":2547,"comment_status":"open","ping_status":"open","sticky":false,"template":"","format":"standard","meta":{"_joinchat":[],"footnotes":""},"categories":[121],"tags":[428],"class_list":["post-2797","post","type-post","status-publish","format-standard","has-post-thumbnail","hentry","category-yabancilar-hukuku","tag-turk-vatandasliginin-iptali-ve-geri-alinmasi"],"_links":{"self":[{"href":"https:\/\/batinyilmaz.av.tr\/ru\/wp-json\/wp\/v2\/posts\/2797","targetHints":{"allow":["GET"]}}],"collection":[{"href":"https:\/\/batinyilmaz.av.tr\/ru\/wp-json\/wp\/v2\/posts"}],"about":[{"href":"https:\/\/batinyilmaz.av.tr\/ru\/wp-json\/wp\/v2\/types\/post"}],"author":[{"embeddable":true,"href":"https:\/\/batinyilmaz.av.tr\/ru\/wp-json\/wp\/v2\/users\/2"}],"replies":[{"embeddable":true,"href":"https:\/\/batinyilmaz.av.tr\/ru\/wp-json\/wp\/v2\/comments?post=2797"}],"version-history":[{"count":3,"href":"https:\/\/batinyilmaz.av.tr\/ru\/wp-json\/wp\/v2\/posts\/2797\/revisions"}],"predecessor-version":[{"id":2833,"href":"https:\/\/batinyilmaz.av.tr\/ru\/wp-json\/wp\/v2\/posts\/2797\/revisions\/2833"}],"wp:featuredmedia":[{"embeddable":true,"href":"https:\/\/batinyilmaz.av.tr\/ru\/wp-json\/wp\/v2\/media\/2547"}],"wp:attachment":[{"href":"https:\/\/batinyilmaz.av.tr\/ru\/wp-json\/wp\/v2\/media?parent=2797"}],"wp:term":[{"taxonomy":"category","embeddable":true,"href":"https:\/\/batinyilmaz.av.tr\/ru\/wp-json\/wp\/v2\/categories?post=2797"},{"taxonomy":"post_tag","embeddable":true,"href":"https:\/\/batinyilmaz.av.tr\/ru\/wp-json\/wp\/v2\/tags?post=2797"}],"curies":[{"name":"wp","href":"https:\/\/api.w.org\/{rel}","templated":true}]}}