{"id":2766,"date":"2026-03-18T13:59:39","date_gmt":"2026-03-18T10:59:39","guid":{"rendered":"https:\/\/batinyilmaz.av.tr\/?p=2766"},"modified":"2026-03-18T14:14:54","modified_gmt":"2026-03-18T11:14:54","slug":"is-ve-calisma-hurriyetinin-ihlali-tck-117-nedir","status":"publish","type":"post","link":"https:\/\/batinyilmaz.av.tr\/ru\/is-ve-calisma-hurriyetinin-ihlali-tck-117-nedir\/","title":{"rendered":"\u0130\u015f ve \u00c7al\u0131\u015fma H\u00fcrriyetinin \u0130hlali (TCK 117) Nedir?"},"content":{"rendered":"<div id=\"ez-toc-container\" class=\"ez-toc-v2_0_85 counter-hierarchy ez-toc-counter ez-toc-grey ez-toc-container-direction\">\n<div class=\"ez-toc-title-container\">\n<p class=\"ez-toc-title\" style=\"cursor:inherit\">\u0417\u0430\u0433\u043e\u043b\u043e\u0432\u043a\u0438<\/p>\n<span class=\"ez-toc-title-toggle\"><a href=\"#\" class=\"ez-toc-pull-right ez-toc-btn ez-toc-btn-xs ez-toc-btn-default ez-toc-toggle\" aria-label=\"Toggle Table of Content\"><span class=\"ez-toc-js-icon-con\"><span class=\"\"><span class=\"eztoc-hide\" style=\"display:none;\">\u041f\u0435\u0440\u0435\u043a\u043b\u044e\u0447\u0430\u0442\u0435\u043b\u044c<\/span><span class=\"ez-toc-icon-toggle-span\"><svg style=\"fill: #999;color:#999\" xmlns=\"http:\/\/www.w3.org\/2000\/svg\" class=\"list-377408\" width=\"20px\" height=\"20px\" viewbox=\"0 0 24 24\" fill=\"none\"><path d=\"M6 6H4v2h2V6zm14 0H8v2h12V6zM4 11h2v2H4v-2zm16 0H8v2h12v-2zM4 16h2v2H4v-2zm16 0H8v2h12v-2z\" fill=\"currentColor\"><\/path><\/svg><svg style=\"fill: #999;color:#999\" class=\"arrow-unsorted-368013\" xmlns=\"http:\/\/www.w3.org\/2000\/svg\" width=\"10px\" height=\"10px\" viewbox=\"0 0 24 24\" version=\"1.2\" baseprofile=\"tiny\"><path d=\"M18.2 9.3l-6.2-6.3-6.2 6.3c-.2.2-.3.4-.3.7s.1.5.3.7c.2.2.4.3.7.3h11c.3 0 .5-.1.7-.3.2-.2.3-.5.3-.7s-.1-.5-.3-.7zM5.8 14.7l6.2 6.3 6.2-6.3c.2-.2.3-.5.3-.7s-.1-.5-.3-.7c-.2-.2-.4-.3-.7-.3h-11c-.3 0-.5.1-.7.3-.2.2-.3.5-.3.7s.1.5.3.7z\"\/><\/svg><\/span><\/span><\/span><\/a><\/span><\/div>\n<nav><ul class='ez-toc-list ez-toc-list-level-1' ><li class='ez-toc-page-1 ez-toc-heading-level-2'><a class=\"ez-toc-link ez-toc-heading-1\" href=\"https:\/\/batinyilmaz.av.tr\/ru\/is-ve-calisma-hurriyetinin-ihlali-tck-117-nedir\/#TCK_117_Kapsaminda_Korunan_Hukuki_Deger\" >TCK 117 Kapsam\u0131nda Korunan Hukuki De\u011fer<\/a><\/li><li class='ez-toc-page-1 ez-toc-heading-level-2'><a class=\"ez-toc-link ez-toc-heading-2\" href=\"https:\/\/batinyilmaz.av.tr\/ru\/is-ve-calisma-hurriyetinin-ihlali-tck-117-nedir\/#TCK_1171_Cebir_Tehdit_veya_Hukuka_Aykiri_Davranisla_Calisma_Ozgurlugunun_Engellenmesi\" >TCK 117\/1: Cebir, Tehdit veya Hukuka Ayk\u0131r\u0131 Davran\u0131\u015fla \u00c7al\u0131\u015fma \u00d6zg\u00fcrl\u00fc\u011f\u00fcn\u00fcn Engellenmesi<\/a><\/li><li class='ez-toc-page-1 ez-toc-heading-level-2'><a class=\"ez-toc-link ez-toc-heading-3\" href=\"https:\/\/batinyilmaz.av.tr\/ru\/is-ve-calisma-hurriyetinin-ihlali-tck-117-nedir\/#Hukuka_aykiri_baska_davranis_ne_demektir\" >Hukuka ayk\u0131r\u0131 ba\u015fka davran\u0131\u015f ne demektir?<\/a><\/li><li class='ez-toc-page-1 ez-toc-heading-level-2'><a class=\"ez-toc-link ez-toc-heading-4\" href=\"https:\/\/batinyilmaz.av.tr\/ru\/is-ve-calisma-hurriyetinin-ihlali-tck-117-nedir\/#Bu_sucun_cezasi_nedir\" >Bu su\u00e7un cezas\u0131 nedir?<\/a><\/li><li class='ez-toc-page-1 ez-toc-heading-level-2'><a class=\"ez-toc-link ez-toc-heading-5\" href=\"https:\/\/batinyilmaz.av.tr\/ru\/is-ve-calisma-hurriyetinin-ihlali-tck-117-nedir\/#Hangi_hallerde_bu_suc_olusabilir\" >Hangi h\u00e2llerde bu su\u00e7 olu\u015fabilir?<\/a><\/li><li class='ez-toc-page-1 ez-toc-heading-level-2'><a class=\"ez-toc-link ez-toc-heading-6\" href=\"https:\/\/batinyilmaz.av.tr\/ru\/is-ve-calisma-hurriyetinin-ihlali-tck-117-nedir\/#Cezasi_nedir\" >Cezas\u0131 nedir?<\/a><\/li><li class='ez-toc-page-1 ez-toc-heading-level-2'><a class=\"ez-toc-link ez-toc-heading-7\" href=\"https:\/\/batinyilmaz.av.tr\/ru\/is-ve-calisma-hurriyetinin-ihlali-tck-117-nedir\/#TCK_1174_Isci_veya_Isvereni_Belirli_Sartlara_Zorlama\" >TCK 117\/4: \u0130\u015f\u00e7i veya \u0130\u015fvereni Belirli \u015eartlara Zorlama<\/a><\/li><li class='ez-toc-page-1 ez-toc-heading-level-2'><a class=\"ez-toc-link ez-toc-heading-8\" href=\"https:\/\/batinyilmaz.av.tr\/ru\/is-ve-calisma-hurriyetinin-ihlali-tck-117-nedir\/#Cezasi_nedir-2\" >Cezas\u0131 nedir?<\/a><\/li><li class='ez-toc-page-1 ez-toc-heading-level-2'><a class=\"ez-toc-link ez-toc-heading-9\" href=\"https:\/\/batinyilmaz.av.tr\/ru\/is-ve-calisma-hurriyetinin-ihlali-tck-117-nedir\/#Is_ve_Calisma_Hurriyetinin_Ihlali_Sucunun_Unsurlari\" >\u0130\u015f ve \u00c7al\u0131\u015fma H\u00fcrriyetinin \u0130hlali Su\u00e7unun Unsurlar\u0131<\/a><\/li><li class='ez-toc-page-1 ez-toc-heading-level-2'><a class=\"ez-toc-link ez-toc-heading-10\" href=\"https:\/\/batinyilmaz.av.tr\/ru\/is-ve-calisma-hurriyetinin-ihlali-tck-117-nedir\/#Sikca_Sorulan_Sorular\" >\u0427\u0430\u0441\u0442\u043e \u0437\u0430\u0434\u0430\u0432\u0430\u0435\u043c\u044b\u0435 \u0432\u043e\u043f\u0440\u043e\u0441\u044b<\/a><\/li><li class='ez-toc-page-1 ez-toc-heading-level-2'><a class=\"ez-toc-link ez-toc-heading-11\" href=\"https:\/\/batinyilmaz.av.tr\/ru\/is-ve-calisma-hurriyetinin-ihlali-tck-117-nedir\/#Son_Degerlendirme\" >Son De\u011ferlendirme<\/a><\/li><\/ul><\/nav><\/div>\n\n<p class=\"wp-block-paragraph\"><strong>\u0130\u015f ve \u00e7al\u0131\u015fma h\u00fcrriyetinin ihlali<\/strong>, bir ki\u015finin serbest\u00e7e \u00e7al\u0131\u015fma, i\u015f yapma, s\u00f6zle\u015fme kurma ya da ekonomik faaliyette bulunma hakk\u0131n\u0131n cebir, tehdit veya hukuka ayk\u0131r\u0131 ba\u015fka bir davran\u0131\u015fla engellenmesidir. Bu su\u00e7, T\u00fcrk Ceza Kanunu\u2019nun 117. maddesinde d\u00fczenlenmi\u015ftir.<\/p>\n\n\n\n<p class=\"wp-block-paragraph\">Kanunun amac\u0131, ki\u015filerin bask\u0131 alt\u0131nda kalmadan \u00e7al\u0131\u015fabilmesini korumakt\u0131r. Burada yaln\u0131zca klasik i\u015f\u00e7i-i\u015fveren ili\u015fkisi de\u011fil; gelir elde etmeye y\u00f6nelik hukuka uygun her t\u00fcrl\u00fc ekonomik faaliyet korunur. K\u0131sacas\u0131 ki\u015fi, bir i\u015fte \u00e7al\u0131\u015fmak, i\u015fini s\u00fcrd\u00fcrmek, s\u00f6zle\u015fme yapmak veya ticari faaliyet y\u00fcr\u00fctmek isterken hukuka ayk\u0131r\u0131 bi\u00e7imde engelleniyorsa bu su\u00e7 g\u00fcndeme gelebilir.<\/p>\n\n\n\n<p class=\"wp-block-paragraph\">Bu su\u00e7un en \u00f6nemli noktas\u0131 \u015fudur: Her i\u015f uyu\u015fmazl\u0131\u011f\u0131, her tart\u0131\u015fma veya her i\u015fyeri sorunu do\u011frudan bu su\u00e7u olu\u015fturmaz. Su\u00e7un olu\u015fmas\u0131 i\u00e7in kanunda say\u0131lan y\u00f6ntemlerden biriyle \u00e7al\u0131\u015fma \u00f6zg\u00fcrl\u00fc\u011f\u00fcn\u00fcn ger\u00e7ekten ihlal edilmi\u015f olmas\u0131 gerekir.<\/p>\n\n\n\n<h2 class=\"wp-block-heading\"><span class=\"ez-toc-section\" id=\"TCK_117_Kapsaminda_Korunan_Hukuki_Deger\"><\/span><strong>TCK 117 Kapsam\u0131nda Korunan Hukuki De\u011fer<\/strong><span class=\"ez-toc-section-end\"><\/span><\/h2>\n\n\n\n<p class=\"wp-block-paragraph\">Bu su\u00e7la korunan temel de\u011fer, ki\u015finin&nbsp;<strong>\u00e7al\u0131\u015fma \u00f6zg\u00fcrl\u00fc\u011f\u00fc<\/strong>&nbsp;\u0438&nbsp;<strong>ekonomik faaliyette bulunma serbestisi<\/strong>dir. Hukuk d\u00fczeni, bireyin kendi eme\u011fiyle gelir elde etmesini ve bunu \u00fc\u00e7\u00fcnc\u00fc ki\u015filerin bask\u0131s\u0131 olmaks\u0131z\u0131n yapabilmesini g\u00fcvence alt\u0131na al\u0131r.<\/p>\n\n\n\n<p class=\"wp-block-paragraph\">\u00c7al\u0131\u015fma \u00f6zg\u00fcrl\u00fc\u011f\u00fc sadece bir i\u015fe girme hakk\u0131 de\u011fildir. Ayn\u0131 zamanda:<\/p>\n\n\n\n<ul class=\"wp-block-list\">\n<li>Bir i\u015fte \u00e7al\u0131\u015fmay\u0131 s\u00fcrd\u00fcrme,<\/li>\n\n\n\n<li>\u0130\u015f kurma,<\/li>\n\n\n\n<li>S\u00f6zle\u015fme yapma,<\/li>\n\n\n\n<li>Ticari veya mesleki faaliyette bulunma,<\/li>\n\n\n\n<li>\u0130\u015f \u015fartlar\u0131n\u0131 serbest iradeyle belirleme<\/li>\n<\/ul>\n\n\n\n<p class=\"wp-block-paragraph\">gibi alanlar\u0131 da kapsar.<\/p>\n\n\n\n<p class=\"wp-block-paragraph\">Bu nedenle bir kimsenin i\u015fyerine gitmesinin engellenmesi, tehdit edilerek \u00e7al\u0131\u015fmaktan vazge\u00e7irilmesi, bask\u0131 kurularak belirli \u015fartlara zorlanmas\u0131 ya da \u00e7aresizli\u011finden yararlan\u0131larak insan onuruna ayk\u0131r\u0131 ko\u015fullarda \u00e7al\u0131\u015ft\u0131r\u0131lmas\u0131 TCK 117 kapsam\u0131nda de\u011ferlendirilebilir.<\/p>\n\n\n\n<h2 class=\"wp-block-heading\"><span class=\"ez-toc-section\" id=\"TCK_1171_Cebir_Tehdit_veya_Hukuka_Aykiri_Davranisla_Calisma_Ozgurlugunun_Engellenmesi\"><\/span><strong>TCK 117\/1: Cebir, Tehdit veya Hukuka Ayk\u0131r\u0131 Davran\u0131\u015fla \u00c7al\u0131\u015fma \u00d6zg\u00fcrl\u00fc\u011f\u00fcn\u00fcn Engellenmesi<\/strong><span class=\"ez-toc-section-end\"><\/span><\/h2>\n\n\n\n<p class=\"wp-block-paragraph\"><strong>Bu f\u0131kra neyi cezaland\u0131r\u0131r?<\/strong><\/p>\n\n\n\n<p class=\"wp-block-paragraph\">TCK 117\u2019nin ilk f\u0131kras\u0131, bir ki\u015finin i\u015f ve \u00e7al\u0131\u015fma h\u00fcrriyetinin:<\/p>\n\n\n\n<ul class=\"wp-block-list\">\n<li><strong>cebir<\/strong>,<\/li>\n\n\n\n<li><strong>tehdit<\/strong>,<\/li>\n\n\n\n<li>\u0438\u043b\u0438\u00a0<strong>hukuka ayk\u0131r\u0131 ba\u015fka bir davran\u0131\u015fla<\/strong><\/li>\n<\/ul>\n\n\n\n<p class=\"wp-block-paragraph\">ihlal edilmesini su\u00e7 sayar.<\/p>\n\n\n\n<p class=\"wp-block-paragraph\">Buradaki \u201ccebir\u201d, fiziksel zor kullanmay\u0131 ifade eder. \u201cTehdit\u201d ise ki\u015finin kendisine veya yak\u0131nlar\u0131na zarar verilece\u011fi korkusuyla iradesinin bask\u0131 alt\u0131na al\u0131nmas\u0131d\u0131r. \u201cHukuka ayk\u0131r\u0131 ba\u015fka bir davran\u0131\u015f\u201d ise mutlaka ayr\u0131ca su\u00e7 olmasa bile hukuka ayk\u0131r\u0131 olan her t\u00fcrl\u00fc fiili kapsayabilir.<\/p>\n\n\n\n<h2 class=\"wp-block-heading\"><span class=\"ez-toc-section\" id=\"Hukuka_aykiri_baska_davranis_ne_demektir\"><\/span><strong>Hukuka ayk\u0131r\u0131 ba\u015fka davran\u0131\u015f ne demektir?<\/strong><span class=\"ez-toc-section-end\"><\/span><\/h2>\n\n\n\n<p class=\"wp-block-paragraph\">Bu ifade \u00e7ok \u00f6nemlidir. \u00c7\u00fcnk\u00fc kanun sadece dayak, zor kullanma veya a\u00e7\u0131k tehdit h\u00e2llerini de\u011fil; \u00e7al\u0131\u015fma \u00f6zg\u00fcrl\u00fc\u011f\u00fcn\u00fc ihlal eden ba\u015fka hukuka ayk\u0131r\u0131 eylemleri de kapsar.<\/p>\n\n\n\n<p class=\"wp-block-paragraph\">\u041d\u0430\u043f\u0440\u0438\u043c\u0435\u0440:<\/p>\n\n\n\n<ul class=\"wp-block-list\">\n<li>Bir ki\u015finin i\u015fyerine fiilen giri\u015fini engellemek,<\/li>\n\n\n\n<li>Hukuki dayanak olmaks\u0131z\u0131n \u00e7al\u0131\u015fma alan\u0131n\u0131 kapatmak,<\/li>\n\n\n\n<li>\u0130\u015fin s\u00fcrmesini engelleyecek yasaklay\u0131c\u0131 veya bask\u0131c\u0131 m\u00fcdahalelerde bulunmak,<\/li>\n\n\n\n<li>\u00c7al\u0131\u015fan\u0131 korkutmak veya y\u0131ld\u0131rmak amac\u0131yla hukuka ayk\u0131r\u0131 davran\u0131\u015f sergilemek<\/li>\n<\/ul>\n\n\n\n<p class=\"wp-block-paragraph\">somut olay\u0131n \u00f6zelliklerine g\u00f6re bu kapsamda de\u011ferlendirilebilir.<\/p>\n\n\n\n<h2 class=\"wp-block-heading\"><span class=\"ez-toc-section\" id=\"Bu_sucun_cezasi_nedir\"><\/span><strong>Bu su\u00e7un cezas\u0131 nedir?<\/strong><span class=\"ez-toc-section-end\"><\/span><\/h2>\n\n\n\n<p class=\"wp-block-paragraph\">TCK 117\/1\u2019e g\u00f6re ceza:<\/p>\n\n\n\n<ul class=\"wp-block-list\">\n<li><strong>6 aydan 2 y\u0131la kadar hapis<\/strong>\u00a0\u0438\u043b\u0438<\/li>\n\n\n\n<li><strong>adli para cezas\u0131d\u0131r.<\/strong><\/li>\n<\/ul>\n\n\n\n<p class=\"wp-block-paragraph\">Ayr\u0131ca bu f\u0131kradaki su\u00e7, kanun gere\u011fi&nbsp;<strong>\u015fik\u00e2yete ba\u011fl\u0131d\u0131r<\/strong>. Yani ma\u011fdurun \u015fik\u00e2yeti olmazsa \u00e7o\u011fu durumda soru\u015fturma y\u00fcr\u00fct\u00fclmez.<\/p>\n\n\n\n<p class=\"wp-block-paragraph\"><strong>TCK 117\/2: \u00c7aresizlikten Yararlanarak \u00dccretsiz veya \u00c7ok D\u00fc\u015f\u00fck \u00dccretle \u00c7al\u0131\u015ft\u0131rma<\/strong><\/p>\n\n\n\n<p class=\"wp-block-paragraph\"><strong>Bu f\u0131kran\u0131n konusu nedir?<\/strong><\/p>\n\n\n\n<p class=\"wp-block-paragraph\">Kanunun ikinci f\u0131kras\u0131, daha a\u011f\u0131r ve s\u00f6m\u00fcr\u00fc niteli\u011fi ta\u015f\u0131yan durumlar\u0131 cezaland\u0131r\u0131r. Burada fail;<\/p>\n\n\n\n<ul class=\"wp-block-list\">\n<li>ma\u011fdurun\u00a0<strong>\u00e7aresizli\u011fini<\/strong>,<\/li>\n\n\n\n<li><strong>kimsesizli\u011fini<\/strong>,<\/li>\n\n\n\n<li>\u0438\u043b\u0438\u00a0<strong>ba\u011fl\u0131l\u0131\u011f\u0131n\u0131<\/strong><\/li>\n<\/ul>\n\n\n\n<p class=\"wp-block-paragraph\">s\u00f6m\u00fcrerek onu \u00fccretsiz ya da yapt\u0131\u011f\u0131 i\u015fe g\u00f6re a\u00e7\u0131k\u00e7a orant\u0131s\u0131z derecede d\u00fc\u015f\u00fck \u00fccretle \u00e7al\u0131\u015ft\u0131r\u0131rsa su\u00e7 olu\u015fabilir.<\/p>\n\n\n\n<p class=\"wp-block-paragraph\">Ayn\u0131 \u015fekilde ma\u011fduru&nbsp;<strong>insan onuru ile ba\u011fda\u015fmayacak \u00e7al\u0131\u015fma ve konaklama ko\u015fullar\u0131na<\/strong>&nbsp;maruz b\u0131rakmak da bu f\u0131kra kapsam\u0131ndad\u0131r.<\/p>\n\n\n\n<h2 class=\"wp-block-heading\"><span class=\"ez-toc-section\" id=\"Hangi_hallerde_bu_suc_olusabilir\"><\/span><strong>Hangi h\u00e2llerde bu su\u00e7 olu\u015fabilir?<\/strong><span class=\"ez-toc-section-end\"><\/span><\/h2>\n\n\n\n<p class=\"wp-block-paragraph\">Bu f\u0131kran\u0131n uygulanabilmesi i\u00e7in s\u0131radan bir \u00fccret uyu\u015fmazl\u0131\u011f\u0131 yeterli de\u011fildir. Aranan \u015fey, ki\u015finin korunmas\u0131z durumundan yararlan\u0131lmas\u0131d\u0131r.<\/p>\n\n\n\n<p class=\"wp-block-paragraph\">\u00d6rnek olarak:<\/p>\n\n\n\n<ul class=\"wp-block-list\">\n<li>Bar\u0131nacak yeri olmayan bir ki\u015fiyi \u00e7ok d\u00fc\u015f\u00fck \u00fccretle uzun saatler \u00e7al\u0131\u015ft\u0131rmak,<\/li>\n\n\n\n<li>Kimsesiz veya ba\u011f\u0131ml\u0131 durumdaki ki\u015fiyi \u00fccretsiz \u00e7al\u0131\u015ft\u0131rmak,<\/li>\n\n\n\n<li>\u00c7al\u0131\u015fan\u0131 sa\u011fl\u0131ks\u0131z, a\u015fa\u011f\u0131lay\u0131c\u0131, insan onuruna ayk\u0131r\u0131 ko\u015fullarda bar\u0131nd\u0131rmak,<\/li>\n\n\n\n<li>\u0130\u015f\u00e7inin muhta\u00e7l\u0131\u011f\u0131n\u0131 kullanarak fiilen s\u00f6m\u00fcr\u00fc d\u00fczeni kurmak<\/li>\n<\/ul>\n\n\n\n<p class=\"wp-block-paragraph\">bu kapsama girebilir.<\/p>\n\n\n\n<h2 class=\"wp-block-heading\"><span class=\"ez-toc-section\" id=\"Cezasi_nedir\"><\/span><strong>Cezas\u0131 nedir?<\/strong><span class=\"ez-toc-section-end\"><\/span><\/h2>\n\n\n\n<p class=\"wp-block-paragraph\">TCK 117\/2\u2019ye g\u00f6re ceza:<\/p>\n\n\n\n<ul class=\"wp-block-list\">\n<li><strong>6 aydan 3 y\u0131la kadar hapis<\/strong>\u00a0\u0438\u043b\u0438<\/li>\n\n\n\n<li><strong>100 g\u00fcnden az olmamak \u00fczere adli para cezas\u0131d\u0131r.<\/strong><\/li>\n<\/ul>\n\n\n\n<p class=\"wp-block-paragraph\">Bu d\u00fczenleme, \u00f6zellikle zor durumda bulunan ki\u015filerin emek s\u00f6m\u00fcr\u00fcs\u00fcne kar\u015f\u0131 korunmas\u0131n\u0131 ama\u00e7lar.<\/p>\n\n\n\n<p class=\"wp-block-paragraph\"><strong>TCK 117\/3: Bu Duruma D\u00fc\u015f\u00fcrmek \u00dczere Ki\u015fi Temin Etme, Sevk Etme veya Nakletme<\/strong><\/p>\n\n\n\n<p class=\"wp-block-paragraph\"><strong>Bu f\u0131kra neden \u00f6nemlidir?<\/strong><\/p>\n\n\n\n<p class=\"wp-block-paragraph\">\u00dc\u00e7\u00fcnc\u00fc f\u0131kra, do\u011frudan s\u00f6m\u00fcr\u00fc fiilini yapan ki\u015fiyi de\u011fil; ki\u015fileri bu s\u00f6m\u00fcr\u00fc d\u00fczenine dahil edenleri de cezaland\u0131r\u0131r. Yani bir kimseyi TCK 117\/2\u2019de belirtilen ko\u015fullara d\u00fc\u015f\u00fcrmek amac\u0131yla:<\/p>\n\n\n\n<ul class=\"wp-block-list\">\n<li>tedarik eden,<\/li>\n\n\n\n<li>sevk eden,<\/li>\n\n\n\n<li>bir yerden ba\u015fka bir yere nakleden<\/li>\n<\/ul>\n\n\n\n<p class=\"wp-block-paragraph\">ki\u015filer de ayn\u0131 ceza ile kar\u015f\u0131la\u015fabilir.<\/p>\n\n\n\n<p class=\"wp-block-paragraph\"><strong>Hangi durumlar bu kapsama girer?<\/strong><\/p>\n\n\n\n<p class=\"wp-block-paragraph\">\u041d\u0430\u043f\u0440\u0438\u043c\u0435\u0440:<\/p>\n\n\n\n<ul class=\"wp-block-list\">\n<li>Bir ki\u015fiyi \u00e7ok d\u00fc\u015f\u00fck \u00fccretli ve insanl\u0131k d\u0131\u015f\u0131 ko\u015fullarda \u00e7al\u0131\u015ft\u0131r\u0131laca\u011f\u0131n\u0131 bilerek ba\u015fka yere g\u00f6t\u00fcrmek,<\/li>\n\n\n\n<li>Muhta\u00e7 durumda olan ki\u015fileri i\u015f vaadiyle ta\u015f\u0131y\u0131p s\u00f6m\u00fcr\u00fc d\u00fczenine sokmak,<\/li>\n\n\n\n<li>\u00c7al\u0131\u015fanlar\u0131 korunmas\u0131z h\u00e2le getirip s\u00f6m\u00fcr\u00fc amac\u0131yla y\u00f6nlendirmek<\/li>\n<\/ul>\n\n\n\n<p class=\"wp-block-paragraph\">gibi fiiller bu kapsamda de\u011ferlendirilebilir.<\/p>\n\n\n\n<p class=\"wp-block-paragraph\">Bu f\u0131kra, yaln\u0131zca i\u015fvereni de\u011fil; s\u00f6m\u00fcr\u00fc zincirinin kurulmas\u0131na katk\u0131 sunan arac\u0131lar\u0131 da hedef al\u0131r.<\/p>\n\n\n\n<h2 class=\"wp-block-heading\"><span class=\"ez-toc-section\" id=\"TCK_1174_Isci_veya_Isvereni_Belirli_Sartlara_Zorlama\"><\/span><strong>TCK 117\/4: \u0130\u015f\u00e7i veya \u0130\u015fvereni Belirli \u015eartlara Zorlama<\/strong><span class=\"ez-toc-section-end\"><\/span><\/h2>\n\n\n\n<p class=\"wp-block-paragraph\"><strong>Bu f\u0131kra neyi d\u00fczenler?<\/strong><\/p>\n\n\n\n<p class=\"wp-block-paragraph\">D\u00f6rd\u00fcnc\u00fc f\u0131kra, i\u015f ili\u015fkilerinde taraflar\u0131n cebir veya tehditle belli ekonomik \u015fartlara zorlanmas\u0131n\u0131 cezaland\u0131r\u0131r. Buna g\u00f6re fail;<\/p>\n\n\n\n<ul class=\"wp-block-list\">\n<li>i\u015f\u00e7iyi veya i\u015fvereni \u00fccretlerin art\u0131r\u0131lmas\u0131 ya da azalt\u0131lmas\u0131na zorlar,<\/li>\n\n\n\n<li>\u00f6nceden kabul edilenden farkl\u0131 \u015fartlarla anla\u015fma yapmaya mecbur b\u0131rak\u0131r,<\/li>\n\n\n\n<li>bir i\u015fin durmas\u0131na, sona ermesine veya durman\u0131n devam\u0131na neden olursa<\/li>\n<\/ul>\n\n\n\n<p class=\"wp-block-paragraph\">bu su\u00e7 olu\u015fabilir.<\/p>\n\n\n\n<p class=\"wp-block-paragraph\"><strong>Kimler ma\u011fdur olabilir?<\/strong><\/p>\n\n\n\n<p class=\"wp-block-paragraph\">Burada yaln\u0131zca i\u015f\u00e7i de\u011fil,&nbsp;<strong>i\u015fveren de ma\u011fdur olabilir<\/strong>. Yani kanun her iki taraf\u0131n da serbest iradesini korumaktad\u0131r. Taraflardan birine cebir veya tehdit uygulanarak \u00fccret, \u00e7al\u0131\u015fma \u015fart\u0131 veya i\u015fin devam\u0131 konusunda bask\u0131 kurulmas\u0131 ceza hukuku bak\u0131m\u0131ndan sonu\u00e7 do\u011furabilir.<\/p>\n\n\n\n<h2 class=\"wp-block-heading\"><span class=\"ez-toc-section\" id=\"Cezasi_nedir-2\"><\/span><strong>Cezas\u0131 nedir?<\/strong><span class=\"ez-toc-section-end\"><\/span><\/h2>\n\n\n\n<p class=\"wp-block-paragraph\">TCK 117\/4\u2019e g\u00f6re ceza:<\/p>\n\n\n\n<ul class=\"wp-block-list\">\n<li><strong>6 aydan 3 y\u0131la kadar hapis cezas\u0131d\u0131r.<\/strong><\/li>\n<\/ul>\n\n\n\n<p class=\"wp-block-paragraph\">Bu f\u0131krada dikkat edilmesi gereken nokta, bask\u0131n\u0131n&nbsp;<strong>cebir veya tehdit<\/strong>&nbsp;yoluyla yap\u0131lmas\u0131d\u0131r. Her sert pazarl\u0131k veya her uyu\u015fmazl\u0131k su\u00e7 say\u0131lmaz; iradeyi hukuka ayk\u0131r\u0131 bi\u00e7imde bask\u0131 alt\u0131na alan a\u011f\u0131r bir m\u00fcdahale aran\u0131r.<\/p>\n\n\n\n<h2 class=\"wp-block-heading\"><span class=\"ez-toc-section\" id=\"Is_ve_Calisma_Hurriyetinin_Ihlali_Sucunun_Unsurlari\"><\/span><strong>\u0130\u015f ve \u00c7al\u0131\u015fma H\u00fcrriyetinin \u0130hlali Su\u00e7unun Unsurlar\u0131<\/strong><span class=\"ez-toc-section-end\"><\/span><\/h2>\n\n\n\n<p class=\"wp-block-paragraph\"><strong>Maddi unsur<\/strong><\/p>\n\n\n\n<p class=\"wp-block-paragraph\">Bu su\u00e7un olu\u015fmas\u0131 i\u00e7in kanunda belirtilen hareketlerden biri bulunmal\u0131d\u0131r. Bunlar olay\u0131n f\u0131kras\u0131na g\u00f6re de\u011fi\u015fir:<\/p>\n\n\n\n<ul class=\"wp-block-list\">\n<li>cebir,<\/li>\n\n\n\n<li>\u0443\u0433\u0440\u043e\u0437\u044b,<\/li>\n\n\n\n<li>hukuka ayk\u0131r\u0131 ba\u015fka davran\u0131\u015f,<\/li>\n\n\n\n<li>s\u00f6m\u00fcr\u00fc suretiyle \u00e7al\u0131\u015ft\u0131rma,<\/li>\n\n\n\n<li>tedarik, sevk veya nakil,<\/li>\n\n\n\n<li>\u00fccret ve \u00e7al\u0131\u015fma ko\u015fullar\u0131na zorlay\u0131c\u0131 m\u00fcdahale.<\/li>\n<\/ul>\n\n\n\n<p class=\"wp-block-paragraph\">Ayr\u0131ca sadece hareket yetmez; \u00e7al\u0131\u015fma \u00f6zg\u00fcrl\u00fc\u011f\u00fcn\u00fcn ger\u00e7ekten ihlal edilmi\u015f olmas\u0131 gerekir. Yarg\u0131tay uygulamas\u0131nda bu su\u00e7, \u00e7o\u011fu durumda bir&nbsp;<strong>zarar su\u00e7u<\/strong>&nbsp;olarak de\u011ferlendirilir. Yani fiilin, ma\u011fdurun \u00e7al\u0131\u015fma alan\u0131na etkili \u015fekilde yans\u0131mas\u0131 aran\u0131r.<\/p>\n\n\n\n<p class=\"wp-block-paragraph\"><strong>Manevi unsur<\/strong><\/p>\n\n\n\n<p class=\"wp-block-paragraph\">Genel olarak failin kastla hareket etmesi gerekir. Ba\u015fka bir ifadeyle ki\u015fi, yapt\u0131\u011f\u0131 davran\u0131\u015f\u0131n \u00e7al\u0131\u015fma \u00f6zg\u00fcrl\u00fc\u011f\u00fcn\u00fc ihlal etti\u011fini bilerek ve isteyerek hareket etmelidir.<\/p>\n\n\n\n<p class=\"wp-block-paragraph\">S\u0131rf i\u015fyerinde kavga \u00e7\u0131km\u0131\u015f olmas\u0131 veya ba\u015fka bir nedenle faaliyetin dolayl\u0131 bi\u00e7imde aksam\u0131\u015f olmas\u0131 tek ba\u015f\u0131na yeterli olmayabilir. Fiilin i\u015f ve \u00e7al\u0131\u015fma h\u00fcrriyetini ihlal etmeye y\u00f6nelmi\u015f olmas\u0131 \u00f6nem ta\u015f\u0131r.<\/p>\n\n\n\n<p class=\"wp-block-paragraph\"><strong>Hangi Durumlar Her Zaman Bu Su\u00e7u Olu\u015fturmaz?<\/strong><\/p>\n\n\n\n<p class=\"wp-block-paragraph\"><strong>Her i\u015f uyu\u015fmazl\u0131\u011f\u0131 ceza davas\u0131 konusu olmaz<\/strong><\/p>\n\n\n\n<p class=\"wp-block-paragraph\">Uygulamada s\u0131k kar\u0131\u015ft\u0131r\u0131lan noktalardan biri budur. \u015eu durumlar her zaman do\u011frudan TCK 117 kapsam\u0131na girmez:<\/p>\n\n\n\n<ul class=\"wp-block-list\">\n<li>S\u0131radan i\u015f\u00e7i-i\u015fveren anla\u015fmazl\u0131\u011f\u0131,<\/li>\n\n\n\n<li>Alacak, \u00fccret, fazla mesai veya izin tart\u0131\u015fmalar\u0131,<\/li>\n\n\n\n<li>S\u00f6zle\u015fmenin yorumuna ili\u015fkin uyu\u015fmazl\u0131klar,<\/li>\n\n\n\n<li>Salt i\u015f hukuku ihlalleri,<\/li>\n\n\n\n<li>\u00c7al\u0131\u015fman\u0131n dolayl\u0131 bi\u00e7imde aksamas\u0131.<\/li>\n<\/ul>\n\n\n\n<p class=\"wp-block-paragraph\">B\u00f6yle h\u00e2llerde \u00e7o\u011fu zaman \u00f6nce i\u015f hukuku, tazminat veya idari yapt\u0131r\u0131m h\u00fck\u00fcmleri g\u00fcndeme gelir. Ceza sorumlulu\u011fu i\u00e7in ayr\u0131ca cebir, tehdit, hukuka ayk\u0131r\u0131 engelleme veya s\u00f6m\u00fcr\u00fc niteli\u011finde bir durum bulunmal\u0131d\u0131r.<\/p>\n\n\n\n<p class=\"wp-block-paragraph\"><strong>Ba\u015fka su\u00e7larla birlikte ortaya \u00e7\u0131kabilir<\/strong><\/p>\n\n\n\n<p class=\"wp-block-paragraph\">Olay\u0131n niteli\u011fine g\u00f6re:<\/p>\n\n\n\n<ul class=\"wp-block-list\">\n<li>\u0443\u0433\u0440\u043e\u0437\u044b,<\/li>\n\n\n\n<li>kasten yaralama,<\/li>\n\n\n\n<li>ki\u015fiyi h\u00fcrriyetinden yoksun k\u0131lma,<\/li>\n\n\n\n<li>sendikal haklar\u0131n kullan\u0131lmas\u0131n\u0131n engellenmesi,<\/li>\n\n\n\n<li>nefret ve ayr\u0131mc\u0131l\u0131k<\/li>\n<\/ul>\n\n\n\n<p class=\"wp-block-paragraph\">gibi ba\u015fka su\u00e7lar da ayr\u0131ca g\u00fcndeme gelebilir.<\/p>\n\n\n\n<p class=\"wp-block-paragraph\"><strong>Nitelikli H\u00e2l ve Ceza Art\u0131r\u0131m\u0131<\/strong><\/p>\n\n\n\n<p class=\"wp-block-paragraph\">TCK 119 uyar\u0131nca, i\u015f ve \u00e7al\u0131\u015fma h\u00fcrriyetinin ihlali su\u00e7unun;<\/p>\n\n\n\n<ul class=\"wp-block-list\">\n<li>silahla,<\/li>\n\n\n\n<li>birden fazla ki\u015fi taraf\u0131ndan birlikte,<\/li>\n\n\n\n<li>su\u00e7 \u00f6rg\u00fct\u00fcn\u00fcn korkutucu g\u00fcc\u00fcnden yararlan\u0131larak,<\/li>\n\n\n\n<li>kamu g\u00f6revinin sa\u011flad\u0131\u011f\u0131 n\u00fcfuz k\u00f6t\u00fcye kullan\u0131larak<\/li>\n<\/ul>\n\n\n\n<p class=\"wp-block-paragraph\">i\u015flenmesi h\u00e2linde ceza art\u0131r\u0131labilir.<\/p>\n\n\n\n<p class=\"wp-block-paragraph\">Bu nedenle somut olay de\u011ferlendirilirken yaln\u0131zca TCK 117 de\u011fil, ba\u011flant\u0131l\u0131 maddeler de incelenmelidir.<\/p>\n\n\n\n<h2 class=\"wp-block-heading\"><span class=\"ez-toc-section\" id=\"Sikca_Sorulan_Sorular\"><\/span><strong>\u0427\u0430\u0441\u0442\u043e \u0437\u0430\u0434\u0430\u0432\u0430\u0435\u043c\u044b\u0435 \u0432\u043e\u043f\u0440\u043e\u0441\u044b<\/strong><span class=\"ez-toc-section-end\"><\/span><\/h2>\n\n\n\n<p class=\"wp-block-paragraph\"><strong>1)\u0130\u015f ve \u00e7al\u0131\u015fma h\u00fcrriyetinin ihlali nedir?<\/strong><\/p>\n\n\n\n<p class=\"wp-block-paragraph\">Bir ki\u015finin serbest\u00e7e \u00e7al\u0131\u015fma veya i\u015f yapma \u00f6zg\u00fcrl\u00fc\u011f\u00fcn\u00fcn cebir, tehdit ya da hukuka ayk\u0131r\u0131 ba\u015fka bir davran\u0131\u015fla engellenmesidir.<\/p>\n\n\n\n<p class=\"wp-block-paragraph\"><strong>2) TCK 117 hangi fiilleri kapsar?<\/strong><\/p>\n\n\n\n<p class=\"wp-block-paragraph\">Tehdit ederek \u00e7al\u0131\u015fmas\u0131n\u0131 engelleme, hukuka ayk\u0131r\u0131 bi\u00e7imde i\u015fini durdurma, \u00e7aresiz ki\u015fileri \u00fccretsiz veya \u00e7ok d\u00fc\u015f\u00fck \u00fccretle \u00e7al\u0131\u015ft\u0131rma ve i\u015f\u00e7i ya da i\u015fvereni zorla belirli \u015fartlara mecbur b\u0131rakma gibi fiilleri kapsar.<\/p>\n\n\n\n<p class=\"wp-block-paragraph\"><strong>3)Bu su\u00e7 \u015fik\u00e2yete ba\u011fl\u0131 m\u0131?<\/strong><\/p>\n\n\n\n<p class=\"wp-block-paragraph\">TCK 117\/1 bak\u0131m\u0131ndan evet, kanun a\u00e7\u0131k\u00e7a ma\u011fdurun \u015fik\u00e2yetini arar. Di\u011fer f\u0131kralarda olay\u0131n \u00f6zelliklerine g\u00f6re de\u011ferlendirme yap\u0131lmal\u0131d\u0131r.<\/p>\n\n\n\n<p class=\"wp-block-paragraph\"><strong>4) \u0130\u015f\u00e7iyi d\u00fc\u015f\u00fck \u00fccretle \u00e7al\u0131\u015ft\u0131rmak her zaman su\u00e7 mudur?<\/strong><\/p>\n\n\n\n<p class=\"wp-block-paragraph\">Hay\u0131r. Her d\u00fc\u015f\u00fck \u00fccret uyu\u015fmazl\u0131\u011f\u0131 do\u011frudan su\u00e7 olu\u015fturmaz. Su\u00e7 i\u00e7in ki\u015finin \u00e7aresizli\u011finin, kimsesizli\u011finin veya ba\u011fl\u0131l\u0131\u011f\u0131n\u0131n s\u00f6m\u00fcr\u00fclmesi ve a\u00e7\u0131k orant\u0131s\u0131zl\u0131k gibi a\u011f\u0131r unsurlar gerekir.<\/p>\n\n\n\n<p class=\"wp-block-paragraph\"><strong>5) \u0130\u015fveren de ma\u011fdur olabilir mi?<\/strong><\/p>\n\n\n\n<p class=\"wp-block-paragraph\">Evet. TCK 117\/4 kapsam\u0131nda i\u015fveren de cebir veya tehditle belirli \u00fccret veya s\u00f6zle\u015fme \u015fartlar\u0131na zorlan\u0131rsa ma\u011fdur olabilir.<\/p>\n\n\n\n<p class=\"wp-block-paragraph\"><strong>6) Hangi mahkeme bakar?<\/strong><\/p>\n\n\n\n<p class=\"wp-block-paragraph\">Somut olaya ve isnada g\u00f6re g\u00f6revli ceza mahkemesi de\u011fi\u015febilir. Uygulamada \u00e7o\u011fu dosya asliye ceza mahkemesinde g\u00f6r\u00fcl\u00fcr.<\/p>\n\n\n\n<p class=\"wp-block-paragraph\"><strong>7) Ba\u015fka su\u00e7larla birlikte i\u015flenebilir mi?<\/strong><\/p>\n\n\n\n<p class=\"wp-block-paragraph\">Evet. Tehdit, kasten yaralama, ki\u015fiyi h\u00fcrriyetinden yoksun k\u0131lma veya sendikal haklar\u0131n engellenmesi gibi ba\u015fka su\u00e7larla birlikte g\u00fcndeme gelebilir.<\/p>\n\n\n\n<h2 class=\"wp-block-heading\"><span class=\"ez-toc-section\" id=\"Son_Degerlendirme\"><\/span><strong>Son De\u011ferlendirme<\/strong><span class=\"ez-toc-section-end\"><\/span><\/h2>\n\n\n\n<p class=\"wp-block-paragraph\"><strong>\u0130\u015f ve \u00e7al\u0131\u015fma h\u00fcrriyetinin ihlali<\/strong>, \u00e7al\u0131\u015fma ya\u015fam\u0131n\u0131 do\u011frudan ilgilendiren \u00f6nemli bir ceza hukuku d\u00fczenlemesidir. Bu su\u00e7 ile hem \u00e7al\u0131\u015fanlar\u0131n hem i\u015fverenlerin serbest iradesi korunur. \u00d6zellikle tehdit, cebir, hukuka ayk\u0131r\u0131 engelleme, emek s\u00f6m\u00fcr\u00fcs\u00fc ve insan onuruna ayk\u0131r\u0131 \u00e7al\u0131\u015fma ko\u015fullar\u0131 bak\u0131m\u0131ndan TCK 117 b\u00fcy\u00fck \u00f6nem ta\u015f\u0131r.<\/p>\n\n\n\n<p class=\"wp-block-paragraph\">Ancak her i\u015f uyu\u015fmazl\u0131\u011f\u0131 bu su\u00e7 anlam\u0131na gelmez. Ceza sorumlulu\u011fu i\u00e7in olay\u0131n ko\u015fullar\u0131, uygulanan bask\u0131 y\u00f6ntemi, ma\u011fdurun durumu ve deliller birlikte de\u011ferlendirilmelidir. Bu nedenle somut olaylarda hem ceza hukuku hem i\u015f hukuku a\u00e7\u0131s\u0131ndan uzman de\u011ferlendirmesi al\u0131nmas\u0131 \u00f6nemlidir.<\/p>\n\n\n\n<p class=\"wp-block-paragraph\">Daha fazla bilgi i\u00e7in <strong>0532 669 34 90<\/strong> \u0438\u00a0<a href=\"https:\/\/batinyilmaz.av.tr\/ru\/iletisim\/\"> https:\/\/batinyilmaz.av.tr\/iletisim\/ <\/a> adreslerimizden bizimle ileti\u015fime ge\u00e7ebilirsiniz.<\/p>\n\n\n\n<p class=\"wp-block-paragraph\"><strong>\u0410\u0434\u0432. \u0411\u0430\u0442\u0438\u043d \u0419\u042b\u041b\u041c\u0410\u0417 <\/strong><\/p>\n\n\n\n<p class=\"wp-block-paragraph\"><\/p>","protected":false},"excerpt":{"rendered":"<p>\u0130\u015f ve \u00e7al\u0131\u015fma h\u00fcrriyetinin ihlali, bir ki\u015finin serbest\u00e7e \u00e7al\u0131\u015fma, i\u015f yapma, s\u00f6zle\u015fme kurma ya da ekonomik faaliyette bulunma hakk\u0131n\u0131n cebir, tehdit veya hukuka ayk\u0131r\u0131 ba\u015fka bir davran\u0131\u015fla engellenmesidir. Bu su\u00e7, T\u00fcrk Ceza Kanunu\u2019nun 117. maddesinde d\u00fczenlenmi\u015ftir. Kanunun amac\u0131, ki\u015filerin bask\u0131 alt\u0131nda kalmadan \u00e7al\u0131\u015fabilmesini korumakt\u0131r. Burada yaln\u0131zca klasik i\u015f\u00e7i-i\u015fveren ili\u015fkisi de\u011fil; gelir elde etmeye y\u00f6nelik hukuka [&hellip;]<\/p>\n","protected":false},"author":2,"featured_media":2770,"comment_status":"open","ping_status":"open","sticky":false,"template":"","format":"standard","meta":{"_joinchat":[],"footnotes":""},"categories":[61],"tags":[412,413],"class_list":["post-2766","post","type-post","status-publish","format-standard","has-post-thumbnail","hentry","category-ceza-hukuku","tag-is-ve-calisma-hurriyetinin-ihlali-nedir","tag-tck-117"],"_links":{"self":[{"href":"https:\/\/batinyilmaz.av.tr\/ru\/wp-json\/wp\/v2\/posts\/2766","targetHints":{"allow":["GET"]}}],"collection":[{"href":"https:\/\/batinyilmaz.av.tr\/ru\/wp-json\/wp\/v2\/posts"}],"about":[{"href":"https:\/\/batinyilmaz.av.tr\/ru\/wp-json\/wp\/v2\/types\/post"}],"author":[{"embeddable":true,"href":"https:\/\/batinyilmaz.av.tr\/ru\/wp-json\/wp\/v2\/users\/2"}],"replies":[{"embeddable":true,"href":"https:\/\/batinyilmaz.av.tr\/ru\/wp-json\/wp\/v2\/comments?post=2766"}],"version-history":[{"count":2,"href":"https:\/\/batinyilmaz.av.tr\/ru\/wp-json\/wp\/v2\/posts\/2766\/revisions"}],"predecessor-version":[{"id":2771,"href":"https:\/\/batinyilmaz.av.tr\/ru\/wp-json\/wp\/v2\/posts\/2766\/revisions\/2771"}],"wp:featuredmedia":[{"embeddable":true,"href":"https:\/\/batinyilmaz.av.tr\/ru\/wp-json\/wp\/v2\/media\/2770"}],"wp:attachment":[{"href":"https:\/\/batinyilmaz.av.tr\/ru\/wp-json\/wp\/v2\/media?parent=2766"}],"wp:term":[{"taxonomy":"category","embeddable":true,"href":"https:\/\/batinyilmaz.av.tr\/ru\/wp-json\/wp\/v2\/categories?post=2766"},{"taxonomy":"post_tag","embeddable":true,"href":"https:\/\/batinyilmaz.av.tr\/ru\/wp-json\/wp\/v2\/tags?post=2766"}],"curies":[{"name":"wp","href":"https:\/\/api.w.org\/{rel}","templated":true}]}}