{"id":2746,"date":"2026-03-02T14:44:16","date_gmt":"2026-03-02T11:44:16","guid":{"rendered":"https:\/\/batinyilmaz.av.tr\/?p=2746"},"modified":"2026-03-02T15:03:46","modified_gmt":"2026-03-02T12:03:46","slug":"egitim-ve-ogretim-hakkinin-engellenmesi-tck-112-nedir","status":"publish","type":"post","link":"https:\/\/batinyilmaz.av.tr\/ru\/egitim-ve-ogretim-hakkinin-engellenmesi-tck-112-nedir\/","title":{"rendered":"E\u011fitim ve \u00d6\u011fretim Hakk\u0131n\u0131n Engellenmesi (TCK 112) Nedir?"},"content":{"rendered":"<div id=\"ez-toc-container\" class=\"ez-toc-v2_0_85 counter-hierarchy ez-toc-counter ez-toc-grey ez-toc-container-direction\">\n<div class=\"ez-toc-title-container\">\n<p class=\"ez-toc-title\" style=\"cursor:inherit\">\u0417\u0430\u0433\u043e\u043b\u043e\u0432\u043a\u0438<\/p>\n<span class=\"ez-toc-title-toggle\"><a href=\"#\" class=\"ez-toc-pull-right ez-toc-btn ez-toc-btn-xs ez-toc-btn-default ez-toc-toggle\" aria-label=\"Toggle Table of Content\"><span class=\"ez-toc-js-icon-con\"><span class=\"\"><span class=\"eztoc-hide\" style=\"display:none;\">\u041f\u0435\u0440\u0435\u043a\u043b\u044e\u0447\u0430\u0442\u0435\u043b\u044c<\/span><span class=\"ez-toc-icon-toggle-span\"><svg style=\"fill: #999;color:#999\" xmlns=\"http:\/\/www.w3.org\/2000\/svg\" class=\"list-377408\" width=\"20px\" height=\"20px\" viewbox=\"0 0 24 24\" fill=\"none\"><path d=\"M6 6H4v2h2V6zm14 0H8v2h12V6zM4 11h2v2H4v-2zm16 0H8v2h12v-2zM4 16h2v2H4v-2zm16 0H8v2h12v-2z\" fill=\"currentColor\"><\/path><\/svg><svg style=\"fill: #999;color:#999\" class=\"arrow-unsorted-368013\" xmlns=\"http:\/\/www.w3.org\/2000\/svg\" width=\"10px\" height=\"10px\" viewbox=\"0 0 24 24\" version=\"1.2\" baseprofile=\"tiny\"><path d=\"M18.2 9.3l-6.2-6.3-6.2 6.3c-.2.2-.3.4-.3.7s.1.5.3.7c.2.2.4.3.7.3h11c.3 0 .5-.1.7-.3.2-.2.3-.5.3-.7s-.1-.5-.3-.7zM5.8 14.7l6.2 6.3 6.2-6.3c.2-.2.3-.5.3-.7s-.1-.5-.3-.7c-.2-.2-.4-.3-.7-.3h-11c-.3 0-.5.1-.7.3-.2.2-.3.5-.3.7s.1.5.3.7z\"\/><\/svg><\/span><\/span><\/span><\/a><\/span><\/div>\n<nav><ul class='ez-toc-list ez-toc-list-level-1' ><li class='ez-toc-page-1 ez-toc-heading-level-2'><a class=\"ez-toc-link ez-toc-heading-1\" href=\"https:\/\/batinyilmaz.av.tr\/ru\/egitim-ve-ogretim-hakkinin-engellenmesi-tck-112-nedir\/#TCK_112_Sucunun_Sartlari_Unsurlari\" >TCK 112 Su\u00e7unun \u015eartlar\u0131 (Unsurlar\u0131)<\/a><\/li><li class='ez-toc-page-1 ez-toc-heading-level-2'><a class=\"ez-toc-link ez-toc-heading-2\" href=\"https:\/\/batinyilmaz.av.tr\/ru\/egitim-ve-ogretim-hakkinin-engellenmesi-tck-112-nedir\/#TCK_112de_Hangi_Haller_Suc_Sayilir\" >TCK 112\u2019de Hangi Haller Su\u00e7 Say\u0131l\u0131r?<\/a><\/li><li class='ez-toc-page-1 ez-toc-heading-level-2'><a class=\"ez-toc-link ez-toc-heading-3\" href=\"https:\/\/batinyilmaz.av.tr\/ru\/egitim-ve-ogretim-hakkinin-engellenmesi-tck-112-nedir\/#Egitim_ve_Ogretim_Hakkinin_Engellenmesi_Sucunun_Cezasi_TCK_112\" >E\u011fitim ve \u00d6\u011fretim Hakk\u0131n\u0131n Engellenmesi Su\u00e7unun Cezas\u0131 (TCK 112)<\/a><\/li><li class='ez-toc-page-1 ez-toc-heading-level-2'><a class=\"ez-toc-link ez-toc-heading-4\" href=\"https:\/\/batinyilmaz.av.tr\/ru\/egitim-ve-ogretim-hakkinin-engellenmesi-tck-112-nedir\/#TCK_112_Kapsaminda_Korunan_Hukuki_Deger_Nedir\" >TCK 112 Kapsam\u0131nda Korunan Hukuki De\u011fer Nedir?<\/a><\/li><li class='ez-toc-page-1 ez-toc-heading-level-2'><a class=\"ez-toc-link ez-toc-heading-5\" href=\"https:\/\/batinyilmaz.av.tr\/ru\/egitim-ve-ogretim-hakkinin-engellenmesi-tck-112-nedir\/#Egitim_ve_Ogretim_Hakkinin_Engellenmesi_Sucunda_Sikayet_Gerekir_mi\" >E\u011fitim ve \u00d6\u011fretim Hakk\u0131n\u0131n Engellenmesi Su\u00e7unda \u015eik\u00e2yet Gerekir mi?<\/a><\/li><li class='ez-toc-page-1 ez-toc-heading-level-2'><a class=\"ez-toc-link ez-toc-heading-6\" href=\"https:\/\/batinyilmaz.av.tr\/ru\/egitim-ve-ogretim-hakkinin-engellenmesi-tck-112-nedir\/#Sikca_Sorulan_Sorular_SSS\" >\u0427\u0430\u0441\u0442\u043e \u0437\u0430\u0434\u0430\u0432\u0430\u0435\u043c\u044b\u0435 \u0432\u043e\u043f\u0440\u043e\u0441\u044b (\u0427\u0417\u0412)<\/a><\/li><li class='ez-toc-page-1 ez-toc-heading-level-2'><a class=\"ez-toc-link ez-toc-heading-7\" href=\"https:\/\/batinyilmaz.av.tr\/ru\/egitim-ve-ogretim-hakkinin-engellenmesi-tck-112-nedir\/#Sonuc_Ozet\" >Sonu\u00e7 \/ \u00d6zet<\/a><\/li><\/ul><\/nav><\/div>\n\n<p class=\"wp-block-paragraph\"><strong>E\u011fitim ve \u00f6\u011fretim hakk\u0131n\u0131n engellenmesi<\/strong>, T\u00fcrk Ceza Kanunu\u2019nun 112. maddesinde d\u00fczenlenen ve ki\u015filerin&nbsp;<strong>e\u011fitim-\u00f6\u011fretim faaliyetlerine kat\u0131lmas\u0131n\u0131<\/strong>&nbsp;\u043b\u0438\u0431\u043e&nbsp;<strong>e\u011fitim hakk\u0131n\u0131 kullanmas\u0131n\u0131<\/strong>&nbsp;hukuka ayk\u0131r\u0131 \u015fekilde engelleyen fiilleri cezaland\u0131ran bir su\u00e7 tipidir.<\/p>\n\n\n\n<p class=\"wp-block-paragraph\">Bu su\u00e7, yaln\u0131zca okul i\u00e7inde ya\u015fanan olaylar\u0131 de\u011fil;&nbsp;<strong>e\u011fitim faaliyetinin y\u00fcr\u00fct\u00fclmesini<\/strong>&nbsp;veya bireyin&nbsp;<strong>e\u011fitime eri\u015fimini<\/strong>&nbsp;engelleyen daha geni\u015f bir alan\u0131 kapsar.<\/p>\n\n\n\n<hr class=\"wp-block-separator has-alpha-channel-opacity\"\/>\n\n\n\n<h2 class=\"wp-block-heading\"><span class=\"ez-toc-section\" id=\"TCK_112_Sucunun_Sartlari_Unsurlari\"><\/span><strong>TCK 112 Su\u00e7unun \u015eartlar\u0131 (Unsurlar\u0131)<\/strong><span class=\"ez-toc-section-end\"><\/span><\/h2>\n\n\n\n<p class=\"wp-block-paragraph\"><strong>Su\u00e7un Olu\u015fmas\u0131 \u0130\u00e7in Aranan Y\u00f6ntemler: Cebir, Tehdit veya Hukuka Ayk\u0131r\u0131 Ba\u015fka Davran\u0131\u015f<\/strong><\/p>\n\n\n\n<p class=\"wp-block-paragraph\">TCK 112\u2019ye g\u00f6re engelleme fiilinin \u015fu y\u00f6ntemlerden biriyle yap\u0131lmas\u0131 gerekir:<\/p>\n\n\n\n<p class=\"wp-block-paragraph\"><strong>Cebir (Fiziksel zor kullanma)<\/strong><\/p>\n\n\n\n<p class=\"wp-block-paragraph\">Ki\u015fiye kar\u015f\u0131 fiziksel g\u00fc\u00e7 kullan\u0131lmas\u0131d\u0131r. \u00d6rnekler:<\/p>\n\n\n\n<ul class=\"wp-block-list\">\n<li>\u00d6\u011frencinin okula girmesine zorla engel olmak,<\/li>\n\n\n\n<li>\u00d6\u011fretmeni s\u0131n\u0131fa sokmamak i\u00e7in itmek, kap\u0131y\u0131 zorla kapatmak.<\/li>\n<\/ul>\n\n\n\n<p class=\"wp-block-paragraph\"><strong>Tehdit<\/strong><\/p>\n\n\n\n<p class=\"wp-block-paragraph\">Ki\u015fiye korku vererek davran\u0131\u015f\u0131n\u0131 y\u00f6nlendirmektir. \u00d6rnekler:<\/p>\n\n\n\n<ul class=\"wp-block-list\">\n<li>\u201cOkula gidersen seni d\u00f6verim\u201d diyerek \u00f6\u011frenciyi okuldan al\u0131koymak,<\/li>\n\n\n\n<li>E\u011fitim faaliyetine kat\u0131l\u0131rsa zarar g\u00f6rece\u011fini s\u00f6ylemek.<\/li>\n<\/ul>\n\n\n\n<p class=\"wp-block-paragraph\"><strong>Hukuka ayk\u0131r\u0131 ba\u015fka bir davran\u0131\u015f<\/strong><\/p>\n\n\n\n<p class=\"wp-block-paragraph\">Cebir veya tehdit d\u0131\u015f\u0131ndaki, ancak&nbsp;<strong>hukuka ayk\u0131r\u0131<\/strong>&nbsp;olup engelleme sonucunu do\u011furan eylemlerdir. \u00d6rnekler:<\/p>\n\n\n\n<ul class=\"wp-block-list\">\n<li>\u00d6\u011frencinin servis\/ula\u015f\u0131m imkan\u0131n\u0131 kasten sabote etmek,<\/li>\n\n\n\n<li>Okul giri\u015fini hukuka ayk\u0131r\u0131 bi\u00e7imde kapatmak,<\/li>\n\n\n\n<li>E\u011fitim faaliyetine kat\u0131lmay\u0131 fiilen imk\u00e2ns\u0131z hale getiren sistematik engellemeler.<\/li>\n<\/ul>\n\n\n\n<hr class=\"wp-block-separator has-alpha-channel-opacity\"\/>\n\n\n\n<h2 class=\"wp-block-heading\"><span class=\"ez-toc-section\" id=\"TCK_112de_Hangi_Haller_Suc_Sayilir\"><\/span><strong>TCK 112\u2019de Hangi Haller Su\u00e7 Say\u0131l\u0131r?<\/strong><span class=\"ez-toc-section-end\"><\/span><\/h2>\n\n\n\n<p class=\"wp-block-paragraph\">TCK 112\/1\u2019de \u00fc\u00e7 farkl\u0131 engelleme alan\u0131 say\u0131lm\u0131\u015ft\u0131r. Bunlardan&nbsp;<strong>herhangi birinin<\/strong>&nbsp;ger\u00e7ekle\u015fmesi yeterlidir.<\/p>\n\n\n\n<p class=\"wp-block-paragraph\"><strong>a) E\u011fitim ve \u00f6\u011fretim faaliyetlerine engel olmak<\/strong><\/p>\n\n\n\n<p class=\"wp-block-paragraph\">Devlet okullar\u0131 yan\u0131nda,&nbsp;<strong>kamu makamlar\u0131n\u0131n izniyle faaliyet g\u00f6steren \u00f6zel okul\/kurs\/dershane<\/strong>&nbsp;gibi kurumlar\u0131n e\u011fitim faaliyetleri de bu kapsamdad\u0131r.<\/p>\n\n\n\n<p class=\"wp-block-paragraph\"><strong>\u00d6rnek:<\/strong>&nbsp;\u00d6zel okulun ders yapmas\u0131n\u0131 hukuka ayk\u0131r\u0131 \u015fekilde engellemek, s\u0131n\u0131flar\u0131 kapatmak, \u00f6\u011frencilerin i\u00e7eri girmesini engellemek.<\/p>\n\n\n\n<p class=\"wp-block-paragraph\"><strong>b) Ki\u015finin e\u011fitim ve \u00f6\u011fretim hakk\u0131n\u0131 kullanmas\u0131na engel olmak<\/strong><\/p>\n\n\n\n<p class=\"wp-block-paragraph\">Burada hedef, bir okulun faaliyeti de\u011fil;&nbsp;<strong>tekil bir bireyin e\u011fitim hakk\u0131<\/strong>&nbsp;\u043c\u043e\u0436\u0435\u0442 \u0431\u044b\u0442\u044c.<\/p>\n\n\n\n<p class=\"wp-block-paragraph\"><strong>\u00d6rnek:<\/strong>&nbsp;Bir \u00f6\u011frenciyi zorla okuldan almak, s\u0131nava girmesini engellemek, kay\u0131t\/ula\u015f\u0131m gibi s\u00fcre\u00e7leri hukuka ayk\u0131r\u0131 \u015fekilde sabote etmek.<\/p>\n\n\n\n<p class=\"wp-block-paragraph\"><strong>c) \u00d6\u011frencilerin toplu olarak oturdu\u011fu binalara girilmesine\/kal\u0131nmas\u0131na engel olmak<\/strong><\/p>\n\n\n\n<p class=\"wp-block-paragraph\">\u00d6\u011frenci yurtlar\u0131 ve benzeri toplu bar\u0131nma alanlar\u0131 bu kapsamda de\u011ferlendirilebilir.<\/p>\n\n\n\n<p class=\"wp-block-paragraph\"><strong>\u00d6rnek:<\/strong>&nbsp;\u00d6\u011frencilerin yurda giri\u015f-\u00e7\u0131k\u0131\u015f\u0131n\u0131 hukuka ayk\u0131r\u0131 \u015fekilde engellemek, yurtta kalmalar\u0131na fiilen engel olmak.<\/p>\n\n\n\n<hr class=\"wp-block-separator has-alpha-channel-opacity\"\/>\n\n\n\n<h2 class=\"wp-block-heading\"><span class=\"ez-toc-section\" id=\"Egitim_ve_Ogretim_Hakkinin_Engellenmesi_Sucunun_Cezasi_TCK_112\"><\/span><strong>E\u011fitim ve \u00d6\u011fretim Hakk\u0131n\u0131n Engellenmesi Su\u00e7unun Cezas\u0131 (TCK 112)<\/strong><span class=\"ez-toc-section-end\"><\/span><\/h2>\n\n\n\n<p class=\"wp-block-paragraph\">TCK 112\u2019ye g\u00f6re su\u00e7un yapt\u0131r\u0131m\u0131:<\/p>\n\n\n\n<ul class=\"wp-block-list\">\n<li><strong>2 y\u0131ldan 5 y\u0131la kadar hapis cezas\u0131d\u0131r.<\/strong><\/li>\n<\/ul>\n\n\n\n<p class=\"wp-block-paragraph\">Bu su\u00e7 bak\u0131m\u0131ndan kanun metninde adli para cezas\u0131 se\u00e7imlik olarak d\u00fczenlenmemi\u015ftir; temel yapt\u0131r\u0131m&nbsp;<strong>hapis<\/strong>&nbsp;olarak \u00f6ng\u00f6r\u00fclm\u00fc\u015ft\u00fcr.<\/p>\n\n\n\n<hr class=\"wp-block-separator has-alpha-channel-opacity\"\/>\n\n\n\n<h2 class=\"wp-block-heading\"><span class=\"ez-toc-section\" id=\"TCK_112_Kapsaminda_Korunan_Hukuki_Deger_Nedir\"><\/span><strong>TCK 112 Kapsam\u0131nda Korunan Hukuki De\u011fer Nedir?<\/strong><span class=\"ez-toc-section-end\"><\/span><\/h2>\n\n\n\n<p class=\"wp-block-paragraph\">Bu su\u00e7la korunan temel de\u011ferler:<\/p>\n\n\n\n<ul class=\"wp-block-list\">\n<li><strong>E\u011fitim ve \u00f6\u011fretim hakk\u0131<\/strong>&nbsp;(bireysel temel hak),<\/li>\n\n\n\n<li>E\u011fitim-\u00f6\u011fretim hizmetinin&nbsp;<strong>d\u00fczenli y\u00fcr\u00fct\u00fclmesi<\/strong>,<\/li>\n\n\n\n<li>\u00d6\u011frencilerin e\u011fitim kurumlar\u0131na eri\u015fiminin g\u00fcvenli\u011fi.<\/li>\n<\/ul>\n\n\n\n<hr class=\"wp-block-separator has-alpha-channel-opacity\"\/>\n\n\n\n<h2 class=\"wp-block-heading\"><span class=\"ez-toc-section\" id=\"Egitim_ve_Ogretim_Hakkinin_Engellenmesi_Sucunda_Sikayet_Gerekir_mi\"><\/span><strong>E\u011fitim ve \u00d6\u011fretim Hakk\u0131n\u0131n Engellenmesi Su\u00e7unda \u015eik\u00e2yet Gerekir mi?<\/strong><span class=\"ez-toc-section-end\"><\/span><\/h2>\n\n\n\n<p class=\"wp-block-paragraph\">TCK 112 metninde \u201c\u015fik\u00e2yet \u00fczerine\u201d gibi bir ifade bulunmad\u0131\u011f\u0131ndan, genel prensip olarak bu su\u00e7\u00a0<strong>\u015fik\u00e2yete ba\u011fl\u0131 olmadan<\/strong>\u00a0soru\u015fturulabilir. (Somut olay\u0131n niteli\u011fine ve ba\u015fka su\u00e7larla birlikte de\u011ferlendirilmesine g\u00f6re uygulamada farkl\u0131 s\u00fcre\u00e7ler do\u011fabilir.) <\/p>\n\n\n\n<hr class=\"wp-block-separator has-alpha-channel-opacity\"\/>\n\n\n\n<h2 class=\"wp-block-heading\"><span class=\"ez-toc-section\" id=\"Sikca_Sorulan_Sorular_SSS\"><\/span><strong>\u0427\u0430\u0441\u0442\u043e \u0437\u0430\u0434\u0430\u0432\u0430\u0435\u043c\u044b\u0435 \u0432\u043e\u043f\u0440\u043e\u0441\u044b (\u0427\u0417\u0412)<\/strong><span class=\"ez-toc-section-end\"><\/span><\/h2>\n\n\n\n<p class=\"wp-block-paragraph\"><strong>1)E\u011fitim ve \u00f6\u011fretim hakk\u0131n\u0131n engellenmesi su\u00e7u nedir?<\/strong><\/p>\n\n\n\n<p class=\"wp-block-paragraph\"><strong>E\u011fitim ve \u00f6\u011fretim hakk\u0131n\u0131n engellenmesi<\/strong>, TCK 112\u2019ye g\u00f6re cebir, tehdit veya hukuka ayk\u0131r\u0131 ba\u015fka bir davran\u0131\u015fla e\u011fitim faaliyetlerine ya da ki\u015finin e\u011fitim hakk\u0131n\u0131 kullanmas\u0131na engel olunmas\u0131d\u0131r.<\/p>\n\n\n\n<p class=\"wp-block-paragraph\"><strong>2)TCK 112 cezas\u0131 nedir?<\/strong><\/p>\n\n\n\n<p class=\"wp-block-paragraph\">TCK 112\u2019ye g\u00f6re ceza&nbsp;<strong>2 y\u0131ldan 5 y\u0131la kadar hapis<\/strong>&nbsp;cezas\u0131d\u0131r.<\/p>\n\n\n\n<p class=\"wp-block-paragraph\"><strong>3)\u00d6zel okulun ders yapmas\u0131n\u0131 engellemek TCK 112\u2019ye girer mi?<\/strong><\/p>\n\n\n\n<p class=\"wp-block-paragraph\">Evet. Kamu makamlar\u0131n\u0131n izniyle y\u00fcr\u00fct\u00fclen e\u011fitim faaliyetlerine engel olunmas\u0131 da madde kapsam\u0131ndad\u0131r.<\/p>\n\n\n\n<p class=\"wp-block-paragraph\"><strong>4)Bir \u00f6\u011frenciyi okula g\u00f6ndermemek su\u00e7 olur mu?<\/strong><\/p>\n\n\n\n<p class=\"wp-block-paragraph\">E\u011fer \u201cokula g\u00f6ndermeme\u201d eylemi&nbsp;<strong>cebir, tehdit veya hukuka ayk\u0131r\u0131 bir davran\u0131\u015fla<\/strong>&nbsp;\u00f6\u011frencinin e\u011fitim hakk\u0131n\u0131 engelliyorsa TCK 112 kapsam\u0131nda de\u011ferlendirilebilir. Salt aile i\u00e7i bir tercih\/tutum gibi g\u00f6r\u00fcnse bile somut olayda zor kullanma, tehditle engelleme gibi unsurlar varsa hukuki risk artar.<\/p>\n\n\n\n<p class=\"wp-block-paragraph\"><strong>5)\u00d6\u011frenci yurduna giri\u015fe engel olmak TCK 112 midir?<\/strong><\/p>\n\n\n\n<p class=\"wp-block-paragraph\">\u00d6\u011frencilerin toplu olarak oturdu\u011fu binalara&nbsp;<strong>girmesine veya orada kalmas\u0131na<\/strong>&nbsp;cebir\/tehdit\/hukuka ayk\u0131r\u0131 davran\u0131\u015fla engel olunursa TCK 112\/1-c kapsam\u0131nda g\u00fcndeme gelebilir.<\/p>\n\n\n\n<hr class=\"wp-block-separator has-alpha-channel-opacity\"\/>\n\n\n\n<h2 class=\"wp-block-heading\"><span class=\"ez-toc-section\" id=\"Sonuc_Ozet\"><\/span><strong>Sonu\u00e7 \/ \u00d6zet<\/strong><span class=\"ez-toc-section-end\"><\/span><\/h2>\n\n\n\n<p class=\"wp-block-paragraph\">TCK 112\u2019de d\u00fczenlenen&nbsp;<strong>e\u011fitim ve \u00f6\u011fretim hakk\u0131n\u0131n engellenmesi<\/strong>&nbsp;su\u00e7u;&nbsp;<strong>cebir, tehdit veya hukuka ayk\u0131r\u0131 ba\u015fka bir davran\u0131\u015fla<\/strong>&nbsp;e\u011fitim faaliyetlerine, bireyin e\u011fitim hakk\u0131na veya \u00f6\u011frencilerin toplu kald\u0131\u011f\u0131 yerlere giri\u015f\/kal\u0131\u015fa engel olunmas\u0131n\u0131 cezaland\u0131r\u0131r. Yapt\u0131r\u0131m&nbsp;<strong>2 y\u0131ldan 5 y\u0131la kadar hapis<\/strong>&nbsp;cezas\u0131d\u0131r.&nbsp;<strong>En kritik nokta, engellemenin hukuka ayk\u0131r\u0131 y\u00f6ntemlerle ger\u00e7ekle\u015fmesi ve fiilen e\u011fitim hakk\u0131n\u0131\/faaliyetini aksatmas\u0131d\u0131r.<\/strong><\/p>\n\n\n\n<p class=\"wp-block-paragraph\"><strong>\u0410\u0434\u0432. \u0411\u0430\u0442\u0438\u043d \u0419\u042b\u041b\u041c\u0410\u0417 <\/strong> <\/p>","protected":false},"excerpt":{"rendered":"<p>E\u011fitim ve \u00f6\u011fretim hakk\u0131n\u0131n engellenmesi, T\u00fcrk Ceza Kanunu\u2019nun 112. maddesinde d\u00fczenlenen ve ki\u015filerin&nbsp;e\u011fitim-\u00f6\u011fretim faaliyetlerine kat\u0131lmas\u0131n\u0131&nbsp;ya da&nbsp;e\u011fitim hakk\u0131n\u0131 kullanmas\u0131n\u0131&nbsp;hukuka ayk\u0131r\u0131 \u015fekilde engelleyen fiilleri cezaland\u0131ran bir su\u00e7 tipidir. Bu su\u00e7, yaln\u0131zca okul i\u00e7inde ya\u015fanan olaylar\u0131 de\u011fil;&nbsp;e\u011fitim faaliyetinin y\u00fcr\u00fct\u00fclmesini&nbsp;veya bireyin&nbsp;e\u011fitime eri\u015fimini&nbsp;engelleyen daha geni\u015f bir alan\u0131 kapsar. TCK 112 Su\u00e7unun \u015eartlar\u0131 (Unsurlar\u0131) Su\u00e7un Olu\u015fmas\u0131 \u0130\u00e7in Aranan Y\u00f6ntemler: Cebir, Tehdit [&hellip;]<\/p>\n","protected":false},"author":2,"featured_media":2747,"comment_status":"open","ping_status":"open","sticky":false,"template":"","format":"standard","meta":{"_joinchat":[],"footnotes":""},"categories":[61],"tags":[398,400,399],"class_list":["post-2746","post","type-post","status-publish","format-standard","has-post-thumbnail","hentry","category-ceza-hukuku","tag-egitim-ve-ogretim-hakkinin-engellenmesi","tag-egitim-ve-ogretim-hakkinin-engellenmesi-sucunun-cezasi","tag-tck-112"],"_links":{"self":[{"href":"https:\/\/batinyilmaz.av.tr\/ru\/wp-json\/wp\/v2\/posts\/2746","targetHints":{"allow":["GET"]}}],"collection":[{"href":"https:\/\/batinyilmaz.av.tr\/ru\/wp-json\/wp\/v2\/posts"}],"about":[{"href":"https:\/\/batinyilmaz.av.tr\/ru\/wp-json\/wp\/v2\/types\/post"}],"author":[{"embeddable":true,"href":"https:\/\/batinyilmaz.av.tr\/ru\/wp-json\/wp\/v2\/users\/2"}],"replies":[{"embeddable":true,"href":"https:\/\/batinyilmaz.av.tr\/ru\/wp-json\/wp\/v2\/comments?post=2746"}],"version-history":[{"count":2,"href":"https:\/\/batinyilmaz.av.tr\/ru\/wp-json\/wp\/v2\/posts\/2746\/revisions"}],"predecessor-version":[{"id":2750,"href":"https:\/\/batinyilmaz.av.tr\/ru\/wp-json\/wp\/v2\/posts\/2746\/revisions\/2750"}],"wp:featuredmedia":[{"embeddable":true,"href":"https:\/\/batinyilmaz.av.tr\/ru\/wp-json\/wp\/v2\/media\/2747"}],"wp:attachment":[{"href":"https:\/\/batinyilmaz.av.tr\/ru\/wp-json\/wp\/v2\/media?parent=2746"}],"wp:term":[{"taxonomy":"category","embeddable":true,"href":"https:\/\/batinyilmaz.av.tr\/ru\/wp-json\/wp\/v2\/categories?post=2746"},{"taxonomy":"post_tag","embeddable":true,"href":"https:\/\/batinyilmaz.av.tr\/ru\/wp-json\/wp\/v2\/tags?post=2746"}],"curies":[{"name":"wp","href":"https:\/\/api.w.org\/{rel}","templated":true}]}}