{"id":2734,"date":"2026-02-24T11:02:28","date_gmt":"2026-02-24T08:02:28","guid":{"rendered":"https:\/\/batinyilmaz.av.tr\/?p=2734"},"modified":"2026-02-24T12:13:18","modified_gmt":"2026-02-24T09:13:18","slug":"kisiyi-hurriyetinden-yoksun-kilma-nedir-tck-109","status":"publish","type":"post","link":"https:\/\/batinyilmaz.av.tr\/ru\/kisiyi-hurriyetinden-yoksun-kilma-nedir-tck-109\/","title":{"rendered":"Ki\u015fiyi H\u00fcrriyetinden Yoksun K\u0131lma Nedir? (TCK 109)"},"content":{"rendered":"<div id=\"ez-toc-container\" class=\"ez-toc-v2_0_85 counter-hierarchy ez-toc-counter ez-toc-grey ez-toc-container-direction\">\n<div class=\"ez-toc-title-container\">\n<p class=\"ez-toc-title\" style=\"cursor:inherit\">\u0417\u0430\u0433\u043e\u043b\u043e\u0432\u043a\u0438<\/p>\n<span class=\"ez-toc-title-toggle\"><a href=\"#\" class=\"ez-toc-pull-right ez-toc-btn ez-toc-btn-xs ez-toc-btn-default ez-toc-toggle\" aria-label=\"Toggle Table of Content\"><span class=\"ez-toc-js-icon-con\"><span class=\"\"><span class=\"eztoc-hide\" style=\"display:none;\">\u041f\u0435\u0440\u0435\u043a\u043b\u044e\u0447\u0430\u0442\u0435\u043b\u044c<\/span><span class=\"ez-toc-icon-toggle-span\"><svg style=\"fill: #999;color:#999\" xmlns=\"http:\/\/www.w3.org\/2000\/svg\" class=\"list-377408\" width=\"20px\" height=\"20px\" viewbox=\"0 0 24 24\" fill=\"none\"><path d=\"M6 6H4v2h2V6zm14 0H8v2h12V6zM4 11h2v2H4v-2zm16 0H8v2h12v-2zM4 16h2v2H4v-2zm16 0H8v2h12v-2z\" fill=\"currentColor\"><\/path><\/svg><svg style=\"fill: #999;color:#999\" class=\"arrow-unsorted-368013\" xmlns=\"http:\/\/www.w3.org\/2000\/svg\" width=\"10px\" height=\"10px\" viewbox=\"0 0 24 24\" version=\"1.2\" baseprofile=\"tiny\"><path d=\"M18.2 9.3l-6.2-6.3-6.2 6.3c-.2.2-.3.4-.3.7s.1.5.3.7c.2.2.4.3.7.3h11c.3 0 .5-.1.7-.3.2-.2.3-.5.3-.7s-.1-.5-.3-.7zM5.8 14.7l6.2 6.3 6.2-6.3c.2-.2.3-.5.3-.7s-.1-.5-.3-.7c-.2-.2-.4-.3-.7-.3h-11c-.3 0-.5.1-.7.3-.2.2-.3.5-.3.7s.1.5.3.7z\"\/><\/svg><\/span><\/span><\/span><\/a><\/span><\/div>\n<nav><ul class='ez-toc-list ez-toc-list-level-1' ><li class='ez-toc-page-1 ez-toc-heading-level-2'><a class=\"ez-toc-link ez-toc-heading-1\" href=\"https:\/\/batinyilmaz.av.tr\/ru\/kisiyi-hurriyetinden-yoksun-kilma-nedir-tck-109\/#Kisiyi_Hurriyetinden_Yoksun_Kilma_Sucunun_Cezasi_TCK_1091\" >Ki\u015fiyi H\u00fcrriyetinden Yoksun K\u0131lma Su\u00e7unun Cezas\u0131 (TCK 109\/1)<\/a><\/li><li class='ez-toc-page-1 ez-toc-heading-level-2'><a class=\"ez-toc-link ez-toc-heading-2\" href=\"https:\/\/batinyilmaz.av.tr\/ru\/kisiyi-hurriyetinden-yoksun-kilma-nedir-tck-109\/#Cebir_Tehdit_veya_Hile_ile_Islenirse_Ne_Olur_TCK_1092\" >Cebir, Tehdit veya Hile ile \u0130\u015flenirse Ne Olur? (TCK 109\/2)<\/a><\/li><li class='ez-toc-page-1 ez-toc-heading-level-2'><a class=\"ez-toc-link ez-toc-heading-3\" href=\"https:\/\/batinyilmaz.av.tr\/ru\/kisiyi-hurriyetinden-yoksun-kilma-nedir-tck-109\/#Nitelikli_Haller_Ceza_Ne_Zaman_Bir_Kat_Artar_TCK_1093\" >Nitelikli H\u00e2ller: Ceza Ne Zaman Bir Kat Artar? (TCK 109\/3)<\/a><\/li><li class='ez-toc-page-1 ez-toc-heading-level-2'><a class=\"ez-toc-link ez-toc-heading-4\" href=\"https:\/\/batinyilmaz.av.tr\/ru\/kisiyi-hurriyetinden-yoksun-kilma-nedir-tck-109\/#Magdur_Ekonomik_Olarak_Onemli_Kayip_Yasarsa_TCK_1094\" >Ma\u011fdur Ekonomik Olarak \u00d6nemli Kay\u0131p Ya\u015farsa (TCK 109\/4)<\/a><\/li><li class='ez-toc-page-1 ez-toc-heading-level-2'><a class=\"ez-toc-link ez-toc-heading-5\" href=\"https:\/\/batinyilmaz.av.tr\/ru\/kisiyi-hurriyetinden-yoksun-kilma-nedir-tck-109\/#Cinsel_Amacla_Islenmesi_TCK_1095\" >Cinsel Ama\u00e7la \u0130\u015flenmesi (TCK 109\/5)<\/a><\/li><li class='ez-toc-page-1 ez-toc-heading-level-2'><a class=\"ez-toc-link ez-toc-heading-6\" href=\"https:\/\/batinyilmaz.av.tr\/ru\/kisiyi-hurriyetinden-yoksun-kilma-nedir-tck-109\/#Kasten_Yaralama_da_Varsa_Ne_Olur_TCK_1096\" >Kasten Yaralama da Varsa Ne Olur? (TCK 109\/6)<\/a><\/li><li class='ez-toc-page-1 ez-toc-heading-level-2'><a class=\"ez-toc-link ez-toc-heading-7\" href=\"https:\/\/batinyilmaz.av.tr\/ru\/kisiyi-hurriyetinden-yoksun-kilma-nedir-tck-109\/#Sikca_Sorulan_Sorular_SSS\" >\u0427\u0430\u0441\u0442\u043e \u0437\u0430\u0434\u0430\u0432\u0430\u0435\u043c\u044b\u0435 \u0432\u043e\u043f\u0440\u043e\u0441\u044b (\u0427\u0417\u0412)<\/a><\/li><\/ul><\/nav><\/div>\n\n<p class=\"wp-block-paragraph\"><strong>Ki\u015fiyi h\u00fcrriyetinden yoksun k\u0131lma<\/strong>, bir ki\u015finin&nbsp;<strong>hukuka ayk\u0131r\u0131 \u015fekilde<\/strong>:<\/p>\n\n\n\n<ul class=\"wp-block-list\">\n<li><strong>bir yere gitmesini engellemek<\/strong>\u00a0\u0438\u043b\u0438<\/li>\n\n\n\n<li><strong>bir yerde kalmaya zorlamak<\/strong>\u00a0suretiyle\u00a0<strong>hareket \u00f6zg\u00fcrl\u00fc\u011f\u00fcn\u00fc kald\u0131rmak<\/strong>\u00a0anlam\u0131na gelir.<\/li>\n<\/ul>\n\n\n\n<p class=\"wp-block-paragraph\">Buradaki kritik nokta \u015fudur: Ki\u015finin \u00f6zg\u00fcrl\u00fc\u011f\u00fcne yap\u0131lan m\u00fcdahale&nbsp;<strong>hukuka ayk\u0131r\u0131<\/strong>&nbsp;olmal\u0131d\u0131r. \u00d6rne\u011fin kanunun a\u00e7\u0131k\u00e7a izin verdi\u011fi bir yakalama\/koruma tedbiri gibi&nbsp;<strong>hukuka uygunluk<\/strong>&nbsp;h\u00e2lleri varsa (somut olaya g\u00f6re de\u011ferlendirilir), su\u00e7 olu\u015fmayabilir.<\/p>\n\n\n\n<p class=\"wp-block-paragraph\">Yarg\u0131tay, bu su\u00e7la korunan de\u011ferin&nbsp;<strong>ki\u015filerin kendi arzusu ve iradesi \u00e7er\u00e7evesinde hareket edebilme h\u00fcrriyeti<\/strong>&nbsp;oldu\u011funu a\u00e7\u0131k\u00e7a vurgular.<\/p>\n\n\n\n<p class=\"wp-block-paragraph\"><strong>Su\u00e7un Konusu: \u201cBir yere gitmek\u201d veya \u201cbir yerde kalmak\u201d \u00f6zg\u00fcrl\u00fc\u011f\u00fc<\/strong><\/p>\n\n\n\n<p class=\"wp-block-paragraph\">Bu su\u00e7&nbsp;<strong>se\u00e7imlik hareketli<\/strong>&nbsp;kabul edilir:<\/p>\n\n\n\n<ul class=\"wp-block-list\">\n<li>Sadece \u201cgitme\u201d \u00f6zg\u00fcrl\u00fc\u011f\u00fcn\u00fcn kald\u0131r\u0131lmas\u0131 da yeterli olabilir,<\/li>\n\n\n\n<li>Sadece \u201ckalma\u201d \u00f6zg\u00fcrl\u00fc\u011f\u00fcn\u00fcn kald\u0131r\u0131lmas\u0131 da yeterli olabilir,<\/li>\n\n\n\n<li>\u0130kisi birden de ger\u00e7ekle\u015febilir.<\/li>\n<\/ul>\n\n\n\n<h2 class=\"wp-block-heading\"><span class=\"ez-toc-section\" id=\"Kisiyi_Hurriyetinden_Yoksun_Kilma_Sucunun_Cezasi_TCK_1091\"><\/span><strong>Ki\u015fiyi H\u00fcrriyetinden Yoksun K\u0131lma Su\u00e7unun Cezas\u0131 (TCK 109\/1)<\/strong><span class=\"ez-toc-section-end\"><\/span><\/h2>\n\n\n\n<p class=\"wp-block-paragraph\">TCK 109\/1\u2019e g\u00f6re, su\u00e7un&nbsp;<strong>temel h\u00e2linin cezas\u0131<\/strong>:<\/p>\n\n\n\n<ul class=\"wp-block-list\">\n<li><strong>1 y\u0131ldan 5 y\u0131la kadar hapis<\/strong><\/li>\n<\/ul>\n\n\n\n<p class=\"wp-block-paragraph\">Bu temel h\u00e2l, \u00f6rne\u011fin bir ki\u015fiyi kap\u0131y\u0131 kilitleyerek odada tutmak, d\u0131\u015far\u0131 \u00e7\u0131kmas\u0131n\u0131 engellemek, bir yere gitmesini fiilen engellemek gibi eylemlerle g\u00fcndeme gelebilir (olay\u0131n t\u00fcm \u015fartlar\u0131 ayr\u0131ca \u00f6nemlidir).<\/p>\n\n\n\n<h2 class=\"wp-block-heading\"><span class=\"ez-toc-section\" id=\"Cebir_Tehdit_veya_Hile_ile_Islenirse_Ne_Olur_TCK_1092\"><\/span><strong>Cebir, Tehdit veya Hile ile \u0130\u015flenirse Ne Olur? (TCK 109\/2)<\/strong><span class=\"ez-toc-section-end\"><\/span><\/h2>\n\n\n\n<p class=\"wp-block-paragraph\">E\u011fer ki\u015fi, ma\u011fdurun \u00f6zg\u00fcrl\u00fc\u011f\u00fcn\u00fc k\u0131s\u0131tlarken:<\/p>\n\n\n\n<ul class=\"wp-block-list\">\n<li><strong>cebir<\/strong>\u00a0(fiziksel g\u00fc\u00e7),<\/li>\n\n\n\n<li><strong>tehdit<\/strong>\u00a0(korkutma),<\/li>\n\n\n\n<li><strong>hile<\/strong>\u00a0(aldatma) kullan\u0131rsa, ceza a\u011f\u0131rla\u015f\u0131r.<\/li>\n<\/ul>\n\n\n\n<p class=\"wp-block-paragraph\"><strong>TCK 109\/2 cezas\u0131<\/strong><\/p>\n\n\n\n<ul class=\"wp-block-list\">\n<li><strong>2 y\u0131ldan 7 y\u0131la kadar hapis<\/strong><\/li>\n<\/ul>\n\n\n\n<p class=\"wp-block-paragraph\"><strong>Cebir\u2013tehdit\u2013hile \u00f6rnekleri (genel a\u00e7\u0131klama)<\/strong><\/p>\n\n\n\n<ul class=\"wp-block-list\">\n<li>Ma\u011fduru iterek, tutarak, s\u00fcr\u00fckleyerek bir yerde tutmak (cebir)<\/li>\n\n\n\n<li>\u201c\u00c7\u0131karsan sana zarar veririm\u201d diyerek kap\u0131da beklemek (tehdit)<\/li>\n\n\n\n<li>\u201cSeni g\u00f6t\u00fcr\u00fcyorum\u201d diyerek ba\u015fka bir yere y\u00f6nlendirip ka\u00e7mas\u0131na engel olmak (hile)<\/li>\n<\/ul>\n\n\n\n<p class=\"wp-block-paragraph\"><em>Not: Hangi eylemin \u201ccebir\/tehdit\/hile\u201d say\u0131laca\u011f\u0131 somut olay\u0131n delillerine g\u00f6re de\u011ferlendirilir.<\/em><\/p>\n\n\n\n<h2 class=\"wp-block-heading\"><span class=\"ez-toc-section\" id=\"Nitelikli_Haller_Ceza_Ne_Zaman_Bir_Kat_Artar_TCK_1093\"><\/span><strong>Nitelikli H\u00e2ller: Ceza Ne Zaman Bir Kat Artar? (TCK 109\/3)<\/strong><span class=\"ez-toc-section-end\"><\/span><\/h2>\n\n\n\n<p class=\"wp-block-paragraph\">TCK 109\/3, baz\u0131 durumlarda yukar\u0131daki f\u0131kralara g\u00f6re belirlenen cezan\u0131n\u00a0<strong>bir kat art\u0131r\u0131laca\u011f\u0131n\u0131<\/strong>\u00a0d\u00fczenler.<\/p>\n\n\n\n<p class=\"wp-block-paragraph\"><strong>TCK 109\/3 kapsam\u0131ndaki nitelikli h\u00e2ller<\/strong><\/p>\n\n\n\n<p class=\"wp-block-paragraph\"><strong>1)Silahla i\u015flenmesi<\/strong><\/p>\n\n\n\n<p class=\"wp-block-paragraph\">Failin eylemi&nbsp;<strong>silahla<\/strong>&nbsp;ger\u00e7ekle\u015ftirmesi h\u00e2linde ceza artar.<\/p>\n\n\n\n<p class=\"wp-block-paragraph\"><strong>2)Birden fazla ki\u015fiyle birlikte i\u015flenmesi<\/strong><\/p>\n\n\n\n<p class=\"wp-block-paragraph\">Fiilin&nbsp;<strong>birden fazla ki\u015fi taraf\u0131ndan birlikte<\/strong>&nbsp;i\u015flenmesi h\u00e2linde ceza artar.<\/p>\n\n\n\n<p class=\"wp-block-paragraph\"><strong>3)Kamu g\u00f6revi nedeniyle veya kamu n\u00fcfuzunu k\u00f6t\u00fcye kullanarak<\/strong><\/p>\n\n\n\n<ul class=\"wp-block-list\">\n<li>Ma\u011fdurun yapt\u0131\u011f\u0131 kamu g\u00f6revi nedeniyle hedef al\u0131nmas\u0131 veya<\/li>\n\n\n\n<li>Failin kamu g\u00f6revinin sa\u011flad\u0131\u011f\u0131 n\u00fcfuzu k\u00f6t\u00fcye kullanmas\u0131<\/li>\n<\/ul>\n\n\n\n<p class=\"wp-block-paragraph\">h\u00e2linde ceza artar.<\/p>\n\n\n\n<p class=\"wp-block-paragraph\"><strong>4)\u00dcstsoy, altsoy, e\u015f veya bo\u015fan\u0131lan e\u015fe kar\u015f\u0131 i\u015flenmesi<\/strong><\/p>\n\n\n\n<p class=\"wp-block-paragraph\">Kanunda \u00f6zellikle aile i\u00e7i ve yak\u0131n ili\u015fkideki ma\u011fduriyetler bak\u0131m\u0131ndan art\u0131r\u0131ma gidilmi\u015ftir.<br>Bu bentteki g\u00fcncel ifade \u00f6nemlidir:&nbsp;<strong>\u201ce\u015fe ya da bo\u015fand\u0131\u011f\u0131 e\u015fe kar\u015f\u0131\u201d<\/strong>.<\/p>\n\n\n\n<p class=\"wp-block-paragraph\"><strong>5)\u00c7ocu\u011fa veya kendini savunamayacak ki\u015fiye kar\u015f\u0131 i\u015flenmesi<\/strong><\/p>\n\n\n\n<p class=\"wp-block-paragraph\">Ma\u011fdur:<\/p>\n\n\n\n<ul class=\"wp-block-list\">\n<li><strong>\u00e7ocuk<\/strong>\u00a0ise veya<\/li>\n\n\n\n<li><strong>beden\/ruh bak\u0131m\u0131ndan kendini savunamayacak<\/strong>\u00a0durumda ise<br>ceza\u00a0<strong>bir kat art\u0131r\u0131l\u0131r<\/strong>.<\/li>\n<\/ul>\n\n\n\n<h2 class=\"wp-block-heading\"><span class=\"ez-toc-section\" id=\"Magdur_Ekonomik_Olarak_Onemli_Kayip_Yasarsa_TCK_1094\"><\/span><strong>Ma\u011fdur Ekonomik Olarak \u00d6nemli Kay\u0131p Ya\u015farsa (TCK 109\/4)<\/strong><span class=\"ez-toc-section-end\"><\/span><\/h2>\n\n\n\n<p class=\"wp-block-paragraph\">E\u011fer ki\u015fiyi h\u00fcrriyetinden yoksun k\u0131lma eylemi, ma\u011fdurun&nbsp;<strong>ekonomik bak\u0131mdan \u00f6nemli bir kayb\u0131na<\/strong>&nbsp;neden olursa:<\/p>\n\n\n\n<ul class=\"wp-block-list\">\n<li><strong>Hapis cezas\u0131na ek olarak<\/strong><\/li>\n\n\n\n<li><strong>bin g\u00fcne kadar adl\u00ee para cezas\u0131<\/strong>\u00a0\u043c\u043e\u0433\u0443\u0442 \u0431\u044b\u0442\u044c \u043f\u0440\u0438\u043d\u044f\u0442\u044b.<\/li>\n<\/ul>\n\n\n\n<p class=\"wp-block-paragraph\">Bu h\u00fck\u00fcm, \u00f6rne\u011fin ma\u011fdurun i\u015fi\/geliri bak\u0131m\u0131ndan ciddi bir zarar do\u011fmas\u0131 h\u00e2llerinde tart\u0131\u015f\u0131labilir (somut olaya g\u00f6re).<\/p>\n\n\n\n<h2 class=\"wp-block-heading\"><span class=\"ez-toc-section\" id=\"Cinsel_Amacla_Islenmesi_TCK_1095\"><\/span><strong>Cinsel Ama\u00e7la \u0130\u015flenmesi (TCK 109\/5)<\/strong><span class=\"ez-toc-section-end\"><\/span><\/h2>\n\n\n\n<p class=\"wp-block-paragraph\">Su\u00e7&nbsp;<strong>cinsel ama\u00e7la<\/strong>&nbsp;i\u015flenmi\u015fse, yukar\u0131daki f\u0131kralara g\u00f6re belirlenen cezalar:<\/p>\n\n\n\n<ul class=\"wp-block-list\">\n<li><strong>yar\u0131 oran\u0131nda art\u0131r\u0131l\u0131r<\/strong>.<\/li>\n<\/ul>\n\n\n\n<p class=\"wp-block-paragraph\">Bu d\u00fczenleme, ma\u011fdurun \u00f6zg\u00fcrl\u00fc\u011f\u00fcn\u00fcn k\u0131s\u0131tlanmas\u0131n\u0131n cinsel bir ama\u00e7la ba\u011flant\u0131l\u0131 oldu\u011fu durumlarda daha a\u011f\u0131r yapt\u0131r\u0131m \u00f6ng\u00f6r\u00fcr.<\/p>\n\n\n\n<h2 class=\"wp-block-heading\"><span class=\"ez-toc-section\" id=\"Kasten_Yaralama_da_Varsa_Ne_Olur_TCK_1096\"><\/span><strong>Kasten Yaralama da Varsa Ne Olur? (TCK 109\/6)<\/strong><span class=\"ez-toc-section-end\"><\/span><\/h2>\n\n\n\n<p class=\"wp-block-paragraph\">E\u011fer su\u00e7un i\u015flenmesi s\u0131ras\u0131nda veya bu ama\u00e7la&nbsp;<strong>kasten yaralama<\/strong>&nbsp;meydana gelir ve yaralaman\u0131n&nbsp;<strong>neticesi sebebiyle a\u011f\u0131rla\u015fm\u0131\u015f h\u00e2lleri<\/strong>&nbsp;ger\u00e7ekle\u015firse:<\/p>\n\n\n\n<ul class=\"wp-block-list\">\n<li>ayr\u0131ca\u00a0<strong>kasten yaralama h\u00fck\u00fcmleri<\/strong>\u00a0de uygulan\u0131r.<\/li>\n<\/ul>\n\n\n\n<p class=\"wp-block-paragraph\">Yani tek bir olayda hem&nbsp;<strong>TCK 109<\/strong>&nbsp;hem de \u015fartlar\u0131 varsa&nbsp;<strong>yaralama<\/strong>&nbsp;bak\u0131m\u0131ndan ayr\u0131ca ceza sorumlulu\u011fu do\u011fabilir.<\/p>\n\n\n\n<p class=\"wp-block-paragraph\"><strong>Yarg\u0131tay Uygulamas\u0131nda \u00d6nemli Noktalar<\/strong><\/p>\n\n\n\n<p class=\"wp-block-paragraph\"><strong>1) S\u00fcrenin k\u0131sa olmas\u0131 su\u00e7u otomatik olarak ortadan kald\u0131rmaz<\/strong><\/p>\n\n\n\n<p class=\"wp-block-paragraph\">Yarg\u0131tay kararlar\u0131nda, su\u00e7un olu\u015fmas\u0131 bak\u0131m\u0131ndan&nbsp;<strong>s\u00fcrenin \u00e7ok k\u0131sa veya uzun olmas\u0131n\u0131n tek ba\u015f\u0131na belirleyici olmad\u0131\u011f\u0131<\/strong>&nbsp;de\u011ferlendirmelerine rastlan\u0131r; esas mesele ma\u011fdurun \u00f6zg\u00fcrl\u00fc\u011f\u00fcn\u00fcn hukuka ayk\u0131r\u0131 kald\u0131r\u0131l\u0131p kald\u0131r\u0131lmad\u0131\u011f\u0131d\u0131r.<\/p>\n\n\n\n<p class=\"wp-block-paragraph\"><strong>2) Baz\u0131 su\u00e7lar\u0131n icras\u0131 s\u0131ras\u0131nda \u201czorunlu olarak e\u015flik eden\u201d k\u0131s\u0131tlamalar<\/strong><\/p>\n\n\n\n<p class=\"wp-block-paragraph\">\u00d6zellikle cinsel sald\u0131r\u0131 gibi baz\u0131 su\u00e7lar\u0131n i\u015fleni\u015finde ma\u011fdurun \u00e7ok k\u0131sa s\u00fcre tutulmas\u0131, baz\u0131 olaylarda ayr\u0131ca TCK 109 kapsam\u0131nda de\u011ferlendirilmeyebilir; ancak ama\u00e7 su\u00e7tan&nbsp;<strong>ba\u011f\u0131ms\u0131z<\/strong>&nbsp;\u0438\u043b\u0438&nbsp;<strong>\u00f6ncesi\/sonras\u0131<\/strong>&nbsp;bir \u00f6zg\u00fcrl\u00fck k\u0131s\u0131tlamas\u0131 varsa ayr\u0131ca TCK 109 g\u00fcndeme gelebilir (yukar\u0131da payla\u015ft\u0131\u011f\u0131m 6. CD karar\u0131ndaki de\u011ferlendirme bu ayr\u0131m\u0131 a\u00e7\u0131klar).<\/p>\n\n\n\n<h2 class=\"wp-block-heading\"><span class=\"ez-toc-section\" id=\"Sikca_Sorulan_Sorular_SSS\"><\/span><strong>\u0427\u0430\u0441\u0442\u043e \u0437\u0430\u0434\u0430\u0432\u0430\u0435\u043c\u044b\u0435 \u0432\u043e\u043f\u0440\u043e\u0441\u044b (\u0427\u0417\u0412)<\/strong><span class=\"ez-toc-section-end\"><\/span><\/h2>\n\n\n\n<p class=\"wp-block-paragraph\"><strong>1)Ki\u015fiyi h\u00fcrriyetinden yoksun k\u0131lma su\u00e7u nedir?<\/strong><\/p>\n\n\n\n<p class=\"wp-block-paragraph\">Bir ki\u015fiyi&nbsp;<strong>hukuka ayk\u0131r\u0131 \u015fekilde<\/strong>&nbsp;bir yerde tutmak veya bir yere gitmesini engelleyerek&nbsp;<strong>hareket \u00f6zg\u00fcrl\u00fc\u011f\u00fcn\u00fc kald\u0131rmak<\/strong>t\u0131r (TCK 109).<\/p>\n\n\n\n<p class=\"wp-block-paragraph\"><strong>2)TCK 109 cezas\u0131 ka\u00e7 y\u0131ld\u0131r?<\/strong><\/p>\n\n\n\n<ul class=\"wp-block-list\">\n<li>Temel h\u00e2l:\u00a0<strong>1\u20135 y\u0131l hapis<\/strong>\u00a0(TCK 109\/1)<\/li>\n\n\n\n<li>Cebir\/tehdit\/hile varsa:\u00a0<strong>2\u20137 y\u0131l hapis<\/strong>\u00a0(TCK 109\/2)<\/li>\n\n\n\n<li>Nitelikli h\u00e2llerde ceza\u00a0<strong>bir kat art\u0131r\u0131l\u0131r<\/strong>\u00a0(TCK 109\/3).<\/li>\n<\/ul>\n\n\n\n<p class=\"wp-block-paragraph\"><strong>3)Cebir, tehdit veya hile neyi de\u011fi\u015ftirir?<\/strong><\/p>\n\n\n\n<p class=\"wp-block-paragraph\">Cebir\/tehdit\/hile kullan\u0131m\u0131, su\u00e7u&nbsp;<strong>nitelikli h\u00e2le<\/strong>&nbsp;ta\u015f\u0131r ve ceza aral\u0131\u011f\u0131n\u0131&nbsp;<strong>2\u20137 y\u0131l<\/strong>&nbsp;seviyesine \u00e7\u0131kar\u0131r.<\/p>\n\n\n\n<p class=\"wp-block-paragraph\"><strong>4)Birden fazla ki\u015fi birlikte yaparsa ceza artar m\u0131?<\/strong><\/p>\n\n\n\n<p class=\"wp-block-paragraph\">\u0414\u0430.&nbsp;<strong>Birden fazla ki\u015fi taraf\u0131ndan birlikte<\/strong>&nbsp;i\u015flenmesi h\u00e2linde ceza&nbsp;<strong>bir kat art\u0131r\u0131l\u0131r<\/strong>&nbsp;(TCK 109\/3-b).<\/p>\n\n\n\n<p class=\"wp-block-paragraph\"><strong>5)\u00c7ocu\u011fa kar\u015f\u0131 i\u015flenirse ne olur?<\/strong><\/p>\n\n\n\n<p class=\"wp-block-paragraph\">Ma\u011fdur \u00e7ocuksa ceza&nbsp;<strong>bir kat art\u0131r\u0131l\u0131r<\/strong>&nbsp;(TCK 109\/3-f).<\/p>\n\n\n\n<p class=\"wp-block-paragraph\"><strong>6)Cinsel ama\u00e7 varsa ceza nas\u0131l de\u011fi\u015fir?<\/strong><\/p>\n\n\n\n<p class=\"wp-block-paragraph\">Cinsel ama\u00e7la i\u015flenirse, ilgili f\u0131kralara g\u00f6re belirlenen ceza&nbsp;<strong>yar\u0131 oran\u0131nda art\u0131r\u0131l\u0131r<\/strong>&nbsp;(TCK 109\/5).<\/p>\n\n\n\n<p class=\"wp-block-paragraph\"><strong>7)Ma\u011fdurun ekonomik kayb\u0131 olursa ayr\u0131ca ne olur?<\/strong><\/p>\n\n\n\n<p class=\"wp-block-paragraph\">Ma\u011fdurun ekonomik bak\u0131mdan \u00f6nemli kayb\u0131 varsa&nbsp;<strong>bin g\u00fcne kadar adl\u00ee para cezas\u0131<\/strong>&nbsp;da eklenebilir (TCK 109\/4).<\/p>\n\n\n\n<p class=\"wp-block-paragraph\"><strong>\u0410\u0434\u0432. \u0411\u0430\u0442\u0438\u043d \u0419\u042b\u041b\u041c\u0410\u0417<\/strong><\/p>","protected":false},"excerpt":{"rendered":"<p>Ki\u015fiyi h\u00fcrriyetinden yoksun k\u0131lma, bir ki\u015finin&nbsp;hukuka ayk\u0131r\u0131 \u015fekilde: Buradaki kritik nokta \u015fudur: Ki\u015finin \u00f6zg\u00fcrl\u00fc\u011f\u00fcne yap\u0131lan m\u00fcdahale&nbsp;hukuka ayk\u0131r\u0131&nbsp;olmal\u0131d\u0131r. \u00d6rne\u011fin kanunun a\u00e7\u0131k\u00e7a izin verdi\u011fi bir yakalama\/koruma tedbiri gibi&nbsp;hukuka uygunluk&nbsp;h\u00e2lleri varsa (somut olaya g\u00f6re de\u011ferlendirilir), su\u00e7 olu\u015fmayabilir. Yarg\u0131tay, bu su\u00e7la korunan de\u011ferin&nbsp;ki\u015filerin kendi arzusu ve iradesi \u00e7er\u00e7evesinde hareket edebilme h\u00fcrriyeti&nbsp;oldu\u011funu a\u00e7\u0131k\u00e7a vurgular. Su\u00e7un Konusu: \u201cBir yere gitmek\u201d veya [&hellip;]<\/p>\n","protected":false},"author":2,"featured_media":2737,"comment_status":"open","ping_status":"open","sticky":false,"template":"","format":"standard","meta":{"_joinchat":[],"footnotes":""},"categories":[61],"tags":[393,392],"class_list":["post-2734","post","type-post","status-publish","format-standard","has-post-thumbnail","hentry","category-ceza-hukuku","tag-kisiyi-hurriyetinden-yoksun-kilma-nedir","tag-tck-109"],"_links":{"self":[{"href":"https:\/\/batinyilmaz.av.tr\/ru\/wp-json\/wp\/v2\/posts\/2734","targetHints":{"allow":["GET"]}}],"collection":[{"href":"https:\/\/batinyilmaz.av.tr\/ru\/wp-json\/wp\/v2\/posts"}],"about":[{"href":"https:\/\/batinyilmaz.av.tr\/ru\/wp-json\/wp\/v2\/types\/post"}],"author":[{"embeddable":true,"href":"https:\/\/batinyilmaz.av.tr\/ru\/wp-json\/wp\/v2\/users\/2"}],"replies":[{"embeddable":true,"href":"https:\/\/batinyilmaz.av.tr\/ru\/wp-json\/wp\/v2\/comments?post=2734"}],"version-history":[{"count":1,"href":"https:\/\/batinyilmaz.av.tr\/ru\/wp-json\/wp\/v2\/posts\/2734\/revisions"}],"predecessor-version":[{"id":2736,"href":"https:\/\/batinyilmaz.av.tr\/ru\/wp-json\/wp\/v2\/posts\/2734\/revisions\/2736"}],"wp:featuredmedia":[{"embeddable":true,"href":"https:\/\/batinyilmaz.av.tr\/ru\/wp-json\/wp\/v2\/media\/2737"}],"wp:attachment":[{"href":"https:\/\/batinyilmaz.av.tr\/ru\/wp-json\/wp\/v2\/media?parent=2734"}],"wp:term":[{"taxonomy":"category","embeddable":true,"href":"https:\/\/batinyilmaz.av.tr\/ru\/wp-json\/wp\/v2\/categories?post=2734"},{"taxonomy":"post_tag","embeddable":true,"href":"https:\/\/batinyilmaz.av.tr\/ru\/wp-json\/wp\/v2\/tags?post=2734"}],"curies":[{"name":"wp","href":"https:\/\/api.w.org\/{rel}","templated":true}]}}