{"id":2720,"date":"2026-02-20T08:00:00","date_gmt":"2026-02-20T05:00:00","guid":{"rendered":"https:\/\/batinyilmaz.av.tr\/?p=2720"},"modified":"2026-02-19T14:28:38","modified_gmt":"2026-02-19T11:28:38","slug":"tck-108-cebir-nedir","status":"publish","type":"post","link":"https:\/\/batinyilmaz.av.tr\/ru\/tck-108-cebir-nedir\/","title":{"rendered":"TCK 108 Cebir Nedir?"},"content":{"rendered":"<div id=\"ez-toc-container\" class=\"ez-toc-v2_0_85 counter-hierarchy ez-toc-counter ez-toc-grey ez-toc-container-direction\">\n<div class=\"ez-toc-title-container\">\n<p class=\"ez-toc-title\" style=\"cursor:inherit\">\u0417\u0430\u0433\u043e\u043b\u043e\u0432\u043a\u0438<\/p>\n<span class=\"ez-toc-title-toggle\"><a href=\"#\" class=\"ez-toc-pull-right ez-toc-btn ez-toc-btn-xs ez-toc-btn-default ez-toc-toggle\" aria-label=\"Toggle Table of Content\"><span class=\"ez-toc-js-icon-con\"><span class=\"\"><span class=\"eztoc-hide\" style=\"display:none;\">\u041f\u0435\u0440\u0435\u043a\u043b\u044e\u0447\u0430\u0442\u0435\u043b\u044c<\/span><span class=\"ez-toc-icon-toggle-span\"><svg style=\"fill: #999;color:#999\" xmlns=\"http:\/\/www.w3.org\/2000\/svg\" class=\"list-377408\" width=\"20px\" height=\"20px\" viewbox=\"0 0 24 24\" fill=\"none\"><path d=\"M6 6H4v2h2V6zm14 0H8v2h12V6zM4 11h2v2H4v-2zm16 0H8v2h12v-2zM4 16h2v2H4v-2zm16 0H8v2h12v-2z\" fill=\"currentColor\"><\/path><\/svg><svg style=\"fill: #999;color:#999\" class=\"arrow-unsorted-368013\" xmlns=\"http:\/\/www.w3.org\/2000\/svg\" width=\"10px\" height=\"10px\" viewbox=\"0 0 24 24\" version=\"1.2\" baseprofile=\"tiny\"><path d=\"M18.2 9.3l-6.2-6.3-6.2 6.3c-.2.2-.3.4-.3.7s.1.5.3.7c.2.2.4.3.7.3h11c.3 0 .5-.1.7-.3.2-.2.3-.5.3-.7s-.1-.5-.3-.7zM5.8 14.7l6.2 6.3 6.2-6.3c.2-.2.3-.5.3-.7s-.1-.5-.3-.7c-.2-.2-.4-.3-.7-.3h-11c-.3 0-.5.1-.7.3-.2.2-.3.5-.3.7s.1.5.3.7z\"\/><\/svg><\/span><\/span><\/span><\/a><\/span><\/div>\n<nav><ul class='ez-toc-list ez-toc-list-level-1' ><li class='ez-toc-page-1 ez-toc-heading-level-2'><a class=\"ez-toc-link ez-toc-heading-1\" href=\"https:\/\/batinyilmaz.av.tr\/ru\/tck-108-cebir-nedir\/#TCK_108de_Korunan_Hukuki_Deger_Nedir\" >TCK 108\u2019de Korunan Hukuki De\u011fer Nedir?<\/a><\/li><li class='ez-toc-page-1 ez-toc-heading-level-2'><a class=\"ez-toc-link ez-toc-heading-2\" href=\"https:\/\/batinyilmaz.av.tr\/ru\/tck-108-cebir-nedir\/#TCK_108in_Unsurlari_Nelerdir\" >TCK 108\u2019in Unsurlar\u0131 Nelerdir?<\/a><\/li><li class='ez-toc-page-1 ez-toc-heading-level-2'><a class=\"ez-toc-link ez-toc-heading-3\" href=\"https:\/\/batinyilmaz.av.tr\/ru\/tck-108-cebir-nedir\/#Kasten_Yaralama_ile_Baglanti\" >Kasten Yaralama ile Ba\u011flant\u0131<\/a><\/li><li class='ez-toc-page-1 ez-toc-heading-level-2'><a class=\"ez-toc-link ez-toc-heading-4\" href=\"https:\/\/batinyilmaz.av.tr\/ru\/tck-108-cebir-nedir\/#TCK_108_Cebir_ile_Diger_Kavramlar_Arasindaki_Farklar\" >TCK 108 Cebir ile Di\u011fer Kavramlar Aras\u0131ndaki Farklar<\/a><\/li><li class='ez-toc-page-1 ez-toc-heading-level-2'><a class=\"ez-toc-link ez-toc-heading-5\" href=\"https:\/\/batinyilmaz.av.tr\/ru\/tck-108-cebir-nedir\/#Sikca_Sorulan_Sorular_SSS\" >\u0427\u0430\u0441\u0442\u043e \u0437\u0430\u0434\u0430\u0432\u0430\u0435\u043c\u044b\u0435 \u0432\u043e\u043f\u0440\u043e\u0441\u044b (\u0427\u0417\u0412)<\/a><\/li><\/ul><\/nav><\/div>\n\n<p class=\"wp-block-paragraph\"><strong>TCK 108 cebir<\/strong>, bir ki\u015fiye kar\u015f\u0131&nbsp;<strong>fiziksel g\u00fc\u00e7<\/strong>&nbsp;kullanarak onu:<\/p>\n\n\n\n<ul class=\"wp-block-list\">\n<li>bir \u015feyi\u00a0<strong>yapmaya<\/strong>,<\/li>\n\n\n\n<li>bir \u015feyi\u00a0<strong>yapmamaya<\/strong>, veya<\/li>\n\n\n\n<li>bir \u015feye\u00a0<strong>m\u00fcsaade etmeye<\/strong>\u00a0(izin vermeye\/katlanmaya)<\/li>\n<\/ul>\n\n\n\n<p class=\"wp-block-paragraph\">zorlamay\u0131 ifade eder.<\/p>\n\n\n\n<p class=\"wp-block-paragraph\">Cebirde esas nokta, fiziksel g\u00fcc\u00fcn ma\u011fdurun&nbsp;<strong>irade olu\u015fturma<\/strong>&nbsp;\u0438&nbsp;<strong>iradi hareket serbestisini<\/strong>&nbsp;ihlale elveri\u015fli olmas\u0131d\u0131r. Yarg\u0131tay Ceza Genel Kurulu da cebri, ki\u015finin iradesi \u00fczerinde&nbsp;<strong>zorlay\u0131c\u0131 (zecr\u00ee) etki<\/strong>&nbsp;do\u011furan fiziki g\u00fc\u00e7 kullan\u0131m\u0131 olarak tan\u0131mlar.<\/p>\n\n\n\n<hr class=\"wp-block-separator has-alpha-channel-opacity\"\/>\n\n\n\n<h2 class=\"wp-block-heading\"><span class=\"ez-toc-section\" id=\"TCK_108de_Korunan_Hukuki_Deger_Nedir\"><\/span><strong>TCK 108\u2019de Korunan Hukuki De\u011fer Nedir?<\/strong><span class=\"ez-toc-section-end\"><\/span><\/h2>\n\n\n\n<p class=\"wp-block-paragraph\"><strong>Ki\u015finin Hareket \u00d6zg\u00fcrl\u00fc\u011f\u00fc ve \u0130rade Serbestisi<\/strong><\/p>\n\n\n\n<p class=\"wp-block-paragraph\">Cebir d\u00fczenlemesinin merkezinde, bireyin&nbsp;<strong>kendi iradesiyle karar verebilmesi<\/strong>&nbsp;\u0438&nbsp;<strong>bedensel dokunulmazl\u0131k\/hareket serbestisi<\/strong>&nbsp;bulunur.<\/p>\n\n\n\n<p class=\"wp-block-paragraph\">Ceza Genel Kurulu kararlar\u0131nda, bu su\u00e7la cezaland\u0131r\u0131lmak istenen hususun, ki\u015filerin <strong>hareket \u00f6zg\u00fcrl\u00fc\u011f\u00fcn\u00fcn hukuka ayk\u0131r\u0131 bi\u00e7imde kald\u0131r\u0131lmas\u0131 veya s\u0131n\u0131rlanmas\u0131<\/strong>&nbsp;oldu\u011fu vurgulan\u0131r.<\/p>\n\n\n\n<hr class=\"wp-block-separator has-alpha-channel-opacity\"\/>\n\n\n\n<h2 class=\"wp-block-heading\"><span class=\"ez-toc-section\" id=\"TCK_108in_Unsurlari_Nelerdir\"><\/span><strong>TCK 108\u2019in Unsurlar\u0131 Nelerdir?<\/strong><span class=\"ez-toc-section-end\"><\/span><\/h2>\n\n\n\n<p class=\"wp-block-paragraph\"><strong>Ma\u011fdura Kar\u015f\u0131 Fiziksel G\u00fc\u00e7 Kullan\u0131lmas\u0131<\/strong><\/p>\n\n\n\n<p class=\"wp-block-paragraph\">TCK 108 \u201ccebir\u201d dedi\u011finde,&nbsp;<strong>fiziki g\u00fc\u00e7<\/strong>&nbsp;(\u015fiddet) unsurunu i\u015faret eder. Bu g\u00fc\u00e7 kullan\u0131m\u0131, \u00e7o\u011fu zaman kasten yaralama kapsam\u0131nda de\u011ferlendirilebilecek bir fiille somutla\u015f\u0131r.<\/p>\n\n\n\n<p class=\"wp-block-paragraph\"><strong>Fiziksel g\u00fc\u00e7 mutlaka a\u011f\u0131r yaralama m\u0131 olmal\u0131?<\/strong><\/p>\n\n\n\n<p class=\"wp-block-paragraph\">Hay\u0131r. \u0130\u00e7tihat yakla\u015f\u0131m\u0131nda, cebrin olu\u015fmas\u0131 i\u00e7in ma\u011fdurun iradesini k\u0131rmaya elveri\u015fli&nbsp;<strong>bir fiziki kuvvet kullan\u0131m\u0131<\/strong>&nbsp;yeterli kabul edilir. Ancak kullan\u0131lan g\u00fc\u00e7 ve yaralaman\u0131n a\u011f\u0131rl\u0131\u011f\u0131,&nbsp;<strong>kasten yaralama h\u00fck\u00fcmleri<\/strong>&nbsp;\u00fczerinden ayr\u0131ca ceza hesab\u0131n\u0131 etkiler.<\/p>\n\n\n\n<p class=\"wp-block-paragraph\"><strong>Zorlama Amac\u0131 (Bir \u015eeyi Yapt\u0131rma\/Yapt\u0131rmama\/M\u00fcsaade Ettirme)<\/strong><\/p>\n\n\n\n<p class=\"wp-block-paragraph\">TCK 108\u2019in ay\u0131rt edici y\u00f6n\u00fc, fiziksel g\u00fcc\u00fcn&nbsp;<strong>ama\u00e7sal olarak<\/strong>&nbsp;kullan\u0131lmas\u0131d\u0131r. Yani \u015fiddet sadece \u201cdarp\u201d olarak kalmamal\u0131; ma\u011fduru belirli bir davran\u0131\u015fa y\u00f6neltmek i\u00e7in kullan\u0131lmal\u0131d\u0131r:<\/p>\n\n\n\n<ul class=\"wp-block-list\">\n<li>\u201c\u015eunu imzala\u201d diye kolunu b\u00fckmek, itmek, zorla tutmak<\/li>\n\n\n\n<li>\u201cBuradan \u00e7\u0131kma\u201d diye yolu kesip fiziksel g\u00fc\u00e7 uygulamak<\/li>\n\n\n\n<li>\u201cTelefonunu ver\u201d diye zorla \u00e7ekip almak vb.<\/li>\n<\/ul>\n\n\n\n<h2 class=\"wp-block-heading\"><span class=\"ez-toc-section\" id=\"Kasten_Yaralama_ile_Baglanti\"><\/span><strong>Kasten Yaralama ile Ba\u011flant\u0131 <\/strong><span class=\"ez-toc-section-end\"><\/span><\/h2>\n\n\n\n<p class=\"wp-block-paragraph\">TCK 108\u2019in en kritik y\u00f6n\u00fc \u015fudur:<\/p>\n\n\n\n<ul class=\"wp-block-list\">\n<li>Cebir varsa,\u00a0<strong>kasten yaralama su\u00e7undan verilecek ceza<\/strong>\u00a0belirlenir,<\/li>\n\n\n\n<li>ard\u0131ndan bu ceza\u00a0<strong>\u2153 ile \u00bd aras\u0131nda art\u0131r\u0131l\u0131r<\/strong>.<\/li>\n<\/ul>\n\n\n\n<p class=\"wp-block-paragraph\">Bu nedenle uygulamada TCK 108, \u201ckasten yaralama + cebir amac\u0131\u201d birle\u015fti\u011finde&nbsp;<strong>ceza art\u0131r\u0131m\u0131<\/strong>&nbsp;do\u011furan bir d\u00fczenlemedir.<\/p>\n\n\n\n<hr class=\"wp-block-separator has-alpha-channel-opacity\"\/>\n\n\n\n<h2 class=\"wp-block-heading\"><span class=\"ez-toc-section\" id=\"TCK_108_Cebir_ile_Diger_Kavramlar_Arasindaki_Farklar\"><\/span><strong>TCK 108 Cebir ile Di\u011fer Kavramlar Aras\u0131ndaki Farklar<\/strong><span class=\"ez-toc-section-end\"><\/span><\/h2>\n\n\n\n<p class=\"wp-block-paragraph\"><strong>Cebir (TCK 108) ile Tehdit Aras\u0131ndaki Fark<\/strong><\/p>\n\n\n\n<ul class=\"wp-block-list\">\n<li><strong>Cebir:<\/strong>\u00a0Fiziksel g\u00fc\u00e7 vard\u0131r (bedene y\u00f6nelen kuvvet).<\/li>\n\n\n\n<li><strong>Tehdit:<\/strong>\u00a0Fiziksel g\u00fc\u00e7 kullan\u0131lmadan, gelecekte k\u00f6t\u00fcl\u00fck yap\u0131laca\u011f\u0131 bildirimi vard\u0131r.<\/li>\n<\/ul>\n\n\n\n<p class=\"wp-block-paragraph\">Bir olayda hem cebir hem tehdit birlikte bulunabilir; ancak TCK 108\u2019in oda\u011f\u0131&nbsp;<strong>fiili fiziksel g\u00fc\u00e7<\/strong>t\u00fcr.<\/p>\n\n\n\n<p class=\"wp-block-paragraph\"><strong>Cebir ile Ki\u015fiyi H\u00fcrriyetinden Yoksun K\u0131lma (TCK 109) \u0130li\u015fkisi<\/strong><\/p>\n\n\n\n<p class=\"wp-block-paragraph\">Baz\u0131 olaylarda cebir kullan\u0131larak birinin hareket \u00f6zg\u00fcrl\u00fc\u011f\u00fc k\u0131s\u0131tlanabilir. Bu durumda, eylemin kapsam\u0131na g\u00f6re&nbsp;<strong>TCK 109 (ki\u015fiyi h\u00fcrriyetinden yoksun k\u0131lma)<\/strong>&nbsp;da g\u00fcndeme gelebilir. Hangi su\u00e7un olu\u015faca\u011f\u0131 veya birlikte uygulan\u0131p uygulanmayaca\u011f\u0131, somut olaya g\u00f6re (fiilin s\u00fcresi, yer de\u011fi\u015ftirme\/kapal\u0131 alanda tutma, kast, yo\u011funluk) de\u011ferlendirilir.<\/p>\n\n\n\n<hr class=\"wp-block-separator has-alpha-channel-opacity\"\/>\n\n\n\n<h2 class=\"wp-block-heading\"><span class=\"ez-toc-section\" id=\"Sikca_Sorulan_Sorular_SSS\"><\/span><strong>\u0427\u0430\u0441\u0442\u043e \u0437\u0430\u0434\u0430\u0432\u0430\u0435\u043c\u044b\u0435 \u0432\u043e\u043f\u0440\u043e\u0441\u044b (\u0427\u0417\u0412)<\/strong><span class=\"ez-toc-section-end\"><\/span><\/h2>\n\n\n\n<p class=\"wp-block-paragraph\"><strong>1)TCK 108 cebir nedir?<\/strong><\/p>\n\n\n\n<p class=\"wp-block-paragraph\">Bir ki\u015fiyi bir \u015feyi yapmaya\/yapmamaya veya yapmas\u0131na m\u00fcsaade etmeye zorlamak i\u00e7in&nbsp;<strong>fiziksel g\u00fc\u00e7 kullan\u0131lmas\u0131d\u0131r<\/strong>.<\/p>\n\n\n\n<p class=\"wp-block-paragraph\"><strong>2) TCK 108\u2019de ceza nedir?<\/strong><\/p>\n\n\n\n<p class=\"wp-block-paragraph\">Cebir uygulan\u0131rsa,&nbsp;<strong>kasten yaralama su\u00e7undan verilecek ceza<\/strong>&nbsp;belirlenir ve bu ceza&nbsp;<strong>\u2153\u2019ten \u00bd\u2019ye kadar art\u0131r\u0131l\u0131r<\/strong>.<\/p>\n\n\n\n<p class=\"wp-block-paragraph\"><strong>3) Cebir i\u00e7in mutlaka yaralanma gerekir mi?<\/strong><\/p>\n\n\n\n<p class=\"wp-block-paragraph\">Uygulamada cebir \u00e7o\u011funlukla kasten yaralama kapsam\u0131nda de\u011ferlendirilen bir fiziksel m\u00fcdahaleyi i\u00e7erir. Ancak \u00f6nemli olan, kullan\u0131lan fiziki g\u00fcc\u00fcn ma\u011fdurun iradesini k\u0131rmaya elveri\u015fli olmas\u0131d\u0131r. Yaralaman\u0131n derecesi ceza hesab\u0131n\u0131 etkileyebilir.<\/p>\n\n\n\n<p class=\"wp-block-paragraph\"><strong>4) Cebir ile tehdit ayn\u0131 \u015fey mi?<\/strong><\/p>\n\n\n\n<p class=\"wp-block-paragraph\">\u041d\u0435\u0442.&nbsp;<strong>Cebirde fiziksel g\u00fc\u00e7<\/strong>, tehditte ise&nbsp;<strong>korkutma ama\u00e7l\u0131 s\u00f6z\/davran\u0131\u015f<\/strong>&nbsp;\u00f6n plandad\u0131r. Ayn\u0131 olayda ikisi birlikte de bulunabilir.<\/p>\n\n\n\n<p class=\"wp-block-paragraph\"><strong>5)Cebir uygulan\u0131p birini bir yerde tutarsam hangi su\u00e7 olur?<\/strong><\/p>\n\n\n\n<p class=\"wp-block-paragraph\">Somut olaya g\u00f6re&nbsp;<strong>TCK 109 (ki\u015fiyi h\u00fcrriyetinden yoksun k\u0131lma)<\/strong>&nbsp;ve di\u011fer su\u00e7lar da g\u00fcndeme gelebilir. S\u00fcre, mekan, kast ve eylemin yo\u011funlu\u011fu belirleyicidir.<\/p>\n\n\n\n<p class=\"wp-block-paragraph\">Daha fazla bilgi i\u00e7in <strong>0532 669 34 90<\/strong> \u0438 <strong><a href=\"https:\/\/batinyilmaz.av.tr\/ru\/iletisim\/\">https:\/\/batinyilmaz.av.tr\/iletisim\/<\/a> <\/strong>adreslerimizden bizimle ileti\u015fime ge\u00e7ebilirsiniz. <\/p>\n\n\n\n<p class=\"wp-block-paragraph\"><strong>\u0410\u0434\u0432. \u0411\u0430\u0442\u0438\u043d \u0419\u042b\u041b\u041c\u0410\u0417 <\/strong><\/p>","protected":false},"excerpt":{"rendered":"<p>TCK 108 cebir, bir ki\u015fiye kar\u015f\u0131&nbsp;fiziksel g\u00fc\u00e7&nbsp;kullanarak onu: zorlamay\u0131 ifade eder. Cebirde esas nokta, fiziksel g\u00fcc\u00fcn ma\u011fdurun&nbsp;irade olu\u015fturma&nbsp;ve&nbsp;iradi hareket serbestisini&nbsp;ihlale elveri\u015fli olmas\u0131d\u0131r. Yarg\u0131tay Ceza Genel Kurulu da cebri, ki\u015finin iradesi \u00fczerinde&nbsp;zorlay\u0131c\u0131 (zecr\u00ee) etki&nbsp;do\u011furan fiziki g\u00fc\u00e7 kullan\u0131m\u0131 olarak tan\u0131mlar. TCK 108\u2019de Korunan Hukuki De\u011fer Nedir? Ki\u015finin Hareket \u00d6zg\u00fcrl\u00fc\u011f\u00fc ve \u0130rade Serbestisi Cebir d\u00fczenlemesinin merkezinde, bireyin&nbsp;kendi iradesiyle [&hellip;]<\/p>\n","protected":false},"author":2,"featured_media":2721,"comment_status":"open","ping_status":"open","sticky":false,"template":"","format":"standard","meta":{"_joinchat":[],"footnotes":""},"categories":[61],"tags":[390,389],"class_list":["post-2720","post","type-post","status-publish","format-standard","has-post-thumbnail","hentry","category-ceza-hukuku","tag-cebir-nedir","tag-tck-108"],"_links":{"self":[{"href":"https:\/\/batinyilmaz.av.tr\/ru\/wp-json\/wp\/v2\/posts\/2720","targetHints":{"allow":["GET"]}}],"collection":[{"href":"https:\/\/batinyilmaz.av.tr\/ru\/wp-json\/wp\/v2\/posts"}],"about":[{"href":"https:\/\/batinyilmaz.av.tr\/ru\/wp-json\/wp\/v2\/types\/post"}],"author":[{"embeddable":true,"href":"https:\/\/batinyilmaz.av.tr\/ru\/wp-json\/wp\/v2\/users\/2"}],"replies":[{"embeddable":true,"href":"https:\/\/batinyilmaz.av.tr\/ru\/wp-json\/wp\/v2\/comments?post=2720"}],"version-history":[{"count":2,"href":"https:\/\/batinyilmaz.av.tr\/ru\/wp-json\/wp\/v2\/posts\/2720\/revisions"}],"predecessor-version":[{"id":2723,"href":"https:\/\/batinyilmaz.av.tr\/ru\/wp-json\/wp\/v2\/posts\/2720\/revisions\/2723"}],"wp:featuredmedia":[{"embeddable":true,"href":"https:\/\/batinyilmaz.av.tr\/ru\/wp-json\/wp\/v2\/media\/2721"}],"wp:attachment":[{"href":"https:\/\/batinyilmaz.av.tr\/ru\/wp-json\/wp\/v2\/media?parent=2720"}],"wp:term":[{"taxonomy":"category","embeddable":true,"href":"https:\/\/batinyilmaz.av.tr\/ru\/wp-json\/wp\/v2\/categories?post=2720"},{"taxonomy":"post_tag","embeddable":true,"href":"https:\/\/batinyilmaz.av.tr\/ru\/wp-json\/wp\/v2\/tags?post=2720"}],"curies":[{"name":"wp","href":"https:\/\/api.w.org\/{rel}","templated":true}]}}