{"id":2685,"date":"2026-02-04T16:36:54","date_gmt":"2026-02-04T13:36:54","guid":{"rendered":"https:\/\/batinyilmaz.av.tr\/?p=2685"},"modified":"2026-08-05T13:13:30","modified_gmt":"2026-08-05T10:13:30","slug":"kentsel-donusum-surecinde-neden-uzman-bir-avukatla-calismalisiniz","status":"publish","type":"post","link":"https:\/\/batinyilmaz.av.tr\/ru\/kentsel-donusum-surecinde-neden-uzman-bir-avukatla-calismalisiniz\/","title":{"rendered":"Kentsel D\u00f6n\u00fc\u015f\u00fcm S\u00fcrecinde Neden Uzman Bir Avukatla \u00c7al\u0131\u015fmal\u0131s\u0131n\u0131z?"},"content":{"rendered":"<p class=\"wp-block-paragraph\">T\u00fcrkiye\u2019de kentsel d\u00f6n\u00fc\u015f\u00fcm s\u00fcreci her ge\u00e7en g\u00fcn h\u0131z kazanmakta, \u00f6zellikle deprem riski ta\u015f\u0131yan b\u00f6lgelerde bina yenileme \u00e7al\u0131\u015fmalar\u0131 artmaktad\u0131r. Ancak kentsel d\u00f6n\u00fc\u015f\u00fcm yaln\u0131zca teknik ve in\u015fai bir s\u00fcre\u00e7 de\u011fildir; <strong>son derece karma\u015f\u0131k ve ciddi hukuki riskler bar\u0131nd\u0131ran bir s\u00fcre\u00e7tir<\/strong>. Bu nedenle binas\u0131 kentsel d\u00f6n\u00fc\u015f\u00fcme girecek olan kat maliklerinin, s\u00fcrecin en ba\u015f\u0131ndan itibaren <strong>kentsel d\u00f6n\u00fc\u015f\u00fcm alan\u0131nda uzman bir avukatla \u00e7al\u0131\u015fmas\u0131 hayati \u00f6nem ta\u015f\u0131maktad\u0131r<\/strong>.<\/p>\n\n\n\n<p class=\"wp-block-paragraph\"><strong>Kentsel D\u00f6n\u00fc\u015f\u00fcm Dan\u0131\u015fmanl\u0131k Firmalar\u0131 Ger\u00e7ekten G\u00fcvenli mi?<\/strong><\/p>\n\n\n\n<p class=\"wp-block-paragraph\">Son y\u0131llarda kentsel d\u00f6n\u00fc\u015f\u00fcm\u00fcn h\u0131zlanmas\u0131yla birlikte, bu alanda dan\u0131\u015fmanl\u0131k hizmeti verdi\u011fini iddia eden bir\u00e7ok firma ortaya \u00e7\u0131km\u0131\u015ft\u0131r. Ancak <strong>avukat olmayan dan\u0131\u015fmanl\u0131k firmalar\u0131yla y\u00fcr\u00fct\u00fclen kentsel d\u00f6n\u00fc\u015f\u00fcm s\u00fcre\u00e7leri son derece risklidir<\/strong>.<\/p>\n\n\n\n<p class=\"wp-block-paragraph\">Zira;<\/p>\n\n\n\n<ul class=\"wp-block-list\">\n<li>Avukat olmayan bir dan\u0131\u015fmanl\u0131k firmas\u0131n\u0131n<\/li>\n\n\n\n<li>Kentsel d\u00f6n\u00fc\u015f\u00fcm s\u00f6zle\u015fmesindeki hukuki eksiklikleri<\/li>\n\n\n\n<li>\u0130leride do\u011fabilecek uyu\u015fmazl\u0131klar\u0131<\/li>\n\n\n\n<li>M\u00fcteahhit lehine haz\u0131rlanm\u0131\u015f dengesiz maddeleri<\/li>\n\n\n\n<li>Kat maliklerinin hak kayb\u0131na yol a\u00e7abilecek h\u00fck\u00fcmleri<\/li>\n<\/ul>\n\n\n\n<p class=\"wp-block-paragraph\">tespit edebilmesi <strong>m\u00fcmk\u00fcn de\u011fildir<\/strong>.<\/p>\n\n\n\n<p class=\"wp-block-paragraph\">Unutulmamal\u0131d\u0131r ki kentsel d\u00f6n\u00fc\u015f\u00fcm s\u00f6zle\u015fmeleri, ileride milyonlarca liral\u0131k hak kay\u0131plar\u0131na yol a\u00e7abilecek h\u00fck\u00fcmler i\u00e7erebilir. Bu s\u00f6zle\u015fmelerin yaln\u0131zca \u201cokunmas\u0131\u201d de\u011fil, <strong>hukuki a\u00e7\u0131dan analiz edilmesi<\/strong> gerekir. Bu da ancak alan\u0131nda uzman bir avukat taraf\u0131ndan yap\u0131labilir.<\/p>\n\n\n\n<p class=\"wp-block-paragraph\"><strong>Kentsel D\u00f6n\u00fc\u015f\u00fcmde En B\u00fcy\u00fck Sorun: Yetersiz M\u00fcteahhitler<\/strong><\/p>\n\n\n\n<p class=\"wp-block-paragraph\">Kentsel d\u00f6n\u00fc\u015f\u00fcm alan\u0131nda kar\u015f\u0131la\u015f\u0131lan en b\u00fcy\u00fck sorunlardan biri, <strong>i\u015f g\u00fcc\u00fc ve mali y\u00f6nden yetersiz firmalar\u0131n her projeye talip olmas\u0131d\u0131r<\/strong>. Uygulamada;<\/p>\n\n\n\n<ul class=\"wp-block-list\">\n<li>Hayat\u0131nda hi\u00e7 in\u015faat yapmam\u0131\u015f,<\/li>\n\n\n\n<li>Daha \u00f6nce tek bir bina dahi teslim etmemi\u015f,<\/li>\n\n\n\n<li>Yeterli teknik kadroya ve mali g\u00fcce sahip olmayan<\/li>\n<\/ul>\n\n\n\n<p class=\"wp-block-paragraph\">firmalar\u0131n dahi \u201ckentsel d\u00f6n\u00fc\u015f\u00fcmde uzman\u0131z\u201d diyerek projelere teklif verdi\u011fi g\u00f6r\u00fclmektedir.<\/p>\n\n\n\n<p class=\"wp-block-paragraph\">Bununla birlikte, in\u015faat sekt\u00f6r\u00fcnde faaliyet g\u00f6steriyor olsa dahi <strong>i\u015f g\u00fcc\u00fc yetersiz olan firmalar\u0131n<\/strong>, ayn\u0131 anda bir\u00e7ok kentsel d\u00f6n\u00fc\u015f\u00fcm projesini \u00fcstlendi\u011fi ve bu nedenle projeleri zaman\u0131nda tamamlayamad\u0131\u011f\u0131 da s\u0131k\u00e7a kar\u015f\u0131la\u015f\u0131lan bir durumdur. Bu durum, kat maliklerinin y\u0131llarca evlerine kavu\u015famamas\u0131na ve ciddi ma\u011fduriyetler ya\u015famas\u0131na neden olmaktad\u0131r.<\/p>\n\n\n\n<p class=\"wp-block-paragraph\"><strong>M\u00fcteahhit Firma Mutlaka Detayl\u0131 \u015eekilde Ara\u015ft\u0131r\u0131lmal\u0131d\u0131r<\/strong><\/p>\n\n\n\n<p class=\"wp-block-paragraph\">Kentsel d\u00f6n\u00fc\u015f\u00fcm s\u00fcrecinde m\u00fcteahhit se\u00e7imi yap\u0131l\u0131rken, yaln\u0131zca firman\u0131n sundu\u011fu vaatlere veya g\u00f6rsel sunumlara g\u00fcvenilmemelidir. \u0130lk yap\u0131lmas\u0131 gereken, <strong>m\u00fcteahhit firman\u0131n daha \u00f6nce tamamlad\u0131\u011f\u0131 projelerin yerinde g\u00f6r\u00fclmesidir<\/strong>.<\/p>\n\n\n\n<p class=\"wp-block-paragraph\">Ancak burada da \u00f6nemli bir risk bulunmaktad\u0131r:<br>Uygulamada baz\u0131 firmalar\u0131n, <strong>kendi yapmad\u0131klar\u0131 projeleri yapm\u0131\u015f gibi g\u00f6sterdi\u011fi<\/strong> .<\/p>\n\n\n\n<p class=\"wp-block-paragraph\">\u041f\u043e\u044d\u0442\u043e\u043c\u0443;<\/p>\n\n\n\n<ul class=\"wp-block-list\">\n<li>M\u00fcteahhit firman\u0131n ticaret sicil kay\u0131tlar\u0131<\/li>\n\n\n\n<li>Daha \u00f6nce taraf oldu\u011fu icra dosyalar\u0131<\/li>\n\n\n\n<li>Devam eden veya sonu\u00e7lanm\u0131\u015f dava dosyalar\u0131<\/li>\n\n\n\n<li>Kat malikleriyle ya\u015fad\u0131\u011f\u0131 uyu\u015fmazl\u0131klar<\/li>\n<\/ul>\n\n\n\n<p class=\"wp-block-paragraph\">tek tek incelenmelidir.<\/p>\n\n\n\n<p class=\"wp-block-paragraph\">\u00d6zellikle ge\u00e7mi\u015f ticari hayat\u0131nda;<\/p>\n\n\n\n<ul class=\"wp-block-list\">\n<li>Ba\u015fka firmalara bor\u00e7 b\u0131rakm\u0131\u015f,<\/li>\n\n\n\n<li>Kat maliklerini ma\u011fdur etmi\u015f,<\/li>\n\n\n\n<li>Ticari ahlaka ayk\u0131r\u0131 davran\u0131\u015flar sergilemi\u015f<\/li>\n<\/ul>\n\n\n\n<p class=\"wp-block-paragraph\">m\u00fcteahhit firmalar\u0131n, kentsel d\u00f6n\u00fc\u015f\u00fcm s\u00fcrecini sa\u011fl\u0131kl\u0131 bir \u015fekilde y\u00fcr\u00fctme ihtimali son derece d\u00fc\u015f\u00fckt\u00fcr. Bu incelemelerin tamam\u0131, <strong>hukuki bilgi ve tecr\u00fcbe gerektirir<\/strong>.<\/p>\n\n\n\n<p class=\"wp-block-paragraph\"><strong>Kentsel D\u00f6n\u00fc\u015f\u00fcm S\u00f6zle\u015fmelerinde En Kritik Hususlardan Biri: \u0130n\u015faat Ruhsat\u0131 Tarihi<\/strong><\/p>\n\n\n\n<p class=\"wp-block-paragraph\">M\u00fcteahhitle noter huzurunda yap\u0131lacak kentsel d\u00f6n\u00fc\u015f\u00fcm s\u00f6zle\u015fmelerinde en s\u0131k g\u00f6zden ka\u00e7\u0131r\u0131lan ancak <strong>en hayati maddelerden biri<\/strong>, m\u00fcteahhit firman\u0131n <strong>in\u015faat ruhsat\u0131n\u0131 alaca\u011f\u0131 tarihin a\u00e7\u0131k ve net \u015fekilde belirtilmesidir<\/strong>.<\/p>\n\n\n\n<p class=\"wp-block-paragraph\">E\u011fer s\u00f6zle\u015fmede;<\/p>\n\n\n\n<ul class=\"wp-block-list\">\n<li>\u0130n\u015faat ruhsat\u0131n\u0131n hangi tarihe kadar al\u0131naca\u011f\u0131 a\u00e7\u0131k\u00e7a yaz\u0131lmam\u0131\u015fsa,<\/li>\n\n\n\n<li>S\u00fcreye ba\u011flanmam\u0131\u015fsa,<\/li>\n\n\n\n<li>Yapt\u0131r\u0131ma ba\u011flanmam\u0131\u015fsa<\/li>\n<\/ul>\n\n\n\n<p class=\"wp-block-paragraph\">m\u00fcteahhit firma, yap\u0131 ruhsat\u0131n\u0131 <strong>y\u0131llar sonra alabilir<\/strong>. Bu durumda kat malikleri hem zaman kayb\u0131na u\u011frar hem de hukuki haklar\u0131n\u0131 kullanmakta ciddi zorluklar ya\u015far.<\/p>\n\n\n\n<p class=\"wp-block-paragraph\">Uygulamada bir\u00e7ok ma\u011fduriyetin, tam da bu noktadan kaynakland\u0131\u011f\u0131 g\u00f6r\u00fclmektedir.<\/p>\n\n\n\n<p class=\"wp-block-paragraph\"><strong>Kentsel D\u00f6n\u00fc\u015f\u00fcmde Avukatla \u00c7al\u0131\u015fmak Bir Tercih De\u011fil, Zorunluluktur<\/strong><\/p>\n\n\n\n<p class=\"wp-block-paragraph\">Kentsel d\u00f6n\u00fc\u015f\u00fcm s\u00fcreci;<\/p>\n\n\n\n<ul class=\"wp-block-list\">\n<li>S\u00f6zle\u015fme haz\u0131rl\u0131\u011f\u0131<\/li>\n\n\n\n<li>M\u00fcteahhit ara\u015ft\u0131rmas\u0131<\/li>\n\n\n\n<li>Hukuki risk analizi<\/li>\n\n\n\n<li>Kat malikleri aras\u0131ndaki ihtilaflar<\/li>\n\n\n\n<li>S\u00fcrecin ba\u015f\u0131ndan sonuna kadar hukuki takip<\/li>\n<\/ul>\n\n\n\n<p class=\"wp-block-paragraph\">gibi bir\u00e7ok a\u015famay\u0131 bar\u0131nd\u0131r\u0131r. Bu nedenle kentsel d\u00f6n\u00fc\u015f\u00fcmde avukatla \u00e7al\u0131\u015fmak bir \u201cekstra hizmet\u201d de\u011fil, <strong>zorunlu bir g\u00fcvencedir<\/strong>.<\/p>\n\n\n\n<p class=\"wp-block-paragraph\">Alan\u0131nda uzman bir kentsel d\u00f6n\u00fc\u015f\u00fcm avukat\u0131yla \u00e7al\u0131\u015f\u0131lmas\u0131, ileride telafisi m\u00fcmk\u00fcn olmayan hak kay\u0131plar\u0131n\u0131n \u00f6n\u00fcne ge\u00e7ilmesini sa\u011flar.<\/p>\n\n\n\n<p class=\"wp-block-paragraph\"><strong>Profesyonel Kentsel D\u00f6n\u00fc\u015f\u00fcm Hukuki Dan\u0131\u015fmanl\u0131\u011f\u0131 \u0130\u00e7in<\/strong><\/p>\n\n\n\n<p class=\"wp-block-paragraph\">Binan\u0131z kentsel d\u00f6n\u00fc\u015f\u00fcme girecekse, ma\u011fduriyet ya\u015famamak ad\u0131na s\u00fcrecin en ba\u015f\u0131ndan itibaren <strong>kentsel d\u00f6n\u00fc\u015f\u00fcm alan\u0131nda uzman bir avukatla \u00e7al\u0131\u015fman\u0131z b\u00fcy\u00fck \u00f6nem ta\u015f\u0131maktad\u0131r<\/strong>.<\/p>\n\n\n\n<p class=\"wp-block-paragraph\">Kentsel d\u00f6n\u00fc\u015f\u00fcm dan\u0131\u015fmanl\u0131k ve hukuki destek hizmetleri konusunda profesyonel destek almak i\u00e7in ofisimizle ileti\u015fime ge\u00e7ebilirsiniz.<\/p>\n\n\n\n<p class=\"wp-block-paragraph\">\u0410\u0434\u0432. \u0411\u0430\u0442\u0438\u043d \u0419\u042b\u041b\u041c\u0410\u0417 <\/p>","protected":false},"excerpt":{"rendered":"<p>T\u00fcrkiye\u2019de kentsel d\u00f6n\u00fc\u015f\u00fcm s\u00fcreci her ge\u00e7en g\u00fcn h\u0131z kazanmakta, \u00f6zellikle deprem riski ta\u015f\u0131yan b\u00f6lgelerde bina yenileme \u00e7al\u0131\u015fmalar\u0131 artmaktad\u0131r. Ancak kentsel d\u00f6n\u00fc\u015f\u00fcm yaln\u0131zca teknik ve in\u015fai bir s\u00fcre\u00e7 de\u011fildir; son derece karma\u015f\u0131k ve ciddi hukuki riskler bar\u0131nd\u0131ran bir s\u00fcre\u00e7tir. Bu nedenle binas\u0131 kentsel d\u00f6n\u00fc\u015f\u00fcme girecek olan kat maliklerinin, s\u00fcrecin en ba\u015f\u0131ndan itibaren kentsel d\u00f6n\u00fc\u015f\u00fcm alan\u0131nda uzman [&hellip;]<\/p>\n","protected":false},"author":2,"featured_media":2686,"comment_status":"open","ping_status":"open","sticky":false,"template":"","format":"standard","meta":{"_joinchat":[],"footnotes":""},"categories":[445],"tags":[243],"class_list":["post-2685","post","type-post","status-publish","format-standard","has-post-thumbnail","hentry","category-gayrimenkul-hukuku","tag-kentsel-donusum-sureci"],"_links":{"self":[{"href":"https:\/\/batinyilmaz.av.tr\/ru\/wp-json\/wp\/v2\/posts\/2685","targetHints":{"allow":["GET"]}}],"collection":[{"href":"https:\/\/batinyilmaz.av.tr\/ru\/wp-json\/wp\/v2\/posts"}],"about":[{"href":"https:\/\/batinyilmaz.av.tr\/ru\/wp-json\/wp\/v2\/types\/post"}],"author":[{"embeddable":true,"href":"https:\/\/batinyilmaz.av.tr\/ru\/wp-json\/wp\/v2\/users\/2"}],"replies":[{"embeddable":true,"href":"https:\/\/batinyilmaz.av.tr\/ru\/wp-json\/wp\/v2\/comments?post=2685"}],"version-history":[{"count":1,"href":"https:\/\/batinyilmaz.av.tr\/ru\/wp-json\/wp\/v2\/posts\/2685\/revisions"}],"predecessor-version":[{"id":2687,"href":"https:\/\/batinyilmaz.av.tr\/ru\/wp-json\/wp\/v2\/posts\/2685\/revisions\/2687"}],"wp:featuredmedia":[{"embeddable":true,"href":"https:\/\/batinyilmaz.av.tr\/ru\/wp-json\/wp\/v2\/media\/2686"}],"wp:attachment":[{"href":"https:\/\/batinyilmaz.av.tr\/ru\/wp-json\/wp\/v2\/media?parent=2685"}],"wp:term":[{"taxonomy":"category","embeddable":true,"href":"https:\/\/batinyilmaz.av.tr\/ru\/wp-json\/wp\/v2\/categories?post=2685"},{"taxonomy":"post_tag","embeddable":true,"href":"https:\/\/batinyilmaz.av.tr\/ru\/wp-json\/wp\/v2\/tags?post=2685"}],"curies":[{"name":"wp","href":"https:\/\/api.w.org\/{rel}","templated":true}]}}