{"id":2674,"date":"2026-02-03T10:43:47","date_gmt":"2026-02-03T07:43:47","guid":{"rendered":"https:\/\/batinyilmaz.av.tr\/?p=2674"},"modified":"2026-08-05T13:13:36","modified_gmt":"2026-08-05T10:13:36","slug":"kentsel-donusumde-bina-ortak-karar-protokolu-nedir-neden-hayati-oneme-sahiptir","status":"publish","type":"post","link":"https:\/\/batinyilmaz.av.tr\/ru\/kentsel-donusumde-bina-ortak-karar-protokolu-nedir-neden-hayati-oneme-sahiptir\/","title":{"rendered":"Kentsel D\u00f6n\u00fc\u015f\u00fcmde Bina Ortak Karar Protokol\u00fc Nedir? Neden Hayati \u00d6neme Sahiptir?"},"content":{"rendered":"<div id=\"ez-toc-container\" class=\"ez-toc-v2_0_85 counter-hierarchy ez-toc-counter ez-toc-grey ez-toc-container-direction\">\n<div class=\"ez-toc-title-container\">\n<p class=\"ez-toc-title\" style=\"cursor:inherit\">\u0417\u0430\u0433\u043e\u043b\u043e\u0432\u043a\u0438<\/p>\n<span class=\"ez-toc-title-toggle\"><a href=\"#\" class=\"ez-toc-pull-right ez-toc-btn ez-toc-btn-xs ez-toc-btn-default ez-toc-toggle\" aria-label=\"Toggle Table of Content\"><span class=\"ez-toc-js-icon-con\"><span class=\"\"><span class=\"eztoc-hide\" style=\"display:none;\">\u041f\u0435\u0440\u0435\u043a\u043b\u044e\u0447\u0430\u0442\u0435\u043b\u044c<\/span><span class=\"ez-toc-icon-toggle-span\"><svg style=\"fill: #999;color:#999\" xmlns=\"http:\/\/www.w3.org\/2000\/svg\" class=\"list-377408\" width=\"20px\" height=\"20px\" viewbox=\"0 0 24 24\" fill=\"none\"><path d=\"M6 6H4v2h2V6zm14 0H8v2h12V6zM4 11h2v2H4v-2zm16 0H8v2h12v-2zM4 16h2v2H4v-2zm16 0H8v2h12v-2z\" fill=\"currentColor\"><\/path><\/svg><svg style=\"fill: #999;color:#999\" class=\"arrow-unsorted-368013\" xmlns=\"http:\/\/www.w3.org\/2000\/svg\" width=\"10px\" height=\"10px\" viewbox=\"0 0 24 24\" version=\"1.2\" baseprofile=\"tiny\"><path d=\"M18.2 9.3l-6.2-6.3-6.2 6.3c-.2.2-.3.4-.3.7s.1.5.3.7c.2.2.4.3.7.3h11c.3 0 .5-.1.7-.3.2-.2.3-.5.3-.7s-.1-.5-.3-.7zM5.8 14.7l6.2 6.3 6.2-6.3c.2-.2.3-.5.3-.7s-.1-.5-.3-.7c-.2-.2-.4-.3-.7-.3h-11c-.3 0-.5.1-.7.3-.2.2-.3.5-.3.7s.1.5.3.7z\"\/><\/svg><\/span><\/span><\/span><\/a><\/span><\/div>\n<nav><ul class='ez-toc-list ez-toc-list-level-1' ><li class='ez-toc-page-1 ez-toc-heading-level-2'><a class=\"ez-toc-link ez-toc-heading-1\" href=\"https:\/\/batinyilmaz.av.tr\/ru\/kentsel-donusumde-bina-ortak-karar-protokolu-nedir-neden-hayati-oneme-sahiptir\/#Kentsel_Donusum_Surecinde_Karar_Alma_Sorunu\" >Kentsel D\u00f6n\u00fc\u015f\u00fcm S\u00fcrecinde Karar Alma Sorunu<\/a><\/li><li class='ez-toc-page-1 ez-toc-heading-level-2'><a class=\"ez-toc-link ez-toc-heading-2\" href=\"https:\/\/batinyilmaz.av.tr\/ru\/kentsel-donusumde-bina-ortak-karar-protokolu-nedir-neden-hayati-oneme-sahiptir\/#Kat_Malikleri_Kurulu_Karari_Neden_Risklidir\" >Kat Malikleri Kurulu Karar\u0131 Neden Risklidir?<\/a><\/li><li class='ez-toc-page-1 ez-toc-heading-level-2'><a class=\"ez-toc-link ez-toc-heading-3\" href=\"https:\/\/batinyilmaz.av.tr\/ru\/kentsel-donusumde-bina-ortak-karar-protokolu-nedir-neden-hayati-oneme-sahiptir\/#Bina_Ortak_Karar_Protokolu_Nedir\" >Bina Ortak Karar Protokol\u00fc Nedir?<\/a><\/li><li class='ez-toc-page-1 ez-toc-heading-level-2'><a class=\"ez-toc-link ez-toc-heading-4\" href=\"https:\/\/batinyilmaz.av.tr\/ru\/kentsel-donusumde-bina-ortak-karar-protokolu-nedir-neden-hayati-oneme-sahiptir\/#Kentsel_Donusumde_Sekil_Sarti_Var_mi\" >Kentsel D\u00f6n\u00fc\u015f\u00fcmde \u015eekil \u015eart\u0131 Var m\u0131?<\/a><\/li><li class='ez-toc-page-1 ez-toc-heading-level-2'><a class=\"ez-toc-link ez-toc-heading-5\" href=\"https:\/\/batinyilmaz.av.tr\/ru\/kentsel-donusumde-bina-ortak-karar-protokolu-nedir-neden-hayati-oneme-sahiptir\/#Vekalet_Siniri_Sorunu_ve_Ortak_Karar_Protokolu_Avantaji\" >Vek\u00e2let S\u0131n\u0131r\u0131 Sorunu ve Ortak Karar Protokol\u00fc Avantaj\u0131<\/a><\/li><li class='ez-toc-page-1 ez-toc-heading-level-2'><a class=\"ez-toc-link ez-toc-heading-6\" href=\"https:\/\/batinyilmaz.av.tr\/ru\/kentsel-donusumde-bina-ortak-karar-protokolu-nedir-neden-hayati-oneme-sahiptir\/#Kentsel_Donusum_Avukati_Destegi_Neden_Sarttir\" >Kentsel D\u00f6n\u00fc\u015f\u00fcm Avukat\u0131 Deste\u011fi Neden \u015eartt\u0131r?<\/a><\/li><li class='ez-toc-page-1 ez-toc-heading-level-2'><a class=\"ez-toc-link ez-toc-heading-7\" href=\"https:\/\/batinyilmaz.av.tr\/ru\/kentsel-donusumde-bina-ortak-karar-protokolu-nedir-neden-hayati-oneme-sahiptir\/#Kentsel_Donusumde_Dikkat_Edilmesi_Gerekenler_Arasinda_Neden_Ilk_Sirada\" >Kentsel D\u00f6n\u00fc\u015f\u00fcmde Dikkat Edilmesi Gerekenler Aras\u0131nda Neden \u0130lk S\u0131rada?<\/a><\/li><li class='ez-toc-page-1 ez-toc-heading-level-2'><a class=\"ez-toc-link ez-toc-heading-8\" href=\"https:\/\/batinyilmaz.av.tr\/ru\/kentsel-donusumde-bina-ortak-karar-protokolu-nedir-neden-hayati-oneme-sahiptir\/#Sonuc_Sureci_Baslatmak_Degil_Dogru_Baslatmak_Onemlidir\" >Sonu\u00e7: S\u00fcreci Ba\u015flatmak De\u011fil, Do\u011fru Ba\u015flatmak \u00d6nemlidir<\/a><\/li><\/ul><\/nav><\/div>\n\n<p class=\"wp-block-paragraph\">Kentsel d\u00f6n\u00fc\u015f\u00fcm s\u00fcreci, yaln\u0131zca bir binan\u0131n y\u0131k\u0131l\u0131p yeniden yap\u0131lmas\u0131ndan ibaret de\u011fildir. Aksine bu s\u00fcre\u00e7; <strong>hukuki, teknik ve mali bir\u00e7ok a\u015famay\u0131<\/strong> i\u00e7inde bar\u0131nd\u0131ran, do\u011fru y\u00f6netilmedi\u011fi takdirde y\u0131llarca s\u00fcr\u00fcncemede kalabilen ciddi bir s\u00fcre\u00e7tir. \u00d6zellikle <strong>\u0130stanbul\u2019da kentsel d\u00f6n\u00fc\u015f\u00fcm<\/strong> uygulamalar\u0131nda en s\u0131k kar\u015f\u0131la\u015f\u0131lan sorunlar\u0131n ba\u015f\u0131nda, kat malikleri aras\u0131nda <strong>karar alma a\u015famas\u0131nda yap\u0131lan hatalar<\/strong> gelmektedir.<\/p>\n\n\n\n<p class=\"wp-block-paragraph\">Bu noktada, kentsel d\u00f6n\u00fc\u015f\u00fcm s\u00fcrecinin sa\u011fl\u0131kl\u0131 ve h\u0131zl\u0131 ilerleyebilmesi i\u00e7in <strong>Bina Ortak Karar Protokol\u00fc<\/strong> kritik bir rol oynar. Uygulamada s\u0131kl\u0131kla g\u00f6z ard\u0131 edilen bu belge, ileride ya\u015fanabilecek ciddi hukuki risklerin \u00f6n\u00fcne ge\u00e7ilmesini sa\u011flar.<\/p>\n\n\n\n<hr class=\"wp-block-separator has-alpha-channel-opacity\"\/>\n\n\n\n<h2 class=\"wp-block-heading\"><span class=\"ez-toc-section\" id=\"Kentsel_Donusum_Surecinde_Karar_Alma_Sorunu\"><\/span><strong>Kentsel D\u00f6n\u00fc\u015f\u00fcm S\u00fcrecinde Karar Alma Sorunu<\/strong><span class=\"ez-toc-section-end\"><\/span><\/h2>\n\n\n\n<p class=\"wp-block-paragraph\">Kentsel d\u00f6n\u00fc\u015f\u00fcm s\u00fcrecine girilebilmesi i\u00e7in, <strong>kat maliklerinin arsa pay\u0131 oran\u0131na g\u00f6re en az %50 + 1 \u00e7o\u011funlu\u011funun<\/strong> d\u00f6n\u00fc\u015f\u00fcm y\u00f6n\u00fcnde irade ortaya koymas\u0131 gerekir. Ancak burada <strong>nas\u0131l bir y\u00f6ntemle<\/strong> bu karar\u0131n al\u0131nd\u0131\u011f\u0131, s\u00fcrecin kaderini do\u011frudan etkiler.<\/p>\n\n\n\n<p class=\"wp-block-paragraph\">Uygulamada s\u0131k\u00e7a yap\u0131lan hata, bu karar\u0131n <strong>Kat Malikleri Kurulu Genel Kurulu<\/strong> karar\u0131 \u015feklinde al\u0131nmas\u0131d\u0131r. Her ne kadar ilk bak\u0131\u015fta hukuka uygun gibi g\u00f6r\u00fcnse de, bu y\u00f6ntem ciddi riskler bar\u0131nd\u0131r\u0131r.<\/p>\n\n\n\n<hr class=\"wp-block-separator has-alpha-channel-opacity\"\/>\n\n\n\n<h2 class=\"wp-block-heading\"><span class=\"ez-toc-section\" id=\"Kat_Malikleri_Kurulu_Karari_Neden_Risklidir\"><\/span><strong>Kat Malikleri Kurulu Karar\u0131 Neden Risklidir?<\/strong><span class=\"ez-toc-section-end\"><\/span><\/h2>\n\n\n\n<p class=\"wp-block-paragraph\">Kat malikleri kurulu kararlar\u0131, <strong>Sulh Hukuk Mahkemelerinde iptal davas\u0131na<\/strong> konu edilebilir. Bu davalar s\u0131ras\u0131nda mahkeme, karar\u0131n uygulanmas\u0131n\u0131 durdurmak amac\u0131yla <strong>ihtiyati tedbir karar\u0131<\/strong> verebilir.<\/p>\n\n\n\n<p class=\"wp-block-paragraph\">Bu durumun sonu\u00e7lar\u0131 olduk\u00e7a a\u011f\u0131rd\u0131r:<\/p>\n\n\n\n<ul class=\"wp-block-list\">\n<li>Al\u0131nan kentsel d\u00f6n\u00fc\u015f\u00fcm karar\u0131 <strong>ask\u0131ya al\u0131n\u0131r<\/strong><\/li>\n\n\n\n<li>M\u00fcteahhit se\u00e7imi ve s\u00f6zle\u015fme s\u00fcreci durur<\/li>\n\n\n\n<li>Riskli yap\u0131 s\u00fcreci fiilen ba\u015flamaz<\/li>\n\n\n\n<li>\u0130n\u015faat takvimi belirsiz hale gelir<\/li>\n<\/ul>\n\n\n\n<p class=\"wp-block-paragraph\">\u041e\u0441\u043e\u0431\u0435\u043d\u043d\u043e <strong>\u0130stanbul\u2019da Sulh Hukuk Mahkemelerindeki yarg\u0131lama s\u00fcreleri<\/strong> dikkate al\u0131nd\u0131\u011f\u0131nda, bu davalar\u0131n <strong>1,5 \u2013 2 y\u0131l\u0131 bulmas\u0131<\/strong> son derece ola\u011fand\u0131r. Yani binan\u0131z riskli olsa bile, yaln\u0131zca usul hatas\u0131 nedeniyle kentsel d\u00f6n\u00fc\u015f\u00fcm s\u00fcreci <strong>y\u0131llarca ertelenebilir<\/strong>.<\/p>\n\n\n\n<hr class=\"wp-block-separator has-alpha-channel-opacity\"\/>\n\n\n\n<h2 class=\"wp-block-heading\"><span class=\"ez-toc-section\" id=\"Bina_Ortak_Karar_Protokolu_Nedir\"><\/span><strong>Bina Ortak Karar Protokol\u00fc Nedir?<\/strong><span class=\"ez-toc-section-end\"><\/span><\/h2>\n\n\n\n<p class=\"wp-block-paragraph\"><strong>Bina Ortak Karar Protokol\u00fc<\/strong>, kat maliklerinin kentsel d\u00f6n\u00fc\u015f\u00fcm iradesini ortaya koydu\u011fu, <strong>\u00f6zel hukuk s\u00f6zle\u015fmesi niteli\u011finde<\/strong> bir belgedir. Bu protokolde:<\/p>\n\n\n\n<ul class=\"wp-block-list\">\n<li>Kat maliklerinin d\u00f6n\u00fc\u015f\u00fcm iradesi a\u00e7\u0131k\u00e7a belirtilir<\/li>\n\n\n\n<li>M\u00fcteahhit se\u00e7imine ili\u015fkin esaslar belirlenir<\/li>\n\n\n\n<li>S\u00fcrecin nas\u0131l y\u00fcr\u00fct\u00fclece\u011fi netle\u015ftirilir<\/li>\n<\/ul>\n\n\n\n<p class=\"wp-block-paragraph\">En \u00f6nemli avantaj\u0131 ise \u015fudur:<br>\ud83d\udc49<strong>Bu protokol, kat malikleri kurulu karar\u0131 de\u011fildir.<\/strong><\/p>\n\n\n\n<p class=\"wp-block-paragraph\">Dolay\u0131s\u0131yla bu protokol\u00fcn <strong>iptali i\u00e7in a\u00e7\u0131lacak davalarda<\/strong>, Sulh Hukuk Mahkemeleri taraf\u0131ndan <strong>ihtiyati tedbir karar\u0131 verilmesi ihtimali neredeyse yoktur<\/strong>.<\/p>\n\n\n\n<hr class=\"wp-block-separator has-alpha-channel-opacity\"\/>\n\n\n\n<h2 class=\"wp-block-heading\"><span class=\"ez-toc-section\" id=\"Kentsel_Donusumde_Sekil_Sarti_Var_mi\"><\/span><strong>Kentsel D\u00f6n\u00fc\u015f\u00fcmde \u015eekil \u015eart\u0131 Var m\u0131?<\/strong><span class=\"ez-toc-section-end\"><\/span><\/h2>\n\n\n\n<p class=\"wp-block-paragraph\">Kentsel d\u00f6n\u00fc\u015f\u00fcm s\u00fcrecinde kat maliklerinin karar almas\u0131 i\u00e7in <strong>kanunen \u00f6ng\u00f6r\u00fclm\u00fc\u015f bir \u015fekil \u015fart\u0131 bulunmamaktad\u0131r<\/strong>. Yani karar\u0131n mutlaka genel kurulda al\u0131nmas\u0131 gibi bir zorunluluk yoktur.<\/p>\n\n\n\n<p class=\"wp-block-paragraph\">Bu da bina ortak karar protokol\u00fcn\u00fc:<\/p>\n\n\n\n<ul class=\"wp-block-list\">\n<li>Daha esnek<\/li>\n\n\n\n<li>Daha h\u0131zl\u0131<\/li>\n\n\n\n<li>Daha g\u00fcvenli<\/li>\n<\/ul>\n\n\n\n<p class=\"wp-block-paragraph\">bir y\u00f6ntem haline getirmektedir.<\/p>\n\n\n\n<p class=\"wp-block-paragraph\">Bu y\u00f6n\u00fcyle <strong>Kentsel D\u00f6n\u00fc\u015f\u00fcmde En \u00d6nemli Hususlar<\/strong> aras\u0131nda ilk s\u0131ralarda yer al\u0131r.<\/p>\n\n\n\n<hr class=\"wp-block-separator has-alpha-channel-opacity\"\/>\n\n\n\n<h2 class=\"wp-block-heading\"><span class=\"ez-toc-section\" id=\"Vekalet_Siniri_Sorunu_ve_Ortak_Karar_Protokolu_Avantaji\"><\/span><strong>Vek\u00e2let S\u0131n\u0131r\u0131 Sorunu ve Ortak Karar Protokol\u00fc Avantaj\u0131<\/strong><span class=\"ez-toc-section-end\"><\/span><\/h2>\n\n\n\n<p class=\"wp-block-paragraph\">Kat malikleri kurulu toplant\u0131lar\u0131nda, <strong>bir ki\u015fi en fazla 2 ki\u015fiyi vek\u00e2leten temsil edebilir<\/strong>. Bu durum \u00f6zellikle b\u00fcy\u00fck apartman ve sitelerde karar al\u0131nmas\u0131n\u0131 zorla\u015ft\u0131r\u0131r.<\/p>\n\n\n\n<p class=\"wp-block-paragraph\">\u041e\u0434\u043d\u0430\u043a\u043e <strong>bina ortak karar protokol\u00fcnde b\u00f6yle bir s\u0131n\u0131rlama yoktur<\/strong>. Kat malikleri:<\/p>\n\n\n\n<ul class=\"wp-block-list\">\n<li>Diledikleri ki\u015fiyi temsilci olarak belirleyebilir<\/li>\n\n\n\n<li>\u0130mzalar daha kolay toplanabilir<\/li>\n\n\n\n<li>M\u00fcteahhit se\u00e7imi ve yetkilendirme s\u00fcreci h\u0131zlan\u0131r<\/li>\n<\/ul>\n\n\n\n<p class=\"wp-block-paragraph\">Bu y\u00f6n\u00fcyle protokol, pratikte kentsel d\u00f6n\u00fc\u015f\u00fcm s\u00fcrecini <strong>kilitleyen en b\u00fcy\u00fck engellerden birini ortadan kald\u0131r\u0131r<\/strong>.<\/p>\n\n\n\n<hr class=\"wp-block-separator has-alpha-channel-opacity\"\/>\n\n\n\n<h2 class=\"wp-block-heading\"><span class=\"ez-toc-section\" id=\"Kentsel_Donusum_Avukati_Destegi_Neden_Sarttir\"><\/span><strong>Kentsel D\u00f6n\u00fc\u015f\u00fcm Avukat\u0131 Deste\u011fi Neden \u015eartt\u0131r?<\/strong><span class=\"ez-toc-section-end\"><\/span><\/h2>\n\n\n\n<p class=\"wp-block-paragraph\">Bina ortak karar protokol\u00fc, her ne kadar pratik bir \u00e7\u00f6z\u00fcm sunsa da <strong>hukuki hatalara a\u00e7\u0131k<\/strong> bir belgedir. Eksik, mu\u011flak veya yanl\u0131\u015f d\u00fczenlenen bir protokol:<\/p>\n\n\n\n<ul class=\"wp-block-list\">\n<li>Kat malikleri aras\u0131nda ihtilafa<\/li>\n\n\n\n<li>M\u00fcteahhit ile ciddi uyu\u015fmazl\u0131klara<\/li>\n\n\n\n<li>Hak kay\u0131plar\u0131na<\/li>\n<\/ul>\n\n\n\n<p class=\"wp-block-paragraph\">neden olabilir.<\/p>\n\n\n\n<p class=\"wp-block-paragraph\">Bu nedenle s\u00fcrecin ba\u015f\u0131nda bir <strong>Kentsel D\u00f6n\u00fc\u015f\u00fcm Avukat\u0131<\/strong> ile \u00e7al\u0131\u015f\u0131lmas\u0131, ileride telafisi m\u00fcmk\u00fcn olmayan zararlar\u0131n \u00f6n\u00fcne ge\u00e7er. \u00d6zellikle \u0130stanbul\u2019daki uygulamalar ve mahkeme i\u00e7tihatlar\u0131 dikkate al\u0131nd\u0131\u011f\u0131nda, standart metinlerle ilerlemek ciddi risk ta\u015f\u0131r.<\/p>\n\n\n\n<hr class=\"wp-block-separator has-alpha-channel-opacity\"\/>\n\n\n\n<h2 class=\"wp-block-heading\"><span class=\"ez-toc-section\" id=\"Kentsel_Donusumde_Dikkat_Edilmesi_Gerekenler_Arasinda_Neden_Ilk_Sirada\"><\/span><strong>Kentsel D\u00f6n\u00fc\u015f\u00fcmde Dikkat Edilmesi Gerekenler Aras\u0131nda Neden \u0130lk S\u0131rada?<\/strong><span class=\"ez-toc-section-end\"><\/span><\/h2>\n\n\n\n<p class=\"wp-block-paragraph\">\u00d6zetle;<\/p>\n\n\n\n<ul class=\"wp-block-list\">\n<li>Yanl\u0131\u015f karar alma y\u00f6ntemi \u2192 y\u0131llarca s\u00fcren davalar<\/li>\n\n\n\n<li>Genel kurul karar\u0131 \u2192 tedbir riski<\/li>\n\n\n\n<li>Ortak karar protokol\u00fc \u2192 s\u00fcrecin kesintisiz ilerlemesi<\/li>\n<\/ul>\n\n\n\n<p class=\"wp-block-paragraph\">\u041f\u043e\u044d\u0442\u043e\u043c\u0443 <strong>bina ortak karar protokol\u00fc<\/strong>, kentsel d\u00f6n\u00fc\u015f\u00fcm s\u00fcrecinin <strong>kilit ta\u015f\u0131<\/strong> niteli\u011findedir.<\/p>\n\n\n\n<hr class=\"wp-block-separator has-alpha-channel-opacity\"\/>\n\n\n\n<h2 class=\"wp-block-heading\"><span class=\"ez-toc-section\" id=\"Sonuc_Sureci_Baslatmak_Degil_Dogru_Baslatmak_Onemlidir\"><\/span><strong>Sonu\u00e7: S\u00fcreci Ba\u015flatmak De\u011fil, Do\u011fru Ba\u015flatmak \u00d6nemlidir<\/strong><span class=\"ez-toc-section-end\"><\/span><\/h2>\n\n\n\n<p class=\"wp-block-paragraph\">Kentsel d\u00f6n\u00fc\u015f\u00fcmde as\u0131l mesele karar almak de\u011fil, <strong>do\u011fru y\u00f6ntemle karar almakt\u0131r<\/strong>. Aksi halde iyi niyetle ba\u015flat\u0131lan bir s\u00fcre\u00e7, y\u0131llarca s\u00fcrecek hukuki bir \u00e7\u0131kmaza d\u00f6n\u00fc\u015febilir.<\/p>\n\n\n\n<p class=\"wp-block-paragraph\">Bu nedenle kentsel d\u00f6n\u00fc\u015f\u00fcm s\u00fcrecine girmeden \u00f6nce;<\/p>\n\n\n\n<ul class=\"wp-block-list\">\n<li>Karar alma y\u00f6ntemi<\/li>\n\n\n\n<li>Kullan\u0131lacak hukuki belgeler<\/li>\n\n\n\n<li>Yetkilendirme \u015fekli<\/li>\n<\/ul>\n\n\n\n<p class=\"wp-block-paragraph\">mutlaka profesyonel \u015fekilde planlanmal\u0131d\u0131r.<\/p>\n\n\n\n<p class=\"wp-block-paragraph\">\ud83d\udccc<strong>Ofisimiz, \u0130stanbul ba\u015fta olmak \u00fczere kentsel d\u00f6n\u00fc\u015f\u00fcm s\u00fcrecinin her a\u015famas\u0131nda hukuki dan\u0131\u015fmanl\u0131k ve avukatl\u0131k hizmeti sunmaktad\u0131r.<\/strong><br>S\u00fcrecin ba\u015f\u0131nda al\u0131nacak do\u011fru hukuki destek, sizi y\u0131llarca s\u00fcrebilecek dava ve gecikmelerden korur.<\/p>\n\n\n\n<p class=\"wp-block-paragraph\">Daha fazla bilgi i\u00e7in 0532 669 34 90 ve <a href=\"https:\/\/batinyilmaz.av.tr\/ru\/iletisim\/\">https:\/\/batinyilmaz.av.tr\/iletisim\/<\/a> adreslerimizden bizimle ileti\u015fime ge\u00e7ebilirsiniz. <\/p>\n\n\n\n<p class=\"wp-block-paragraph\">\u0410\u0434\u0432. \u0411\u0430\u0442\u0438\u043d \u0419\u042b\u041b\u041c\u0410\u0417<\/p>","protected":false},"excerpt":{"rendered":"<p>Kentsel d\u00f6n\u00fc\u015f\u00fcm s\u00fcreci, yaln\u0131zca bir binan\u0131n y\u0131k\u0131l\u0131p yeniden yap\u0131lmas\u0131ndan ibaret de\u011fildir. Aksine bu s\u00fcre\u00e7; hukuki, teknik ve mali bir\u00e7ok a\u015famay\u0131 i\u00e7inde bar\u0131nd\u0131ran, do\u011fru y\u00f6netilmedi\u011fi takdirde y\u0131llarca s\u00fcr\u00fcncemede kalabilen ciddi bir s\u00fcre\u00e7tir. \u00d6zellikle \u0130stanbul\u2019da kentsel d\u00f6n\u00fc\u015f\u00fcm uygulamalar\u0131nda en s\u0131k kar\u015f\u0131la\u015f\u0131lan sorunlar\u0131n ba\u015f\u0131nda, kat malikleri aras\u0131nda karar alma a\u015famas\u0131nda yap\u0131lan hatalar gelmektedir. Bu noktada, kentsel d\u00f6n\u00fc\u015f\u00fcm s\u00fcrecinin [&hellip;]<\/p>\n","protected":false},"author":2,"featured_media":2678,"comment_status":"open","ping_status":"open","sticky":false,"template":"","format":"standard","meta":{"_joinchat":[],"footnotes":""},"categories":[445],"tags":[372,252],"class_list":["post-2674","post","type-post","status-publish","format-standard","has-post-thumbnail","hentry","category-gayrimenkul-hukuku","tag-bina-ortak-karar-protokolu","tag-kentsel-donusum"],"_links":{"self":[{"href":"https:\/\/batinyilmaz.av.tr\/ru\/wp-json\/wp\/v2\/posts\/2674","targetHints":{"allow":["GET"]}}],"collection":[{"href":"https:\/\/batinyilmaz.av.tr\/ru\/wp-json\/wp\/v2\/posts"}],"about":[{"href":"https:\/\/batinyilmaz.av.tr\/ru\/wp-json\/wp\/v2\/types\/post"}],"author":[{"embeddable":true,"href":"https:\/\/batinyilmaz.av.tr\/ru\/wp-json\/wp\/v2\/users\/2"}],"replies":[{"embeddable":true,"href":"https:\/\/batinyilmaz.av.tr\/ru\/wp-json\/wp\/v2\/comments?post=2674"}],"version-history":[{"count":2,"href":"https:\/\/batinyilmaz.av.tr\/ru\/wp-json\/wp\/v2\/posts\/2674\/revisions"}],"predecessor-version":[{"id":2676,"href":"https:\/\/batinyilmaz.av.tr\/ru\/wp-json\/wp\/v2\/posts\/2674\/revisions\/2676"}],"wp:featuredmedia":[{"embeddable":true,"href":"https:\/\/batinyilmaz.av.tr\/ru\/wp-json\/wp\/v2\/media\/2678"}],"wp:attachment":[{"href":"https:\/\/batinyilmaz.av.tr\/ru\/wp-json\/wp\/v2\/media?parent=2674"}],"wp:term":[{"taxonomy":"category","embeddable":true,"href":"https:\/\/batinyilmaz.av.tr\/ru\/wp-json\/wp\/v2\/categories?post=2674"},{"taxonomy":"post_tag","embeddable":true,"href":"https:\/\/batinyilmaz.av.tr\/ru\/wp-json\/wp\/v2\/tags?post=2674"}],"curies":[{"name":"wp","href":"https:\/\/api.w.org\/{rel}","templated":true}]}}