{"id":2672,"date":"2026-01-30T16:09:53","date_gmt":"2026-01-30T13:09:53","guid":{"rendered":"https:\/\/batinyilmaz.av.tr\/?p=2672"},"modified":"2026-01-30T16:21:34","modified_gmt":"2026-01-30T13:21:34","slug":"tck-100-cocuk-dusurme-sucu-nedir","status":"publish","type":"post","link":"https:\/\/batinyilmaz.av.tr\/ru\/tck-100-cocuk-dusurme-sucu-nedir\/","title":{"rendered":"TCK 100 \u00c7ocuk D\u00fc\u015f\u00fcrme Su\u00e7u Nedir?"},"content":{"rendered":"<div id=\"ez-toc-container\" class=\"ez-toc-v2_0_85 counter-hierarchy ez-toc-counter ez-toc-grey ez-toc-container-direction\">\n<div class=\"ez-toc-title-container\">\n<p class=\"ez-toc-title\" style=\"cursor:inherit\">\u0417\u0430\u0433\u043e\u043b\u043e\u0432\u043a\u0438<\/p>\n<span class=\"ez-toc-title-toggle\"><a href=\"#\" class=\"ez-toc-pull-right ez-toc-btn ez-toc-btn-xs ez-toc-btn-default ez-toc-toggle\" aria-label=\"Toggle Table of Content\"><span class=\"ez-toc-js-icon-con\"><span class=\"\"><span class=\"eztoc-hide\" style=\"display:none;\">\u041f\u0435\u0440\u0435\u043a\u043b\u044e\u0447\u0430\u0442\u0435\u043b\u044c<\/span><span class=\"ez-toc-icon-toggle-span\"><svg style=\"fill: #999;color:#999\" xmlns=\"http:\/\/www.w3.org\/2000\/svg\" class=\"list-377408\" width=\"20px\" height=\"20px\" viewbox=\"0 0 24 24\" fill=\"none\"><path d=\"M6 6H4v2h2V6zm14 0H8v2h12V6zM4 11h2v2H4v-2zm16 0H8v2h12v-2zM4 16h2v2H4v-2zm16 0H8v2h12v-2z\" fill=\"currentColor\"><\/path><\/svg><svg style=\"fill: #999;color:#999\" class=\"arrow-unsorted-368013\" xmlns=\"http:\/\/www.w3.org\/2000\/svg\" width=\"10px\" height=\"10px\" viewbox=\"0 0 24 24\" version=\"1.2\" baseprofile=\"tiny\"><path d=\"M18.2 9.3l-6.2-6.3-6.2 6.3c-.2.2-.3.4-.3.7s.1.5.3.7c.2.2.4.3.7.3h11c.3 0 .5-.1.7-.3.2-.2.3-.5.3-.7s-.1-.5-.3-.7zM5.8 14.7l6.2 6.3 6.2-6.3c.2-.2.3-.5.3-.7s-.1-.5-.3-.7c-.2-.2-.4-.3-.7-.3h-11c-.3 0-.5.1-.7.3-.2.2-.3.5-.3.7s.1.5.3.7z\"\/><\/svg><\/span><\/span><\/span><\/a><\/span><\/div>\n<nav><ul class='ez-toc-list ez-toc-list-level-1' ><li class='ez-toc-page-1 ez-toc-heading-level-2'><a class=\"ez-toc-link ez-toc-heading-1\" href=\"https:\/\/batinyilmaz.av.tr\/ru\/tck-100-cocuk-dusurme-sucu-nedir\/#TCK_100_Cezasi_Nedir\" >TCK 100 Cezas\u0131 Nedir?<\/a><\/li><li class='ez-toc-page-1 ez-toc-heading-level-2'><a class=\"ez-toc-link ez-toc-heading-2\" href=\"https:\/\/batinyilmaz.av.tr\/ru\/tck-100-cocuk-dusurme-sucu-nedir\/#TCK_100_ile_TCK_99_Arasindaki_Fark_Nedir\" >TCK 100 ile TCK 99 Aras\u0131ndaki Fark Nedir?<\/a><\/li><li class='ez-toc-page-1 ez-toc-heading-level-2'><a class=\"ez-toc-link ez-toc-heading-3\" href=\"https:\/\/batinyilmaz.av.tr\/ru\/tck-100-cocuk-dusurme-sucu-nedir\/#Sikca_Sorulan_Sorular_SSS\" >\u0427\u0430\u0441\u0442\u043e \u0437\u0430\u0434\u0430\u0432\u0430\u0435\u043c\u044b\u0435 \u0432\u043e\u043f\u0440\u043e\u0441\u044b (\u0427\u0417\u0412)<\/a><\/li><\/ul><\/nav><\/div>\n\n<p class=\"wp-block-paragraph\"><strong>TCK 100 \u00e7ocuk d\u00fc\u015f\u00fcrme su\u00e7u<\/strong>, gebeli\u011fin&nbsp;<strong>10 haftadan fazla<\/strong>&nbsp;oldu\u011fu durumda, kad\u0131n\u0131n&nbsp;<strong>kendi iste\u011fiyle<\/strong>&nbsp;gebeli\u011fi sonland\u0131rmas\u0131n\u0131 (\u00e7ocu\u011fu d\u00fc\u015f\u00fcrmesini) cezai yapt\u0131r\u0131ma ba\u011flayan d\u00fczenlemedir.<\/p>\n\n\n\n<p class=\"wp-block-paragraph\">Bu madde, \u00f6zellikle \u201c<strong>10 haftay\u0131 ge\u00e7en gebelikte iste\u011fe ba\u011fl\u0131 sonland\u0131rma<\/strong>\u201d ile \u201c<strong>kanunun izin verdi\u011fi t\u0131bbi zorunluluk halleri<\/strong>\u201d ayr\u0131m\u0131nda g\u00fcndeme gelir.<\/p>\n\n\n\n<p class=\"wp-block-paragraph\"><strong>TCK 100\u2019\u00fcn Korudu\u011fu Hukuki De\u011fer Nedir?<\/strong><\/p>\n\n\n\n<p class=\"wp-block-paragraph\">Bu d\u00fczenleme ile devlet, gebeli\u011fin belli bir a\u015famas\u0131ndan sonra ceninin korunmas\u0131n\u0131 ve gebeli\u011fin keyfi \u015fekilde sonland\u0131r\u0131lmas\u0131n\u0131n \u00f6nlenmesini ama\u00e7lar. Ancak ayn\u0131 zamanda, sa\u011fl\u0131k hukuku boyutunda&nbsp;<strong>annenin hayat\u0131n\u0131\/sa\u011fl\u0131\u011f\u0131n\u0131 korumaya d\u00f6n\u00fck istisnalar<\/strong>&nbsp;da ayr\u0131 bir kanunda (2827 say\u0131l\u0131 Kanun) d\u00fczenlenmi\u015ftir.<\/p>\n\n\n\n<hr class=\"wp-block-separator has-alpha-channel-opacity\"\/>\n\n\n\n<h2 class=\"wp-block-heading\"><span class=\"ez-toc-section\" id=\"TCK_100_Cezasi_Nedir\"><\/span><strong>TCK 100 Cezas\u0131 Nedir?<\/strong><span class=\"ez-toc-section-end\"><\/span><\/h2>\n\n\n\n<p class=\"wp-block-paragraph\"><strong>Hapis veya Adli Para Cezas\u0131<\/strong><\/p>\n\n\n\n<p class=\"wp-block-paragraph\">TCK 100\u2019e g\u00f6re:<\/p>\n\n\n\n<ul class=\"wp-block-list\">\n<li><strong>1 y\u0131la kadar hapis<\/strong>\u00a0\u0438\u043b\u0438<\/li>\n\n\n\n<li><strong>adli para cezas\u0131<\/strong><\/li>\n<\/ul>\n\n\n\n<p class=\"wp-block-paragraph\">\u00f6ng\u00f6r\u00fclm\u00fc\u015ft\u00fcr.<\/p>\n\n\n\n<p class=\"wp-block-paragraph\"><strong>Hapis mi Para Cezas\u0131 m\u0131 Verilir?<\/strong><\/p>\n\n\n\n<p class=\"wp-block-paragraph\">Kanun \u201chapis veya adli para cezas\u0131\u201d dedi\u011fi i\u00e7in, mahkeme somut olaya g\u00f6re iki yapt\u0131r\u0131mdan birini tercih edebilir. Bu tercih; olay\u0131n ko\u015fullar\u0131, failin durumu, kast\u0131n yo\u011funlu\u011fu, deliller gibi fakt\u00f6rlere g\u00f6re \u015fekillenir.<\/p>\n\n\n\n<hr class=\"wp-block-separator has-alpha-channel-opacity\"\/>\n\n\n\n<p class=\"wp-block-paragraph\"><strong>TCK 100 ile K\u00fcrtaj (Gebeli\u011fin Sonland\u0131r\u0131lmas\u0131) Aras\u0131ndaki \u0130li\u015fki<\/strong><\/p>\n\n\n\n<p class=\"wp-block-paragraph\"><strong>10 Haftaya Kadar: \u0130ste\u011fe Ba\u011fl\u0131 Rejim (2827 say\u0131l\u0131 Kanun)<\/strong><\/p>\n\n\n\n<p class=\"wp-block-paragraph\"><strong>10. haftan\u0131n dolmas\u0131na kadar<\/strong>, annenin sa\u011fl\u0131\u011f\u0131 a\u00e7\u0131s\u0131ndan t\u0131bbi sak\u0131nca yoksa,&nbsp;<strong>istek \u00fczerine<\/strong>&nbsp;rahim tahliyesi m\u00fcmk\u00fcnd\u00fcr.<\/p>\n\n\n\n<p class=\"wp-block-paragraph\"><strong>10 Haftadan Sonra: \u0130stisnai Haller (T\u0131bbi Zorunluluk ve Rapor)<\/strong><\/p>\n\n\n\n<p class=\"wp-block-paragraph\">10 haftadan sonra gebeli\u011fin sona erdirilmesini ancak:<\/p>\n\n\n\n<ul class=\"wp-block-list\">\n<li><strong>annenin hayat\u0131n\u0131 tehdit eden<\/strong>\u00a0veya edece\u011fi haller,<\/li>\n\n\n\n<li>do\u011facak \u00e7ocuk\/nesiller bak\u0131m\u0131ndan\u00a0<strong>a\u011f\u0131r maluliyet<\/strong>\u00a0riski gibi durumlarda,<\/li>\n\n\n\n<li><strong>uzman raporlar\u0131<\/strong>\u00a0\u0438<\/li>\n<\/ul>\n\n\n\n<p class=\"wp-block-paragraph\">m\u00fcmk\u00fcn g\u00f6r\u00fcr.<\/p>\n\n\n\n<p class=\"wp-block-paragraph\">Bu \u00e7er\u00e7evede,&nbsp;<strong>10 haftadan sonra s\u0131rf \u201ciste\u011fe ba\u011fl\u0131\u201d sonland\u0131rma<\/strong>&nbsp;TCK 100 bak\u0131m\u0131ndan cezai risk do\u011furabilir.<\/p>\n\n\n\n<hr class=\"wp-block-separator has-alpha-channel-opacity\"\/>\n\n\n\n<h2 class=\"wp-block-heading\"><span class=\"ez-toc-section\" id=\"TCK_100_ile_TCK_99_Arasindaki_Fark_Nedir\"><\/span><strong>TCK 100 ile TCK 99 Aras\u0131ndaki Fark Nedir?<\/strong><span class=\"ez-toc-section-end\"><\/span><\/h2>\n\n\n\n<p class=\"wp-block-paragraph\"><strong>TCK 100: Kad\u0131n\u0131n Kendi Kendine D\u00fc\u015f\u00fcrmesi<\/strong><\/p>\n\n\n\n<ul class=\"wp-block-list\">\n<li>Fail:\u00a0<strong>Kad\u0131n<\/strong><\/li>\n\n\n\n<li>Fiil: Kendi gebeli\u011fini isteyerek sonland\u0131rma<\/li>\n\n\n\n<li>\u015eart:\u00a0<strong>10 haftadan fazla<\/strong><\/li>\n<\/ul>\n\n\n\n<p class=\"wp-block-paragraph\"><strong>TCK 99: Ba\u015fkas\u0131n\u0131n D\u00fc\u015f\u00fcrtmesi<\/strong><\/p>\n\n\n\n<ul class=\"wp-block-list\">\n<li>Fail:\u00a0<strong>\u00dc\u00e7\u00fcnc\u00fc ki\u015fi<\/strong>\u00a0(hekim d\u00e2hil, ko\u015fullara g\u00f6re)<\/li>\n\n\n\n<li>R\u0131za var\/yok, gebelik haftas\u0131 ve t\u0131bbi zorunluluk gibi kriterlere g\u00f6re farkl\u0131 cezalar g\u00fcndeme gelebilir.<\/li>\n<\/ul>\n\n\n\n<p class=\"wp-block-paragraph\"><em>Pratikte yanl\u0131\u015f madde \u00fczerinden de\u011ferlendirme yap\u0131lmamas\u0131 i\u00e7in, \u201ckim ger\u00e7ekle\u015ftirdi?\u201d sorusu kritik \u00f6nemdedir.<\/em><\/p>\n\n\n\n<hr class=\"wp-block-separator has-alpha-channel-opacity\"\/>\n\n\n\n<h2 class=\"wp-block-heading\"><span class=\"ez-toc-section\" id=\"Sikca_Sorulan_Sorular_SSS\"><\/span><strong>\u0427\u0430\u0441\u0442\u043e \u0437\u0430\u0434\u0430\u0432\u0430\u0435\u043c\u044b\u0435 \u0432\u043e\u043f\u0440\u043e\u0441\u044b (\u0427\u0417\u0412)<\/strong><span class=\"ez-toc-section-end\"><\/span><\/h2>\n\n\n\n<p class=\"wp-block-paragraph\"><strong>TCK 100 \u00e7ocuk d\u00fc\u015f\u00fcrme su\u00e7u nedir?<\/strong><\/p>\n\n\n\n<p class=\"wp-block-paragraph\"><strong>TCK 100 \u00e7ocuk d\u00fc\u015f\u00fcrme su\u00e7u<\/strong>, gebeli\u011fi&nbsp;<strong>10 haftadan fazla<\/strong>&nbsp;olan kad\u0131n\u0131n&nbsp;<strong>isteyerek<\/strong>&nbsp;gebeli\u011fini sonland\u0131rmas\u0131 halinde,&nbsp;<strong>1 y\u0131la kadar hapis veya adli para cezas\u0131<\/strong>&nbsp;\u00f6ng\u00f6ren su\u00e7 tipidir.<\/p>\n\n\n\n<p class=\"wp-block-paragraph\"><strong>10 haftadan sonra k\u00fcrtaj tamamen yasak m\u0131?<\/strong><\/p>\n\n\n\n<p class=\"wp-block-paragraph\">\u201cTamamen yasak\u201d demek do\u011fru olmaz.&nbsp; 10 haftadan sonra gebeli\u011fin sonland\u0131r\u0131lmas\u0131n\u0131&nbsp;<strong>ancak t\u0131bbi zorunluluk, annenin hayat\u0131n\u0131 tehdit gibi istisnai haller ve uzman raporlar\u0131yla<\/strong>&nbsp;m\u00fcmk\u00fcn g\u00f6r\u00fcr. Bunun d\u0131\u015f\u0131ndaki \u201ciste\u011fe ba\u011fl\u0131\u201d sonland\u0131rmalar TCK 100 a\u00e7\u0131s\u0131ndan riskli olabilir.<\/p>\n\n\n\n<p class=\"wp-block-paragraph\"><strong>TCK 100\u2019te ceza kesin hapis midir?<\/strong><\/p>\n\n\n\n<p class=\"wp-block-paragraph\">Hay\u0131r. Kanun,&nbsp;<strong>1 y\u0131la kadar hapis veya adli para cezas\u0131<\/strong>&nbsp;\u00f6ng\u00f6r\u00fcr. Somut olaya g\u00f6re mahkeme tercihte bulunur.<\/p>\n\n\n\n<p class=\"wp-block-paragraph\"><strong>Bu su\u00e7u kad\u0131n d\u0131\u015f\u0131nda biri i\u015flerse ne olur?<\/strong><\/p>\n\n\n\n<p class=\"wp-block-paragraph\">Kad\u0131n d\u0131\u015f\u0131nda biri gebeli\u011fi sonland\u0131r\u0131yorsa olay, \u015fartlar\u0131na g\u00f6re&nbsp;<strong>TCK 99 (\u00e7ocuk d\u00fc\u015f\u00fcrtme)<\/strong>&nbsp;kapsam\u0131nda de\u011ferlendirilebilir. Bu durumda cezalar ve de\u011ferlendirme kriterleri farkl\u0131d\u0131r.<\/p>\n\n\n\n<p class=\"wp-block-paragraph\"><strong>\u0130steyerek d\u00fc\u015f\u00fck ile istem d\u0131\u015f\u0131 d\u00fc\u015f\u00fck ayn\u0131 m\u0131?<\/strong><\/p>\n\n\n\n<p class=\"wp-block-paragraph\">Hay\u0131r. TCK 100 a\u00e7\u0131k\u00e7a \u201c<strong>isteyerek<\/strong>\u201d ifadesini kullan\u0131r. \u0130stem d\u0131\u015f\u0131 d\u00fc\u015f\u00fck (kaza, do\u011fal d\u00fc\u015f\u00fck vb.) bu su\u00e7un tipik unsurunu olu\u015fturmaz.<\/p>\n\n\n\n<hr class=\"wp-block-separator has-alpha-channel-opacity\"\/>\n\n\n\n<p class=\"wp-block-paragraph\"><strong>\u0410\u0434\u0432. \u0411\u0430\u0442\u0438\u043d \u0419\u042b\u041b\u041c\u0410\u0417 <\/strong><\/p>","protected":false},"excerpt":{"rendered":"<p>TCK 100 \u00e7ocuk d\u00fc\u015f\u00fcrme su\u00e7u, gebeli\u011fin&nbsp;10 haftadan fazla&nbsp;oldu\u011fu durumda, kad\u0131n\u0131n&nbsp;kendi iste\u011fiyle&nbsp;gebeli\u011fi sonland\u0131rmas\u0131n\u0131 (\u00e7ocu\u011fu d\u00fc\u015f\u00fcrmesini) cezai yapt\u0131r\u0131ma ba\u011flayan d\u00fczenlemedir. Bu madde, \u00f6zellikle \u201c10 haftay\u0131 ge\u00e7en gebelikte iste\u011fe ba\u011fl\u0131 sonland\u0131rma\u201d ile \u201ckanunun izin verdi\u011fi t\u0131bbi zorunluluk halleri\u201d ayr\u0131m\u0131nda g\u00fcndeme gelir. TCK 100\u2019\u00fcn Korudu\u011fu Hukuki De\u011fer Nedir? Bu d\u00fczenleme ile devlet, gebeli\u011fin belli bir a\u015famas\u0131ndan sonra ceninin korunmas\u0131n\u0131 [&hellip;]<\/p>\n","protected":false},"author":2,"featured_media":2542,"comment_status":"open","ping_status":"open","sticky":false,"template":"","format":"standard","meta":{"_joinchat":[],"footnotes":""},"categories":[61],"tags":[371,370],"class_list":["post-2672","post","type-post","status-publish","format-standard","has-post-thumbnail","hentry","category-ceza-hukuku","tag-cocuk-dusurme-sucu","tag-tck-100"],"_links":{"self":[{"href":"https:\/\/batinyilmaz.av.tr\/ru\/wp-json\/wp\/v2\/posts\/2672","targetHints":{"allow":["GET"]}}],"collection":[{"href":"https:\/\/batinyilmaz.av.tr\/ru\/wp-json\/wp\/v2\/posts"}],"about":[{"href":"https:\/\/batinyilmaz.av.tr\/ru\/wp-json\/wp\/v2\/types\/post"}],"author":[{"embeddable":true,"href":"https:\/\/batinyilmaz.av.tr\/ru\/wp-json\/wp\/v2\/users\/2"}],"replies":[{"embeddable":true,"href":"https:\/\/batinyilmaz.av.tr\/ru\/wp-json\/wp\/v2\/comments?post=2672"}],"version-history":[{"count":1,"href":"https:\/\/batinyilmaz.av.tr\/ru\/wp-json\/wp\/v2\/posts\/2672\/revisions"}],"predecessor-version":[{"id":2673,"href":"https:\/\/batinyilmaz.av.tr\/ru\/wp-json\/wp\/v2\/posts\/2672\/revisions\/2673"}],"wp:featuredmedia":[{"embeddable":true,"href":"https:\/\/batinyilmaz.av.tr\/ru\/wp-json\/wp\/v2\/media\/2542"}],"wp:attachment":[{"href":"https:\/\/batinyilmaz.av.tr\/ru\/wp-json\/wp\/v2\/media?parent=2672"}],"wp:term":[{"taxonomy":"category","embeddable":true,"href":"https:\/\/batinyilmaz.av.tr\/ru\/wp-json\/wp\/v2\/categories?post=2672"},{"taxonomy":"post_tag","embeddable":true,"href":"https:\/\/batinyilmaz.av.tr\/ru\/wp-json\/wp\/v2\/tags?post=2672"}],"curies":[{"name":"wp","href":"https:\/\/api.w.org\/{rel}","templated":true}]}}