{"id":2664,"date":"2026-01-29T14:18:02","date_gmt":"2026-01-29T11:18:02","guid":{"rendered":"https:\/\/batinyilmaz.av.tr\/?p=2664"},"modified":"2026-01-29T14:18:04","modified_gmt":"2026-01-29T11:18:04","slug":"cocuk-dusurtme-sucu-tck-99-nedir","status":"publish","type":"post","link":"https:\/\/batinyilmaz.av.tr\/ru\/cocuk-dusurtme-sucu-tck-99-nedir\/","title":{"rendered":"\u00c7ocuk D\u00fc\u015f\u00fcrtme Su\u00e7u (TCK 99) Nedir?"},"content":{"rendered":"<div id=\"ez-toc-container\" class=\"ez-toc-v2_0_85 counter-hierarchy ez-toc-counter ez-toc-grey ez-toc-container-direction\">\n<div class=\"ez-toc-title-container\">\n<p class=\"ez-toc-title\" style=\"cursor:inherit\">\u0417\u0430\u0433\u043e\u043b\u043e\u0432\u043a\u0438<\/p>\n<span class=\"ez-toc-title-toggle\"><a href=\"#\" class=\"ez-toc-pull-right ez-toc-btn ez-toc-btn-xs ez-toc-btn-default ez-toc-toggle\" aria-label=\"Toggle Table of Content\"><span class=\"ez-toc-js-icon-con\"><span class=\"\"><span class=\"eztoc-hide\" style=\"display:none;\">\u041f\u0435\u0440\u0435\u043a\u043b\u044e\u0447\u0430\u0442\u0435\u043b\u044c<\/span><span class=\"ez-toc-icon-toggle-span\"><svg style=\"fill: #999;color:#999\" xmlns=\"http:\/\/www.w3.org\/2000\/svg\" class=\"list-377408\" width=\"20px\" height=\"20px\" viewbox=\"0 0 24 24\" fill=\"none\"><path d=\"M6 6H4v2h2V6zm14 0H8v2h12V6zM4 11h2v2H4v-2zm16 0H8v2h12v-2zM4 16h2v2H4v-2zm16 0H8v2h12v-2z\" fill=\"currentColor\"><\/path><\/svg><svg style=\"fill: #999;color:#999\" class=\"arrow-unsorted-368013\" xmlns=\"http:\/\/www.w3.org\/2000\/svg\" width=\"10px\" height=\"10px\" viewbox=\"0 0 24 24\" version=\"1.2\" baseprofile=\"tiny\"><path d=\"M18.2 9.3l-6.2-6.3-6.2 6.3c-.2.2-.3.4-.3.7s.1.5.3.7c.2.2.4.3.7.3h11c.3 0 .5-.1.7-.3.2-.2.3-.5.3-.7s-.1-.5-.3-.7zM5.8 14.7l6.2 6.3 6.2-6.3c.2-.2.3-.5.3-.7s-.1-.5-.3-.7c-.2-.2-.4-.3-.7-.3h-11c-.3 0-.5.1-.7.3-.2.2-.3.5-.3.7s.1.5.3.7z\"\/><\/svg><\/span><\/span><\/span><\/a><\/span><\/div>\n<nav><ul class='ez-toc-list ez-toc-list-level-1' ><li class='ez-toc-page-1 ez-toc-heading-level-2'><a class=\"ez-toc-link ez-toc-heading-1\" href=\"https:\/\/batinyilmaz.av.tr\/ru\/cocuk-dusurtme-sucu-tck-99-nedir\/#10_Hafta_Siniri_Ne_Anlama_Gelir\" >10 Hafta S\u0131n\u0131r\u0131: Ne Anlama Gelir?<\/a><\/li><li class='ez-toc-page-1 ez-toc-heading-level-2'><a class=\"ez-toc-link ez-toc-heading-2\" href=\"https:\/\/batinyilmaz.av.tr\/ru\/cocuk-dusurtme-sucu-tck-99-nedir\/#Hangi_durumda_ceza_verilmez\" >Hangi durumda ceza verilmez?<\/a><\/li><li class='ez-toc-page-1 ez-toc-heading-level-2'><a class=\"ez-toc-link ez-toc-heading-3\" href=\"https:\/\/batinyilmaz.av.tr\/ru\/cocuk-dusurtme-sucu-tck-99-nedir\/#Sikca_Sorulan_Sorular_SSS\" >\u0427\u0430\u0441\u0442\u043e \u0437\u0430\u0434\u0430\u0432\u0430\u0435\u043c\u044b\u0435 \u0432\u043e\u043f\u0440\u043e\u0441\u044b (\u0427\u0417\u0412)<\/a><\/li><\/ul><\/nav><\/div>\n\n<p class=\"wp-block-paragraph\"><strong>\u00c7ocuk d\u00fc\u015f\u00fcrtme su\u00e7u (TCK 99)<\/strong>, bir kad\u0131n\u0131n gebeli\u011finin&nbsp;<strong>hukuka ayk\u0131r\u0131 bi\u00e7imde sona erdirilmesine neden olma<\/strong>&nbsp;fiilini cezaland\u0131ran su\u00e7 tipidir. Kanun koyucu, gebeli\u011fin sonland\u0131r\u0131lmas\u0131n\u0131 tamamen yasaklamaz; ancak&nbsp;<strong>s\u00fcre, r\u0131za, t\u0131bbi zorunluluk ve yetkili ki\u015fi<\/strong>&nbsp;gibi \u015fartlara uyulmad\u0131\u011f\u0131nda ceza sorumlulu\u011fu do\u011far.<\/p>\n\n\n\n<p class=\"wp-block-paragraph\">Bu su\u00e7, en genel haliyle \u015fu iki ana durumda kar\u015f\u0131m\u0131za \u00e7\u0131kar:<\/p>\n\n\n\n<ul class=\"wp-block-list\">\n<li><strong>Kad\u0131n\u0131n r\u0131zas\u0131 olmadan<\/strong>\u00a0gebeli\u011fin sonland\u0131r\u0131lmas\u0131<\/li>\n\n\n\n<li><strong>Kad\u0131n\u0131n r\u0131zas\u0131 olsa bile<\/strong>, kanunun izin vermedi\u011fi ko\u015fullarda (\u00f6zellikle\u00a0<strong>10 haftay\u0131 a\u015fan gebelikte t\u0131bbi zorunluluk yokken<\/strong>) gebeli\u011fin sonland\u0131r\u0131lmas\u0131<\/li>\n<\/ul>\n\n\n\n<hr class=\"wp-block-separator has-alpha-channel-opacity\"\/>\n\n\n\n<h2 class=\"wp-block-heading\"><span class=\"ez-toc-section\" id=\"10_Hafta_Siniri_Ne_Anlama_Gelir\"><\/span><strong>10 Hafta S\u0131n\u0131r\u0131: Ne Anlama Gelir?<\/strong><span class=\"ez-toc-section-end\"><\/span><\/h2>\n\n\n\n<p class=\"wp-block-paragraph\">T\u00fcrkiye\u2019de&nbsp;<strong>10 haftaya kadar k\u00fcrtaj<\/strong>, t\u0131bbi sak\u0131nca yoksa ve gerekli r\u0131zalar al\u0131nm\u0131\u015fsa,&nbsp;<strong>hukuka uygun<\/strong>&nbsp;\u015fekilde yap\u0131labilir. Bu s\u0131n\u0131r\u0131n temel dayanaklar\u0131ndan biri 2827 say\u0131l\u0131 Kanun\u2019dur.<\/p>\n\n\n\n<p class=\"wp-block-paragraph\"><strong>10 Haftaya Kadar K\u00fcrtaj (Genel Kural)<\/strong><\/p>\n\n\n\n<ul class=\"wp-block-list\">\n<li><strong>Gebeli\u011fin 10. haftas\u0131 doluncaya kadar<\/strong>\u00a0(t\u0131bbi sak\u0131nca yoksa) istek \u00fczerine gebelik sonland\u0131r\u0131labilir.<\/li>\n\n\n\n<li>Uygulamada bu i\u015flem,\u00a0<strong>yetkili sa\u011fl\u0131k personeli ve uygun sa\u011fl\u0131k kurulu\u015fu<\/strong>\u00a0ko\u015fullar\u0131yla yap\u0131lmal\u0131d\u0131r.<\/li>\n<\/ul>\n\n\n\n<p class=\"wp-block-paragraph\"><strong>10 Haftadan Sonra K\u00fcrtaj (\u0130stisna)<\/strong><\/p>\n\n\n\n<p class=\"wp-block-paragraph\"><strong>10 haftadan sonra<\/strong>&nbsp;gebeli\u011fin sonland\u0131r\u0131labilmesi, kural olarak&nbsp;<strong>serbest de\u011fildir<\/strong>. Ancak:<\/p>\n\n\n\n<ul class=\"wp-block-list\">\n<li>annenin hayat\u0131n\u0131 tehdit eden \/ edece\u011fi durumlar,<\/li>\n\n\n\n<li>do\u011facak \u00e7ocuk a\u00e7\u0131s\u0131ndan a\u011f\u0131r maluliyet riski gibi haller,<\/li>\n\n\n\n<li>acil ve gecikmesinde sak\u0131nca bulunan t\u0131bbi durumlar<\/li>\n<\/ul>\n\n\n\n<p class=\"wp-block-paragraph\">varsa ve kanunun arad\u0131\u011f\u0131 rapor\/uzman \u015fartlar\u0131 sa\u011flan\u0131yorsa hukuka uygunluk g\u00fcndeme gelebilir.<\/p>\n\n\n\n<hr class=\"wp-block-separator has-alpha-channel-opacity\"\/>\n\n\n\n<p class=\"wp-block-paragraph\"><strong>R\u0131za Varsa da Su\u00e7 Olur mu? (TCK 99\/2 Mant\u0131\u011f\u0131)<\/strong><\/p>\n\n\n\n<p class=\"wp-block-paragraph\">Evet, baz\u0131 hallerde&nbsp;<strong>r\u0131za olsa bile<\/strong>&nbsp;su\u00e7 olu\u015fabilir.<\/p>\n\n\n\n<p class=\"wp-block-paragraph\"><strong>10 Haftadan Sonra, T\u0131bbi Zorunluluk Yoksa<\/strong><\/p>\n\n\n\n<p class=\"wp-block-paragraph\">TCK sistemati\u011finde,&nbsp;<strong>t\u0131bbi zorunluluk yokken<\/strong>&nbsp;\u0438&nbsp;<strong>gebelik 10 haftay\u0131 a\u015fm\u0131\u015fken<\/strong>&nbsp;r\u0131zaya dayal\u0131 \u015fekilde gebeli\u011fin sonland\u0131r\u0131lmas\u0131 cezai risk do\u011furur.<\/p>\n\n\n\n<p class=\"wp-block-paragraph\"><strong>Bu durumda kim cezaland\u0131r\u0131l\u0131r?<\/strong><\/p>\n\n\n\n<ul class=\"wp-block-list\">\n<li>Gebeli\u011fi sonland\u0131ran ki\u015fi (fail) cezaland\u0131r\u0131l\u0131r.<\/li>\n\n\n\n<li>Ayr\u0131ca baz\u0131 ko\u015fullarda, r\u0131za g\u00f6steren kad\u0131n a\u00e7\u0131s\u0131ndan da cezai sonu\u00e7 \u00f6ng\u00f6r\u00fclebilir.<\/li>\n\n\n\n<li><\/li>\n<\/ul>\n\n\n\n<p class=\"wp-block-paragraph\"><strong>R\u0131za Yoksa: R\u0131zas\u0131z K\u00fcrtaj (TCK 99\/1 Mant\u0131\u011f\u0131)<\/strong><\/p>\n\n\n\n<p class=\"wp-block-paragraph\">Kad\u0131n\u0131n&nbsp;<strong>r\u0131za g\u00f6stermedi\u011fi<\/strong>&nbsp;bir gebelik sonland\u0131rma eylemi, TCK m.99 kapsam\u0131nda&nbsp;<strong>daha a\u011f\u0131r<\/strong>&nbsp;bir ihlal olarak ele al\u0131n\u0131r.<\/p>\n\n\n\n<p class=\"wp-block-paragraph\"><strong>R\u0131zas\u0131z \u00c7ocuk D\u00fc\u015f\u00fcrtme Su\u00e7unun \u00d6zellikleri<\/strong><\/p>\n\n\n\n<ul class=\"wp-block-list\">\n<li>R\u0131za yoksa, hukuka uygunluk zemini daral\u0131r.<\/li>\n\n\n\n<li>\u015eiddet, tehdit, kand\u0131rma, bask\u0131 gibi durumlar ayr\u0131ca ba\u015fka su\u00e7lar\u0131 da (olaya g\u00f6re) g\u00fcndeme getirebilir.<\/li>\n<\/ul>\n\n\n\n<hr class=\"wp-block-separator has-alpha-channel-opacity\"\/>\n\n\n\n<p class=\"wp-block-paragraph\"><strong>Sa\u011fl\u0131k Zarar\u0131 veya \u00d6l\u00fcm Olursa Ceza Artar (TCK 99\/4)<\/strong><\/p>\n\n\n\n<p class=\"wp-block-paragraph\">\u00c7ocuk d\u00fc\u015f\u00fcrtme fiili, kad\u0131n\u0131n:<\/p>\n\n\n\n<ul class=\"wp-block-list\">\n<li><strong>beden sa\u011fl\u0131\u011f\u0131na<\/strong>, veya<\/li>\n\n\n\n<li><strong>ruh sa\u011fl\u0131\u011f\u0131na<\/strong><\/li>\n<\/ul>\n\n\n\n<p class=\"wp-block-paragraph\">zarar verirse ceza artar. Ayr\u0131ca fiil kad\u0131n\u0131n&nbsp;<strong>\u00f6l\u00fcm\u00fcne<\/strong>&nbsp;neden olursa daha a\u011f\u0131r ceza uygulan\u0131r.<\/p>\n\n\n\n<p class=\"wp-block-paragraph\"><strong>TCK 99\/4 Ne S\u00f6yler?<\/strong><\/p>\n\n\n\n<ul class=\"wp-block-list\">\n<li>Kad\u0131n\u0131n beden\/ruh sa\u011fl\u0131\u011f\u0131 zarar g\u00f6r\u00fcrse:\u00a0<strong>3 y\u0131ldan 6 y\u0131la kadar hapis<\/strong><\/li>\n\n\n\n<li>Kad\u0131n \u00f6l\u00fcrse:\u00a0<strong>4 y\u0131ldan 8 y\u0131la kadar hapis<\/strong><\/li>\n<\/ul>\n\n\n\n<p class=\"wp-block-paragraph\">Bu h\u00fck\u00fcm \u00f6zellikle \u201ct\u0131bbi standartlara ayk\u0131r\u0131 i\u015flem\u201d, \u201csteril olmayan ko\u015fullar\u201d, \u201ckomplikasyona ra\u011fmen m\u00fcdahalenin gecikmesi\u201d gibi olgular\u0131n ceza sorumlulu\u011funu a\u011f\u0131rla\u015ft\u0131rabilece\u011fi durumlarda \u00f6nem ta\u015f\u0131r.<\/p>\n\n\n\n<hr class=\"wp-block-separator has-alpha-channel-opacity\"\/>\n\n\n\n<p class=\"wp-block-paragraph\"><strong>Yetkisiz Ki\u015fi Taraf\u0131ndan K\u00fcrtaj: \u00d6zel Olarak Cezaland\u0131r\u0131l\u0131r (TCK 99\/5)<\/strong><\/p>\n\n\n\n<p class=\"wp-block-paragraph\">Kanun, gebelik sonland\u0131rma i\u015fleminin&nbsp;<strong>yetkili olmayan ki\u015filer<\/strong>&nbsp;taraf\u0131ndan yap\u0131lmas\u0131n\u0131 ayr\u0131ca hedef al\u0131r.<\/p>\n\n\n\n<p class=\"wp-block-paragraph\"><strong>Yetkisiz Ki\u015fiyle K\u00fcrtaj Neden Daha Riskli?<\/strong><\/p>\n\n\n\n<ul class=\"wp-block-list\">\n<li>T\u0131bbi komplikasyon riski artar.<\/li>\n\n\n\n<li>Denetim d\u0131\u015f\u0131 uygulamalar kad\u0131n\u0131n ya\u015fam\u0131n\u0131 tehlikeye sokabilir.<\/li>\n\n\n\n<li>Bu nedenle TCK m.99\/5, r\u0131za olsa bile \u201cyetkisiz ki\u015fi\u201d unsurunu cezaland\u0131r\u0131r.<\/li>\n<\/ul>\n\n\n\n<p class=\"wp-block-paragraph\"><strong>TCK 99\/5\u2019in Kapsad\u0131\u011f\u0131 Durumlar<\/strong><\/p>\n\n\n\n<ul class=\"wp-block-list\">\n<li>Gebelik s\u00fcresi\u00a0<strong>10 haftay\u0131 doldurmam\u0131\u015f olsa bile<\/strong>, i\u015flem\u00a0<strong>yetkisiz ki\u015fi<\/strong>\u00a0taraf\u0131ndan yap\u0131l\u0131rsa ceza \u00f6ng\u00f6r\u00fcl\u00fcr.<\/li>\n\n\n\n<li>Ayr\u0131ca m.99\u2019daki di\u011fer fiiller yetkisiz ki\u015fi taraf\u0131ndan i\u015flenirse, ceza\u00a0<strong>yar\u0131 oran\u0131nda art\u0131r\u0131l\u0131r<\/strong>.<\/li>\n<\/ul>\n\n\n\n<hr class=\"wp-block-separator has-alpha-channel-opacity\"\/>\n\n\n\n<p class=\"wp-block-paragraph\"><strong>Su\u00e7 Sonucu Gebelikte 20 Haftaya Kadar \u0130stisna (TCK 99\/6)<\/strong><\/p>\n\n\n\n<p class=\"wp-block-paragraph\">TCK 99\/6, \u00e7ok kritik bir istisna getirir:<\/p>\n\n\n\n<h2 class=\"wp-block-heading\"><span class=\"ez-toc-section\" id=\"Hangi_durumda_ceza_verilmez\"><\/span><strong>Hangi durumda ceza verilmez?<\/strong><span class=\"ez-toc-section-end\"><\/span><\/h2>\n\n\n\n<ul class=\"wp-block-list\">\n<li>Kad\u0131n,\u00a0<strong>ma\u011fduru oldu\u011fu bir su\u00e7 sonucu<\/strong>\u00a0gebe kalm\u0131\u015fsa,<\/li>\n\n\n\n<li>gebelik s\u00fcresi\u00a0<strong>20 haftadan fazla de\u011filse<\/strong>,<\/li>\n\n\n\n<li><strong>kad\u0131n\u0131n r\u0131zas\u0131 varsa<\/strong>,<\/li>\n\n\n\n<li>i\u015flem\u00a0<strong>uzman hekimler<\/strong>\u00a0taraf\u0131ndan\u00a0<strong>hastane ortam\u0131nda<\/strong>\u00a0yap\u0131l\u0131rsa,<\/li>\n<\/ul>\n\n\n\n<p class=\"wp-block-paragraph\">gebeli\u011fi sona erdirene&nbsp;<strong>ceza verilmez<\/strong>.<\/p>\n\n\n\n<p class=\"wp-block-paragraph\"><strong>Burada dikkat edilmesi gerekenler<\/strong><\/p>\n\n\n\n<ul class=\"wp-block-list\">\n<li>\u0130stisna otomatik uygulanmaz; ko\u015fullar\u0131n somut olayda ispat\u0131 \u00f6nemlidir.<\/li>\n\n\n\n<li>\u201cHastane ortam\u0131\u201d ve \u201cuzman hekim\u201d \u015fart\u0131, hukuka uygunluk i\u00e7in belirleyicidir.<\/li>\n<\/ul>\n\n\n\n<hr class=\"wp-block-separator has-alpha-channel-opacity\"\/>\n\n\n\n<p class=\"wp-block-paragraph\"><strong>R\u0131za\/\u0130zin Konusu: Evlilik, K\u00fc\u00e7\u00fckler ve Vesayet (2827 Say\u0131l\u0131 Kanun m.6)<\/strong><\/p>\n\n\n\n<p class=\"wp-block-paragraph\">Ceza hukuku boyutundan ayr\u0131 olarak, i\u015flemin hukuka uygun say\u0131labilmesi i\u00e7in&nbsp;<strong>r\u0131za\/izin<\/strong>&nbsp;kurallar\u0131 \u00e7ok \u00f6nemlidir:<\/p>\n\n\n\n<p class=\"wp-block-paragraph\"><strong>Genel kural: Gebe kad\u0131n\u0131n izni<\/strong><\/p>\n\n\n\n<ul class=\"wp-block-list\">\n<li>M\u00fcdahale, temel olarak gebe kad\u0131n\u0131n\u00a0<strong>iznine<\/strong>\u00a0\u0437\u0430\u0432\u0438\u0441\u0438\u0442.<\/li>\n<\/ul>\n\n\n\n<p class=\"wp-block-paragraph\"><strong>K\u00fc\u00e7\u00fcklerde (re\u015fit olmayanlarda)<\/strong><\/p>\n\n\n\n<ul class=\"wp-block-list\">\n<li>K\u00fc\u00e7\u00fc\u011f\u00fcn r\u0131zas\u0131 + velinin izni aran\u0131r.<\/li>\n<\/ul>\n\n\n\n<p class=\"wp-block-paragraph\"><strong>Vesayet alt\u0131ndakilerde<\/strong><\/p>\n\n\n\n<ul class=\"wp-block-list\">\n<li>\u015eartlara g\u00f6re vasi r\u0131zas\u0131 ve ayr\u0131ca\u00a0<strong>sulh h\u00e2kimi izni<\/strong>\u00a0\u043c\u043e\u0433\u0443\u0442 \u0431\u044b\u0442\u044c \u043f\u0440\u0438\u043d\u044f\u0442\u044b.<\/li>\n<\/ul>\n\n\n\n<p class=\"wp-block-paragraph\"><strong>Evlilikte e\u015f r\u0131zas\u0131<\/strong><\/p>\n\n\n\n<ul class=\"wp-block-list\">\n<li>Kanunda, belirli durumlarda e\u015f r\u0131zas\u0131na ili\u015fkin d\u00fczenleme yer al\u0131r (\u00f6zellikle 2827 m.6\u2019da belirtilen \u00e7er\u00e7evede).<\/li>\n<\/ul>\n\n\n\n<hr class=\"wp-block-separator has-alpha-channel-opacity\"\/>\n\n\n\n<h2 class=\"wp-block-heading\"><span class=\"ez-toc-section\" id=\"Sikca_Sorulan_Sorular_SSS\"><\/span><strong>\u0427\u0430\u0441\u0442\u043e \u0437\u0430\u0434\u0430\u0432\u0430\u0435\u043c\u044b\u0435 \u0432\u043e\u043f\u0440\u043e\u0441\u044b (\u0427\u0417\u0412)<\/strong><span class=\"ez-toc-section-end\"><\/span><\/h2>\n\n\n\n<p class=\"wp-block-paragraph\"><strong>\u00c7ocuk d\u00fc\u015f\u00fcrtme su\u00e7u (TCK 99) ile k\u00fcrtaj ayn\u0131 \u015fey mi?<\/strong><\/p>\n\n\n\n<p class=\"wp-block-paragraph\">K\u00fcrtaj, t\u0131bbi bir i\u015flemdir;&nbsp;<strong>hukuka uygun ko\u015fullarda<\/strong>&nbsp;yap\u0131ld\u0131\u011f\u0131nda su\u00e7 de\u011fildir.&nbsp;<strong>\u00c7ocuk d\u00fc\u015f\u00fcrtme su\u00e7u (TCK 99)<\/strong>&nbsp;ise gebeli\u011fin&nbsp;<strong>hukuka ayk\u0131r\u0131<\/strong>&nbsp;bi\u00e7imde sona erdirilmesiyle ilgilidir (r\u0131za, s\u00fcre, yetki, t\u0131bbi zorunluluk \u015fartlar\u0131 gibi).<\/p>\n\n\n\n<p class=\"wp-block-paragraph\"><strong>10 haftaya kadar k\u00fcrtaj su\u00e7 mu?<\/strong><\/p>\n\n\n\n<p class=\"wp-block-paragraph\">Genel kural olarak&nbsp;<strong>10 haftaya kadar<\/strong>, t\u0131bbi sak\u0131nca yoksa ve gerekli r\u0131zalar sa\u011flanm\u0131\u015fsa hukuka uygun \u015fekilde yap\u0131labilir. Ancak i\u015flemin&nbsp;<strong>yetkisiz ki\u015fi<\/strong>&nbsp;taraf\u0131ndan yap\u0131lmas\u0131 gibi haller ayr\u0131ca cezai risk do\u011furabilir.<\/p>\n\n\n\n<p class=\"wp-block-paragraph\"><strong>10 haftadan sonra k\u00fcrtaj yapt\u0131rman\u0131n cezas\u0131 var m\u0131?<\/strong><\/p>\n\n\n\n<p class=\"wp-block-paragraph\"><strong>T\u0131bbi zorunluluk yoksa<\/strong>&nbsp;ve gebelik&nbsp;<strong>10 haftay\u0131 a\u015fm\u0131\u015fsa<\/strong>, r\u0131zaya dayal\u0131 olsa bile TCK m.99 kapsam\u0131nda cezai sorumluluk do\u011fabilir. Ayr\u0131ca olay\u0131n \u015fartlar\u0131na g\u00f6re farkl\u0131 f\u0131kralar uygulan\u0131r.<\/p>\n\n\n\n<p class=\"wp-block-paragraph\"><strong>Yetkisiz ki\u015fi taraf\u0131ndan k\u00fcrtaj yap\u0131l\u0131rsa ne olur?<\/strong><\/p>\n\n\n\n<p class=\"wp-block-paragraph\">TCK m.99\/5 uyar\u0131nca, r\u0131za olsa bile&nbsp;<strong>yetkisiz ki\u015fi<\/strong>&nbsp;taraf\u0131ndan gebeli\u011fin sonland\u0131r\u0131lmas\u0131 ayr\u0131ca cezaland\u0131r\u0131l\u0131r; di\u011fer fiiller de yetkisiz ki\u015fi taraf\u0131ndan i\u015flenirse ceza&nbsp;<strong>yar\u0131 oran\u0131nda art\u0131r\u0131labilir<\/strong>.<\/p>\n\n\n\n<p class=\"wp-block-paragraph\"><strong>Su\u00e7 sonucu hamilelikte k\u00fcrtaj serbest mi?<\/strong><\/p>\n\n\n\n<p class=\"wp-block-paragraph\">TCK m.99\/6 kapsam\u0131nda;&nbsp;<strong>20 haftay\u0131 ge\u00e7memek<\/strong>,&nbsp;<strong>kad\u0131n\u0131n r\u0131zas\u0131<\/strong>,&nbsp;<strong>uzman hekim<\/strong>&nbsp;\u0438&nbsp;<strong>hastane ortam\u0131<\/strong>&nbsp;\u015fartlar\u0131yla gebeli\u011fin sonland\u0131r\u0131lmas\u0131na ceza verilmemesi \u00f6ng\u00f6r\u00fcl\u00fcr.<\/p>\n\n\n\n<hr class=\"wp-block-separator has-alpha-channel-opacity\"\/>\n\n\n\n<p class=\"wp-block-paragraph\"><em>Uygulamada en sa\u011fl\u0131kl\u0131 yakla\u015f\u0131m, somut durumun bir sa\u011fl\u0131k hukuk\u00e7usu\/ceza hukuk\u00e7usu taraf\u0131ndan ayr\u0131ca de\u011ferlendirilmesidir; \u00e7\u00fcnk\u00fc r\u0131za eksikli\u011fi hem hukuka uygunlu\u011fu hem de cezai sorumlulu\u011fu do\u011frudan etkileyebilir.<\/em><\/p>\n\n\n\n<p class=\"wp-block-paragraph\">Daha fazla bilgi i\u00e7in 0532 669 34 90 numaradan ve <a href=\"https:\/\/batinyilmaz.av.tr\/ru\/iletisim\/\">https:\/\/batinyilmaz.av.tr\/iletisim\/<\/a> adresimizden bizimle ileti\u015fime ge\u00e7ebilirsiniz.<\/p>\n\n\n\n<p class=\"wp-block-paragraph\">\u0410\u0434\u0432. \u0411\u0430\u0442\u0438\u043d \u0419\u042b\u041b\u041c\u0410\u0417 <\/p>","protected":false},"excerpt":{"rendered":"<p>\u00c7ocuk d\u00fc\u015f\u00fcrtme su\u00e7u (TCK 99), bir kad\u0131n\u0131n gebeli\u011finin&nbsp;hukuka ayk\u0131r\u0131 bi\u00e7imde sona erdirilmesine neden olma&nbsp;fiilini cezaland\u0131ran su\u00e7 tipidir. Kanun koyucu, gebeli\u011fin sonland\u0131r\u0131lmas\u0131n\u0131 tamamen yasaklamaz; ancak&nbsp;s\u00fcre, r\u0131za, t\u0131bbi zorunluluk ve yetkili ki\u015fi&nbsp;gibi \u015fartlara uyulmad\u0131\u011f\u0131nda ceza sorumlulu\u011fu do\u011far. Bu su\u00e7, en genel haliyle \u015fu iki ana durumda kar\u015f\u0131m\u0131za \u00e7\u0131kar: 10 Hafta S\u0131n\u0131r\u0131: Ne Anlama Gelir? T\u00fcrkiye\u2019de&nbsp;10 haftaya kadar [&hellip;]<\/p>\n","protected":false},"author":2,"featured_media":2665,"comment_status":"open","ping_status":"open","sticky":false,"template":"","format":"standard","meta":{"_joinchat":[],"footnotes":""},"categories":[61],"tags":[368,367],"class_list":["post-2664","post","type-post","status-publish","format-standard","has-post-thumbnail","hentry","category-ceza-hukuku","tag-cocuk-dusurtme-sucu","tag-tck-99"],"_links":{"self":[{"href":"https:\/\/batinyilmaz.av.tr\/ru\/wp-json\/wp\/v2\/posts\/2664","targetHints":{"allow":["GET"]}}],"collection":[{"href":"https:\/\/batinyilmaz.av.tr\/ru\/wp-json\/wp\/v2\/posts"}],"about":[{"href":"https:\/\/batinyilmaz.av.tr\/ru\/wp-json\/wp\/v2\/types\/post"}],"author":[{"embeddable":true,"href":"https:\/\/batinyilmaz.av.tr\/ru\/wp-json\/wp\/v2\/users\/2"}],"replies":[{"embeddable":true,"href":"https:\/\/batinyilmaz.av.tr\/ru\/wp-json\/wp\/v2\/comments?post=2664"}],"version-history":[{"count":1,"href":"https:\/\/batinyilmaz.av.tr\/ru\/wp-json\/wp\/v2\/posts\/2664\/revisions"}],"predecessor-version":[{"id":2666,"href":"https:\/\/batinyilmaz.av.tr\/ru\/wp-json\/wp\/v2\/posts\/2664\/revisions\/2666"}],"wp:featuredmedia":[{"embeddable":true,"href":"https:\/\/batinyilmaz.av.tr\/ru\/wp-json\/wp\/v2\/media\/2665"}],"wp:attachment":[{"href":"https:\/\/batinyilmaz.av.tr\/ru\/wp-json\/wp\/v2\/media?parent=2664"}],"wp:term":[{"taxonomy":"category","embeddable":true,"href":"https:\/\/batinyilmaz.av.tr\/ru\/wp-json\/wp\/v2\/categories?post=2664"},{"taxonomy":"post_tag","embeddable":true,"href":"https:\/\/batinyilmaz.av.tr\/ru\/wp-json\/wp\/v2\/tags?post=2664"}],"curies":[{"name":"wp","href":"https:\/\/api.w.org\/{rel}","templated":true}]}}