{"id":2660,"date":"2026-01-28T10:34:03","date_gmt":"2026-01-28T07:34:03","guid":{"rendered":"https:\/\/batinyilmaz.av.tr\/?p=2660"},"modified":"2026-01-28T10:34:06","modified_gmt":"2026-01-28T07:34:06","slug":"tck-98-nedir","status":"publish","type":"post","link":"https:\/\/batinyilmaz.av.tr\/ru\/tck-98-nedir\/","title":{"rendered":"TCK 98 Nedir?"},"content":{"rendered":"<div id=\"ez-toc-container\" class=\"ez-toc-v2_0_85 counter-hierarchy ez-toc-counter ez-toc-grey ez-toc-container-direction\">\n<div class=\"ez-toc-title-container\">\n<p class=\"ez-toc-title\" style=\"cursor:inherit\">\u0417\u0430\u0433\u043e\u043b\u043e\u0432\u043a\u0438<\/p>\n<span class=\"ez-toc-title-toggle\"><a href=\"#\" class=\"ez-toc-pull-right ez-toc-btn ez-toc-btn-xs ez-toc-btn-default ez-toc-toggle\" aria-label=\"Toggle Table of Content\"><span class=\"ez-toc-js-icon-con\"><span class=\"\"><span class=\"eztoc-hide\" style=\"display:none;\">\u041f\u0435\u0440\u0435\u043a\u043b\u044e\u0447\u0430\u0442\u0435\u043b\u044c<\/span><span class=\"ez-toc-icon-toggle-span\"><svg style=\"fill: #999;color:#999\" xmlns=\"http:\/\/www.w3.org\/2000\/svg\" class=\"list-377408\" width=\"20px\" height=\"20px\" viewbox=\"0 0 24 24\" fill=\"none\"><path d=\"M6 6H4v2h2V6zm14 0H8v2h12V6zM4 11h2v2H4v-2zm16 0H8v2h12v-2zM4 16h2v2H4v-2zm16 0H8v2h12v-2z\" fill=\"currentColor\"><\/path><\/svg><svg style=\"fill: #999;color:#999\" class=\"arrow-unsorted-368013\" xmlns=\"http:\/\/www.w3.org\/2000\/svg\" width=\"10px\" height=\"10px\" viewbox=\"0 0 24 24\" version=\"1.2\" baseprofile=\"tiny\"><path d=\"M18.2 9.3l-6.2-6.3-6.2 6.3c-.2.2-.3.4-.3.7s.1.5.3.7c.2.2.4.3.7.3h11c.3 0 .5-.1.7-.3.2-.2.3-.5.3-.7s-.1-.5-.3-.7zM5.8 14.7l6.2 6.3 6.2-6.3c.2-.2.3-.5.3-.7s-.1-.5-.3-.7c-.2-.2-.4-.3-.7-.3h-11c-.3 0-.5.1-.7.3-.2.2-.3.5-.3.7s.1.5.3.7z\"\/><\/svg><\/span><\/span><\/span><\/a><\/span><\/div>\n<nav><ul class='ez-toc-list ez-toc-list-level-1' ><li class='ez-toc-page-1 ez-toc-heading-level-2'><a class=\"ez-toc-link ez-toc-heading-1\" href=\"https:\/\/batinyilmaz.av.tr\/ru\/tck-98-nedir\/#TCK_98_Kapsamina_Giren_Durumlar_Nelerdir\" >TCK 98 Kapsam\u0131na Giren Durumlar Nelerdir?<\/a><ul class='ez-toc-list-level-4' ><li class='ez-toc-heading-level-4'><ul class='ez-toc-list-level-4' ><li class='ez-toc-heading-level-4'><a class=\"ez-toc-link ez-toc-heading-2\" href=\"https:\/\/batinyilmaz.av.tr\/ru\/tck-98-nedir\/#1_Hal_ve_kosullarin_elverdigi_olcude_yardim_etmek\" >1) Hal ve ko\u015fullar\u0131n elverdi\u011fi \u00f6l\u00e7\u00fcde yard\u0131m etmek<\/a><\/li><li class='ez-toc-page-1 ez-toc-heading-level-4'><a class=\"ez-toc-link ez-toc-heading-3\" href=\"https:\/\/batinyilmaz.av.tr\/ru\/tck-98-nedir\/#2_Durumu_derhal_ilgili_makamlara_bildirmek\" >2) Durumu derhal ilgili makamlara bildirmek<\/a><\/li><\/ul><\/li><\/ul><\/li><li class='ez-toc-page-1 ez-toc-heading-level-2'><a class=\"ez-toc-link ez-toc-heading-4\" href=\"https:\/\/batinyilmaz.av.tr\/ru\/tck-98-nedir\/#TCK_98_Sucunun_Unsurlari_Sartlari\" >TCK 98 Su\u00e7unun Unsurlar\u0131 (\u015eartlar\u0131)<\/a><\/li><li class='ez-toc-page-1 ez-toc-heading-level-2'><a class=\"ez-toc-link ez-toc-heading-5\" href=\"https:\/\/batinyilmaz.av.tr\/ru\/tck-98-nedir\/#TCK_98_Cezasi_Nedir\" >TCK 98 Cezas\u0131 Nedir?<\/a><\/li><li class='ez-toc-page-1 ez-toc-heading-level-2'><a class=\"ez-toc-link ez-toc-heading-6\" href=\"https:\/\/batinyilmaz.av.tr\/ru\/tck-98-nedir\/#Sikca_Sorulan_Sorular_SSS\" >\u0427\u0430\u0441\u0442\u043e \u0437\u0430\u0434\u0430\u0432\u0430\u0435\u043c\u044b\u0435 \u0432\u043e\u043f\u0440\u043e\u0441\u044b (\u0427\u0417\u0412)<\/a><\/li><\/ul><\/nav><\/div>\n\n<p class=\"wp-block-paragraph\"><strong>TCK 98<\/strong>, kendini idare edemeyecek durumda olan bir ki\u015fiyi g\u00f6ren veya durumunu fark eden kimsenin,&nbsp;<strong>olay \u015fartlar\u0131 elverdi\u011fi \u00f6l\u00e7\u00fcde yard\u0131m etmesini<\/strong>&nbsp;\u043b\u0438\u0431\u043e&nbsp;<strong>durumu derhal ilgili makamlara bildirmesini<\/strong>&nbsp;zorunlu k\u0131lan bir ceza normudur.<\/p>\n\n\n\n<p class=\"wp-block-paragraph\">Bu madde, toplum hayat\u0131nda en temel insani sorumluluklardan biri olan \u201cyard\u0131m etme\u201d veya \u201cyetkili birimlere haber verme\u201d y\u00fck\u00fcml\u00fcl\u00fc\u011f\u00fcn\u00fc ceza hukuku yapt\u0131r\u0131m\u0131yla destekler.<\/p>\n\n\n\n<p class=\"wp-block-paragraph\"><strong>TCK 98\u2019in Amac\u0131 Nedir?<\/strong><\/p>\n\n\n\n<p class=\"wp-block-paragraph\">TCK 98\u2019in temel amac\u0131:<\/p>\n\n\n\n<ul class=\"wp-block-list\">\n<li><strong>hayati tehlike alt\u0131nda olabilecek ki\u015filerin korunmas\u0131<\/strong>,<\/li>\n\n\n\n<li>acil durumlarda\u00a0<strong>gecikme nedeniyle olu\u015fabilecek zararlar\u0131n \u00f6nlenmesi<\/strong>,<\/li>\n\n\n\n<li>toplumda\u00a0<strong>asgar\u00ee dayan\u0131\u015fman\u0131n sa\u011flanmas\u0131<\/strong>\u00a0olarak \u00f6zetlenebilir.<\/li>\n<\/ul>\n\n\n\n<p class=\"wp-block-paragraph\">Bu madde, \u00f6zellikle acil yard\u0131m gerektiren olaylarda \u201cg\u00f6rmezden gelme\u201d davran\u0131\u015f\u0131n\u0131 hukuken yapt\u0131r\u0131ma ba\u011flar.<\/p>\n\n\n\n<h2 class=\"wp-block-heading\"><span class=\"ez-toc-section\" id=\"TCK_98_Kapsamina_Giren_Durumlar_Nelerdir\"><\/span><strong>TCK 98 Kapsam\u0131na Giren Durumlar Nelerdir?<\/strong><span class=\"ez-toc-section-end\"><\/span><\/h2>\n\n\n\n<p class=\"wp-block-paragraph\"><strong>\u201cKendini \u0130dare Edemeyecek Durumda Olmak\u201d Ne Demektir?<\/strong><\/p>\n\n\n\n<p class=\"wp-block-paragraph\">Madde metninde say\u0131lan \u00f6rnekler \u015funlard\u0131r:<\/p>\n\n\n\n<ul class=\"wp-block-list\">\n<li><strong>ya\u015f<\/strong>\u00a0(\u00f6rne\u011fin k\u00fc\u00e7\u00fck \u00e7ocuk, ileri ya\u015ftaki ki\u015fi),<\/li>\n\n\n\n<li><strong>hastal\u0131k<\/strong>,<\/li>\n\n\n\n<li><strong>yaralanma<\/strong>.<\/li>\n<\/ul>\n\n\n\n<p class=\"wp-block-paragraph\">Ayr\u0131ca kanun, \u201c<strong>ba\u015fka herhangi bir nedenle<\/strong>\u201d diyerek kapsam\u0131 geni\u015f tutar. \u00d6rne\u011fin ki\u015finin bilincinin kapal\u0131 olmas\u0131, a\u011f\u0131r bir panik\/\u015fok hali i\u00e7inde olmas\u0131, fel\u00e7 ge\u00e7irmesi veya a\u015f\u0131r\u0131 derecede korunmas\u0131z durumda bulunmas\u0131 gibi durumlar, somut olaya g\u00f6re \u201ckendini idare edememe\u201d kapsam\u0131nda de\u011ferlendirilebilir.<\/p>\n\n\n\n<p class=\"wp-block-paragraph\"><strong>Yard\u0131m Etmek mi, Bildirmek mi? (\u0130ki Alternatif Y\u00fck\u00fcml\u00fcl\u00fck)<\/strong><\/p>\n\n\n\n<p class=\"wp-block-paragraph\">TCK 98\u2019e g\u00f6re ki\u015fi iki yoldan birini (baz\u0131 durumlarda her ikisini) yerine getirmelidir:<\/p>\n\n\n\n<h4 class=\"wp-block-heading\"><span class=\"ez-toc-section\" id=\"1_Hal_ve_kosullarin_elverdigi_olcude_yardim_etmek\"><\/span><strong>1) Hal ve ko\u015fullar\u0131n elverdi\u011fi \u00f6l\u00e7\u00fcde yard\u0131m etmek<\/strong><span class=\"ez-toc-section-end\"><\/span><\/h4>\n\n\n\n<p class=\"wp-block-paragraph\">Burada \u201cher \u015fartta fiziksel m\u00fcdahale et\u201d gibi bir zorunluluk yoktur. Kanun, \u00f6zellikle \u201c<strong>hal ve ko\u015fullar\u0131n elverdi\u011fi \u00f6l\u00e7\u00fcde<\/strong>\u201d diyerek s\u0131n\u0131r \u00e7izer.<\/p>\n\n\n\n<p class=\"wp-block-paragraph\">\u00d6rnek olarak, ki\u015finin yapabilece\u011fi yard\u0131m davran\u0131\u015flar\u0131 (somut olaya g\u00f6re):<\/p>\n\n\n\n<ul class=\"wp-block-list\">\n<li>112\u2019yi aramak,<\/li>\n\n\n\n<li>g\u00fcvenli bir yere y\u00f6nlendirmek,<\/li>\n\n\n\n<li>ki\u015finin hayati tehlikesini art\u0131rmayacak basit m\u00fcdahaleleri yapmak,<\/li>\n\n\n\n<li>\u00e7evreden yard\u0131m istemek.<\/li>\n<\/ul>\n\n\n\n<h4 class=\"wp-block-heading\"><span class=\"ez-toc-section\" id=\"2_Durumu_derhal_ilgili_makamlara_bildirmek\"><\/span><strong>2) Durumu derhal ilgili makamlara bildirmek<\/strong><span class=\"ez-toc-section-end\"><\/span><\/h4>\n\n\n\n<p class=\"wp-block-paragraph\">E\u011fer ki\u015fi yard\u0131m edemeyecek durumdaysa (\u00f6r. kendi can g\u00fcvenli\u011fi tehlikede ise), en az\u0131ndan&nbsp;<strong>durumu gecikmeden yetkili makamlara bildirmesi<\/strong>&nbsp;beklenir.<\/p>\n\n\n\n<p class=\"wp-block-paragraph\">Uygulamada \u201cilgili makamlar\u201d genellikle:<\/p>\n\n\n\n<ul class=\"wp-block-list\">\n<li><strong>112 Acil \u00c7a\u011fr\u0131 Merkezi<\/strong>,<\/li>\n\n\n\n<li>polis\/jandarma,<\/li>\n\n\n\n<li>gerekli hallerde sa\u011fl\u0131k ekipleri gibi birimleri kapsar.<\/li>\n<\/ul>\n\n\n\n<h2 class=\"wp-block-heading\"><span class=\"ez-toc-section\" id=\"TCK_98_Sucunun_Unsurlari_Sartlari\"><\/span><strong>TCK 98 Su\u00e7unun Unsurlar\u0131 (\u015eartlar\u0131)<\/strong><span class=\"ez-toc-section-end\"><\/span><\/h2>\n\n\n\n<p class=\"wp-block-paragraph\"><strong>Ma\u011fdur Kimdir?<\/strong><\/p>\n\n\n\n<p class=\"wp-block-paragraph\">Ma\u011fdur, ya\u015f\u0131\/hastal\u0131\u011f\u0131\/yaralanmas\u0131 veya ba\u015fka bir nedenle:<\/p>\n\n\n\n<ul class=\"wp-block-list\">\n<li>kendi g\u00fcvenli\u011fini sa\u011flayamayan,<\/li>\n\n\n\n<li>acil yard\u0131m veya y\u00f6nlendirmeye ihtiya\u00e7 duyan,<\/li>\n\n\n\n<li>i\u00e7inde bulundu\u011fu durumu tek ba\u015f\u0131na y\u00f6netemeyen ki\u015fidir.<\/li>\n<\/ul>\n\n\n\n<p class=\"wp-block-paragraph\"><strong>Fail Kimdir?<\/strong><\/p>\n\n\n\n<p class=\"wp-block-paragraph\">Fail, bu durumu g\u00f6r\u00fcp fark eden veya fark etmesi beklenen herhangi bir ki\u015fi olabilir. TCK 98\u2019in \u00f6nemli y\u00f6n\u00fc \u015fudur:<\/p>\n\n\n\n<ul class=\"wp-block-list\">\n<li>Failin ma\u011fdur \u00fczerinde\u00a0<strong>\u00f6zel bir koruma-g\u00f6zetim y\u00fck\u00fcml\u00fcl\u00fc\u011f\u00fc<\/strong>\u00a0(\u00f6r. anne-baba, bak\u0131c\u0131 vb.) bulunmas\u0131 \u015fart de\u011fildir.<\/li>\n<\/ul>\n\n\n\n<p class=\"wp-block-paragraph\"><strong>Hangi Davran\u0131\u015flar Su\u00e7u Olu\u015fturur?<\/strong><\/p>\n\n\n\n<p class=\"wp-block-paragraph\">TCK 98 kapsam\u0131nda su\u00e7, iki temel ihmalle olu\u015fur:<\/p>\n\n\n\n<ul class=\"wp-block-list\">\n<li><strong>yard\u0131m etmemek<\/strong>\u00a0\u0438\u043b\u0438<\/li>\n\n\n\n<li><strong>derhal bildirmemek<\/strong>.<\/li>\n<\/ul>\n\n\n\n<p class=\"wp-block-paragraph\">Yani ki\u015fi hi\u00e7bir \u015fey yapmadan uzakla\u015f\u0131rsa veya bilerek geciktirirse risk olu\u015fabilir. Elbette her olay\u0131n de\u011ferlendirmesi, ki\u015finin o anki imk\u00e2nlar\u0131 ve riskleriyle birlikte yap\u0131l\u0131r.<\/p>\n\n\n\n<h2 class=\"wp-block-heading\"><span class=\"ez-toc-section\" id=\"TCK_98_Cezasi_Nedir\"><\/span><strong>TCK 98 Cezas\u0131 Nedir?<\/strong><span class=\"ez-toc-section-end\"><\/span><\/h2>\n\n\n\n<p class=\"wp-block-paragraph\"><strong>TCK 98\/1 Cezas\u0131<\/strong><\/p>\n\n\n\n<p class=\"wp-block-paragraph\">TCK 98\/1\u2019e g\u00f6re:<\/p>\n\n\n\n<ul class=\"wp-block-list\">\n<li><strong>1 y\u0131la kadar hapis<\/strong>\u00a0\u0438\u043b\u0438<\/li>\n\n\n\n<li><strong>adli para cezas\u0131<\/strong>\u00a0\u00f6ng\u00f6r\u00fclm\u00fc\u015ft\u00fcr.<\/li>\n<\/ul>\n\n\n\n<p class=\"wp-block-paragraph\">Bu, temel haldir; yani \u00f6l\u00fcm sonucu do\u011fmasa bile yard\u0131m\/bildirim yap\u0131lmamas\u0131 su\u00e7 olu\u015fturabilir.<\/p>\n\n\n\n<p class=\"wp-block-paragraph\"><strong>TCK 98\/2: \u00d6l\u00fcm Halinde Ceza Artar m\u0131?<\/strong><\/p>\n\n\n\n<p class=\"wp-block-paragraph\">Evet. E\u011fer yard\u0131m veya bildirim y\u00fck\u00fcml\u00fcl\u00fc\u011f\u00fcn\u00fcn yerine getirilmemesi nedeniyle ki\u015fi \u00f6l\u00fcrse, TCK 98\/2 devreye girer ve ceza:<\/p>\n\n\n\n<ul class=\"wp-block-list\">\n<li><strong>1 y\u0131ldan 3 y\u0131la kadar hapis<\/strong>\u00a0olur.<\/li>\n<\/ul>\n\n\n\n<p class=\"wp-block-paragraph\">Burada kritik de\u011ferlendirme, \u201cyard\u0131m etmeme\/bildirmeme\u201d ile \u00f6l\u00fcm sonucu aras\u0131nda&nbsp;<strong>hukuki ba\u011f (nedensellik\/illiyet)<\/strong>&nbsp;bulunup bulunmad\u0131\u011f\u0131d\u0131r. Somut olayda \u00f6l\u00fcm farkl\u0131 nedenlerle meydana gelmi\u015fse, her olayda otomatik olarak 98\/2 uygulanaca\u011f\u0131 s\u00f6ylenemez.<\/p>\n\n\n\n<p class=\"wp-block-paragraph\"><strong>TCK 98 ile TCK 97 Aras\u0131ndaki Fark Nedir?<\/strong><\/p>\n\n\n\n<p class=\"wp-block-paragraph\">Bu iki madde pratikte \u00e7ok kar\u0131\u015ft\u0131r\u0131l\u0131r. Basit bir ayr\u0131m yapmak gerekirse:<\/p>\n\n\n\n<p class=\"wp-block-paragraph\"><strong>TCK 97 (Terk)<\/strong><\/p>\n\n\n\n<ul class=\"wp-block-list\">\n<li>Failin ma\u011fdur \u00fczerinde\u00a0<strong>koruma ve g\u00f6zetim y\u00fck\u00fcml\u00fcl\u00fc\u011f\u00fc<\/strong>\u00a0vard\u0131r.<\/li>\n\n\n\n<li>Fail, bakmakla y\u00fck\u00fcml\u00fc oldu\u011fu ki\u015fiyi\u00a0<strong>kendi h\u00e2line b\u0131rak\u0131r<\/strong>.<\/li>\n<\/ul>\n\n\n\n<p class=\"wp-block-paragraph\"><strong>TCK 98 (Yard\u0131m veya bildirim y\u00fck\u00fcml\u00fcl\u00fc\u011f\u00fcn\u00fcn yerine getirilmemesi)<\/strong><\/p>\n\n\n\n<ul class=\"wp-block-list\">\n<li>Failin ma\u011fdur \u00fczerinde \u00f6nceden gelen bir \u201cbak\u0131m y\u00fck\u00fcml\u00fcl\u00fc\u011f\u00fc\u201d olmas\u0131 \u015fart de\u011fildir.<\/li>\n\n\n\n<li>Fail, yard\u0131ma muhta\u00e7 ki\u015fiye\u00a0<strong>yard\u0131m etmez<\/strong>\u00a0\u0438\u043b\u0438\u00a0<strong>yetkililere haber vermez<\/strong>.<\/li>\n<\/ul>\n\n\n\n<p class=\"wp-block-paragraph\">Bu ayr\u0131m, olay\u0131n do\u011fru hukuki nitelendirilmesi a\u00e7\u0131s\u0131ndan \u00e7ok \u00f6nemlidir.<\/p>\n\n\n\n<h2 class=\"wp-block-heading\"><span class=\"ez-toc-section\" id=\"Sikca_Sorulan_Sorular_SSS\"><\/span><strong>\u0427\u0430\u0441\u0442\u043e \u0437\u0430\u0434\u0430\u0432\u0430\u0435\u043c\u044b\u0435 \u0432\u043e\u043f\u0440\u043e\u0441\u044b (\u0427\u0417\u0412)<\/strong><span class=\"ez-toc-section-end\"><\/span><\/h2>\n\n\n\n<p class=\"wp-block-paragraph\"><strong>1)TCK 98 kapsam\u0131nda \u201cyard\u0131m etmek\u201d ne anlama gelir?<\/strong><\/p>\n\n\n\n<p class=\"wp-block-paragraph\">\u201cYard\u0131m etmek\u201d, ki\u015finin o anki imk\u00e2nlar\u0131na g\u00f6re, ma\u011fdurun riskini azaltacak makul bir m\u00fcdahalede bulunmakt\u0131r. Her olayda fiziksel m\u00fcdahale gerekmeyebilir; bazen 112\u2019yi aramak bile \u201cyard\u0131m\u201d veya en az\u0131ndan \u201cbildirim\u201d kapsam\u0131nda kritik olabilir.<\/p>\n\n\n\n<p class=\"wp-block-paragraph\"><strong>2)TCK 98\u2019de \u201cbildirim\u201d nereye yap\u0131lmal\u0131d\u0131r?<\/strong><\/p>\n\n\n\n<p class=\"wp-block-paragraph\">Genellikle&nbsp;<strong>112 Acil \u00c7a\u011fr\u0131 Merkezi<\/strong>&nbsp;en do\u011fru ve h\u0131zl\u0131 kanald\u0131r. Olay\u0131n niteli\u011fine g\u00f6re polis\/jandarma veya sa\u011fl\u0131k ekiplerine y\u00f6nlendirme yap\u0131l\u0131r.<\/p>\n\n\n\n<p class=\"wp-block-paragraph\"><strong>3)Kendi g\u00fcvenli\u011fim tehlikedeyse yard\u0131m etmek zorunda m\u0131y\u0131m?<\/strong><\/p>\n\n\n\n<p class=\"wp-block-paragraph\">Kanun \u201chal ve ko\u015fullar\u0131n elverdi\u011fi \u00f6l\u00e7\u00fcde\u201d dedi\u011fi i\u00e7in, ki\u015finin kendi hayat\u0131n\u0131 ciddi tehlikeye atmas\u0131 beklenmez. Ancak \u00e7o\u011fu durumda, g\u00fcvenli bir noktadan 112\u2019yi aramak gibi bir bildirim y\u00fck\u00fcml\u00fcl\u00fc\u011f\u00fc yine g\u00fcndeme gelebilir.<\/p>\n\n\n\n<p class=\"wp-block-paragraph\"><strong>4)TCK 98 i\u00e7in ma\u011fdurun mutlaka \u00f6lmesi gerekir mi?<\/strong><\/p>\n\n\n\n<p class=\"wp-block-paragraph\">Hay\u0131r. \u00d6l\u00fcm ger\u00e7ekle\u015fmezse de TCK 98\/1 kapsam\u0131nda su\u00e7 olu\u015fabilir. \u00d6l\u00fcm ger\u00e7ekle\u015firse ve bu \u00f6l\u00fcm \u201cyard\u0131m\/bildirim yap\u0131lmamas\u0131\u201d ile ba\u011flant\u0131l\u0131 kabul edilirse TCK 98\/2 g\u00fcndeme gelir.<\/p>\n\n\n\n<p class=\"wp-block-paragraph\"><strong>5)TCK 98 ile TCK 97 ayn\u0131 anda uygulan\u0131r m\u0131?<\/strong><\/p>\n\n\n\n<p class=\"wp-block-paragraph\">Genellikle olay\u0131n niteli\u011fine g\u00f6re bir nitelendirme yap\u0131l\u0131r. E\u011fer fail ma\u011fdur \u00fczerinde \u00f6zel bir koruma-g\u00f6zetim y\u00fck\u00fcml\u00fcl\u00fc\u011f\u00fcne sahipse TCK 97 tart\u0131\u015f\u0131labilir; y\u00fck\u00fcml\u00fcl\u00fck yoksa daha \u00e7ok TCK 98 g\u00fcndeme gelir. Somut olayda ayr\u0131ca ba\u015fka su\u00e7lar (\u00f6r. yaralama, taksirle \u00f6ld\u00fcrme vb.) ile birlikte de\u011ferlendirme de yap\u0131labilir.<\/p>\n\n\n\n<p class=\"wp-block-paragraph\"><strong>Sonu\u00e7 \/ \u00d6zet<\/strong><\/p>\n\n\n\n<p class=\"wp-block-paragraph\"><strong>TCK 98 yard\u0131m veya bildirim y\u00fck\u00fcml\u00fc\u011f\u00fcn\u00fcn yerine getirilmemesi<\/strong>, kendini idare edemeyecek durumdaki bir ki\u015fiye&nbsp;<strong>imk\u00e2n varken yard\u0131m etmeyen<\/strong>&nbsp;\u0438\u043b\u0438&nbsp;<strong>durumu derhal yetkililere bildirmeyen<\/strong>&nbsp;ki\u015fiyi cezaland\u0131r\u0131r. Temel ceza&nbsp;<strong>1 y\u0131la kadar hapis veya adli para cezas\u0131<\/strong>, y\u00fck\u00fcml\u00fcl\u00fc\u011f\u00fcn ihlali nedeniyle \u00f6l\u00fcm ger\u00e7ekle\u015firse ceza&nbsp;<strong>1 y\u0131ldan 3 y\u0131la kadar hapis<\/strong>tir.<\/p>\n\n\n\n<p class=\"wp-block-paragraph\">Daha fazla bilgi i\u00e7in <a href=\"https:\/\/batinyilmaz.av.tr\/ru\/iletisim\/\">https:\/\/batinyilmaz.av.tr\/iletisim\/<\/a> adresimizden bizimle ileti\u015fime ge\u00e7ebilirsiniz.<\/p>\n\n\n\n<p class=\"wp-block-paragraph\">\u0410\u0434\u0432. \u0411\u0430\u0442\u0438\u043d \u0419\u042b\u041b\u041c\u0410\u0417 <\/p>","protected":false},"excerpt":{"rendered":"<p>TCK 98, kendini idare edemeyecek durumda olan bir ki\u015fiyi g\u00f6ren veya durumunu fark eden kimsenin,&nbsp;olay \u015fartlar\u0131 elverdi\u011fi \u00f6l\u00e7\u00fcde yard\u0131m etmesini&nbsp;ya da&nbsp;durumu derhal ilgili makamlara bildirmesini&nbsp;zorunlu k\u0131lan bir ceza normudur. Bu madde, toplum hayat\u0131nda en temel insani sorumluluklardan biri olan \u201cyard\u0131m etme\u201d veya \u201cyetkili birimlere haber verme\u201d y\u00fck\u00fcml\u00fcl\u00fc\u011f\u00fcn\u00fc ceza hukuku yapt\u0131r\u0131m\u0131yla destekler. TCK 98\u2019in Amac\u0131 Nedir? [&hellip;]<\/p>\n","protected":false},"author":2,"featured_media":2661,"comment_status":"open","ping_status":"open","sticky":false,"template":"","format":"standard","meta":{"_joinchat":[],"footnotes":""},"categories":[61],"tags":[366,365],"class_list":["post-2660","post","type-post","status-publish","format-standard","has-post-thumbnail","hentry","category-ceza-hukuku","tag-tck-98-cezasi","tag-tck-98-nedir-2"],"_links":{"self":[{"href":"https:\/\/batinyilmaz.av.tr\/ru\/wp-json\/wp\/v2\/posts\/2660","targetHints":{"allow":["GET"]}}],"collection":[{"href":"https:\/\/batinyilmaz.av.tr\/ru\/wp-json\/wp\/v2\/posts"}],"about":[{"href":"https:\/\/batinyilmaz.av.tr\/ru\/wp-json\/wp\/v2\/types\/post"}],"author":[{"embeddable":true,"href":"https:\/\/batinyilmaz.av.tr\/ru\/wp-json\/wp\/v2\/users\/2"}],"replies":[{"embeddable":true,"href":"https:\/\/batinyilmaz.av.tr\/ru\/wp-json\/wp\/v2\/comments?post=2660"}],"version-history":[{"count":1,"href":"https:\/\/batinyilmaz.av.tr\/ru\/wp-json\/wp\/v2\/posts\/2660\/revisions"}],"predecessor-version":[{"id":2662,"href":"https:\/\/batinyilmaz.av.tr\/ru\/wp-json\/wp\/v2\/posts\/2660\/revisions\/2662"}],"wp:featuredmedia":[{"embeddable":true,"href":"https:\/\/batinyilmaz.av.tr\/ru\/wp-json\/wp\/v2\/media\/2661"}],"wp:attachment":[{"href":"https:\/\/batinyilmaz.av.tr\/ru\/wp-json\/wp\/v2\/media?parent=2660"}],"wp:term":[{"taxonomy":"category","embeddable":true,"href":"https:\/\/batinyilmaz.av.tr\/ru\/wp-json\/wp\/v2\/categories?post=2660"},{"taxonomy":"post_tag","embeddable":true,"href":"https:\/\/batinyilmaz.av.tr\/ru\/wp-json\/wp\/v2\/tags?post=2660"}],"curies":[{"name":"wp","href":"https:\/\/api.w.org\/{rel}","templated":true}]}}