{"id":2656,"date":"2026-01-26T16:13:36","date_gmt":"2026-01-26T13:13:36","guid":{"rendered":"https:\/\/batinyilmaz.av.tr\/?p=2656"},"modified":"2026-01-26T16:23:56","modified_gmt":"2026-01-26T13:23:56","slug":"tck-97-terk-sucu-nedir","status":"publish","type":"post","link":"https:\/\/batinyilmaz.av.tr\/ru\/tck-97-terk-sucu-nedir\/","title":{"rendered":"TCK 97 Terk Su\u00e7u Nedir?"},"content":{"rendered":"<div id=\"ez-toc-container\" class=\"ez-toc-v2_0_85 counter-hierarchy ez-toc-counter ez-toc-grey ez-toc-container-direction\">\n<div class=\"ez-toc-title-container\">\n<p class=\"ez-toc-title\" style=\"cursor:inherit\">\u0417\u0430\u0433\u043e\u043b\u043e\u0432\u043a\u0438<\/p>\n<span class=\"ez-toc-title-toggle\"><a href=\"#\" class=\"ez-toc-pull-right ez-toc-btn ez-toc-btn-xs ez-toc-btn-default ez-toc-toggle\" aria-label=\"Toggle Table of Content\"><span class=\"ez-toc-js-icon-con\"><span class=\"\"><span class=\"eztoc-hide\" style=\"display:none;\">\u041f\u0435\u0440\u0435\u043a\u043b\u044e\u0447\u0430\u0442\u0435\u043b\u044c<\/span><span class=\"ez-toc-icon-toggle-span\"><svg style=\"fill: #999;color:#999\" xmlns=\"http:\/\/www.w3.org\/2000\/svg\" class=\"list-377408\" width=\"20px\" height=\"20px\" viewbox=\"0 0 24 24\" fill=\"none\"><path d=\"M6 6H4v2h2V6zm14 0H8v2h12V6zM4 11h2v2H4v-2zm16 0H8v2h12v-2zM4 16h2v2H4v-2zm16 0H8v2h12v-2z\" fill=\"currentColor\"><\/path><\/svg><svg style=\"fill: #999;color:#999\" class=\"arrow-unsorted-368013\" xmlns=\"http:\/\/www.w3.org\/2000\/svg\" width=\"10px\" height=\"10px\" viewbox=\"0 0 24 24\" version=\"1.2\" baseprofile=\"tiny\"><path d=\"M18.2 9.3l-6.2-6.3-6.2 6.3c-.2.2-.3.4-.3.7s.1.5.3.7c.2.2.4.3.7.3h11c.3 0 .5-.1.7-.3.2-.2.3-.5.3-.7s-.1-.5-.3-.7zM5.8 14.7l6.2 6.3 6.2-6.3c.2-.2.3-.5.3-.7s-.1-.5-.3-.7c-.2-.2-.4-.3-.7-.3h-11c-.3 0-.5.1-.7.3-.2.2-.3.5-.3.7s.1.5.3.7z\"\/><\/svg><\/span><\/span><\/span><\/a><\/span><\/div>\n<nav><ul class='ez-toc-list ez-toc-list-level-1' ><li class='ez-toc-page-1 ez-toc-heading-level-2'><a class=\"ez-toc-link ez-toc-heading-1\" href=\"https:\/\/batinyilmaz.av.tr\/ru\/tck-97-terk-sucu-nedir\/#TCK_97nin_Korudugu_Hukuki_Deger_Nedir\" >TCK 97\u2019nin Korudu\u011fu Hukuki De\u011fer Nedir?<\/a><\/li><li class='ez-toc-page-1 ez-toc-heading-level-2'><a class=\"ez-toc-link ez-toc-heading-2\" href=\"https:\/\/batinyilmaz.av.tr\/ru\/tck-97-terk-sucu-nedir\/#TCK_97_Terk_Sucunun_Sartlari_Unsurlari\" >TCK 97 Terk Su\u00e7unun \u015eartlar\u0131 (Unsurlar\u0131)<\/a><\/li><li class='ez-toc-page-1 ez-toc-heading-level-2'><a class=\"ez-toc-link ez-toc-heading-3\" href=\"https:\/\/batinyilmaz.av.tr\/ru\/tck-97-terk-sucu-nedir\/#TCK_97_Terk_Sucunun_Cezasi_Nedir\" >TCK 97 Terk Su\u00e7unun Cezas\u0131 Nedir?<\/a><\/li><li class='ez-toc-page-1 ez-toc-heading-level-2'><a class=\"ez-toc-link ez-toc-heading-4\" href=\"https:\/\/batinyilmaz.av.tr\/ru\/tck-97-terk-sucu-nedir\/#TCK_97_ile_TCK_98_Arasindaki_Fark_Nedir\" >TCK 97 ile TCK 98 Aras\u0131ndaki Fark Nedir?<\/a><\/li><li class='ez-toc-page-1 ez-toc-heading-level-2'><a class=\"ez-toc-link ez-toc-heading-5\" href=\"https:\/\/batinyilmaz.av.tr\/ru\/tck-97-terk-sucu-nedir\/#Sikca_Sorulan_Sorular_SSS\" >\u0427\u0430\u0441\u0442\u043e \u0437\u0430\u0434\u0430\u0432\u0430\u0435\u043c\u044b\u0435 \u0432\u043e\u043f\u0440\u043e\u0441\u044b (\u0427\u0417\u0412)<\/a><\/li><\/ul><\/nav><\/div>\n\n<p class=\"wp-block-paragraph\"><strong>TCK 97 terk su\u00e7u<\/strong>, ya\u015f\u0131 veya hastal\u0131\u011f\u0131 nedeniyle&nbsp;<strong>kendisini koruyamayan<\/strong>&nbsp;ve bu nedenle birinin&nbsp;<strong>koruma ve g\u00f6zetimi alt\u0131nda<\/strong>&nbsp;bulunan ki\u015finin, y\u00fck\u00fcml\u00fc ki\u015fi taraf\u0131ndan&nbsp;<strong>kendi h\u00e2line b\u0131rak\u0131lmas\u0131<\/strong>&nbsp;durumunda olu\u015fan su\u00e7tur.<\/p>\n\n\n\n<p class=\"wp-block-paragraph\">Burada \u00f6nemli olan nokta \u015fudur: Kanun, \u201cterk\u201d fiilini yaln\u0131zca fiziksel olarak bir yerde b\u0131rakmak \u015feklinde dar yorumlamaz. Uygulamada \u201cterk\u201d, ki\u015finin&nbsp;<strong>korumadan yoksun<\/strong>&nbsp;hale getirilmesi anlam\u0131na gelir.<\/p>\n\n\n\n<h2 class=\"wp-block-heading\"><span class=\"ez-toc-section\" id=\"TCK_97nin_Korudugu_Hukuki_Deger_Nedir\"><\/span><strong>TCK 97\u2019nin Korudu\u011fu Hukuki De\u011fer Nedir?<\/strong><span class=\"ez-toc-section-end\"><\/span><\/h2>\n\n\n\n<p class=\"wp-block-paragraph\">TCK 97\u2019nin amac\u0131, \u00f6zellikle&nbsp;<strong>savunmas\u0131z durumdaki ki\u015fileri<\/strong>&nbsp;korumakt\u0131r. Bu kapsamda:<\/p>\n\n\n\n<ul class=\"wp-block-list\">\n<li><strong>ya\u015fl\u0131lar<\/strong>,<\/li>\n\n\n\n<li><strong>hastalar<\/strong>,<\/li>\n\n\n\n<li>ciddi sa\u011fl\u0131k sorunlar\u0131 nedeniyle kendi ba\u015f\u0131na ya\u015fam\u0131n\u0131 s\u00fcrd\u00fcremeyen ki\u015filer<\/li>\n<\/ul>\n\n\n\n<p class=\"wp-block-paragraph\">gibi gruplar\u0131n, bakmakla y\u00fck\u00fcml\u00fc ki\u015filer taraf\u0131ndan tehlikeye at\u0131lmas\u0131n\u0131n \u00f6n\u00fcne ge\u00e7ilmesi hedeflenir.<\/p>\n\n\n\n<h2 class=\"wp-block-heading\"><span class=\"ez-toc-section\" id=\"TCK_97_Terk_Sucunun_Sartlari_Unsurlari\"><\/span><strong>TCK 97 Terk Su\u00e7unun \u015eartlar\u0131 (Unsurlar\u0131)<\/strong><span class=\"ez-toc-section-end\"><\/span><\/h2>\n\n\n\n<p class=\"wp-block-paragraph\"><strong>Ma\u011fdur Kim Olabilir?<\/strong><\/p>\n\n\n\n<p class=\"wp-block-paragraph\">TCK 97 kapsam\u0131nda ma\u011fdur:<\/p>\n\n\n\n<ul class=\"wp-block-list\">\n<li><strong>ya\u015f\u0131<\/strong>\u00a0\u0438\u043b\u0438<\/li>\n\n\n\n<li><strong>hastal\u0131\u011f\u0131<\/strong><\/li>\n<\/ul>\n\n\n\n<p class=\"wp-block-paragraph\">nedeniyle&nbsp;<strong>kendini idare edemeyecek durumda<\/strong>&nbsp;\u0434\u043e\u043b\u0436\u0435\u043d \u0431\u044b\u0442\u044c \u0438\u043c\u0435\u043d\u043d\u043e \u0442\u0430\u043a\u0438\u043c.<\/p>\n\n\n\n<p class=\"wp-block-paragraph\">Buradaki \u201ckendini idare edememe\u201d, her somut olayda ayr\u0131ca de\u011ferlendirilir. Ki\u015finin g\u00fcnl\u00fck ya\u015fam ihtiya\u00e7lar\u0131n\u0131 tek ba\u015f\u0131na kar\u015f\u0131layamamas\u0131, sa\u011fl\u0131k nedeniyle kendini koruyamamas\u0131 veya tehlikelerden ka\u00e7\u0131namamas\u0131 gibi durumlar bu kapsamda g\u00fcndeme gelebilir.<\/p>\n\n\n\n<p class=\"wp-block-paragraph\"><strong>Fail Kim Olabilir?<\/strong><\/p>\n\n\n\n<p class=\"wp-block-paragraph\">TCK 97 terk su\u00e7u bak\u0131m\u0131ndan fail, ma\u011fdur \u00fczerinde&nbsp;<strong>koruma ve g\u00f6zetim y\u00fck\u00fcml\u00fcl\u00fc\u011f\u00fc<\/strong>&nbsp;bulunan ki\u015fidir.<\/p>\n\n\n\n<p class=\"wp-block-paragraph\">Bu y\u00fck\u00fcml\u00fcl\u00fck:<\/p>\n\n\n\n<ul class=\"wp-block-list\">\n<li><strong>kanundan<\/strong>\u00a0(\u00f6r. aile ili\u015fkisi, velayet\/vesayet),<\/li>\n\n\n\n<li><strong>s\u00f6zle\u015fmeden<\/strong>\u00a0(\u00f6r. bak\u0131m s\u00f6zle\u015fmeleri),<\/li>\n\n\n\n<li><strong>do\u011fal ba\u011fl\u0131l\u0131k ili\u015fkisinden<\/strong>\u00a0(uygulamada aile i\u00e7i fiil\u00ee bak\u0131m ili\u015fkileri),<\/li>\n\n\n\n<li>\u0438\u043b\u0438\u00a0<strong>fiil\u00ee durumdan<\/strong>\u00a0(ki\u015finin bak\u0131m\u0131 fiilen \u00fcstlenilmi\u015f olabilir)<\/li>\n<\/ul>\n\n\n\n<p class=\"wp-block-paragraph\">kaynaklanabilir.<\/p>\n\n\n\n<p class=\"wp-block-paragraph\"><strong>\u201cKendi H\u00e2line Terk Etmek\u201d Ne Demektir?<\/strong><\/p>\n\n\n\n<p class=\"wp-block-paragraph\">\u201cKendi h\u00e2line terk etmek\u201d, ki\u015finin koruma alt\u0131nda olmas\u0131 gerekirken,&nbsp;<strong>korunmas\u0131z b\u0131rak\u0131lmas\u0131<\/strong>\u044f\u0432\u043b\u044f\u0435\u0442\u0441\u044f.<\/p>\n\n\n\n<p class=\"wp-block-paragraph\">\u00d6rnek olarak:<\/p>\n\n\n\n<ul class=\"wp-block-list\">\n<li>Bak\u0131ma muhta\u00e7 bir ya\u015fl\u0131n\u0131n evde kapat\u0131l\u0131p uzun s\u00fcre yaln\u0131z b\u0131rak\u0131lmas\u0131,<\/li>\n\n\n\n<li>Hastaneden al\u0131nan bir hastan\u0131n g\u00fcvenli \u015fekilde bak\u0131m\u0131 sa\u011flanmadan sokakta b\u0131rak\u0131lmas\u0131,<\/li>\n\n\n\n<li>Bak\u0131ma muhta\u00e7 ki\u015finin temel ihtiya\u00e7lar\u0131 sa\u011flanmadan ortada b\u0131rak\u0131lmas\u0131<\/li>\n<\/ul>\n\n\n\n<p class=\"wp-block-paragraph\">gibi durumlar somut olay\u0131n ko\u015fullar\u0131na g\u00f6re TCK 97 a\u00e7\u0131s\u0131ndan de\u011ferlendirilebilir.<\/p>\n\n\n\n<p class=\"wp-block-paragraph\"><strong>Terk Su\u00e7u Kasten mi \u0130\u015flenir?<\/strong><\/p>\n\n\n\n<p class=\"wp-block-paragraph\">Evet. TCK 97, uygulamada \u201ckasten i\u015flenebilen su\u00e7\u201d olarak ele al\u0131n\u0131r. Yani failin, ma\u011fduru korumas\u0131z b\u0131rakt\u0131\u011f\u0131n\u0131 bilerek ve isteyerek hareket etmesi beklenir.<\/p>\n\n\n\n<p class=\"wp-block-paragraph\">Ancak her olay\u0131n kast de\u011ferlendirmesi farkl\u0131d\u0131r. \u201cZorunluluk\u201d, \u201cani geli\u015fen olay\u201d, \u201cy\u00fck\u00fcml\u00fcl\u00fc\u011f\u00fcn devri\u201d gibi iddialar varsa ayr\u0131ca incelenir.<\/p>\n\n\n\n<h2 class=\"wp-block-heading\"><span class=\"ez-toc-section\" id=\"TCK_97_Terk_Sucunun_Cezasi_Nedir\"><\/span><strong>TCK 97 Terk Su\u00e7unun Cezas\u0131 Nedir?<\/strong><span class=\"ez-toc-section-end\"><\/span><\/h2>\n\n\n\n<p class=\"wp-block-paragraph\"><strong>TCK 97\/1 Cezas\u0131<\/strong><\/p>\n\n\n\n<p class=\"wp-block-paragraph\">TCK 97\/1\u2019e g\u00f6re terk su\u00e7unun temel hali i\u00e7in ceza:<\/p>\n\n\n\n<ul class=\"wp-block-list\">\n<li><strong>3 aydan 2 y\u0131la kadar hapis cezas\u0131d\u0131r.<\/strong><\/li>\n<\/ul>\n\n\n\n<p class=\"wp-block-paragraph\">Bu, \u201cterk\u201d fiilinin ger\u00e7ekle\u015fmesiyle olu\u015fan temel cezad\u0131r; ayr\u0131ca ma\u011fdurun zarar g\u00f6rmesi \u015fart de\u011fildir. Ancak somut olay\u0131n \u00f6zellikleri cezan\u0131n belirlenmesinde etkili olabilir.<\/p>\n\n\n\n<p class=\"wp-block-paragraph\"><strong>TCK 97\/2: Sonu\u00e7 A\u011f\u0131rla\u015f\u0131rsa Ne Olur?<\/strong><\/p>\n\n\n\n<p class=\"wp-block-paragraph\">Terk nedeniyle ma\u011fdur:<\/p>\n\n\n\n<ul class=\"wp-block-list\">\n<li><strong>hastalan\u0131rsa<\/strong>,<\/li>\n\n\n\n<li><strong>yaralan\u0131rsa<\/strong>,<\/li>\n\n\n\n<li>\u0438\u043b\u0438\u00a0<strong>\u00f6l\u00fcrse<\/strong>,<\/li>\n<\/ul>\n\n\n\n<p class=\"wp-block-paragraph\">kanun \u201c<strong>neticesi sebebiyle a\u011f\u0131rla\u015fm\u0131\u015f su\u00e7<\/strong>\u201d h\u00fck\u00fcmlerine g\u00f6re daha a\u011f\u0131r sonu\u00e7lar do\u011furabilece\u011fini belirtir.<\/p>\n\n\n\n<p class=\"wp-block-paragraph\">Bu f\u0131kra, terk fiilinin ma\u011fdur \u00fczerinde daha a\u011f\u0131r bir netice do\u011furmas\u0131 halinde, ceza sorumlulu\u011funun da buna g\u00f6re a\u011f\u0131rla\u015ft\u0131r\u0131lmas\u0131n\u0131 sa\u011flar.<\/p>\n\n\n\n<h2 class=\"wp-block-heading\"><span class=\"ez-toc-section\" id=\"TCK_97_ile_TCK_98_Arasindaki_Fark_Nedir\"><\/span><strong>TCK 97 ile TCK 98 Aras\u0131ndaki Fark Nedir?<\/strong><span class=\"ez-toc-section-end\"><\/span><\/h2>\n\n\n\n<p class=\"wp-block-paragraph\">Uygulamada en s\u0131k kar\u0131\u015ft\u0131r\u0131lan iki d\u00fczenleme \u015funlard\u0131r:<\/p>\n\n\n\n<ul class=\"wp-block-list\">\n<li><strong>TCK 97 (Terk)<\/strong>: Failin ma\u011fdur \u00fczerinde\u00a0<strong>koruma-g\u00f6zetim y\u00fck\u00fcml\u00fcl\u00fc\u011f\u00fc<\/strong>\u00a0vard\u0131r. Y\u00fck\u00fcml\u00fc ki\u015fi, muhta\u00e7 ki\u015fiyi \u201ckendi h\u00e2line b\u0131rak\u0131r\u201d.<\/li>\n\n\n\n<li><strong>TCK 98 (Yard\u0131m veya bildirim y\u00fck\u00fcml\u00fcl\u00fc\u011f\u00fcn\u00fcn yerine getirilmemesi)<\/strong>: Failin \u00f6zel bir koruma y\u00fck\u00fcml\u00fcl\u00fc\u011f\u00fc olmasa bile, kendini idare edemeyen bir ki\u015fiye\u00a0<strong>yard\u0131m etmez<\/strong>\u00a0\u0438\u043b\u0438\u00a0<strong>durumu bildirmez<\/strong>.<\/li>\n<\/ul>\n\n\n\n<p class=\"wp-block-paragraph\">K\u0131saca: TCK 97 \u201cbakmakla y\u00fck\u00fcml\u00fc olan\u0131n terk etmesi\u201d, TCK 98 ise \u201cgenel anlamda yard\u0131m\/bildirim yapmama\u201d gibi d\u00fc\u015f\u00fcn\u00fclebilir (somut olaya g\u00f6re de\u011ferlendirme de\u011fi\u015febilir).<\/p>\n\n\n\n<h2 class=\"wp-block-heading\"><span class=\"ez-toc-section\" id=\"Sikca_Sorulan_Sorular_SSS\"><\/span><strong>\u0427\u0430\u0441\u0442\u043e \u0437\u0430\u0434\u0430\u0432\u0430\u0435\u043c\u044b\u0435 \u0432\u043e\u043f\u0440\u043e\u0441\u044b (\u0427\u0417\u0412)<\/strong><span class=\"ez-toc-section-end\"><\/span><\/h2>\n\n\n\n<p class=\"wp-block-paragraph\"><strong>TCK 97 terk su\u00e7u \u015fik\u00e2yete tabi mi?<\/strong><\/p>\n\n\n\n<p class=\"wp-block-paragraph\">TCK 97\u2019nin soru\u015fturma-usul niteli\u011fi (\u015fik\u00e2yet\/ resen) somut olaya ve uygulamaya g\u00f6re de\u011ferlendirilir. Genel olarak savunmas\u0131z ki\u015finin korunmas\u0131 ama\u00e7land\u0131\u011f\u0131ndan, olay\u0131n \u00f6\u011frenilmesi halinde soru\u015fturma makamlar\u0131 devreye girebilir. En sa\u011fl\u0131kl\u0131 de\u011ferlendirme i\u00e7in olay\u0131n t\u00fcm detaylar\u0131yla bir ceza hukuk\u00e7usuna dan\u0131\u015f\u0131lmas\u0131 \u00f6nerilir.<\/p>\n\n\n\n<p class=\"wp-block-paragraph\"><strong>Ya\u015fl\u0131 birini k\u0131sa s\u00fcre yaln\u0131z b\u0131rakmak TCK 97 say\u0131l\u0131r m\u0131?<\/strong><\/p>\n\n\n\n<p class=\"wp-block-paragraph\">Her \u201cyaln\u0131z b\u0131rakma\u201d otomatik olarak TCK 97 de\u011fildir. Uygulamada kritik \u00f6l\u00e7\u00fctler:<\/p>\n\n\n\n<ul class=\"wp-block-list\">\n<li>ki\u015finin kendini idare edip edemedi\u011fi,<\/li>\n\n\n\n<li>b\u0131rak\u0131lma s\u00fcresi,<\/li>\n\n\n\n<li>b\u0131rak\u0131ld\u0131\u011f\u0131 ortam\u0131n g\u00fcvenli\u011fi,<\/li>\n\n\n\n<li>failin ger\u00e7ekten koruma ve g\u00f6zetim y\u00fck\u00fcml\u00fcl\u00fc\u011f\u00fcn\u00fcn bulunup bulunmad\u0131\u011f\u0131,<\/li>\n\n\n\n<li>ma\u011fdur a\u00e7\u0131s\u0131ndan tehlike do\u011fup do\u011fmad\u0131\u011f\u0131<\/li>\n<\/ul>\n\n\n\n<p class=\"wp-block-paragraph\">gibi unsurlard\u0131r. Somut olay de\u011ferlendirmesi \u015fartt\u0131r.<\/p>\n\n\n\n<p class=\"wp-block-paragraph\"><strong>TCK 97\u2019de \u201ckoruma ve g\u00f6zetim y\u00fck\u00fcml\u00fcl\u00fc\u011f\u00fc\u201d nas\u0131l ispatlan\u0131r?<\/strong><\/p>\n\n\n\n<p class=\"wp-block-paragraph\">Bu y\u00fck\u00fcml\u00fcl\u00fck:<\/p>\n\n\n\n<ul class=\"wp-block-list\">\n<li>aile ili\u015fkisi\/vesayet gibi\u00a0<strong>hukuki ba\u011flar<\/strong>,<\/li>\n\n\n\n<li>bak\u0131m s\u00f6zle\u015fmesi gibi\u00a0<strong>yaz\u0131l\u0131 belgeler<\/strong>,<\/li>\n\n\n\n<li>fiil\u00ee bak\u0131m\u0131n \u00fcstlenildi\u011fini g\u00f6steren\u00a0<strong>tan\u0131k, kamera, kay\u0131tlar, mesajlar<\/strong>\u00a0ile ispatlanabilir.<\/li>\n<\/ul>\n\n\n\n<p class=\"wp-block-paragraph\"><strong>Terk sonucu ma\u011fdur \u00f6l\u00fcrse ne olur?<\/strong><\/p>\n\n\n\n<p class=\"wp-block-paragraph\">TCK 97\/2 uyar\u0131nca, terk nedeniyle \u00f6l\u00fcm ger\u00e7ekle\u015fmi\u015fse \u201cneticesi sebebiyle a\u011f\u0131rla\u015fm\u0131\u015f su\u00e7\u201d h\u00fck\u00fcmleri g\u00fcndeme gelir. Bu durumda ceza sorumlulu\u011fu ve nitelendirme, olay\u0131n t\u00fcm ko\u015fullar\u0131na g\u00f6re (illiyet ba\u011f\u0131, kusur, \u00f6ng\u00f6r\u00fclebilirlik vb.) daha a\u011f\u0131r sonu\u00e7lar do\u011furabilir.<\/p>\n\n\n\n<p class=\"wp-block-paragraph\"><strong>TCK 97 kapsam\u0131nda ma\u011fdurun mutlaka zarar g\u00f6rmesi gerekir mi?<\/strong><\/p>\n\n\n\n<p class=\"wp-block-paragraph\">Hay\u0131r. TCK 97\/1\u2019de su\u00e7un temel hali i\u00e7in, \u201ckendi h\u00e2line terk\u201d fiilinin ger\u00e7ekle\u015fmesi \u00f6nemlidir. Zarar\/hastalanma\/yaralanma\/\u00f6l\u00fcm gibi sonu\u00e7lar ortaya \u00e7\u0131karsa TCK 97\/2 devreye girebilir.<\/p>\n\n\n\n<p class=\"wp-block-paragraph\">\u0410\u0434\u0432. \u0411\u0430\u0442\u0438\u043d \u0419\u042b\u041b\u041c\u0410\u0417 <\/p>\n\n\n\n<p class=\"wp-block-paragraph\"><\/p>","protected":false},"excerpt":{"rendered":"<p>TCK 97 terk su\u00e7u, ya\u015f\u0131 veya hastal\u0131\u011f\u0131 nedeniyle&nbsp;kendisini koruyamayan&nbsp;ve bu nedenle birinin&nbsp;koruma ve g\u00f6zetimi alt\u0131nda&nbsp;bulunan ki\u015finin, y\u00fck\u00fcml\u00fc ki\u015fi taraf\u0131ndan&nbsp;kendi h\u00e2line b\u0131rak\u0131lmas\u0131&nbsp;durumunda olu\u015fan su\u00e7tur. Burada \u00f6nemli olan nokta \u015fudur: Kanun, \u201cterk\u201d fiilini yaln\u0131zca fiziksel olarak bir yerde b\u0131rakmak \u015feklinde dar yorumlamaz. Uygulamada \u201cterk\u201d, ki\u015finin&nbsp;korumadan yoksun&nbsp;hale getirilmesi anlam\u0131na gelir. TCK 97\u2019nin Korudu\u011fu Hukuki De\u011fer Nedir? TCK 97\u2019nin [&hellip;]<\/p>\n","protected":false},"author":2,"featured_media":2659,"comment_status":"open","ping_status":"open","sticky":false,"template":"","format":"standard","meta":{"_joinchat":[],"footnotes":""},"categories":[61],"tags":[362,363],"class_list":["post-2656","post","type-post","status-publish","format-standard","has-post-thumbnail","hentry","category-ceza-hukuku","tag-tck-97","tag-terk-sucu-nedir"],"_links":{"self":[{"href":"https:\/\/batinyilmaz.av.tr\/ru\/wp-json\/wp\/v2\/posts\/2656","targetHints":{"allow":["GET"]}}],"collection":[{"href":"https:\/\/batinyilmaz.av.tr\/ru\/wp-json\/wp\/v2\/posts"}],"about":[{"href":"https:\/\/batinyilmaz.av.tr\/ru\/wp-json\/wp\/v2\/types\/post"}],"author":[{"embeddable":true,"href":"https:\/\/batinyilmaz.av.tr\/ru\/wp-json\/wp\/v2\/users\/2"}],"replies":[{"embeddable":true,"href":"https:\/\/batinyilmaz.av.tr\/ru\/wp-json\/wp\/v2\/comments?post=2656"}],"version-history":[{"count":1,"href":"https:\/\/batinyilmaz.av.tr\/ru\/wp-json\/wp\/v2\/posts\/2656\/revisions"}],"predecessor-version":[{"id":2658,"href":"https:\/\/batinyilmaz.av.tr\/ru\/wp-json\/wp\/v2\/posts\/2656\/revisions\/2658"}],"wp:featuredmedia":[{"embeddable":true,"href":"https:\/\/batinyilmaz.av.tr\/ru\/wp-json\/wp\/v2\/media\/2659"}],"wp:attachment":[{"href":"https:\/\/batinyilmaz.av.tr\/ru\/wp-json\/wp\/v2\/media?parent=2656"}],"wp:term":[{"taxonomy":"category","embeddable":true,"href":"https:\/\/batinyilmaz.av.tr\/ru\/wp-json\/wp\/v2\/categories?post=2656"},{"taxonomy":"post_tag","embeddable":true,"href":"https:\/\/batinyilmaz.av.tr\/ru\/wp-json\/wp\/v2\/tags?post=2656"}],"curies":[{"name":"wp","href":"https:\/\/api.w.org\/{rel}","templated":true}]}}