{"id":2651,"date":"2026-01-23T10:21:52","date_gmt":"2026-01-23T07:21:52","guid":{"rendered":"https:\/\/batinyilmaz.av.tr\/?p=2651"},"modified":"2026-01-23T10:23:28","modified_gmt":"2026-01-23T07:23:28","slug":"eziyet-sucu-tck-96-nedir","status":"publish","type":"post","link":"https:\/\/batinyilmaz.av.tr\/ru\/eziyet-sucu-tck-96-nedir\/","title":{"rendered":"Eziyet Su\u00e7u (TCK 96) Nedir?"},"content":{"rendered":"<div id=\"ez-toc-container\" class=\"ez-toc-v2_0_85 counter-hierarchy ez-toc-counter ez-toc-grey ez-toc-container-direction\">\n<div class=\"ez-toc-title-container\">\n<p class=\"ez-toc-title\" style=\"cursor:inherit\">\u0417\u0430\u0433\u043e\u043b\u043e\u0432\u043a\u0438<\/p>\n<span class=\"ez-toc-title-toggle\"><a href=\"#\" class=\"ez-toc-pull-right ez-toc-btn ez-toc-btn-xs ez-toc-btn-default ez-toc-toggle\" aria-label=\"Toggle Table of Content\"><span class=\"ez-toc-js-icon-con\"><span class=\"\"><span class=\"eztoc-hide\" style=\"display:none;\">\u041f\u0435\u0440\u0435\u043a\u043b\u044e\u0447\u0430\u0442\u0435\u043b\u044c<\/span><span class=\"ez-toc-icon-toggle-span\"><svg style=\"fill: #999;color:#999\" xmlns=\"http:\/\/www.w3.org\/2000\/svg\" class=\"list-377408\" width=\"20px\" height=\"20px\" viewbox=\"0 0 24 24\" fill=\"none\"><path d=\"M6 6H4v2h2V6zm14 0H8v2h12V6zM4 11h2v2H4v-2zm16 0H8v2h12v-2zM4 16h2v2H4v-2zm16 0H8v2h12v-2z\" fill=\"currentColor\"><\/path><\/svg><svg style=\"fill: #999;color:#999\" class=\"arrow-unsorted-368013\" xmlns=\"http:\/\/www.w3.org\/2000\/svg\" width=\"10px\" height=\"10px\" viewbox=\"0 0 24 24\" version=\"1.2\" baseprofile=\"tiny\"><path d=\"M18.2 9.3l-6.2-6.3-6.2 6.3c-.2.2-.3.4-.3.7s.1.5.3.7c.2.2.4.3.7.3h11c.3 0 .5-.1.7-.3.2-.2.3-.5.3-.7s-.1-.5-.3-.7zM5.8 14.7l6.2 6.3 6.2-6.3c.2-.2.3-.5.3-.7s-.1-.5-.3-.7c-.2-.2-.4-.3-.7-.3h-11c-.3 0-.5.1-.7.3-.2.2-.3.5-.3.7s.1.5.3.7z\"\/><\/svg><\/span><\/span><\/span><\/a><\/span><\/div>\n<nav><ul class='ez-toc-list ez-toc-list-level-1' ><li class='ez-toc-page-1 ez-toc-heading-level-2'><a class=\"ez-toc-link ez-toc-heading-1\" href=\"https:\/\/batinyilmaz.av.tr\/ru\/eziyet-sucu-tck-96-nedir\/#Eziyet_Sucunun_Ayirt_Edici_Ozelligi_Surec_ve_Sistematiklik\" >Eziyet Su\u00e7unun Ay\u0131rt Edici \u00d6zelli\u011fi: S\u00fcre\u00e7 ve Sistematiklik<\/a><\/li><li class='ez-toc-page-1 ez-toc-heading-level-2'><a class=\"ez-toc-link ez-toc-heading-2\" href=\"https:\/\/batinyilmaz.av.tr\/ru\/eziyet-sucu-tck-96-nedir\/#Eziyet_Sucunun_Cezasi_TCK_961\" >Eziyet Su\u00e7unun Cezas\u0131 (TCK 96\/1)<\/a><ul class='ez-toc-list-level-4' ><li class='ez-toc-heading-level-4'><ul class='ez-toc-list-level-4' ><li class='ez-toc-heading-level-4'><a class=\"ez-toc-link ez-toc-heading-3\" href=\"https:\/\/batinyilmaz.av.tr\/ru\/eziyet-sucu-tck-96-nedir\/#Eziyet_Sucunun_Nitelikli_Halleri_TCK_962_%E2%80%93_Ceza_3_Yildan_8_Yila_Cikar\" >Eziyet Su\u00e7unun Nitelikli H\u00e2lleri (TCK 96\/2) \u2013 Ceza 3 Y\u0131ldan 8 Y\u0131la \u00c7\u0131kar<\/a><\/li><li class='ez-toc-page-1 ez-toc-heading-level-4'><a class=\"ez-toc-link ez-toc-heading-4\" href=\"https:\/\/batinyilmaz.av.tr\/ru\/eziyet-sucu-tck-96-nedir\/#Cocuga_Karsi_Eziyet_TCK_962-a\" >\u00c7ocu\u011fa Kar\u015f\u0131 Eziyet (TCK 96\/2-a)<\/a><\/li><li class='ez-toc-page-1 ez-toc-heading-level-4'><a class=\"ez-toc-link ez-toc-heading-5\" href=\"https:\/\/batinyilmaz.av.tr\/ru\/eziyet-sucu-tck-96-nedir\/#Kendini_Savunamayacak_Durumdaki_Kisiye_Karsi_Eziyet_TCK_962-a\" >Kendini Savunamayacak Durumdaki Ki\u015fiye Kar\u015f\u0131 Eziyet (TCK 96\/2-a)<\/a><\/li><li class='ez-toc-page-1 ez-toc-heading-level-4'><a class=\"ez-toc-link ez-toc-heading-6\" href=\"https:\/\/batinyilmaz.av.tr\/ru\/eziyet-sucu-tck-96-nedir\/#Gebe_Kadina_Karsi_Eziyet_TCK_962-a\" >Gebe Kad\u0131na Kar\u015f\u0131 Eziyet (TCK 96\/2-a)<\/a><\/li><li class='ez-toc-page-1 ez-toc-heading-level-4'><a class=\"ez-toc-link ez-toc-heading-7\" href=\"https:\/\/batinyilmaz.av.tr\/ru\/eziyet-sucu-tck-96-nedir\/#Ustsoy-Altsoya_ve_Aile_Ici_Iliskilerde_Eziyet_TCK_962-b\" >\u00dcstsoy-Altsoya ve Aile \u0130\u00e7i \u0130li\u015fkilerde Eziyet (TCK 96\/2-b)<\/a><\/li><\/ul><\/li><\/ul><\/li><li class='ez-toc-page-1 ez-toc-heading-level-2'><a class=\"ez-toc-link ez-toc-heading-8\" href=\"https:\/\/batinyilmaz.av.tr\/ru\/eziyet-sucu-tck-96-nedir\/#Bosandigi_Ese_Karsi_Eziyet_de_Nitelikli_Haldir_Onemli_Nokta\" >Bo\u015fand\u0131\u011f\u0131 E\u015fe Kar\u015f\u0131 Eziyet de Nitelikli H\u00e2ldir (\u00d6nemli Nokta)<\/a><\/li><li class='ez-toc-page-1 ez-toc-heading-level-2'><a class=\"ez-toc-link ez-toc-heading-9\" href=\"https:\/\/batinyilmaz.av.tr\/ru\/eziyet-sucu-tck-96-nedir\/#Eziyet_Sucu_Hangi_Davranislarla_Olusur\" >Eziyet Su\u00e7u Hangi Davran\u0131\u015flarla Olu\u015fur?<\/a><\/li><li class='ez-toc-page-1 ez-toc-heading-level-2'><a class=\"ez-toc-link ez-toc-heading-10\" href=\"https:\/\/batinyilmaz.av.tr\/ru\/eziyet-sucu-tck-96-nedir\/#Sikca_Sorulan_Sorular_SSS\" >\u0427\u0430\u0441\u0442\u043e \u0437\u0430\u0434\u0430\u0432\u0430\u0435\u043c\u044b\u0435 \u0432\u043e\u043f\u0440\u043e\u0441\u044b (\u0427\u0417\u0412)<\/a><\/li><\/ul><\/nav><\/div>\n\n<p class=\"wp-block-paragraph\"><strong>Eziyet su\u00e7u (TCK 96)<\/strong>, bir ki\u015fiye kar\u015f\u0131&nbsp;<strong>insan onuruyla ba\u011fda\u015fmayan<\/strong>, onu&nbsp;<strong>bedensel veya ruhsal a\u00e7\u0131dan ac\u0131 \u00e7ekmeye<\/strong>&nbsp;\u0438&nbsp;<strong>a\u015fa\u011f\u0131lanmaya<\/strong>&nbsp;s\u00fcr\u00fckleyen davran\u0131\u015flar\u0131n ger\u00e7ekle\u015ftirilmesidir.<\/p>\n\n\n\n<p class=\"wp-block-paragraph\">Burada \u00f6nemli nokta \u015fudur: Eziyet \u00e7o\u011fu zaman tek bir \u201canl\u0131k\u201d davran\u0131\u015ftan de\u011fil,&nbsp;<strong>sistematik<\/strong>&nbsp;\u015fekilde veya&nbsp;<strong>belli bir s\u00fcre\u00e7 i\u00e7inde tekrar eden<\/strong>&nbsp;eylemlerden olu\u015fur. Yarg\u0131tay kararlar\u0131nda da bu \u201cs\u00fcre\u00e7 ve sistematiklik\u201d vurgusu \u00f6ne \u00e7\u0131kar.<\/p>\n\n\n\n<h2 class=\"wp-block-heading\"><span class=\"ez-toc-section\" id=\"Eziyet_Sucunun_Ayirt_Edici_Ozelligi_Surec_ve_Sistematiklik\"><\/span><strong>Eziyet Su\u00e7unun Ay\u0131rt Edici \u00d6zelli\u011fi: S\u00fcre\u00e7 ve Sistematiklik<\/strong><span class=\"ez-toc-section-end\"><\/span><\/h2>\n\n\n\n<p class=\"wp-block-paragraph\">Eziyet; kasten yaralama, hakaret, tehdit, cinsel taciz gibi fiillere benzeyebilir. Ancak bunlar:<\/p>\n\n\n\n<ul class=\"wp-block-list\">\n<li><strong>ani\/tek seferlik<\/strong>\u00a0oldu\u011funda farkl\u0131 su\u00e7lara gidebilir,<\/li>\n\n\n\n<li><strong>s\u00fcreklilik arz ederek<\/strong>\u00a0bir ki\u015fiyi \u201ccezaland\u0131rma, a\u015fa\u011f\u0131lamaya zorlama, psikolojik y\u0131k\u0131m\u201d boyutuna ta\u015f\u0131nd\u0131\u011f\u0131nda\u00a0<strong>TCK 96<\/strong>\u00a0\u0441\u0442\u0430\u043d\u043e\u0432\u0438\u0442\u0441\u044f \u0430\u043a\u0442\u0443\u0430\u043b\u044c\u043d\u043e\u0439.<\/li>\n<\/ul>\n\n\n\n<p class=\"wp-block-paragraph\">Bu nedenle, \u201ceziyet var m\u0131?\u201d sorusunun cevab\u0131 \u00e7o\u011funlukla \u015fu unsurlarda aran\u0131r:<\/p>\n\n\n\n<ul class=\"wp-block-list\">\n<li>davran\u0131\u015flar\u0131n tekrar\u0131 ve s\u00fcreklili\u011fi,<\/li>\n\n\n\n<li>ma\u011fdurun ruhsal\/bedensel olarak y\u0131prat\u0131lmas\u0131,<\/li>\n\n\n\n<li>ma\u011fdurun onurunun zedelenmesi, korku\/\u00e7aresizlik duygusuna s\u00fcr\u00fcklenmesi.<\/li>\n<\/ul>\n\n\n\n<h2 class=\"wp-block-heading\"><span class=\"ez-toc-section\" id=\"Eziyet_Sucunun_Cezasi_TCK_961\"><\/span><strong>Eziyet Su\u00e7unun Cezas\u0131 (TCK 96\/1)<\/strong><span class=\"ez-toc-section-end\"><\/span><\/h2>\n\n\n\n<p class=\"wp-block-paragraph\">TCK 96\/1\u2019e g\u00f6re:<\/p>\n\n\n\n<ul class=\"wp-block-list\">\n<li>Eziyet su\u00e7unu i\u015fleyen ki\u015fi hakk\u0131nda\u00a0<strong>2 y\u0131ldan 5 y\u0131la kadar hapis cezas\u0131<\/strong>\u00a0\u00f6ng\u00f6r\u00fcl\u00fcr.<\/li>\n<\/ul>\n\n\n\n<p class=\"wp-block-paragraph\"><strong>Kad\u0131na Kar\u015f\u0131 Eziyet Su\u00e7unda Alt S\u0131n\u0131r (2022 De\u011fi\u015fikli\u011fi)<\/strong><\/p>\n\n\n\n<p class=\"wp-block-paragraph\">Kanunda 12\/5\/2022 tarihli de\u011fi\u015fiklik ile \u00f6nemli bir h\u00fck\u00fcm eklenmi\u015ftir:<\/p>\n\n\n\n<ul class=\"wp-block-list\">\n<li>Su\u00e7\u00a0<strong>kad\u0131na kar\u015f\u0131<\/strong>\u00a0i\u015flenirse, cezan\u0131n alt s\u0131n\u0131r\u0131\u00a0<strong>2 y\u0131l 6 aydan az olamaz<\/strong>.<\/li>\n<\/ul>\n\n\n\n<p class=\"wp-block-paragraph\">Bu pratikte \u015fu anlama gelir:<\/p>\n\n\n\n<ul class=\"wp-block-list\">\n<li>Hakim \u201c2 y\u0131l\u201d alt s\u0131n\u0131rdan ceza veremeyecek,<\/li>\n\n\n\n<li>\u0438\u043c\u0435\u0442\u044c \u043d\u0435 \u043c\u0435\u043d\u0435\u0435\u00a0<strong>2 y\u0131l 6 ay<\/strong>\u00a0temel ceza \u00fczerinden de\u011ferlendirme yapacakt\u0131r.<\/li>\n<\/ul>\n\n\n\n<h4 class=\"wp-block-heading\"><span class=\"ez-toc-section\" id=\"Eziyet_Sucunun_Nitelikli_Halleri_TCK_962_%E2%80%93_Ceza_3_Yildan_8_Yila_Cikar\"><\/span><strong>Eziyet Su\u00e7unun Nitelikli H\u00e2lleri (TCK 96\/2) \u2013 Ceza 3 Y\u0131ldan 8 Y\u0131la \u00c7\u0131kar<\/strong><span class=\"ez-toc-section-end\"><\/span><\/h4>\n\n\n\n<p class=\"wp-block-paragraph\">TCK 96\/2\u2019de, ma\u011fdurun korunmaya daha \u00e7ok ihtiya\u00e7 duydu\u011fu veya aile i\u00e7i\/\u00fcstsoy-altsoy gibi ili\u015fkiler nedeniyle fiilin daha a\u011f\u0131r say\u0131ld\u0131\u011f\u0131 h\u00e2ller d\u00fczenlenmi\u015ftir.<\/p>\n\n\n\n<p class=\"wp-block-paragraph\">Bu h\u00e2llerde ceza:<\/p>\n\n\n\n<ul class=\"wp-block-list\">\n<li><strong>3 y\u0131ldan 8 y\u0131la kadar hapis<\/strong><\/li>\n<\/ul>\n\n\n\n<p class=\"wp-block-paragraph\">olarak uygulan\u0131r.<\/p>\n\n\n\n<h4 class=\"wp-block-heading\"><span class=\"ez-toc-section\" id=\"Cocuga_Karsi_Eziyet_TCK_962-a\"><\/span><strong>\u00c7ocu\u011fa Kar\u015f\u0131 Eziyet (TCK 96\/2-a)<\/strong><span class=\"ez-toc-section-end\"><\/span><\/h4>\n\n\n\n<p class=\"wp-block-paragraph\">Eziyet fiilleri&nbsp;<strong>\u00e7ocu\u011fa<\/strong>&nbsp;kar\u015f\u0131 i\u015flenirse ceza artar.<\/p>\n\n\n\n<p class=\"wp-block-paragraph\">Bu d\u00fczenleme, \u00e7ocu\u011fun:<\/p>\n\n\n\n<ul class=\"wp-block-list\">\n<li>fiziksel olarak daha korunmas\u0131z,<\/li>\n\n\n\n<li>psikolojik olarak daha kolay etkilenebilir,<\/li>\n\n\n\n<li>uzun s\u00fcreli travmaya a\u00e7\u0131k<\/li>\n<\/ul>\n\n\n\n<p class=\"wp-block-paragraph\">oldu\u011fu kabul\u00fcne dayan\u0131r.<\/p>\n\n\n\n<h4 class=\"wp-block-heading\"><span class=\"ez-toc-section\" id=\"Kendini_Savunamayacak_Durumdaki_Kisiye_Karsi_Eziyet_TCK_962-a\"><\/span><strong>Kendini Savunamayacak Durumdaki Ki\u015fiye Kar\u015f\u0131 Eziyet (TCK 96\/2-a)<\/strong><span class=\"ez-toc-section-end\"><\/span><\/h4>\n\n\n\n<p class=\"wp-block-paragraph\">Fiil,&nbsp;<strong>beden veya ruh bak\u0131m\u0131ndan kendisini savunamayacak durumda<\/strong>&nbsp;olan ki\u015fiye kar\u015f\u0131 i\u015flenirse de nitelikli h\u00e2l uygulan\u0131r.<\/p>\n\n\n\n<p class=\"wp-block-paragraph\">Bu kapsama \u00f6rnek olarak uygulamada \u015fu gruplar tart\u0131\u015f\u0131labilir:<\/p>\n\n\n\n<ul class=\"wp-block-list\">\n<li>ileri ya\u015f nedeniyle savunmas\u0131z ki\u015filer,<\/li>\n\n\n\n<li>a\u011f\u0131r hastal\u0131\u011f\u0131 olanlar,<\/li>\n\n\n\n<li>zihinsel\/psikiyatrik rahats\u0131zl\u0131k nedeniyle kendini koruyamayanlar.<\/li>\n<\/ul>\n\n\n\n<h4 class=\"wp-block-heading\"><span class=\"ez-toc-section\" id=\"Gebe_Kadina_Karsi_Eziyet_TCK_962-a\"><\/span><strong>Gebe Kad\u0131na Kar\u015f\u0131 Eziyet (TCK 96\/2-a)<\/strong><span class=\"ez-toc-section-end\"><\/span><\/h4>\n\n\n\n<p class=\"wp-block-paragraph\">Eylem gebe bir kad\u0131na y\u00f6nelmi\u015fse, ma\u011fdurun ve do\u011fmam\u0131\u015f \u00e7ocu\u011fun korunmas\u0131 amac\u0131yla nitelikli h\u00e2l g\u00fcndeme gelir.<\/p>\n\n\n\n<h4 class=\"wp-block-heading\"><span class=\"ez-toc-section\" id=\"Ustsoy-Altsoya_ve_Aile_Ici_Iliskilerde_Eziyet_TCK_962-b\"><\/span><strong>\u00dcstsoy-Altsoya ve Aile \u0130\u00e7i \u0130li\u015fkilerde Eziyet (TCK 96\/2-b)<\/strong><span class=\"ez-toc-section-end\"><\/span><\/h4>\n\n\n\n<p class=\"wp-block-paragraph\">Fiiller;<\/p>\n\n\n\n<ul class=\"wp-block-list\">\n<li><strong>\u00fcstsoya<\/strong>\u00a0(anne, baba, dede, nine),<\/li>\n\n\n\n<li><strong>altsoya<\/strong>\u00a0(\u00e7ocuk, torun),<\/li>\n\n\n\n<li><strong>babal\u0131k\/anal\u0131k<\/strong>\u00a0ili\u015fkisine,<\/li>\n\n\n\n<li><strong>e\u015fe<\/strong>\u00a0\u0438\u043b\u0438\u00a0<strong>bo\u015fand\u0131\u011f\u0131 e\u015fe<\/strong><\/li>\n<\/ul>\n\n\n\n<p class=\"wp-block-paragraph\">kar\u015f\u0131 i\u015flenirse ceza&nbsp;<strong>3\u20138 y\u0131l<\/strong>&nbsp;band\u0131na \u00e7\u0131kar.<\/p>\n\n\n\n<h2 class=\"wp-block-heading\"><span class=\"ez-toc-section\" id=\"Bosandigi_Ese_Karsi_Eziyet_de_Nitelikli_Haldir_Onemli_Nokta\"><\/span><strong>Bo\u015fand\u0131\u011f\u0131 E\u015fe Kar\u015f\u0131 Eziyet de Nitelikli H\u00e2ldir (\u00d6nemli Nokta)<\/strong><span class=\"ez-toc-section-end\"><\/span><\/h2>\n\n\n\n<p class=\"wp-block-paragraph\">Kanun metninde a\u00e7\u0131k\u00e7a \u201c<strong>bo\u015fand\u0131\u011f\u0131 e\u015fe kar\u015f\u0131<\/strong>\u201d ibaresi bulundu\u011fu i\u00e7in:<\/p>\n\n\n\n<ul class=\"wp-block-list\">\n<li>bo\u015fanma sonras\u0131 devam eden bask\u0131\/\u015fiddet\/eziyet davran\u0131\u015flar\u0131 da<\/li>\n\n\n\n<li>TCK 96\/2-b kapsam\u0131nda\u00a0<strong>daha a\u011f\u0131r ceza<\/strong>\u00a0ile de\u011ferlendirilir.<\/li>\n<\/ul>\n\n\n\n<h2 class=\"wp-block-heading\"><span class=\"ez-toc-section\" id=\"Eziyet_Sucu_Hangi_Davranislarla_Olusur\"><\/span><strong>Eziyet Su\u00e7u Hangi Davran\u0131\u015flarla Olu\u015fur?<\/strong><span class=\"ez-toc-section-end\"><\/span><\/h2>\n\n\n\n<p class=\"wp-block-paragraph\">Kanun \u201ctek tek\u201d saymad\u0131\u011f\u0131 i\u00e7in, eziyet su\u00e7u a\u00e7\u0131s\u0131ndan tipik g\u00f6r\u00fclen davran\u0131\u015flar genel olarak \u015fu \u00f6zellikleri ta\u015f\u0131r:<\/p>\n\n\n\n<ul class=\"wp-block-list\">\n<li>ma\u011fduru a\u015fa\u011f\u0131lay\u0131c\u0131 ve onur k\u0131r\u0131c\u0131 muamele,<\/li>\n\n\n\n<li>bedensel ac\u0131 (darp vb.) ile birlikte psikolojik y\u0131k\u0131m ama\u00e7l\u0131 tutum,<\/li>\n\n\n\n<li>tehdit, hakaret, izolasyon, korkutma gibi y\u00f6ntemlerin\u00a0<strong>s\u00fcre\u00e7 halinde<\/strong>\u00a0uygulanmas\u0131,<\/li>\n\n\n\n<li>ma\u011fdurun ya\u015fam\u0131n\u0131 s\u00fcrekli bask\u0131 alt\u0131nda tutma.<\/li>\n<\/ul>\n\n\n\n<p class=\"wp-block-paragraph\">Burada kritik ayr\u0131m \u015fudur:<\/p>\n\n\n\n<ul class=\"wp-block-list\">\n<li><strong>Tek bir tokat<\/strong>\u00a0\u00e7o\u011fu zaman \u201ckasten yaralama\u201d kapsam\u0131nda tart\u0131\u015f\u0131l\u0131rken,<\/li>\n\n\n\n<li><strong>tekrarlayan, sistematik, korku ve de\u011fersizlik duygusu yaratan<\/strong>\u00a0s\u00fcre\u00e7ler \u201ceziyet\u201d olarak nitelendirilebilir.<\/li>\n<\/ul>\n\n\n\n<h2 class=\"wp-block-heading\"><span class=\"ez-toc-section\" id=\"Sikca_Sorulan_Sorular_SSS\"><\/span><strong>\u0427\u0430\u0441\u0442\u043e \u0437\u0430\u0434\u0430\u0432\u0430\u0435\u043c\u044b\u0435 \u0432\u043e\u043f\u0440\u043e\u0441\u044b (\u0427\u0417\u0412)<\/strong><span class=\"ez-toc-section-end\"><\/span><\/h2>\n\n\n\n<p class=\"wp-block-paragraph\"><strong>1)<\/strong> <strong>Eziyet su\u00e7u (TCK 96) nedir?<\/strong><\/p>\n\n\n\n<p class=\"wp-block-paragraph\">Eziyet su\u00e7u, bir ki\u015fiye insan onuruna ayk\u0131r\u0131 \u015fekilde, bedensel veya ruhsal ac\u0131 ve a\u015fa\u011f\u0131lanma ya\u015fatacak davran\u0131\u015flar\u0131n, \u00e7o\u011fu zaman&nbsp;<strong>sistematik ve s\u00fcre\u00e7 i\u00e7inde<\/strong>&nbsp;uygulanmas\u0131d\u0131r (TCK 96).<\/p>\n\n\n\n<p class=\"wp-block-paragraph\"><strong>2)<\/strong> <strong>Eziyet su\u00e7unun cezas\u0131 ka\u00e7 y\u0131l?<\/strong><\/p>\n\n\n\n<p class=\"wp-block-paragraph\">TCK 96\/1\u2019e g\u00f6re&nbsp;<strong>2 y\u0131ldan 5 y\u0131la kadar hapis<\/strong>&nbsp;cezas\u0131d\u0131r.<\/p>\n\n\n\n<p class=\"wp-block-paragraph\"><strong>3)<\/strong> <strong>Kad\u0131na kar\u015f\u0131 eziyet su\u00e7unda ceza artar m\u0131?<\/strong><\/p>\n\n\n\n<p class=\"wp-block-paragraph\">Evet. Su\u00e7 kad\u0131na kar\u015f\u0131 i\u015flenirse, cezan\u0131n alt s\u0131n\u0131r\u0131\u00a0<strong>2 y\u0131l 6 aydan az olamaz<\/strong>.<\/p>\n\n\n\n<p class=\"wp-block-paragraph\"><strong>4)<\/strong> <strong>\u00c7ocu\u011fa kar\u015f\u0131 eziyet su\u00e7unun cezas\u0131 nedir?<\/strong><\/p>\n\n\n\n<p class=\"wp-block-paragraph\">Fiil \u00e7ocu\u011fa kar\u015f\u0131 i\u015flenirse\u00a0<strong>nitelikli h\u00e2l<\/strong>\u00a0olu\u015fur ve ceza\u00a0<strong>3 y\u0131ldan 8 y\u0131la kadar hapis<\/strong>\u00a0olur.<\/p>\n\n\n\n<p class=\"wp-block-paragraph\"><strong>5) Bo\u015fand\u0131\u011f\u0131m e\u015fime kar\u015f\u0131 i\u015fledi\u011fim iddia edilen eylem eziyet say\u0131l\u0131r m\u0131?<\/strong><\/p>\n\n\n\n<p class=\"wp-block-paragraph\">Kanun a\u00e7\u0131k\u00e7a \u201c<strong>bo\u015fand\u0131\u011f\u0131 e\u015fe kar\u015f\u0131<\/strong>\u201d i\u015flenmesini nitelikli h\u00e2l sayar. Somut olayda eylemlerin niteli\u011fine ve sistematik olup olmad\u0131\u011f\u0131na g\u00f6re TCK 96\/2-b kapsam\u0131nda de\u011ferlendirme yap\u0131labilir.<\/p>\n\n\n\n<p class=\"wp-block-paragraph\"><strong>6) Eziyet su\u00e7u ile hakaret\/tehdit\/yaralama aras\u0131ndaki fark nedir?<\/strong><\/p>\n\n\n\n<p class=\"wp-block-paragraph\">Eziyet, bu fiillerin baz\u0131lar\u0131n\u0131 i\u00e7erebilse bile, \u00e7o\u011fu zaman&nbsp;<strong>ani de\u011fil<\/strong>,&nbsp;<strong>s\u00fcreklilik g\u00f6steren<\/strong>&nbsp;ve ma\u011fdurun psikolojisi \u00fczerinde&nbsp;<strong>tahrip edici etki<\/strong>&nbsp;yaratan bir s\u00fcre\u00e7 olarak de\u011ferlendirilir. Bu ayr\u0131m, Yarg\u0131tay kararlar\u0131nda da vurgulan\u0131r.<\/p>\n\n\n\n<p class=\"wp-block-paragraph\">\u0410\u0434\u0432. \u0411\u0430\u0442\u0438\u043d \u0419\u042b\u041b\u041c\u0410\u0417 <\/p>","protected":false},"excerpt":{"rendered":"<p>Eziyet su\u00e7u (TCK 96), bir ki\u015fiye kar\u015f\u0131&nbsp;insan onuruyla ba\u011fda\u015fmayan, onu&nbsp;bedensel veya ruhsal a\u00e7\u0131dan ac\u0131 \u00e7ekmeye&nbsp;ve&nbsp;a\u015fa\u011f\u0131lanmaya&nbsp;s\u00fcr\u00fckleyen davran\u0131\u015flar\u0131n ger\u00e7ekle\u015ftirilmesidir. Burada \u00f6nemli nokta \u015fudur: Eziyet \u00e7o\u011fu zaman tek bir \u201canl\u0131k\u201d davran\u0131\u015ftan de\u011fil,&nbsp;sistematik&nbsp;\u015fekilde veya&nbsp;belli bir s\u00fcre\u00e7 i\u00e7inde tekrar eden&nbsp;eylemlerden olu\u015fur. Yarg\u0131tay kararlar\u0131nda da bu \u201cs\u00fcre\u00e7 ve sistematiklik\u201d vurgusu \u00f6ne \u00e7\u0131kar. Eziyet Su\u00e7unun Ay\u0131rt Edici \u00d6zelli\u011fi: S\u00fcre\u00e7 ve Sistematiklik Eziyet; [&hellip;]<\/p>\n","protected":false},"author":2,"featured_media":2654,"comment_status":"open","ping_status":"open","sticky":false,"template":"","format":"standard","meta":{"_joinchat":[],"footnotes":""},"categories":[61],"tags":[360,361],"class_list":["post-2651","post","type-post","status-publish","format-standard","has-post-thumbnail","hentry","category-ceza-hukuku","tag-eziyet-sucu-nedir","tag-tck-96"],"_links":{"self":[{"href":"https:\/\/batinyilmaz.av.tr\/ru\/wp-json\/wp\/v2\/posts\/2651","targetHints":{"allow":["GET"]}}],"collection":[{"href":"https:\/\/batinyilmaz.av.tr\/ru\/wp-json\/wp\/v2\/posts"}],"about":[{"href":"https:\/\/batinyilmaz.av.tr\/ru\/wp-json\/wp\/v2\/types\/post"}],"author":[{"embeddable":true,"href":"https:\/\/batinyilmaz.av.tr\/ru\/wp-json\/wp\/v2\/users\/2"}],"replies":[{"embeddable":true,"href":"https:\/\/batinyilmaz.av.tr\/ru\/wp-json\/wp\/v2\/comments?post=2651"}],"version-history":[{"count":1,"href":"https:\/\/batinyilmaz.av.tr\/ru\/wp-json\/wp\/v2\/posts\/2651\/revisions"}],"predecessor-version":[{"id":2653,"href":"https:\/\/batinyilmaz.av.tr\/ru\/wp-json\/wp\/v2\/posts\/2651\/revisions\/2653"}],"wp:featuredmedia":[{"embeddable":true,"href":"https:\/\/batinyilmaz.av.tr\/ru\/wp-json\/wp\/v2\/media\/2654"}],"wp:attachment":[{"href":"https:\/\/batinyilmaz.av.tr\/ru\/wp-json\/wp\/v2\/media?parent=2651"}],"wp:term":[{"taxonomy":"category","embeddable":true,"href":"https:\/\/batinyilmaz.av.tr\/ru\/wp-json\/wp\/v2\/categories?post=2651"},{"taxonomy":"post_tag","embeddable":true,"href":"https:\/\/batinyilmaz.av.tr\/ru\/wp-json\/wp\/v2\/tags?post=2651"}],"curies":[{"name":"wp","href":"https:\/\/api.w.org\/{rel}","templated":true}]}}