{"id":2643,"date":"2026-01-19T11:11:27","date_gmt":"2026-01-19T08:11:27","guid":{"rendered":"https:\/\/batinyilmaz.av.tr\/?p=2643"},"modified":"2026-01-19T11:14:46","modified_gmt":"2026-01-19T08:14:46","slug":"tck-94-iskence-sucu-nedir","status":"publish","type":"post","link":"https:\/\/batinyilmaz.av.tr\/ru\/tck-94-iskence-sucu-nedir\/","title":{"rendered":"TCK 94 \u0130\u015fkence Su\u00e7u Nedir?"},"content":{"rendered":"<div id=\"ez-toc-container\" class=\"ez-toc-v2_0_85 counter-hierarchy ez-toc-counter ez-toc-grey ez-toc-container-direction\">\n<div class=\"ez-toc-title-container\">\n<p class=\"ez-toc-title\" style=\"cursor:inherit\">\u0417\u0430\u0433\u043e\u043b\u043e\u0432\u043a\u0438<\/p>\n<span class=\"ez-toc-title-toggle\"><a href=\"#\" class=\"ez-toc-pull-right ez-toc-btn ez-toc-btn-xs ez-toc-btn-default ez-toc-toggle\" aria-label=\"Toggle Table of Content\"><span class=\"ez-toc-js-icon-con\"><span class=\"\"><span class=\"eztoc-hide\" style=\"display:none;\">\u041f\u0435\u0440\u0435\u043a\u043b\u044e\u0447\u0430\u0442\u0435\u043b\u044c<\/span><span class=\"ez-toc-icon-toggle-span\"><svg style=\"fill: #999;color:#999\" xmlns=\"http:\/\/www.w3.org\/2000\/svg\" class=\"list-377408\" width=\"20px\" height=\"20px\" viewbox=\"0 0 24 24\" fill=\"none\"><path d=\"M6 6H4v2h2V6zm14 0H8v2h12V6zM4 11h2v2H4v-2zm16 0H8v2h12v-2zM4 16h2v2H4v-2zm16 0H8v2h12v-2z\" fill=\"currentColor\"><\/path><\/svg><svg style=\"fill: #999;color:#999\" class=\"arrow-unsorted-368013\" xmlns=\"http:\/\/www.w3.org\/2000\/svg\" width=\"10px\" height=\"10px\" viewbox=\"0 0 24 24\" version=\"1.2\" baseprofile=\"tiny\"><path d=\"M18.2 9.3l-6.2-6.3-6.2 6.3c-.2.2-.3.4-.3.7s.1.5.3.7c.2.2.4.3.7.3h11c.3 0 .5-.1.7-.3.2-.2.3-.5.3-.7s-.1-.5-.3-.7zM5.8 14.7l6.2 6.3 6.2-6.3c.2-.2.3-.5.3-.7s-.1-.5-.3-.7c-.2-.2-.4-.3-.7-.3h-11c-.3 0-.5.1-.7.3-.2.2-.3.5-.3.7s.1.5.3.7z\"\/><\/svg><\/span><\/span><\/span><\/a><\/span><\/div>\n<nav><ul class='ez-toc-list ez-toc-list-level-1' ><li class='ez-toc-page-1 ez-toc-heading-level-2'><a class=\"ez-toc-link ez-toc-heading-1\" href=\"https:\/\/batinyilmaz.av.tr\/ru\/tck-94-iskence-sucu-nedir\/#Iskence_Sucunun_Sartlari_Unsurlari_Nelerdir\" >\u0130\u015fkence Su\u00e7unun \u015eartlar\u0131 (Unsurlar\u0131) Nelerdir?<\/a><\/li><li class='ez-toc-page-1 ez-toc-heading-level-2'><a class=\"ez-toc-link ez-toc-heading-2\" href=\"https:\/\/batinyilmaz.av.tr\/ru\/tck-94-iskence-sucu-nedir\/#TCK_94_Iskence_Sucu_Cezasi_Nedir\" >TCK 94 \u0130\u015fkence Su\u00e7u Cezas\u0131 Nedir?<\/a><\/li><li class='ez-toc-page-1 ez-toc-heading-level-2'><a class=\"ez-toc-link ez-toc-heading-3\" href=\"https:\/\/batinyilmaz.av.tr\/ru\/tck-94-iskence-sucu-nedir\/#Sikca_Sorulan_Sorular_SSS\" >\u0427\u0430\u0441\u0442\u043e \u0437\u0430\u0434\u0430\u0432\u0430\u0435\u043c\u044b\u0435 \u0432\u043e\u043f\u0440\u043e\u0441\u044b (\u0427\u0417\u0412)<\/a><\/li><\/ul><\/nav><\/div>\n\n<p class=\"wp-block-paragraph\"><strong>TCK 94 i\u015fkence su\u00e7u<\/strong>, bir&nbsp;<strong>kamu g\u00f6revlisinin<\/strong>&nbsp;bir ki\u015fiye kar\u015f\u0131&nbsp;<strong>insan onuruyla ba\u011fda\u015fmayan<\/strong>&nbsp;davran\u0131\u015flarda bulunarak, o ki\u015fide:<\/p>\n\n\n\n<ul class=\"wp-block-list\">\n<li><strong>bedensel veya ruhsal ac\u0131<\/strong>\u00a0olu\u015fturmas\u0131,<\/li>\n\n\n\n<li><strong>alg\u0131lama veya irade yetene\u011fini<\/strong>\u00a0etkilemesi,<\/li>\n\n\n\n<li><strong>a\u015fa\u011f\u0131lanmaya<\/strong>\u00a0yol a\u00e7mas\u0131<\/li>\n<\/ul>\n\n\n\n<p class=\"wp-block-paragraph\">durumunda ortaya \u00e7\u0131kan a\u011f\u0131r bir ceza hukuku ihlalidir.<\/p>\n\n\n\n<p class=\"wp-block-paragraph\">Buradaki temel fikir \u015fudur: Devlet ad\u0131na yetki kullanan ki\u015finin, bu yetkiyi k\u00f6t\u00fcye kullanarak ki\u015fiye \u201cnormal bir m\u00fcdahalenin\u201d \u00f6tesinde, onur k\u0131r\u0131c\u0131 ve ac\u0131 verici muamele yapmas\u0131&nbsp;<strong>i\u015fkence su\u00e7u<\/strong>&nbsp;kapsam\u0131na girebilir.<\/p>\n\n\n\n<hr class=\"wp-block-separator has-alpha-channel-opacity\"\/>\n\n\n\n<h2 class=\"wp-block-heading\"><span class=\"ez-toc-section\" id=\"Iskence_Sucunun_Sartlari_Unsurlari_Nelerdir\"><\/span><strong>\u0130\u015fkence Su\u00e7unun \u015eartlar\u0131 (Unsurlar\u0131) Nelerdir?<\/strong><span class=\"ez-toc-section-end\"><\/span><\/h2>\n\n\n\n<p class=\"wp-block-paragraph\"><strong>Fail Kim Olabilir? (Kamu G\u00f6revlisi \u015eart\u0131)<\/strong><\/p>\n\n\n\n<p class=\"wp-block-paragraph\">TCK 94 kapsam\u0131nda i\u015fkence su\u00e7unun&nbsp;<strong>as\u0131l faili kamu g\u00f6revlisidir<\/strong>. Yani s\u0131radan bir ki\u015fi (kamu g\u00f6revlisi olmayan) bu su\u00e7u normal \u015fartlarda \u201casli fail\u201d olarak i\u015flemi\u015f say\u0131lmaz.<\/p>\n\n\n\n<p class=\"wp-block-paragraph\">Ancak kanun,&nbsp;<strong>i\u015fkence fiiline i\u015ftirak eden di\u011fer ki\u015filerin<\/strong>&nbsp;de&nbsp;<strong>kamu g\u00f6revlisi gibi cezaland\u0131r\u0131laca\u011f\u0131n\u0131<\/strong>&nbsp;a\u00e7\u0131k\u00e7a d\u00fczenler. Bu nedenle, kamu g\u00f6revlisi olmayan bir ki\u015fi de eyleme kat\u0131ld\u0131ysa TCK 94 kapsam\u0131nda sorumlu tutulabilir.<\/p>\n\n\n\n<p class=\"wp-block-paragraph\"><strong>Ma\u011fdur Kimdir?<\/strong><\/p>\n\n\n\n<p class=\"wp-block-paragraph\">\u0130\u015fkence su\u00e7unda ma\u011fdur a\u00e7\u0131s\u0131ndan genel kural:&nbsp;<strong>herkes ma\u011fdur olabilir<\/strong>. Kanun ayr\u0131ca baz\u0131 ki\u015filere kar\u015f\u0131 i\u015flenmesini&nbsp;<strong>nitelikli hal<\/strong>&nbsp;sayar (\u00e7ocuk, gebe, kendini savunamayacak ki\u015fi gibi).<\/p>\n\n\n\n<p class=\"wp-block-paragraph\"><strong>Fiil Nas\u0131l Olmal\u0131? (\u0130nsan Onuruyla Ba\u011fda\u015fmayan Davran\u0131\u015f)<\/strong><\/p>\n\n\n\n<p class=\"wp-block-paragraph\">Kanun, tek tek say\u0131m yapmaz; \u201cinsan onuruyla ba\u011fda\u015fmayan\u201d ve ki\u015fide a\u011f\u0131r sonu\u00e7lara yol a\u00e7an davran\u0131\u015flar\u0131 kapsar. Uygulamada de\u011ferlendirme yap\u0131l\u0131rken olay\u0131n:<\/p>\n\n\n\n<ul class=\"wp-block-list\">\n<li>s\u00fcresi,<\/li>\n\n\n\n<li>yo\u011funlu\u011fu,<\/li>\n\n\n\n<li>ma\u011fdurda yaratt\u0131\u011f\u0131 fiziksel\/psikolojik etki,<\/li>\n\n\n\n<li>sistematiklik (belli bir s\u00fcre\u00e7te tekrarlanma veya b\u00fct\u00fcnsel etki),<\/li>\n\n\n\n<li>a\u015fa\u011f\u0131lay\u0131c\u0131 y\u00f6n\u00fc<\/li>\n<\/ul>\n\n\n\n<p class=\"wp-block-paragraph\">birlikte ele al\u0131n\u0131r.<\/p>\n\n\n\n<p class=\"wp-block-paragraph\"><strong>Sonu\u00e7: Ac\u0131, \u0130rade\/Alg\u0131 Etkilenmesi veya A\u015fa\u011f\u0131lama<\/strong><\/p>\n\n\n\n<p class=\"wp-block-paragraph\">\u0130\u015fkence su\u00e7unda, davran\u0131\u015flar\u0131n ma\u011fdurda&nbsp;<strong>bedensel\/ruhsal ac\u0131<\/strong>,&nbsp;<strong>alg\u0131lama\/irade etkilenmesi<\/strong>&nbsp;\u0438\u043b\u0438&nbsp;<strong>a\u015fa\u011f\u0131lanma<\/strong>&nbsp;olu\u015fturmas\u0131 beklenir. Bu \u00fc\u00e7 sonu\u00e7tan birinin ortaya \u00e7\u0131kmas\u0131 su\u00e7un de\u011ferlendirilmesinde \u00f6nemlidir.<\/p>\n\n\n\n<hr class=\"wp-block-separator has-alpha-channel-opacity\"\/>\n\n\n\n<h2 class=\"wp-block-heading\"><span class=\"ez-toc-section\" id=\"TCK_94_Iskence_Sucu_Cezasi_Nedir\"><\/span><strong>TCK 94 \u0130\u015fkence Su\u00e7u Cezas\u0131 Nedir?<\/strong><span class=\"ez-toc-section-end\"><\/span><\/h2>\n\n\n\n<p class=\"wp-block-paragraph\"><strong>Temel Halin Cezas\u0131 (TCK 94\/1)<\/strong><\/p>\n\n\n\n<p class=\"wp-block-paragraph\">TCK 94\/1\u2019e g\u00f6re i\u015fkence su\u00e7u i\u015flendi\u011finde ceza:<br><strong>3 y\u0131ldan 12 y\u0131la kadar hapis<\/strong>.<\/p>\n\n\n\n<p class=\"wp-block-paragraph\"><strong>Kad\u0131na Kar\u015f\u0131 \u0130\u015flenmesi Halinde Alt S\u0131n\u0131r<\/strong><\/p>\n\n\n\n<p class=\"wp-block-paragraph\">Kanunda yap\u0131lan g\u00fcncel de\u011fi\u015fiklikle,&nbsp;<strong>su\u00e7un kad\u0131na kar\u015f\u0131 i\u015flenmesi halinde cezan\u0131n alt s\u0131n\u0131r\u0131 5 y\u0131ldan az olamaz.<\/strong><br>Bu, uygulamada \u201casgari ceza\u201d bak\u0131m\u0131ndan \u00f6nemli bir a\u011f\u0131rla\u015ft\u0131rmad\u0131r.<\/p>\n\n\n\n<hr class=\"wp-block-separator has-alpha-channel-opacity\"\/>\n\n\n\n<p class=\"wp-block-paragraph\"><strong>\u0130\u015fkence Su\u00e7unun Nitelikli Halleri (TCK 94\/2 ve 94\/3)<\/strong><\/p>\n\n\n\n<p class=\"wp-block-paragraph\"><strong>\u00c7ocu\u011fa, Gebeye veya Kendini Savunamayacak Ki\u015fiye Kar\u015f\u0131 (TCK 94\/2-a)<\/strong><\/p>\n\n\n\n<p class=\"wp-block-paragraph\">Su\u00e7;<\/p>\n\n\n\n<ul class=\"wp-block-list\">\n<li><strong>\u00e7ocu\u011fa<\/strong>,<\/li>\n\n\n\n<li><strong>beden veya ruh bak\u0131m\u0131ndan kendisini savunamayacak ki\u015fiye<\/strong>,<\/li>\n\n\n\n<li><strong>gebe kad\u0131na<\/strong><\/li>\n<\/ul>\n\n\n\n<p class=\"wp-block-paragraph\">kar\u015f\u0131 i\u015flenirse ceza artar:<br><strong>8 y\u0131ldan 15 y\u0131la kadar hapis<\/strong>.<\/p>\n\n\n\n<p class=\"wp-block-paragraph\">Bu d\u00fczenleme, k\u0131r\u0131lgan gruplar\u0131n daha g\u00fc\u00e7l\u00fc korunmas\u0131 amac\u0131n\u0131 ta\u015f\u0131r.<\/p>\n\n\n\n<p class=\"wp-block-paragraph\"><strong>Avukata veya Kamu G\u00f6revlisine G\u00f6revi Dolay\u0131s\u0131yla (TCK 94\/2-b)<\/strong><\/p>\n\n\n\n<p class=\"wp-block-paragraph\">\u0130\u015fkence su\u00e7u;<\/p>\n\n\n\n<ul class=\"wp-block-list\">\n<li><strong>avukata<\/strong>\u00a0\u0438\u043b\u0438<\/li>\n\n\n\n<li><strong>di\u011fer kamu g\u00f6revlisine<\/strong><\/li>\n<\/ul>\n\n\n\n<p class=\"wp-block-paragraph\"><strong>g\u00f6revi dolay\u0131s\u0131yla<\/strong>&nbsp;i\u015flenirse yine:<br><strong>8 y\u0131ldan 15 y\u0131la kadar hapis<\/strong>&nbsp;cezas\u0131 uygulan\u0131r.<\/p>\n\n\n\n<p class=\"wp-block-paragraph\">Burada \u201cg\u00f6revi dolay\u0131s\u0131yla\u201d ba\u011flant\u0131s\u0131 \u00f6nemlidir. Yani ma\u011fdurun mesleki faaliyeti nedeniyle hedef al\u0131nmas\u0131, cezay\u0131 a\u011f\u0131rla\u015ft\u0131r\u0131r.<\/p>\n\n\n\n<p class=\"wp-block-paragraph\"><strong>Cinsel Y\u00f6nden Taciz \u015eeklinde \u0130\u015flenmesi (TCK 94\/3)<\/strong><\/p>\n\n\n\n<p class=\"wp-block-paragraph\">\u0130\u015fkence fiili&nbsp;<strong>cinsel y\u00f6nden taciz<\/strong>&nbsp;\u015feklinde ger\u00e7ekle\u015firse ceza daha da y\u00fckselir:<br><strong>10 y\u0131ldan 15 y\u0131la kadar hapis<\/strong>.<\/p>\n\n\n\n<p class=\"wp-block-paragraph\">Bu, hem cinsel dokunulmazl\u0131\u011f\u0131n hem de insan onurunun a\u011f\u0131r ihlali olarak kabul edilen bir nitelikli haldir.<\/p>\n\n\n\n<hr class=\"wp-block-separator has-alpha-channel-opacity\"\/>\n\n\n\n<p class=\"wp-block-paragraph\"><strong>\u0130\u015fkence Su\u00e7unda \u0130\u015ftirak: Kamu G\u00f6revlisi Olmayanlar da Cezaland\u0131r\u0131l\u0131r m\u0131?<\/strong><\/p>\n\n\n\n<p class=\"wp-block-paragraph\">Evet. TCK 94\/4 a\u00e7\u0131k\u00e7a,&nbsp;<strong>i\u015fkencenin i\u015fleni\u015fine i\u015ftirak eden di\u011fer ki\u015filerin de kamu g\u00f6revlisi gibi cezaland\u0131r\u0131laca\u011f\u0131n\u0131<\/strong>&nbsp;s\u00f6yler.<\/p>\n\n\n\n<p class=\"wp-block-paragraph\">Bu \u015fu anlama gelir:<br>Kamu g\u00f6revlisi olmayan ki\u015fi, kamu g\u00f6revlisiyle birlikte veya onun y\u00f6nlendirmesi\/kat\u0131l\u0131m\u0131yla i\u015fkence fiiline kat\u0131l\u0131rsa TCK 94 kapsam\u0131nda sorumlulu\u011fu do\u011fabilir.<\/p>\n\n\n\n<hr class=\"wp-block-separator has-alpha-channel-opacity\"\/>\n\n\n\n<p class=\"wp-block-paragraph\"><strong>\u0130hmali Davran\u0131\u015fla \u0130\u015fkence (TCK 94\/5) Ne Demektir?<\/strong><\/p>\n\n\n\n<p class=\"wp-block-paragraph\">\u0130\u015fkence bazen \u201cyapmak\u201d suretiyle de\u011fil, \u201cyapmamak\u201d suretiyle de g\u00fcndeme gelebilir. \u00d6rne\u011fin kamu g\u00f6revlisinin koruma y\u00fck\u00fcml\u00fcl\u00fc\u011f\u00fc varken bilerek engel olmamas\u0131 gibi durumlar tart\u0131\u015fma konusu olabilir.<\/p>\n\n\n\n<p class=\"wp-block-paragraph\">TCK 94\/5\u2019e g\u00f6re, su\u00e7&nbsp;<strong>ihmali davran\u0131\u015fla<\/strong>&nbsp;i\u015flense bile&nbsp;<strong>cezada bu nedenle indirim yap\u0131lmaz<\/strong>. Yani \u201cihmaldi\u201d denilerek ceza hafifletilmez.<\/p>\n\n\n\n<hr class=\"wp-block-separator has-alpha-channel-opacity\"\/>\n\n\n\n<p class=\"wp-block-paragraph\"><strong>TCK 94 \u0130\u015fkence Su\u00e7unda Zamana\u015f\u0131m\u0131 Var m\u0131?<\/strong><\/p>\n\n\n\n<p class=\"wp-block-paragraph\">Hay\u0131r. TCK 94\/6\u2019ya g\u00f6re:<br><strong>Bu su\u00e7tan dolay\u0131 zamana\u015f\u0131m\u0131 i\u015flemez.<\/strong><\/p>\n\n\n\n<p class=\"wp-block-paragraph\">Bu, i\u015fkence fiillerinin soru\u015fturulmas\u0131 ve kovu\u015fturulmas\u0131 a\u00e7\u0131s\u0131ndan kritik bir g\u00fcvencedir. Y\u0131llar ge\u00e7se dahi (di\u011fer \u015fartlar varsa) soru\u015fturma ve yarg\u0131lama yap\u0131labilmesinin \u00f6n\u00fc a\u00e7\u0131kt\u0131r.<\/p>\n\n\n\n<hr class=\"wp-block-separator has-alpha-channel-opacity\"\/>\n\n\n\n<p class=\"wp-block-paragraph\"><strong>Uygulamada \u00d6nemli Nokta: \u201cSistematiklik \/ S\u00fcre\u00e7 \u0130\u00e7inde De\u011ferlendirme\u201d<\/strong><\/p>\n\n\n\n<p class=\"wp-block-paragraph\">Uygulamada mahkemeler, i\u015fkence iddias\u0131n\u0131 de\u011ferlendirirken fiillerin:<\/p>\n\n\n\n<ul class=\"wp-block-list\">\n<li>tek seferlik mi, yoksa bir s\u00fcre\u00e7 i\u00e7inde mi ger\u00e7ekle\u015fti\u011fi,<\/li>\n\n\n\n<li>ayn\u0131 davran\u0131\u015f\u0131n tekrar edip etmedi\u011fi,<\/li>\n\n\n\n<li>farkl\u0131 davran\u0131\u015flar\u0131n bir b\u00fct\u00fcn halinde ma\u011fdurda a\u011f\u0131r etki yarat\u0131p yaratmad\u0131\u011f\u0131<\/li>\n<\/ul>\n\n\n\n<p class=\"wp-block-paragraph\">gibi noktalar\u0131 inceler.<\/p>\n\n\n\n<p class=\"wp-block-paragraph\">Bu ayr\u0131m \u00f6zellikle \u015fu nedenle \u00f6nemlidir: Baz\u0131 olaylarda i\u015fkence su\u00e7u yerine&nbsp;<strong>kasten yaralama, tehdit, hakaret<\/strong>&nbsp;gibi su\u00e7lar ayr\u0131 ayr\u0131 g\u00fcndeme gelebilir. Somut olay\u0131n niteli\u011fi, deliller ve fiillerin b\u00fct\u00fcnsel a\u011f\u0131rl\u0131\u011f\u0131 belirleyicidir.<\/p>\n\n\n\n<hr class=\"wp-block-separator has-alpha-channel-opacity\"\/>\n\n\n\n<h2 class=\"wp-block-heading\"><span class=\"ez-toc-section\" id=\"Sikca_Sorulan_Sorular_SSS\"><\/span><strong>\u0427\u0430\u0441\u0442\u043e \u0437\u0430\u0434\u0430\u0432\u0430\u0435\u043c\u044b\u0435 \u0432\u043e\u043f\u0440\u043e\u0441\u044b (\u0427\u0417\u0412)<\/strong><span class=\"ez-toc-section-end\"><\/span><\/h2>\n\n\n\n<p class=\"wp-block-paragraph\"><strong>1) TCK 94 i\u015fkence su\u00e7u sadece polis\/jandarma i\u00e7in mi ge\u00e7erlidir?<\/strong><\/p>\n\n\n\n<p class=\"wp-block-paragraph\">Hay\u0131r. \u201cKamu g\u00f6revlisi\u201d kavram\u0131 kapsam\u0131na giren herkes (g\u00f6revin niteli\u011fine g\u00f6re) fail olabilir. Kolluk g\u00f6revlileri uygulamada s\u0131k g\u00f6r\u00fclse de tek grup de\u011fildir.<\/p>\n\n\n\n<p class=\"wp-block-paragraph\"><strong>2) Kamu g\u00f6revlisi olmayan biri i\u015fkence su\u00e7undan ceza alabilir mi?<\/strong><\/p>\n\n\n\n<p class=\"wp-block-paragraph\">Evet. \u0130\u015fkence fiiline&nbsp;<strong>i\u015ftirak eden<\/strong>&nbsp;(kat\u0131lan) ki\u015filer, TCK 94\/4 gere\u011fi kamu g\u00f6revlisi gibi cezaland\u0131r\u0131labilir.<\/p>\n\n\n\n<p class=\"wp-block-paragraph\"><strong>3) \u0130\u015fkence su\u00e7u ile eziyet su\u00e7u ayn\u0131 \u015fey mi?<\/strong><\/p>\n\n\n\n<p class=\"wp-block-paragraph\">Hay\u0131r. Her ikisi de k\u00f6t\u00fc muamele t\u00fcr\u00fc olmakla birlikte; i\u015fkencede kamu g\u00f6revlisi ba\u011flant\u0131s\u0131 ve eylemin a\u011f\u0131rl\u0131\u011f\u0131\/sistematikli\u011fi gibi farklar g\u00fcndeme gelir. Somut olay\u0131n niteli\u011fine g\u00f6re do\u011fru su\u00e7 tipi belirlenir.<\/p>\n\n\n\n<p class=\"wp-block-paragraph\"><strong>4) \u0130\u015fkence su\u00e7u zamana\u015f\u0131m\u0131na u\u011frar m\u0131?<\/strong><\/p>\n\n\n\n<p class=\"wp-block-paragraph\">Hay\u0131r. TCK 94\/6 a\u00e7\u0131k:&nbsp;<strong>i\u015fkence su\u00e7unda zamana\u015f\u0131m\u0131 i\u015flemez.<\/strong><\/p>\n\n\n\n<p class=\"wp-block-paragraph\"><strong>5) Kad\u0131na kar\u015f\u0131 i\u015flenirse ceza nas\u0131l de\u011fi\u015fir?<\/strong><\/p>\n\n\n\n<p class=\"wp-block-paragraph\">Kad\u0131na kar\u015f\u0131 i\u015flenmesi halinde, temel halde dahi\u00a0<strong>cezan\u0131n alt s\u0131n\u0131r\u0131 5 y\u0131ldan az olamaz<\/strong>.<\/p>\n\n\n\n<hr class=\"wp-block-separator has-alpha-channel-opacity\"\/>\n\n\n\n<p class=\"wp-block-paragraph\"><strong>\u0410\u0434\u0432. \u0411\u0430\u0442\u0438\u043d \u0419\u042b\u041b\u041c\u0410\u0417 <\/strong><\/p>","protected":false},"excerpt":{"rendered":"<p>TCK 94 i\u015fkence su\u00e7u, bir&nbsp;kamu g\u00f6revlisinin&nbsp;bir ki\u015fiye kar\u015f\u0131&nbsp;insan onuruyla ba\u011fda\u015fmayan&nbsp;davran\u0131\u015flarda bulunarak, o ki\u015fide: durumunda ortaya \u00e7\u0131kan a\u011f\u0131r bir ceza hukuku ihlalidir. Buradaki temel fikir \u015fudur: Devlet ad\u0131na yetki kullanan ki\u015finin, bu yetkiyi k\u00f6t\u00fcye kullanarak ki\u015fiye \u201cnormal bir m\u00fcdahalenin\u201d \u00f6tesinde, onur k\u0131r\u0131c\u0131 ve ac\u0131 verici muamele yapmas\u0131&nbsp;i\u015fkence su\u00e7u&nbsp;kapsam\u0131na girebilir. \u0130\u015fkence Su\u00e7unun \u015eartlar\u0131 (Unsurlar\u0131) Nelerdir? Fail Kim [&hellip;]<\/p>\n","protected":false},"author":2,"featured_media":2644,"comment_status":"open","ping_status":"open","sticky":false,"template":"","format":"standard","meta":{"_joinchat":[],"footnotes":""},"categories":[61],"tags":[356,357],"class_list":["post-2643","post","type-post","status-publish","format-standard","has-post-thumbnail","hentry","category-ceza-hukuku","tag-iskence-sucu-nedir","tag-tck-94-iskence-sucu-cezasi-nedir"],"_links":{"self":[{"href":"https:\/\/batinyilmaz.av.tr\/ru\/wp-json\/wp\/v2\/posts\/2643","targetHints":{"allow":["GET"]}}],"collection":[{"href":"https:\/\/batinyilmaz.av.tr\/ru\/wp-json\/wp\/v2\/posts"}],"about":[{"href":"https:\/\/batinyilmaz.av.tr\/ru\/wp-json\/wp\/v2\/types\/post"}],"author":[{"embeddable":true,"href":"https:\/\/batinyilmaz.av.tr\/ru\/wp-json\/wp\/v2\/users\/2"}],"replies":[{"embeddable":true,"href":"https:\/\/batinyilmaz.av.tr\/ru\/wp-json\/wp\/v2\/comments?post=2643"}],"version-history":[{"count":2,"href":"https:\/\/batinyilmaz.av.tr\/ru\/wp-json\/wp\/v2\/posts\/2643\/revisions"}],"predecessor-version":[{"id":2647,"href":"https:\/\/batinyilmaz.av.tr\/ru\/wp-json\/wp\/v2\/posts\/2643\/revisions\/2647"}],"wp:featuredmedia":[{"embeddable":true,"href":"https:\/\/batinyilmaz.av.tr\/ru\/wp-json\/wp\/v2\/media\/2644"}],"wp:attachment":[{"href":"https:\/\/batinyilmaz.av.tr\/ru\/wp-json\/wp\/v2\/media?parent=2643"}],"wp:term":[{"taxonomy":"category","embeddable":true,"href":"https:\/\/batinyilmaz.av.tr\/ru\/wp-json\/wp\/v2\/categories?post=2643"},{"taxonomy":"post_tag","embeddable":true,"href":"https:\/\/batinyilmaz.av.tr\/ru\/wp-json\/wp\/v2\/tags?post=2643"}],"curies":[{"name":"wp","href":"https:\/\/api.w.org\/{rel}","templated":true}]}}