{"id":2632,"date":"2026-01-09T14:04:57","date_gmt":"2026-01-09T11:04:57","guid":{"rendered":"https:\/\/batinyilmaz.av.tr\/?p=2632"},"modified":"2026-08-05T13:13:42","modified_gmt":"2026-08-05T10:13:42","slug":"zorla-getirme-karari-nedir","status":"publish","type":"post","link":"https:\/\/batinyilmaz.av.tr\/ru\/zorla-getirme-karari-nedir\/","title":{"rendered":"Zorla Getirme Karar\u0131 Nedir?"},"content":{"rendered":"<p class=\"wp-block-paragraph\"><strong>Zorla getirme karar\u0131<\/strong>, Ceza Muhakemesi Kanunu kapsam\u0131nda, <strong>ifadesi al\u0131nmak, duru\u015fmaya kat\u0131l\u0131m\u0131 sa\u011flanmak veya savunmas\u0131 al\u0131nmak istenen<\/strong> ki\u015filerin, <strong>kendi iradeleriyle gelmemeleri<\/strong> halinde ba\u015fvurulan bir tedbirdir.<\/p>\n\n\n\n<p class=\"wp-block-paragraph\"><strong>Zorla Getirme Karar\u0131n\u0131n Temel \u00d6zellikleri<\/strong><\/p>\n\n\n\n<ul class=\"wp-block-list\">\n<li>Ki\u015fi <strong>\u015f\u00fcpheli, san\u0131k, tan\u0131k veya ma\u011fdur<\/strong> olabilir<\/li>\n\n\n\n<li>Ama\u00e7 <strong>ifade veya beyan al\u0131nmas\u0131d\u0131r<\/strong><\/li>\n\n\n\n<li><strong>G\u00f6zalt\u0131 uygulanmaz<\/strong><\/li>\n\n\n\n<li>Ki\u015fi hakk\u0131nda <strong>ka\u00e7ma \u015f\u00fcphesi varsay\u0131lmaz<\/strong><\/li>\n<\/ul>\n\n\n\n<p class=\"wp-block-paragraph\">Uygulamada \u00e7o\u011fu zaman:<\/p>\n\n\n\n<ul class=\"wp-block-list\">\n<li>Kolluk kuvvetleri taraf\u0131ndan <strong>telefonla aranarak<\/strong><\/li>\n\n\n\n<li><strong>SMS g\u00f6nderilerek<\/strong><\/li>\n\n\n\n<li>Tebligat hat\u0131rlatmas\u0131 yap\u0131larak<\/li>\n<\/ul>\n\n\n\n<p class=\"wp-block-paragraph\">ki\u015finin<strong>ilgili savc\u0131l\u0131k veya mahkemeye ba\u015fvurmas\u0131 istenir<\/strong>.<\/p>\n\n\n\n<hr class=\"wp-block-separator has-alpha-channel-opacity\"\/>\n\n\n\n<p class=\"wp-block-paragraph\"><strong>Yakalama Karar\u0131 Nedir?<\/strong><\/p>\n\n\n\n<p class=\"wp-block-paragraph\"><strong>Yakalama karar\u0131<\/strong>, ki\u015finin <strong>zorla \u00f6zg\u00fcrl\u00fc\u011f\u00fcn\u00fcn k\u0131s\u0131tlanmas\u0131<\/strong> sonucunu do\u011furan, daha a\u011f\u0131r bir adli tedbirdir.<\/p>\n\n\n\n<p class=\"wp-block-paragraph\">Hakk\u0131nda <strong>yakalama karar\u0131<\/strong> verilen bir ki\u015fi;<\/p>\n\n\n\n<ul class=\"wp-block-list\">\n<li>Kolluk taraf\u0131ndan <strong>tespit edildi\u011fi anda yakalanabilir<\/strong><\/li>\n\n\n\n<li>Karar\u0131n i\u00e7eri\u011fine g\u00f6re:\n<ul class=\"wp-block-list\">\n<li>\u0130fade verebilir<\/li>\n\n\n\n<li>Yakalama karar\u0131 veren makama g\u00f6t\u00fcr\u00fclebilir<\/li>\n\n\n\n<li><strong>SEGB\u0130S<\/strong> arac\u0131l\u0131\u011f\u0131yla ifade verebilir<\/li>\n\n\n\n<li>Kolluk taraf\u0131ndan do\u011frudan ifadesi al\u0131nabilir<\/li>\n<\/ul>\n<\/li>\n<\/ul>\n\n\n\n<p class=\"wp-block-paragraph\">\u0417\u0434\u0435\u0441\u044c <strong>belirleyici olan<\/strong>, yakalama karar\u0131n\u0131n <strong>muhteviyat\u0131 ve gerek\u00e7esidir<\/strong>. Her dosya bak\u0131m\u0131ndan <strong>uygulama farkl\u0131l\u0131k g\u00f6sterebilir<\/strong>.<\/p>\n\n\n\n<hr class=\"wp-block-separator has-alpha-channel-opacity\"\/>\n\n\n\n<p class=\"wp-block-paragraph\"><strong>Yakalama Karar\u0131 ile Zorla Getirme Karar\u0131 Aras\u0131ndaki Fark Nedir?<\/strong><\/p>\n\n\n\n<p class=\"wp-block-paragraph\">Bu iki kavram aras\u0131ndaki fark\u0131 bilmek, ki\u015finin <strong>\u00f6zg\u00fcrl\u00fck hakk\u0131<\/strong> a\u00e7\u0131s\u0131ndan son derece \u00f6nemlidir.<\/p>\n\n\n\n<p class=\"wp-block-paragraph\"><strong>\ud83d\udd34 KR\u0130T\u0130K AYRIM:<\/strong><\/p>\n\n\n\n<ul class=\"wp-block-list\">\n<li><strong>Zorla getirme karar\u0131nda g\u00f6zalt\u0131 yoktur<\/strong><\/li>\n\n\n\n<li><strong>Yakalama karar\u0131nda \u00f6zg\u00fcrl\u00fck k\u0131s\u0131tlamas\u0131 m\u00fcmk\u00fcnd\u00fcr<\/strong><\/li>\n<\/ul>\n\n\n\n<hr class=\"wp-block-separator has-alpha-channel-opacity\"\/>\n\n\n\n<p class=\"wp-block-paragraph\"><strong>Zorla Getirme Karar\u0131 \u2013 Yakalama Karar\u0131 Kar\u015f\u0131la\u015ft\u0131rma Tablosu<\/strong><\/p>\n\n\n\n<figure class=\"wp-block-table\"><table class=\"has-fixed-layout\"><thead><tr><td><strong>Kriter<\/strong><\/td><td><strong>Zorla Getirme Karar\u0131<\/strong><\/td><td><strong>Yakalama Karar\u0131<\/strong><\/td><\/tr><\/thead><tbody><tr><td>\u00d6zg\u00fcrl\u00fck K\u0131s\u0131tlamas\u0131<\/td><td>\u274c Yok<\/td><td>\u2705 Var<\/td><\/tr><tr><td>G\u00f6zalt\u0131 Uygulamas\u0131<\/td><td>\u274c Yok<\/td><td>Dosyaya g\u00f6re olabilir<\/td><\/tr><tr><td>Kolluk M\u00fcdahalesi<\/td><td>Hat\u0131rlatma \/ Davet<\/td><td>Fiili yakalama<\/td><\/tr><tr><td>Ama\u00e7<\/td><td>\u0130fade \/ Duru\u015fma<\/td><td>Adli s\u00fcrecin zorla i\u015fletilmesi<\/td><\/tr><tr><td>Ka\u00e7ma \u015e\u00fcphesi<\/td><td>Aranmaz<\/td><td>\u00c7o\u011fu zaman vard\u0131r<\/td><\/tr><tr><td>SEGB\u0130S Uygulamas\u0131<\/td><td>\u041e\u0431\u044b\u0447\u043d\u043e \u043e\u0442\u0441\u0443\u0442\u0441\u0442\u0432\u0443\u0435\u0442<\/td><td>S\u0131k\u00e7a uygulan\u0131r<\/td><\/tr><tr><td>Uygulama \u015eekli<\/td><td>Telefon \/ SMS \/ Tebligat<\/td><td>Kolluk taraf\u0131ndan yakalama<\/td><\/tr><\/tbody><\/table><\/figure>\n\n\n\n<hr class=\"wp-block-separator has-alpha-channel-opacity\"\/>\n\n\n\n<p class=\"wp-block-paragraph\"><strong>Yakalama Karar\u0131 Nas\u0131l \u00d6\u011frenilir?<\/strong><\/p>\n\n\n\n<p class=\"wp-block-paragraph\">Vatanda\u015flar hakk\u0131nda yakalama karar\u0131 olup olmad\u0131\u011f\u0131n\u0131 \u015fu yollarla \u00f6\u011frenebilir:<\/p>\n\n\n\n<ul class=\"wp-block-list\">\n<li><strong>UYAP Vatanda\u015f Portal\u0131( Mahkeme Taraf\u0131ndan Verilmi\u015fse)<\/strong><\/li>\n\n\n\n<li><strong>E-Devlet<\/strong><\/li>\n\n\n\n<li>Avukat arac\u0131l\u0131\u011f\u0131yla dosya incelemesi<\/li>\n\n\n\n<li>Savc\u0131l\u0131k veya mahkeme kalemi<\/li>\n<\/ul>\n\n\n\n<p class=\"wp-block-paragraph\">\ud83d\udccc<strong>\u0412\u0430\u0436\u043d\u043e\u0435 \u043f\u0440\u0438\u043c\u0435\u0447\u0430\u043d\u0438\u0435:<\/strong><br>\u00d6nemle belirtmek gerekir ki; yakalama karar\u0131 bir savc\u0131l\u0131k dosyas\u0131 sebebiyle verilmi\u015fse e \u2013 devletten g\u00f6r\u00fclmesi m\u00fcmk\u00fcn de\u011fildir. Karar\u0131n verildi\u011fi savc\u0131l\u0131k dosyas\u0131n\u0131n incelenmesi neticesinde yakalama karar\u0131 tespit edilebilecektir.<\/p>\n\n\n\n<hr class=\"wp-block-separator has-alpha-channel-opacity\"\/>\n\n\n\n<p class=\"wp-block-paragraph\"><strong>Yakalama Karar\u0131 Nas\u0131l Kald\u0131r\u0131l\u0131r?<\/strong><\/p>\n\n\n\n<p class=\"wp-block-paragraph\">Yakalama karar\u0131n\u0131n kald\u0131r\u0131lmas\u0131 i\u00e7in;<\/p>\n\n\n\n<ul class=\"wp-block-list\">\n<li>\u0130lgili <strong>mahkemeye veya savc\u0131l\u0131\u011fa ba\u015fvuru<\/strong><\/li>\n\n\n\n<li>Ki\u015finin <strong>kendili\u011finden ba\u015fvurmas\u0131<\/strong><\/li>\n\n\n\n<li>Gerekirse <strong>ifade verilmesi<\/strong><\/li>\n<\/ul>\n\n\n\n<p class=\"wp-block-paragraph\">\u0442\u0440\u0435\u0431\u0443\u0435\u0442\u0441\u044f.<\/p>\n\n\n\n<p class=\"wp-block-paragraph\">Her yakalama karar\u0131 otomatik olarak kalkmaz. Dosyan\u0131n niteli\u011fi, su\u00e7 vasf\u0131 ve yarg\u0131 makam\u0131n\u0131n de\u011ferlendirmesi belirleyicidir.<\/p>\n\n\n\n<hr class=\"wp-block-separator has-alpha-channel-opacity\"\/>\n\n\n\n<p class=\"wp-block-paragraph\"><strong>Zorla Getirme Karar\u0131nda Uygulamada Kar\u015f\u0131la\u015f\u0131lan Durumlar<\/strong><\/p>\n\n\n\n<p class=\"wp-block-paragraph\">Uygulamada zorla getirme kararlar\u0131:<\/p>\n\n\n\n<ul class=\"wp-block-list\">\n<li>Polis merkezine g\u00f6t\u00fcrme olmadan<\/li>\n\n\n\n<li>K\u0131sa s\u00fcreli y\u00f6nlendirme ile<\/li>\n\n\n\n<li>Ki\u015finin beyan\u0131n\u0131n al\u0131nmas\u0131yla<\/li>\n<\/ul>\n\n\n\n<p class=\"wp-block-paragraph\">sona erer.<\/p>\n\n\n\n<p class=\"wp-block-paragraph\">Bu ki\u015filere <strong>g\u00f6zalt\u0131 i\u015flemi uygulanmaz<\/strong> ve bu husus \u00f6zellikle alt\u0131 \u00e7izilmesi gereken bir noktad\u0131r.<\/p>\n\n\n\n<hr class=\"wp-block-separator has-alpha-channel-opacity\"\/>\n\n\n\n<p class=\"wp-block-paragraph\"><strong>Hangi Karar Daha A\u011f\u0131rd\u0131r?<\/strong><\/p>\n\n\n\n<p class=\"wp-block-paragraph\">A\u00e7\u0131k \u015fekilde belirtmek gerekir ki:<\/p>\n\n\n\n<p class=\"wp-block-paragraph\"><strong>Yakalama karar\u0131, zorla getirme karar\u0131na g\u00f6re \u00e7ok daha a\u011f\u0131r bir adli tedbirdir.<\/strong><\/p>\n\n\n\n<p class=\"wp-block-paragraph\">Bu nedenle ki\u015filer, dosyalar\u0131nda hangi karar\u0131n bulundu\u011funu <strong>mutlaka netle\u015ftirmelidir<\/strong>.<\/p>\n\n\n\n<hr class=\"wp-block-separator has-alpha-channel-opacity\"\/>\n\n\n\n<p class=\"wp-block-paragraph\"><strong>\u0427\u0430\u0441\u0442\u043e \u0437\u0430\u0434\u0430\u0432\u0430\u0435\u043c\u044b\u0435 \u0432\u043e\u043f\u0440\u043e\u0441\u044b (\u0427\u0417\u0412)<\/strong><\/p>\n\n\n\n<p class=\"wp-block-paragraph\"><strong>1. Zorla getirme karar\u0131 olan ki\u015fi g\u00f6zalt\u0131na al\u0131n\u0131r m\u0131?<\/strong><\/p>\n\n\n\n<p class=\"wp-block-paragraph\">Hay\u0131r. Zorla getirme karar\u0131nda g\u00f6zalt\u0131 uygulanmaz.<\/p>\n\n\n\n<p class=\"wp-block-paragraph\"><strong>2. Yakalama karar\u0131 olan ki\u015fi karakola \u00e7a\u011fr\u0131l\u0131r m\u0131?<\/strong><\/p>\n\n\n\n<p class=\"wp-block-paragraph\">Genellikle do\u011frudan yakalama i\u015flemi uygulan\u0131r.<\/p>\n\n\n\n<p class=\"wp-block-paragraph\"><strong>3. Zorla getirme karar\u0131 sicile i\u015fler mi?<\/strong><\/p>\n\n\n\n<p class=\"wp-block-paragraph\">Hay\u0131r, adli sicil kayd\u0131 olu\u015fturmaz.<\/p>\n\n\n\n<p class=\"wp-block-paragraph\"><strong>4. Yakalama karar\u0131 havaalan\u0131nda \u00e7\u0131kar m\u0131?<\/strong><\/p>\n\n\n\n<p class=\"wp-block-paragraph\">Evet. Yakalama karar\u0131 olan ki\u015filer havaalan\u0131nda tespit edildi\u011finde yakalanabilir.<\/p>\n\n\n\n<p class=\"wp-block-paragraph\"><strong>5. Avukat olmadan bu i\u015flemler y\u00fcr\u00fct\u00fclebilir mi?<\/strong><\/p>\n\n\n\n<p class=\"wp-block-paragraph\">Y\u00fcr\u00fct\u00fclebilir ancak <strong>hak kayb\u0131 riski \u00e7ok y\u00fcksektir<\/strong>.<\/p>\n\n\n\n<hr class=\"wp-block-separator has-alpha-channel-opacity\"\/>\n\n\n\n<p class=\"wp-block-paragraph\"><strong>Uygulamada Yap\u0131lan En B\u00fcy\u00fck Hata<\/strong><\/p>\n\n\n\n<p class=\"wp-block-paragraph\">\u274c Zorla getirme karar\u0131n\u0131 yakalama karar\u0131 sanmak<br>\u274c Yakalama karar\u0131n\u0131 hafife almak<br>\u274c Dosya i\u00e7eri\u011fi \u00f6\u011frenilmeden kollukla ileti\u015fime ge\u00e7mek<\/p>\n\n\n\n<p class=\"wp-block-paragraph\">Bu hatalar <strong>\u00f6zg\u00fcrl\u00fck k\u0131s\u0131tlamas\u0131na kadar varan sonu\u00e7lar<\/strong> do\u011furabilir.<\/p>\n\n\n\n<hr class=\"wp-block-separator has-alpha-channel-opacity\"\/>\n\n\n\n<p class=\"wp-block-paragraph\"><strong>Sonu\u00e7 ve De\u011ferlendirme<\/strong><\/p>\n\n\n\n<p class=\"wp-block-paragraph\"><strong>Zorla Getirme Karar\u0131 Nedir? Yakalama Karar\u0131 ile Zorla Getirme Karar\u0131 Fark\u0131 Nedir?<\/strong> sorusunun cevab\u0131, yaln\u0131zca teorik de\u011fil, <strong>uygulamada hayati \u00f6neme sahiptir<\/strong>.<\/p>\n\n\n\n<p class=\"wp-block-paragraph\">\u2714\ufe0f Zorla getirme = hat\u0131rlatma ve ifade<br>\u2714\ufe0f Yakalama = fiili \u00f6zg\u00fcrl\u00fck k\u0131s\u0131tlamas\u0131<br>\u2714\ufe0f Her dosya kendi \u00f6zelinde de\u011ferlendirilmelidir<\/p>\n\n\n\n<p class=\"wp-block-paragraph\">Bu nedenle adli s\u00fcreci olan ki\u015filerin <strong>mutlaka dosya bazl\u0131 hukuki destek almas\u0131<\/strong> \u0442\u0440\u0435\u0431\u0443\u0435\u0442\u0441\u044f.<\/p>\n\n\n\n<hr class=\"wp-block-separator has-alpha-channel-opacity\"\/>\n\n\n\n<p class=\"wp-block-paragraph\"><strong>Hukuki Destek Al\u0131n<\/strong><\/p>\n\n\n\n<p class=\"wp-block-paragraph\">Hakk\u0131n\u0131zda zorla getirme karar\u0131 veya yakalama karar\u0131 olup olmad\u0131\u011f\u0131n\u0131 \u00f6\u011frenmek, karar\u0131n kald\u0131r\u0131lmas\u0131 ve s\u00fcrecin g\u00fcvenli \u015fekilde y\u00fcr\u00fct\u00fclmesi i\u00e7in <strong>uzman deste\u011fi<\/strong> .<\/p>\n\n\n\n<p class=\"wp-block-paragraph\">\ud83d\udccc Dosya incelemesi<br>\ud83d\udccc Yakalama karar\u0131n\u0131n kald\u0131r\u0131lmas\u0131<br>\ud83d\udccc Savc\u0131l\u0131k ve mahkeme i\u015flemlerinin takibi<\/p>\n\n\n\n<p class=\"wp-block-paragraph\">i\u00e7in bizimle ileti\u015fime ge\u00e7ebilirsiniz.<\/p>\n\n\n\n<hr class=\"wp-block-separator has-alpha-channel-opacity\"\/>\n\n\n\n<p class=\"wp-block-paragraph\"><strong>\u0410\u0434\u0432\u043e\u043a\u0430\u0442 \u0411\u0430\u0442\u0438\u043d \u0419\u042b\u041b\u041c\u0410\u0417<\/strong><br><br><\/p>","protected":false},"excerpt":{"rendered":"<p>Zorla getirme karar\u0131, Ceza Muhakemesi Kanunu kapsam\u0131nda, ifadesi al\u0131nmak, duru\u015fmaya kat\u0131l\u0131m\u0131 sa\u011flanmak veya savunmas\u0131 al\u0131nmak istenen ki\u015filerin, kendi iradeleriyle gelmemeleri halinde ba\u015fvurulan bir tedbirdir. Zorla Getirme Karar\u0131n\u0131n Temel \u00d6zellikleri Uygulamada \u00e7o\u011fu zaman: ki\u015fininilgili savc\u0131l\u0131k veya mahkemeye ba\u015fvurmas\u0131 istenir. Yakalama Karar\u0131 Nedir? Yakalama karar\u0131, ki\u015finin zorla \u00f6zg\u00fcrl\u00fc\u011f\u00fcn\u00fcn k\u0131s\u0131tlanmas\u0131 sonucunu do\u011furan, daha a\u011f\u0131r bir adli tedbirdir. Hakk\u0131nda [&hellip;]<\/p>\n","protected":false},"author":2,"featured_media":2635,"comment_status":"open","ping_status":"open","sticky":false,"template":"","format":"standard","meta":{"_joinchat":[],"footnotes":""},"categories":[61],"tags":[354,353],"class_list":["post-2632","post","type-post","status-publish","format-standard","has-post-thumbnail","hentry","category-ceza-hukuku","tag-yakalama-karari","tag-zorla-getirme-karari"],"_links":{"self":[{"href":"https:\/\/batinyilmaz.av.tr\/ru\/wp-json\/wp\/v2\/posts\/2632","targetHints":{"allow":["GET"]}}],"collection":[{"href":"https:\/\/batinyilmaz.av.tr\/ru\/wp-json\/wp\/v2\/posts"}],"about":[{"href":"https:\/\/batinyilmaz.av.tr\/ru\/wp-json\/wp\/v2\/types\/post"}],"author":[{"embeddable":true,"href":"https:\/\/batinyilmaz.av.tr\/ru\/wp-json\/wp\/v2\/users\/2"}],"replies":[{"embeddable":true,"href":"https:\/\/batinyilmaz.av.tr\/ru\/wp-json\/wp\/v2\/comments?post=2632"}],"version-history":[{"count":1,"href":"https:\/\/batinyilmaz.av.tr\/ru\/wp-json\/wp\/v2\/posts\/2632\/revisions"}],"predecessor-version":[{"id":2634,"href":"https:\/\/batinyilmaz.av.tr\/ru\/wp-json\/wp\/v2\/posts\/2632\/revisions\/2634"}],"wp:featuredmedia":[{"embeddable":true,"href":"https:\/\/batinyilmaz.av.tr\/ru\/wp-json\/wp\/v2\/media\/2635"}],"wp:attachment":[{"href":"https:\/\/batinyilmaz.av.tr\/ru\/wp-json\/wp\/v2\/media?parent=2632"}],"wp:term":[{"taxonomy":"category","embeddable":true,"href":"https:\/\/batinyilmaz.av.tr\/ru\/wp-json\/wp\/v2\/categories?post=2632"},{"taxonomy":"post_tag","embeddable":true,"href":"https:\/\/batinyilmaz.av.tr\/ru\/wp-json\/wp\/v2\/tags?post=2632"}],"curies":[{"name":"wp","href":"https:\/\/api.w.org\/{rel}","templated":true}]}}