{"id":2574,"date":"2025-12-28T08:00:00","date_gmt":"2025-12-28T05:00:00","guid":{"rendered":"https:\/\/batinyilmaz.av.tr\/?p=2574"},"modified":"2025-12-29T16:49:46","modified_gmt":"2025-12-29T13:49:46","slug":"ikamet-izninde-sehir-degisikligi-mumkun-mu","status":"publish","type":"post","link":"https:\/\/batinyilmaz.av.tr\/ru\/ikamet-izninde-sehir-degisikligi-mumkun-mu\/","title":{"rendered":"\u0130kamet \u0130zninde \u015eehir De\u011fi\u015fikli\u011fi M\u00fcmk\u00fcn m\u00fc?"},"content":{"rendered":"<div id=\"ez-toc-container\" class=\"ez-toc-v2_0_85 counter-hierarchy ez-toc-counter ez-toc-grey ez-toc-container-direction\">\n<div class=\"ez-toc-title-container\">\n<p class=\"ez-toc-title\" style=\"cursor:inherit\">\u0417\u0430\u0433\u043e\u043b\u043e\u0432\u043a\u0438<\/p>\n<span class=\"ez-toc-title-toggle\"><a href=\"#\" class=\"ez-toc-pull-right ez-toc-btn ez-toc-btn-xs ez-toc-btn-default ez-toc-toggle\" aria-label=\"Toggle Table of Content\"><span class=\"ez-toc-js-icon-con\"><span class=\"\"><span class=\"eztoc-hide\" style=\"display:none;\">\u041f\u0435\u0440\u0435\u043a\u043b\u044e\u0447\u0430\u0442\u0435\u043b\u044c<\/span><span class=\"ez-toc-icon-toggle-span\"><svg style=\"fill: #999;color:#999\" xmlns=\"http:\/\/www.w3.org\/2000\/svg\" class=\"list-377408\" width=\"20px\" height=\"20px\" viewbox=\"0 0 24 24\" fill=\"none\"><path d=\"M6 6H4v2h2V6zm14 0H8v2h12V6zM4 11h2v2H4v-2zm16 0H8v2h12v-2zM4 16h2v2H4v-2zm16 0H8v2h12v-2z\" fill=\"currentColor\"><\/path><\/svg><svg style=\"fill: #999;color:#999\" class=\"arrow-unsorted-368013\" xmlns=\"http:\/\/www.w3.org\/2000\/svg\" width=\"10px\" height=\"10px\" viewbox=\"0 0 24 24\" version=\"1.2\" baseprofile=\"tiny\"><path d=\"M18.2 9.3l-6.2-6.3-6.2 6.3c-.2.2-.3.4-.3.7s.1.5.3.7c.2.2.4.3.7.3h11c.3 0 .5-.1.7-.3.2-.2.3-.5.3-.7s-.1-.5-.3-.7zM5.8 14.7l6.2 6.3 6.2-6.3c.2-.2.3-.5.3-.7s-.1-.5-.3-.7c-.2-.2-.4-.3-.7-.3h-11c-.3 0-.5.1-.7.3-.2.2-.3.5-.3.7s.1.5.3.7z\"\/><\/svg><\/span><\/span><\/span><\/a><\/span><\/div>\n<nav><ul class='ez-toc-list ez-toc-list-level-1' ><li class='ez-toc-page-1 ez-toc-heading-level-2'><a class=\"ez-toc-link ez-toc-heading-1\" href=\"https:\/\/batinyilmaz.av.tr\/ru\/ikamet-izninde-sehir-degisikligi-mumkun-mu\/#Ikamet_Izninde_Sehir_Degisikligi_Nedir\" >\u0130kamet \u0130zninde \u015eehir De\u011fi\u015fikli\u011fi Nedir?<\/a><\/li><li class='ez-toc-page-1 ez-toc-heading-level-2'><a class=\"ez-toc-link ez-toc-heading-2\" href=\"https:\/\/batinyilmaz.av.tr\/ru\/ikamet-izninde-sehir-degisikligi-mumkun-mu\/#Yabancilarin_Turkiye_Icinde_Ikamet_Izni_Degisikligi_Mumkun_mu\" >Yabanc\u0131lar\u0131n T\u00fcrkiye \u0130\u00e7inde \u0130kamet \u0130zni De\u011fi\u015fikli\u011fi M\u00fcmk\u00fcn m\u00fc?<\/a><\/li><li class='ez-toc-page-1 ez-toc-heading-level-2'><a class=\"ez-toc-link ez-toc-heading-3\" href=\"https:\/\/batinyilmaz.av.tr\/ru\/ikamet-izninde-sehir-degisikligi-mumkun-mu\/#En_Kritik_Husus_Sehir_Degisikligi_Ilk_Basvuru_Gibi_Degerlendirme\" >En Kritik Husus: \u015eehir De\u011fi\u015fikli\u011fi = \u0130lk Ba\u015fvuru Gibi De\u011ferlendirme<\/a><\/li><li class='ez-toc-page-1 ez-toc-heading-level-2'><a class=\"ez-toc-link ez-toc-heading-4\" href=\"https:\/\/batinyilmaz.av.tr\/ru\/ikamet-izninde-sehir-degisikligi-mumkun-mu\/#Hangi_Ikamet_Turlerinde_Sehir_Degisikligi_Daha_Risklidir\" >Hangi \u0130kamet T\u00fcrlerinde \u015eehir De\u011fi\u015fikli\u011fi Daha Risklidir?<\/a><\/li><li class='ez-toc-page-1 ez-toc-heading-level-2'><a class=\"ez-toc-link ez-toc-heading-5\" href=\"https:\/\/batinyilmaz.av.tr\/ru\/ikamet-izninde-sehir-degisikligi-mumkun-mu\/#Ikamet_Izni_Gecis_Basvurusu_Nasil_Yapilir\" >\u0130kamet \u0130zni Ge\u00e7i\u015f Ba\u015fvurusu Nas\u0131l Yap\u0131l\u0131r?<\/a><\/li><li class='ez-toc-page-1 ez-toc-heading-level-2'><a class=\"ez-toc-link ez-toc-heading-6\" href=\"https:\/\/batinyilmaz.av.tr\/ru\/ikamet-izninde-sehir-degisikligi-mumkun-mu\/#Ikamet_Izni_Degisiklik_Basvurularinda_En_Sik_Yapilan_Hatalar\" >\u0130kamet \u0130zni De\u011fi\u015fiklik Ba\u015fvurular\u0131nda En S\u0131k Yap\u0131lan Hatalar<\/a><\/li><li class='ez-toc-page-1 ez-toc-heading-level-2'><a class=\"ez-toc-link ez-toc-heading-7\" href=\"https:\/\/batinyilmaz.av.tr\/ru\/ikamet-izninde-sehir-degisikligi-mumkun-mu\/#Yabancilar_Hukuku_Avukati_Destegi_Neden_Onemlidir\" >Yabanc\u0131lar Hukuku Avukat\u0131 Deste\u011fi Neden \u00d6nemlidir?<\/a><\/li><li class='ez-toc-page-1 ez-toc-heading-level-2'><a class=\"ez-toc-link ez-toc-heading-8\" href=\"https:\/\/batinyilmaz.av.tr\/ru\/ikamet-izninde-sehir-degisikligi-mumkun-mu\/#Sik_Sorulan_Sorular_SSS\" >\u0427\u0430\u0441\u0442\u043e \u0437\u0430\u0434\u0430\u0432\u0430\u0435\u043c\u044b\u0435 \u0432\u043e\u043f\u0440\u043e\u0441\u044b (FAQ)<\/a><ul class='ez-toc-list-level-4' ><li class='ez-toc-heading-level-4'><ul class='ez-toc-list-level-4' ><li class='ez-toc-heading-level-4'><a class=\"ez-toc-link ez-toc-heading-9\" href=\"https:\/\/batinyilmaz.av.tr\/ru\/ikamet-izninde-sehir-degisikligi-mumkun-mu\/#Sonuc\" >\u0417\u0430\u043a\u043b\u044e\u0447\u0435\u043d\u0438\u0435<\/a><\/li><li class='ez-toc-page-1 ez-toc-heading-level-4'><a class=\"ez-toc-link ez-toc-heading-10\" href=\"https:\/\/batinyilmaz.av.tr\/ru\/ikamet-izninde-sehir-degisikligi-mumkun-mu\/#Hukuki_Destek\" >Hukuki Destek<\/a><\/li><\/ul><\/li><\/ul><\/li><\/ul><\/nav><\/div>\n\n<hr class=\"wp-block-separator has-alpha-channel-opacity\"\/>\n\n\n\n<p class=\"wp-block-paragraph\"><strong>\u0412\u0432\u0435\u0434\u0435\u043d\u0438\u0435<\/strong><\/p>\n\n\n\n<p class=\"wp-block-paragraph\"><strong>\u0130kamet \u0130zninde \u015eehir De\u011fi\u015fikli\u011fi M\u00fcmk\u00fcn m\u00fc? \u0130kamet \u0130znimi Ta\u015f\u0131mak \u0130stiyorum. \u0130kamet \u0130zni Ge\u00e7i\u015f Ba\u015fvurusu nas\u0131l yap\u0131l\u0131r? \u0130kamet \u0130zni De\u011fi\u015fiklik Ba\u015fvurusu \u0130stanbul\u2019da kabul ediliyor mu?<\/strong><\/p>\n\n\n\n<p class=\"wp-block-paragraph\">T\u00fcrkiye\u2019de ikamet izni bulunan yabanc\u0131lar\u0131n en \u00e7ok yan\u0131lg\u0131ya d\u00fc\u015ft\u00fc\u011f\u00fc konulardan biri, \u015fehir de\u011fi\u015fikli\u011finin <strong>basit bir adres de\u011fi\u015fikli\u011fi<\/strong> oldu\u011fu d\u00fc\u015f\u00fcncesidir. Oysa uygulamada \u015fehir de\u011fi\u015fikli\u011fi, \u00e7o\u011fu zaman <strong>ilk ba\u015fvuru gibi de\u011ferlendirilen yeni bir ikamet izni s\u00fcreci<\/strong> anlam\u0131na gelmektedir.<\/p>\n\n\n\n<p class=\"wp-block-paragraph\"><strong>\u0130kamet izninde \u015fehir de\u011fi\u015fikli\u011fi yap\u0131lmak istendi\u011finde, ba\u015fvuru yap\u0131lacak ildeki \u0130l G\u00f6\u00e7 \u0130daresi M\u00fcd\u00fcrl\u00fc\u011f\u00fc bu ba\u015fvuruyu \u201cilk ba\u015fvuru\u201d olarak ele al\u0131r.<\/strong><\/p>\n\n\n\n<p class=\"wp-block-paragraph\">Bu durum, \u00f6zellikle <strong>\u0130stanbul \u0130kamet \u0130zni<\/strong> bak\u0131m\u0131ndan ciddi riskler do\u011furmaktad\u0131r.<\/p>\n\n\n\n<hr class=\"wp-block-separator has-alpha-channel-opacity\"\/>\n\n\n\n<h2 class=\"wp-block-heading\"><span class=\"ez-toc-section\" id=\"Ikamet_Izninde_Sehir_Degisikligi_Nedir\"><\/span><strong>\u0130kamet \u0130zninde \u015eehir De\u011fi\u015fikli\u011fi Nedir?<\/strong><span class=\"ez-toc-section-end\"><\/span><\/h2>\n\n\n\n<p class=\"wp-block-paragraph\">\u0130kamet izninde \u015fehir de\u011fi\u015fikli\u011fi; yabanc\u0131n\u0131n h\u00e2lihaz\u0131rda sahip oldu\u011fu ikamet iznini, <strong>ba\u015fka bir ilde ikamet etmek amac\u0131yla<\/strong> yeni bir ile ta\u015f\u0131mas\u0131d\u0131r.<\/p>\n\n\n\n<p class=\"wp-block-paragraph\">Bu i\u015flem:<\/p>\n\n\n\n<ul class=\"wp-block-list\">\n<li>Adres bildirimiyle s\u0131n\u0131rl\u0131 de\u011fildir<\/li>\n\n\n\n<li>\u201cGe\u00e7i\u015f ba\u015fvurusu\u201d niteli\u011findedir<\/li>\n\n\n\n<li>Yeni ilin uygulamalar\u0131na tabidir<\/li>\n<\/ul>\n\n\n\n<hr class=\"wp-block-separator has-alpha-channel-opacity\"\/>\n\n\n\n<h2 class=\"wp-block-heading\"><span class=\"ez-toc-section\" id=\"Yabancilarin_Turkiye_Icinde_Ikamet_Izni_Degisikligi_Mumkun_mu\"><\/span><strong>Yabanc\u0131lar\u0131n T\u00fcrkiye \u0130\u00e7inde \u0130kamet \u0130zni De\u011fi\u015fikli\u011fi M\u00fcmk\u00fcn m\u00fc?<\/strong><span class=\"ez-toc-section-end\"><\/span><\/h2>\n\n\n\n<p class=\"wp-block-paragraph\">\ud83d\udccc<strong>Evet, m\u00fcmk\u00fcnd\u00fcr.<\/strong><br>Ancak bu m\u00fcmk\u00fcn olma hali, <strong>her zaman sorunsuz sonu\u00e7 al\u0131naca\u011f\u0131 anlam\u0131na gelmez.<\/strong><\/p>\n\n\n\n<p class=\"wp-block-paragraph\">\u0130kamet izni \u015fehir de\u011fi\u015fikli\u011fi;<\/p>\n\n\n\n<ul class=\"wp-block-list\">\n<li>\u0130kamet izni t\u00fcr\u00fcne<\/li>\n\n\n\n<li>Ge\u00e7i\u015f yap\u0131lmak istenen ile<\/li>\n\n\n\n<li>\u0130l G\u00f6\u00e7 \u0130daresi M\u00fcd\u00fcrl\u00fc\u011f\u00fc\u2019n\u00fcn g\u00fcncel uygulamalar\u0131na<\/li>\n<\/ul>\n\n\n\n<p class=\"wp-block-paragraph\">g\u00f6re farkl\u0131 sonu\u00e7lar do\u011furur.<\/p>\n\n\n\n<hr class=\"wp-block-separator has-alpha-channel-opacity\"\/>\n\n\n\n<h2 class=\"wp-block-heading\"><span class=\"ez-toc-section\" id=\"En_Kritik_Husus_Sehir_Degisikligi_Ilk_Basvuru_Gibi_Degerlendirme\"><\/span><strong>En Kritik Husus: \u015eehir De\u011fi\u015fikli\u011fi = \u0130lk Ba\u015fvuru Gibi De\u011ferlendirme<\/strong><span class=\"ez-toc-section-end\"><\/span><\/h2>\n\n\n\n<p class=\"wp-block-paragraph\">Bu noktada alt\u0131 kal\u0131n \u00e7izgilerle \u00e7izilmesi gereken husus \u015fudur:<\/p>\n\n\n\n<p class=\"wp-block-paragraph\"><strong>\u0130kamet izni \u015fehir de\u011fi\u015fikli\u011fi ba\u015fvurular\u0131, yeni ildeki \u0130l G\u00f6\u00e7 \u0130daresi M\u00fcd\u00fcrl\u00fc\u011f\u00fc taraf\u0131ndan \u201cilk ba\u015fvuru\u201d olarak de\u011ferlendirilir.<\/strong><\/p>\n\n\n\n<p class=\"wp-block-paragraph\">Bu de\u011ferlendirme \u015fekli;<\/p>\n\n\n\n<ul class=\"wp-block-list\">\n<li>Ret riskini art\u0131r\u0131r<\/li>\n\n\n\n<li>\u00d6nceki ikamet izninin varl\u0131\u011f\u0131n\u0131 \u00e7o\u011fu zaman etkisiz k\u0131lar<\/li>\n\n\n\n<li>\u0130l bazl\u0131 uygulamalar\u0131 belirleyici h\u00e2le getirir<\/li>\n<\/ul>\n\n\n\n<hr class=\"wp-block-separator has-alpha-channel-opacity\"\/>\n\n\n\n<p class=\"wp-block-paragraph\"><strong>\u0130kamet \u0130zni \u0130stanbul \u2013 Turizm \u0130kameti \u00d6rne\u011fi (\u00c7OK \u00d6NEML\u0130)<\/strong><\/p>\n\n\n\n<p class=\"wp-block-paragraph\">Somut bir \u00f6rnekle a\u00e7\u0131klamak gerekirse:<\/p>\n\n\n\n<p class=\"wp-block-paragraph\">\ud83d\udccc<strong>\u0130stanbul ilinde, 2024 y\u0131l\u0131ndan itibaren turizm t\u00fcr\u00fcndeki ilk ikamet izni ba\u015fvurular\u0131 kabul edilmemektedir.<\/strong><\/p>\n\n\n\n<p class=\"wp-block-paragraph\">Bu durumun \u015fehir de\u011fi\u015fikli\u011fi bak\u0131m\u0131ndan sonucu \u015fudur:<\/p>\n\n\n\n<ul class=\"wp-block-list\">\n<li>\u0130stanbul d\u0131\u015f\u0131ndaki bir \u015fehirde <strong>ge\u00e7erli turizm ikamet izniniz olsa dahi<\/strong><\/li>\n\n\n\n<li>Bu ikamet iznini <strong>\u0130stanbul\u2019a ta\u015f\u0131mak istedi\u011finizde<\/strong><\/li>\n\n\n\n<li>\u0130stanbul \u0130l G\u00f6\u00e7 \u0130daresi M\u00fcd\u00fcrl\u00fc\u011f\u00fc ba\u015fvurunuzu <strong>ilk ba\u015fvuru gibi de\u011ferlendirece\u011fi i\u00e7in<\/strong><\/li>\n\n\n\n<li>Ba\u015fvurunuz <strong>reddedilecektir<\/strong><\/li>\n<\/ul>\n\n\n\n<p class=\"wp-block-paragraph\">\ud83d\udc49 Bu husus <strong>net, sabit ve uygulamada istikrarl\u0131d\u0131r.<\/strong><\/p>\n\n\n\n<hr class=\"wp-block-separator has-alpha-channel-opacity\"\/>\n\n\n\n<h2 class=\"wp-block-heading\"><span class=\"ez-toc-section\" id=\"Hangi_Ikamet_Turlerinde_Sehir_Degisikligi_Daha_Risklidir\"><\/span><strong>Hangi \u0130kamet T\u00fcrlerinde \u015eehir De\u011fi\u015fikli\u011fi Daha Risklidir?<\/strong><span class=\"ez-toc-section-end\"><\/span><\/h2>\n\n\n\n<p class=\"wp-block-paragraph\"><strong>H3 \u2013 Turizm \u0130kamet \u0130zni<\/strong><\/p>\n\n\n\n<ul class=\"wp-block-list\">\n<li>\u0130stanbul i\u00e7in y\u00fcksek ret riski<\/li>\n\n\n\n<li>\u0130lk ba\u015fvuru yasa\u011f\u0131 ge\u00e7i\u015fleri de kapsar<\/li>\n<\/ul>\n\n\n\n<p class=\"wp-block-paragraph\"><strong>H3 \u2013 Di\u011fer \u0130kamet T\u00fcrleri<\/strong><\/p>\n\n\n\n<p class=\"wp-block-paragraph\">Aile, \u00f6\u011frenci, \u00e7al\u0131\u015fma sonras\u0131 ikamet gibi t\u00fcrlerde:<\/p>\n\n\n\n<ul class=\"wp-block-list\">\n<li>\u0130l bazl\u0131 uygulamalar farkl\u0131d\u0131r<\/li>\n\n\n\n<li>Her dosya \u00f6zelinde analiz gerekir<\/li>\n<\/ul>\n\n\n\n<p class=\"wp-block-paragraph\">\ud83d\udccc<strong>\u201cHer ikamet t\u00fcr\u00fc ta\u015f\u0131nabilir\u201d gibi genel bir kural yoktur.<\/strong><\/p>\n\n\n\n<hr class=\"wp-block-separator has-alpha-channel-opacity\"\/>\n\n\n\n<h2 class=\"wp-block-heading\"><span class=\"ez-toc-section\" id=\"Ikamet_Izni_Gecis_Basvurusu_Nasil_Yapilir\"><\/span><strong>\u0130kamet \u0130zni Ge\u00e7i\u015f Ba\u015fvurusu Nas\u0131l Yap\u0131l\u0131r?<\/strong><span class=\"ez-toc-section-end\"><\/span><\/h2>\n\n\n\n<p class=\"wp-block-paragraph\">Genel s\u00fcre\u00e7 \u015fu \u015fekildedir:<\/p>\n\n\n\n<ol start=\"1\" class=\"wp-block-list\">\n<li>Ta\u015f\u0131n\u0131lacak ilin belirlenmesi<\/li>\n\n\n\n<li>O ildeki \u0130l G\u00f6\u00e7 \u0130daresi uygulamalar\u0131n\u0131n ara\u015ft\u0131r\u0131lmas\u0131<\/li>\n\n\n\n<li>Online randevu ve ge\u00e7i\u015f ba\u015fvurusu<\/li>\n\n\n\n<li>Evrak teslimi<\/li>\n\n\n\n<li>\u0130l G\u00f6\u00e7 \u0130daresi de\u011ferlendirmesi<\/li>\n<\/ol>\n\n\n\n<p class=\"wp-block-paragraph\">\u041e\u0434\u043d\u0430\u043a\u043e <strong>bu s\u00fcrecin do\u011fru planlanmamas\u0131<\/strong>, mevcut ikamet izninin de kaybedilmesine yol a\u00e7abilir.<\/p>\n\n\n\n<hr class=\"wp-block-separator has-alpha-channel-opacity\"\/>\n\n\n\n<p class=\"wp-block-paragraph\"><strong>\u0130kamet \u0130zni \u015eehir De\u011fi\u015fikli\u011finde \u0130l Bazl\u0131 Uygulamalar<\/strong><\/p>\n\n\n\n<figure class=\"wp-block-table\"><table class=\"has-fixed-layout\"><thead><tr><td><strong>\u0130kamet T\u00fcr\u00fc<\/strong><\/td><td><strong>\u0130stanbul\u2019a Ge\u00e7i\u015f<\/strong><\/td><td><strong>Genel Risk Durumu<\/strong><\/td><\/tr><\/thead><tbody><tr><td>Turizm \u0130kamet \u0130zni<\/td><td>\u274c Reddedilir<\/td><td>\u00c7ok Y\u00fcksek<\/td><\/tr><tr><td>Aile \u0130kamet \u0130zni<\/td><td>Dosyaya g\u00f6re<\/td><td>Orta<\/td><\/tr><tr><td>\u00d6\u011frenci \u0130kamet \u0130zni<\/td><td>\u00dcniversiteye ba\u011fl\u0131<\/td><td>D\u00fc\u015f\u00fck-Orta<\/td><\/tr><tr><td>\u00c7al\u0131\u015fma \u0130zni Sonras\u0131<\/td><td>\u015eartlara ba\u011fl\u0131<\/td><td>Orta<\/td><\/tr><tr><td>Uzun D\u00f6nem \u0130kamet<\/td><td>\u0130stisnai<\/td><td>D\u00fc\u015f\u00fck<\/td><\/tr><\/tbody><\/table><\/figure>\n\n\n\n<hr class=\"wp-block-separator has-alpha-channel-opacity\"\/>\n\n\n\n<h2 class=\"wp-block-heading\"><span class=\"ez-toc-section\" id=\"Ikamet_Izni_Degisiklik_Basvurularinda_En_Sik_Yapilan_Hatalar\"><\/span><strong>\u0130kamet \u0130zni De\u011fi\u015fiklik Ba\u015fvurular\u0131nda En S\u0131k Yap\u0131lan Hatalar<\/strong><span class=\"ez-toc-section-end\"><\/span><\/h2>\n\n\n\n<ul class=\"wp-block-list\">\n<li>\u015eehir de\u011fi\u015fikli\u011fini basit adres de\u011fi\u015fikli\u011fi sanmak<\/li>\n\n\n\n<li>\u0130stanbul\u2019un \u00f6zel uygulamalar\u0131n\u0131 g\u00f6z ard\u0131 etmek<\/li>\n\n\n\n<li>Mevcut ikamet izni varken \u201cnas\u0131l olsa kabul edilir\u201d d\u00fc\u015f\u00fcncesi<\/li>\n\n\n\n<li>Uzman g\u00f6r\u00fc\u015f\u00fc almadan ba\u015fvuru yapmak<\/li>\n<\/ul>\n\n\n\n<p class=\"wp-block-paragraph\">\ud83d\udccc Bu hatalar, <strong>mevcut ikamet izninin iptali<\/strong> ile sonu\u00e7lanabilir.<\/p>\n\n\n\n<hr class=\"wp-block-separator has-alpha-channel-opacity\"\/>\n\n\n\n<h2 class=\"wp-block-heading\"><span class=\"ez-toc-section\" id=\"Yabancilar_Hukuku_Avukati_Destegi_Neden_Onemlidir\"><\/span><strong>Yabanc\u0131lar Hukuku Avukat\u0131 Deste\u011fi Neden \u00d6nemlidir?<\/strong><span class=\"ez-toc-section-end\"><\/span><\/h2>\n\n\n\n<p class=\"wp-block-paragraph\">\u0130kamet izni \u015fehir de\u011fi\u015fikli\u011fi:<\/p>\n\n\n\n<ul class=\"wp-block-list\">\n<li>\u0130darenin takdir yetkisinin yo\u011fun oldu\u011fu<\/li>\n\n\n\n<li>\u0130l bazl\u0131 farkl\u0131l\u0131klar\u0131n belirleyici oldu\u011fu<\/li>\n\n\n\n<li>Geri d\u00f6n\u00fc\u015f\u00fc zor sonu\u00e7lar do\u011furabilen<\/li>\n<\/ul>\n\n\n\n<p class=\"wp-block-paragraph\">bir s\u00fcre\u00e7tir.<\/p>\n\n\n\n<p class=\"wp-block-paragraph\"><strong>Yabanc\u0131lar Hukuku Avukat\u0131<\/strong>, ba\u015fvurudan \u00f6nce:<\/p>\n\n\n\n<ul class=\"wp-block-list\">\n<li>Hangi ilin uygun oldu\u011funu<\/li>\n\n\n\n<li>Hangi ikamet t\u00fcr\u00fcnde risk bulundu\u011funu<\/li>\n\n\n\n<li>Alternatif hukuki yollar\u0131<\/li>\n<\/ul>\n\n\n\n<p class=\"wp-block-paragraph\">belirler.<\/p>\n\n\n\n<hr class=\"wp-block-separator has-alpha-channel-opacity\"\/>\n\n\n\n<h2 class=\"wp-block-heading\"><span class=\"ez-toc-section\" id=\"Sik_Sorulan_Sorular_SSS\"><\/span><strong>\u0427\u0430\u0441\u0442\u043e \u0437\u0430\u0434\u0430\u0432\u0430\u0435\u043c\u044b\u0435 \u0432\u043e\u043f\u0440\u043e\u0441\u044b (FAQ)<\/strong><span class=\"ez-toc-section-end\"><\/span><\/h2>\n\n\n\n<p class=\"wp-block-paragraph\">1. <strong>\u0130kamet iznimi ba\u015fka \u015fehre ta\u015f\u0131mak otomatik kabul edilir mi?<\/strong><\/p>\n\n\n\n<p class=\"wp-block-paragraph\">Hay\u0131r. Yeni ildeki ba\u015fvuru ilk ba\u015fvuru gibi de\u011ferlendirilir.<\/p>\n\n\n\n<p class=\"wp-block-paragraph\">     2. <strong>Turizm ikametimi \u0130stanbul\u2019a ta\u015f\u0131yabilir miyim?<\/strong><\/p>\n\n\n\n<p class=\"wp-block-paragraph\">Hay\u0131r. \u0130stanbul\u2019da turizm t\u00fcr\u00fc ilk ba\u015fvurular kabul edilmedi\u011fi i\u00e7in ge\u00e7i\u015f de reddedilir.<\/p>\n\n\n\n<p class=\"wp-block-paragraph\">     3. <strong>\u015eehir de\u011fi\u015fikli\u011fi ba\u015fvurusu reddedilirse ne olur?<\/strong><\/p>\n\n\n\n<p class=\"wp-block-paragraph\">Mevcut ikamet izniniz de risk alt\u0131na girebilir.<\/p>\n\n\n\n<p class=\"wp-block-paragraph\">      4. <strong>Her ikamet t\u00fcr\u00fc i\u00e7in ayn\u0131 uygulama m\u0131 var?<\/strong><\/p>\n\n\n\n<p class=\"wp-block-paragraph\">Hay\u0131r. \u0130kamet t\u00fcr\u00fcne ve ile g\u00f6re uygulamalar de\u011fi\u015fir.<\/p>\n\n\n\n<hr class=\"wp-block-separator has-alpha-channel-opacity\"\/>\n\n\n\n<h4 class=\"wp-block-heading\"><span class=\"ez-toc-section\" id=\"Sonuc\"><\/span><strong>\u0417\u0430\u043a\u043b\u044e\u0447\u0435\u043d\u0438\u0435<\/strong><span class=\"ez-toc-section-end\"><\/span><\/h4>\n\n\n\n<p class=\"wp-block-paragraph\">\u00d6zetle;<\/p>\n\n\n\n<ul class=\"wp-block-list\">\n<li><strong>\u0130kamet izninde \u015fehir de\u011fi\u015fikli\u011fi hukuken m\u00fcmk\u00fcnd\u00fcr<\/strong><\/li>\n\n\n\n<li>Ancak ge\u00e7i\u015f ba\u015fvurular\u0131 <strong>ilk ba\u015fvuru gibi de\u011ferlendirilir<\/strong><\/li>\n\n\n\n<li><strong>\u0130stanbul ili<\/strong>, \u00f6zellikle turizm ikametleri bak\u0131m\u0131ndan y\u00fcksek risklidir<\/li>\n\n\n\n<li>Yanl\u0131\u015f planlanan bir ge\u00e7i\u015f, mevcut ikamet izninin kayb\u0131na yol a\u00e7abilir<\/li>\n<\/ul>\n\n\n\n<p class=\"wp-block-paragraph\">Bu nedenle \u015fehir de\u011fi\u015fikli\u011fi karar\u0131 al\u0131nmadan \u00f6nce <strong>mutlaka detayl\u0131 hukuki analiz yap\u0131lmal\u0131d\u0131r.<\/strong><\/p>\n\n\n\n<hr class=\"wp-block-separator has-alpha-channel-opacity\"\/>\n\n\n\n<h4 class=\"wp-block-heading\"><span class=\"ez-toc-section\" id=\"Hukuki_Destek\"><\/span><strong>Hukuki Destek<\/strong><span class=\"ez-toc-section-end\"><\/span><\/h4>\n\n\n\n<p class=\"wp-block-paragraph\">\u0130kamet izni \u015fehir de\u011fi\u015fikli\u011fi, \u0130stanbul ikamet izni ge\u00e7i\u015fleri veya <strong>ikamet izni de\u011fi\u015fiklik ba\u015fvurusu<\/strong> s\u00fcre\u00e7lerinde yanl\u0131\u015f ad\u0131m atmamak i\u00e7in profesyonel destek b\u00fcy\u00fck \u00f6nem ta\u015f\u0131r.<\/p>\n\n\n\n<p class=\"wp-block-paragraph\">Dosyan\u0131za \u00f6zel de\u011ferlendirme i\u00e7in bizimle ileti\u015fime ge\u00e7ebilirsiniz.<\/p>\n\n\n\n<p class=\"wp-block-paragraph\">Yabanc\u0131lar Hukuku Avukat\u0131  <\/p>\n\n\n\n<p class=\"wp-block-paragraph\"><strong>\u0410\u0434\u0432\u043e\u043a\u0430\u0442 \u0411\u0430\u0442\u0438\u043d \u0419\u042b\u041b\u041c\u0410\u0417<\/strong><br><br><\/p>\n\n\n\n<hr class=\"wp-block-separator has-alpha-channel-opacity\"\/>","protected":false},"excerpt":{"rendered":"<p>Giri\u015f \u0130kamet \u0130zninde \u015eehir De\u011fi\u015fikli\u011fi M\u00fcmk\u00fcn m\u00fc? \u0130kamet \u0130znimi Ta\u015f\u0131mak \u0130stiyorum. \u0130kamet \u0130zni Ge\u00e7i\u015f Ba\u015fvurusu nas\u0131l yap\u0131l\u0131r? \u0130kamet \u0130zni De\u011fi\u015fiklik Ba\u015fvurusu \u0130stanbul\u2019da kabul ediliyor mu? T\u00fcrkiye\u2019de ikamet izni bulunan yabanc\u0131lar\u0131n en \u00e7ok yan\u0131lg\u0131ya d\u00fc\u015ft\u00fc\u011f\u00fc konulardan biri, \u015fehir de\u011fi\u015fikli\u011finin basit bir adres de\u011fi\u015fikli\u011fi oldu\u011fu d\u00fc\u015f\u00fcncesidir. Oysa uygulamada \u015fehir de\u011fi\u015fikli\u011fi, \u00e7o\u011fu zaman ilk ba\u015fvuru gibi de\u011ferlendirilen yeni [&hellip;]<\/p>\n","protected":false},"author":2,"featured_media":2575,"comment_status":"open","ping_status":"open","sticky":false,"template":"","format":"standard","meta":{"_joinchat":[],"footnotes":""},"categories":[1],"tags":[332],"class_list":["post-2574","post","type-post","status-publish","format-standard","has-post-thumbnail","hentry","category-genel","tag-ikamet-izninde-sehir-degisikligi"],"_links":{"self":[{"href":"https:\/\/batinyilmaz.av.tr\/ru\/wp-json\/wp\/v2\/posts\/2574","targetHints":{"allow":["GET"]}}],"collection":[{"href":"https:\/\/batinyilmaz.av.tr\/ru\/wp-json\/wp\/v2\/posts"}],"about":[{"href":"https:\/\/batinyilmaz.av.tr\/ru\/wp-json\/wp\/v2\/types\/post"}],"author":[{"embeddable":true,"href":"https:\/\/batinyilmaz.av.tr\/ru\/wp-json\/wp\/v2\/users\/2"}],"replies":[{"embeddable":true,"href":"https:\/\/batinyilmaz.av.tr\/ru\/wp-json\/wp\/v2\/comments?post=2574"}],"version-history":[{"count":5,"href":"https:\/\/batinyilmaz.av.tr\/ru\/wp-json\/wp\/v2\/posts\/2574\/revisions"}],"predecessor-version":[{"id":2593,"href":"https:\/\/batinyilmaz.av.tr\/ru\/wp-json\/wp\/v2\/posts\/2574\/revisions\/2593"}],"wp:featuredmedia":[{"embeddable":true,"href":"https:\/\/batinyilmaz.av.tr\/ru\/wp-json\/wp\/v2\/media\/2575"}],"wp:attachment":[{"href":"https:\/\/batinyilmaz.av.tr\/ru\/wp-json\/wp\/v2\/media?parent=2574"}],"wp:term":[{"taxonomy":"category","embeddable":true,"href":"https:\/\/batinyilmaz.av.tr\/ru\/wp-json\/wp\/v2\/categories?post=2574"},{"taxonomy":"post_tag","embeddable":true,"href":"https:\/\/batinyilmaz.av.tr\/ru\/wp-json\/wp\/v2\/tags?post=2574"}],"curies":[{"name":"wp","href":"https:\/\/api.w.org\/{rel}","templated":true}]}}