{"id":2569,"date":"2025-12-27T08:00:00","date_gmt":"2025-12-27T05:00:00","guid":{"rendered":"https:\/\/batinyilmaz.av.tr\/?p=2569"},"modified":"2025-12-29T16:43:25","modified_gmt":"2025-12-29T13:43:25","slug":"ikamet-izni-olmadan-calisma-izni-alinir-mi","status":"publish","type":"post","link":"https:\/\/batinyilmaz.av.tr\/ru\/ikamet-izni-olmadan-calisma-izni-alinir-mi\/","title":{"rendered":"\u0130kamet \u0130zni Olmadan \u00c7al\u0131\u015fma \u0130zni Al\u0131n\u0131r m\u0131?"},"content":{"rendered":"<div id=\"ez-toc-container\" class=\"ez-toc-v2_0_85 counter-hierarchy ez-toc-counter ez-toc-grey ez-toc-container-direction\">\n<div class=\"ez-toc-title-container\">\n<p class=\"ez-toc-title\" style=\"cursor:inherit\">\u0417\u0430\u0433\u043e\u043b\u043e\u0432\u043a\u0438<\/p>\n<span class=\"ez-toc-title-toggle\"><a href=\"#\" class=\"ez-toc-pull-right ez-toc-btn ez-toc-btn-xs ez-toc-btn-default ez-toc-toggle\" aria-label=\"Toggle Table of Content\"><span class=\"ez-toc-js-icon-con\"><span class=\"\"><span class=\"eztoc-hide\" style=\"display:none;\">\u041f\u0435\u0440\u0435\u043a\u043b\u044e\u0447\u0430\u0442\u0435\u043b\u044c<\/span><span class=\"ez-toc-icon-toggle-span\"><svg style=\"fill: #999;color:#999\" xmlns=\"http:\/\/www.w3.org\/2000\/svg\" class=\"list-377408\" width=\"20px\" height=\"20px\" viewbox=\"0 0 24 24\" fill=\"none\"><path d=\"M6 6H4v2h2V6zm14 0H8v2h12V6zM4 11h2v2H4v-2zm16 0H8v2h12v-2zM4 16h2v2H4v-2zm16 0H8v2h12v-2z\" fill=\"currentColor\"><\/path><\/svg><svg style=\"fill: #999;color:#999\" class=\"arrow-unsorted-368013\" xmlns=\"http:\/\/www.w3.org\/2000\/svg\" width=\"10px\" height=\"10px\" viewbox=\"0 0 24 24\" version=\"1.2\" baseprofile=\"tiny\"><path d=\"M18.2 9.3l-6.2-6.3-6.2 6.3c-.2.2-.3.4-.3.7s.1.5.3.7c.2.2.4.3.7.3h11c.3 0 .5-.1.7-.3.2-.2.3-.5.3-.7s-.1-.5-.3-.7zM5.8 14.7l6.2 6.3 6.2-6.3c.2-.2.3-.5.3-.7s-.1-.5-.3-.7c-.2-.2-.4-.3-.7-.3h-11c-.3 0-.5.1-.7.3-.2.2-.3.5-.3.7s.1.5.3.7z\"\/><\/svg><\/span><\/span><\/span><\/a><\/span><\/div>\n<nav><ul class='ez-toc-list ez-toc-list-level-1' ><li class='ez-toc-page-1 ez-toc-heading-level-2'><a class=\"ez-toc-link ez-toc-heading-1\" href=\"https:\/\/batinyilmaz.av.tr\/ru\/ikamet-izni-olmadan-calisma-izni-alinir-mi\/#Ikamet_Izni_Olmadan_Calisma_Izni_Alinir_mi_Calisma_Izni_Nasil_Alinir_Yurt_Disindan_Calisma_Izni_Basvurusu_Nasil_Yapilir\" >\u0130kamet \u0130zni Olmadan \u00c7al\u0131\u015fma \u0130zni Al\u0131n\u0131r m\u0131? \u00c7al\u0131\u015fma \u0130zni Nas\u0131l Al\u0131n\u0131r? Yurt D\u0131\u015f\u0131ndan \u00c7al\u0131\u015fma \u0130zni Ba\u015fvurusu Nas\u0131l Yap\u0131l\u0131r?<\/a><\/li><li class='ez-toc-page-1 ez-toc-heading-level-2'><a class=\"ez-toc-link ez-toc-heading-2\" href=\"https:\/\/batinyilmaz.av.tr\/ru\/ikamet-izni-olmadan-calisma-izni-alinir-mi\/#Calisma_Izni_Nedir\" >\u00c7al\u0131\u015fma \u0130zni Nedir?<\/a><\/li><li class='ez-toc-page-1 ez-toc-heading-level-2'><a class=\"ez-toc-link ez-toc-heading-3\" href=\"https:\/\/batinyilmaz.av.tr\/ru\/ikamet-izni-olmadan-calisma-izni-alinir-mi\/#Calisma_Izni_Nasil_Alinir\" >\u00c7al\u0131\u015fma \u0130zni Nas\u0131l Al\u0131n\u0131r?<\/a><\/li><li class='ez-toc-page-1 ez-toc-heading-level-2'><a class=\"ez-toc-link ez-toc-heading-4\" href=\"https:\/\/batinyilmaz.av.tr\/ru\/ikamet-izni-olmadan-calisma-izni-alinir-mi\/#Ikamet_Izni_Olmadan_Calisma_Izni_Alinir_mi\" >\u0130kamet \u0130zni Olmadan \u00c7al\u0131\u015fma \u0130zni Al\u0131n\u0131r m\u0131?<\/a><\/li><li class='ez-toc-page-1 ez-toc-heading-level-2'><a class=\"ez-toc-link ez-toc-heading-5\" href=\"https:\/\/batinyilmaz.av.tr\/ru\/ikamet-izni-olmadan-calisma-izni-alinir-mi\/#Turkiye_Icinden_Calisma_Izni_Basvurusunda_Ikamet_Izni_Sarti\" >T\u00fcrkiye \u0130\u00e7inden \u00c7al\u0131\u015fma \u0130zni Ba\u015fvurusunda \u0130kamet \u0130zni \u015eart\u0131<\/a><\/li><li class='ez-toc-page-1 ez-toc-heading-level-2'><a class=\"ez-toc-link ez-toc-heading-6\" href=\"https:\/\/batinyilmaz.av.tr\/ru\/ikamet-izni-olmadan-calisma-izni-alinir-mi\/#Yurt_Disindan_Calisma_Izni_Basvurusu_Nasil_Yapilir\" >Yurt D\u0131\u015f\u0131ndan \u00c7al\u0131\u015fma \u0130zni Ba\u015fvurusu Nas\u0131l Yap\u0131l\u0131r?<\/a><\/li><li class='ez-toc-page-1 ez-toc-heading-level-2'><a class=\"ez-toc-link ez-toc-heading-7\" href=\"https:\/\/batinyilmaz.av.tr\/ru\/ikamet-izni-olmadan-calisma-izni-alinir-mi\/#Yurt_Disindan_Calisma_Izni_Basvuru_Sureci\" >Yurt D\u0131\u015f\u0131ndan \u00c7al\u0131\u015fma \u0130zni Ba\u015fvuru S\u00fcreci<\/a><\/li><li class='ez-toc-page-1 ez-toc-heading-level-2'><a class=\"ez-toc-link ez-toc-heading-8\" href=\"https:\/\/batinyilmaz.av.tr\/ru\/ikamet-izni-olmadan-calisma-izni-alinir-mi\/#Calisma_Izni_Avukati_ile_Calismak_Neden_Onemlidir\" >\u00c7al\u0131\u015fma \u0130zni Avukat\u0131 ile \u00c7al\u0131\u015fmak Neden \u00d6nemlidir?<\/a><\/li><li class='ez-toc-page-1 ez-toc-heading-level-2'><a class=\"ez-toc-link ez-toc-heading-9\" href=\"https:\/\/batinyilmaz.av.tr\/ru\/ikamet-izni-olmadan-calisma-izni-alinir-mi\/#Yabancilar_Hukuku_Avukati_Desteginin_Sagladigi_Avantajlar\" >Yabanc\u0131lar Hukuku Avukat\u0131 Deste\u011finin Sa\u011flad\u0131\u011f\u0131 Avantajlar<\/a><ul class='ez-toc-list-level-4' ><li class='ez-toc-heading-level-4'><ul class='ez-toc-list-level-4' ><li class='ez-toc-heading-level-4'><a class=\"ez-toc-link ez-toc-heading-10\" href=\"https:\/\/batinyilmaz.av.tr\/ru\/ikamet-izni-olmadan-calisma-izni-alinir-mi\/#Sonuc\" >\u0417\u0430\u043a\u043b\u044e\u0447\u0435\u043d\u0438\u0435<\/a><\/li><li class='ez-toc-page-1 ez-toc-heading-level-4'><a class=\"ez-toc-link ez-toc-heading-11\" href=\"https:\/\/batinyilmaz.av.tr\/ru\/ikamet-izni-olmadan-calisma-izni-alinir-mi\/#Hukuki_Destek\" >Hukuki Destek<\/a><\/li><\/ul><\/li><\/ul><\/li><\/ul><\/nav><\/div>\n\n<hr class=\"wp-block-separator has-alpha-channel-opacity\"\/>\n\n\n\n<p class=\"wp-block-paragraph\"><strong>\u0412\u0432\u0435\u0434\u0435\u043d\u0438\u0435<\/strong><\/p>\n\n\n\n<h2 class=\"wp-block-heading\"><span class=\"ez-toc-section\" id=\"Ikamet_Izni_Olmadan_Calisma_Izni_Alinir_mi_Calisma_Izni_Nasil_Alinir_Yurt_Disindan_Calisma_Izni_Basvurusu_Nasil_Yapilir\"><\/span><strong>\u0130kamet \u0130zni Olmadan \u00c7al\u0131\u015fma \u0130zni Al\u0131n\u0131r m\u0131? \u00c7al\u0131\u015fma \u0130zni Nas\u0131l Al\u0131n\u0131r? Yurt D\u0131\u015f\u0131ndan \u00c7al\u0131\u015fma \u0130zni Ba\u015fvurusu Nas\u0131l Yap\u0131l\u0131r?<\/strong><span class=\"ez-toc-section-end\"><\/span><\/h2>\n\n\n\n<p class=\"wp-block-paragraph\">Bu sorular, T\u00fcrkiye\u2019de \u00e7al\u0131\u015fmak isteyen yabanc\u0131lar ve i\u015fverenler a\u00e7\u0131s\u0131ndan en \u00e7ok yanl\u0131\u015f bilinen konular\u0131n ba\u015f\u0131nda gelmektedir. Uygulamada yap\u0131lan hatalar, <strong>kesin ret kararlar\u0131yla<\/strong> sonu\u00e7lanmakta ve ciddi zaman ile hak kayb\u0131na yol a\u00e7maktad\u0131r.<\/p>\n\n\n\n<p class=\"wp-block-paragraph\">\u00d6zellikle \u015fu hususun alt\u0131 \u00e7ok net \u00e7izilmelidir:<\/p>\n\n\n\n<p class=\"wp-block-paragraph\"><strong>Yabanc\u0131 ki\u015fi T\u00fcrkiye\u2019de bulunuyorsa ve \u00e7al\u0131\u015fma izni ba\u015fvurusu T\u00fcrkiye i\u00e7inden yap\u0131lacaksa, ikamet izni \u00f6n \u015fartt\u0131r. \u0130kamet izni olmadan yap\u0131lan \u00e7al\u0131\u015fma izni ba\u015fvurular\u0131 kesin olarak reddedilir.<\/strong><\/p>\n\n\n\n<p class=\"wp-block-paragraph\">Ancak ba\u015fvurunun <strong>yurt d\u0131\u015f\u0131ndan, konsolosluk arac\u0131l\u0131\u011f\u0131yla yap\u0131lmas\u0131 h\u00e2linde ikamet izni \u015fart\u0131 aranmaz.<\/strong><\/p>\n\n\n\n<p class=\"wp-block-paragraph\">Bu yaz\u0131da, \u00e7al\u0131\u015fma izni ba\u015fvurular\u0131n\u0131n <strong>T\u00fcrkiye i\u00e7i ve yurt d\u0131\u015f\u0131 ayr\u0131m\u0131<\/strong>, hukuki dayanaklar\u0131 ve uygulamadaki sonu\u00e7lar\u0131 detayl\u0131 \u015fekilde ele al\u0131nacakt\u0131r.<\/p>\n\n\n\n<hr class=\"wp-block-separator has-alpha-channel-opacity\"\/>\n\n\n\n<h2 class=\"wp-block-heading\"><span class=\"ez-toc-section\" id=\"Calisma_Izni_Nedir\"><\/span><strong>\u00c7al\u0131\u015fma \u0130zni Nedir?<\/strong><span class=\"ez-toc-section-end\"><\/span><\/h2>\n\n\n\n<p class=\"wp-block-paragraph\">\u00c7al\u0131\u015fma izni, yabanc\u0131lar\u0131n T\u00fcrkiye\u2019de <strong>yasal olarak \u00e7al\u0131\u015fabilmelerini<\/strong> sa\u011flayan idari izindir. Ayn\u0131 zamanda \u00e7al\u0131\u015fma izni, <strong>ikamet izni yerine ge\u00e7en belge<\/strong> niteli\u011findedir.<\/p>\n\n\n\n<p class=\"wp-block-paragraph\">T\u00fcrkiye\u2019de yabanc\u0131lar\u0131n \u00e7al\u0131\u015fmas\u0131;<\/p>\n\n\n\n<ul class=\"wp-block-list\">\n<li><strong>6735 say\u0131l\u0131 Uluslararas\u0131 \u0130\u015fg\u00fcc\u00fc Kanunu<\/strong><\/li>\n\n\n\n<li>\u0130lgili y\u00f6netmelikler<\/li>\n<\/ul>\n\n\n\n<p class=\"wp-block-paragraph\">\u00e7er\u00e7evesinde d\u00fczenlenmi\u015ftir.<\/p>\n\n\n\n<hr class=\"wp-block-separator has-alpha-channel-opacity\"\/>\n\n\n\n<h2 class=\"wp-block-heading\"><span class=\"ez-toc-section\" id=\"Calisma_Izni_Nasil_Alinir\"><\/span><strong>\u00c7al\u0131\u015fma \u0130zni Nas\u0131l Al\u0131n\u0131r?<\/strong><span class=\"ez-toc-section-end\"><\/span><\/h2>\n\n\n\n<p class=\"wp-block-paragraph\">\u00c7al\u0131\u015fma izni ba\u015fvurular\u0131 iki \u015fekilde yap\u0131labilir:<\/p>\n\n\n\n<ol start=\"1\" class=\"wp-block-list\">\n<li><strong>T\u00fcrkiye\u2019den \u00c7al\u0131\u015fma \u0130zni Ba\u015fvurusu<\/strong><\/li>\n\n\n\n<li><strong>Yurt D\u0131\u015f\u0131ndan (Konsolosluk) \u00c7al\u0131\u015fma \u0130zni Ba\u015fvurusu<\/strong><\/li>\n<\/ol>\n\n\n\n<p class=\"wp-block-paragraph\">Bu iki yolun \u015fartlar\u0131 <strong>tamamen farkl\u0131d\u0131r<\/strong> ve uygulamada en \u00e7ok hata bu ayr\u0131m\u0131n g\u00f6z ard\u0131 edilmesiyle yap\u0131lmaktad\u0131r.<\/p>\n\n\n\n<hr class=\"wp-block-separator has-alpha-channel-opacity\"\/>\n\n\n\n<h2 class=\"wp-block-heading\"><span class=\"ez-toc-section\" id=\"Ikamet_Izni_Olmadan_Calisma_Izni_Alinir_mi\"><\/span><strong>\u0130kamet \u0130zni Olmadan \u00c7al\u0131\u015fma \u0130zni Al\u0131n\u0131r m\u0131?<\/strong><span class=\"ez-toc-section-end\"><\/span><\/h2>\n\n\n\n<p class=\"wp-block-paragraph\"><strong>T\u00fcrkiye \u0130\u00e7inden Ba\u015fvuru Yap\u0131lacaksa<\/strong><\/p>\n\n\n\n<p class=\"wp-block-paragraph\">\ud83d\udccc<strong>Hay\u0131r, al\u0131namaz.<\/strong><\/p>\n\n\n\n<p class=\"wp-block-paragraph\">Yabanc\u0131 ki\u015fi:<\/p>\n\n\n\n<ul class=\"wp-block-list\">\n<li>T\u00fcrkiye\u2019de bulunuyorsa<\/li>\n\n\n\n<li>\u00c7al\u0131\u015fma izni ba\u015fvurusunu T\u00fcrkiye i\u00e7inden yapacaksa<\/li>\n<\/ul>\n\n\n\n<p class=\"wp-block-paragraph\"><strong>mutlaka ge\u00e7erli bir ikamet iznine sahip olmak zorundad\u0131r.<\/strong><\/p>\n\n\n\n<p class=\"wp-block-paragraph\"><strong>\u0130kamet izni olmadan T\u00fcrkiye i\u00e7inden yap\u0131lan \u00e7al\u0131\u015fma izni ba\u015fvurular\u0131, de\u011ferlendirmeye dahi al\u0131nmadan kesin olarak reddedilir.<\/strong><\/p>\n\n\n\n<p class=\"wp-block-paragraph\">Bu konuda idarenin takdir yetkisi yoktur. Ret karar\u0131 <strong>kesindir<\/strong>.<\/p>\n\n\n\n<hr class=\"wp-block-separator has-alpha-channel-opacity\"\/>\n\n\n\n<h2 class=\"wp-block-heading\"><span class=\"ez-toc-section\" id=\"Turkiye_Icinden_Calisma_Izni_Basvurusunda_Ikamet_Izni_Sarti\"><\/span><strong>T\u00fcrkiye \u0130\u00e7inden \u00c7al\u0131\u015fma \u0130zni Ba\u015fvurusunda \u0130kamet \u0130zni \u015eart\u0131<\/strong><span class=\"ez-toc-section-end\"><\/span><\/h2>\n\n\n\n<p class=\"wp-block-paragraph\">T\u00fcrkiye i\u00e7inden ba\u015fvuru yap\u0131labilmesi i\u00e7in:<\/p>\n\n\n\n<ul class=\"wp-block-list\">\n<li>En az <strong>6 ay s\u00fcreli<\/strong> ge\u00e7erli ikamet izni<\/li>\n\n\n\n<li>\u0130kamet izninin <strong>ba\u015fvuru tarihinde ge\u00e7erli olmas\u0131<\/strong><\/li>\n\n\n\n<li>\u0130kamet izninin t\u00fcr\u00fc (turizm, aile vb.)<\/li>\n<\/ul>\n\n\n\n<p class=\"wp-block-paragraph\">\u0438\u043c\u0435\u0435\u0442 \u0437\u043d\u0430\u0447\u0435\u043d\u0438\u0435.<\/p>\n\n\n\n<p class=\"wp-block-paragraph\">\ud83d\udccc<strong>\u0130kamet izni yoksa veya s\u00fcresi yetersizse, ba\u015fvuru reddedilir.<\/strong><\/p>\n\n\n\n<hr class=\"wp-block-separator has-alpha-channel-opacity\"\/>\n\n\n\n<h2 class=\"wp-block-heading\"><span class=\"ez-toc-section\" id=\"Yurt_Disindan_Calisma_Izni_Basvurusu_Nasil_Yapilir\"><\/span><strong>Yurt D\u0131\u015f\u0131ndan \u00c7al\u0131\u015fma \u0130zni Ba\u015fvurusu Nas\u0131l Yap\u0131l\u0131r?<\/strong><span class=\"ez-toc-section-end\"><\/span><\/h2>\n\n\n\n<p class=\"wp-block-paragraph\">Bu noktada \u00e7ok \u00f6nemli bir ayr\u0131m yap\u0131lmal\u0131d\u0131r.<\/p>\n\n\n\n<p class=\"wp-block-paragraph\"><strong>Yurt D\u0131\u015f\u0131ndan Ba\u015fvuruda \u0130kamet \u0130zni Gerekli mi?<\/strong><\/p>\n\n\n\n<p class=\"wp-block-paragraph\">\ud83d\udccc<strong>Hay\u0131r, gerekli de\u011fildir.<\/strong><\/p>\n\n\n\n<p class=\"wp-block-paragraph\">Yabanc\u0131 ki\u015fi:<\/p>\n\n\n\n<ul class=\"wp-block-list\">\n<li>Yurt d\u0131\u015f\u0131nda bulunuyorsa<\/li>\n\n\n\n<li>T\u00fcrkiye Cumhuriyeti d\u0131\u015f temsilciliklerinden (konsolosluk\/b\u00fcy\u00fckel\u00e7ilik) ba\u015fvuru yap\u0131yorsa<\/li>\n<\/ul>\n\n\n\n<p class=\"wp-block-paragraph\"><strong>ikamet izni olmadan \u00e7al\u0131\u015fma izni ba\u015fvurusu yap\u0131labilir ve olumlu sonu\u00e7 al\u0131nabilir.<\/strong><\/p>\n\n\n\n<p class=\"wp-block-paragraph\">Bulundu\u011fu \u00fclkenin:<\/p>\n\n\n\n<ul class=\"wp-block-list\">\n<li>Vatanda\u015f\u0131 olmas\u0131<\/li>\n\n\n\n<li>\u0130kamet etmesi<\/li>\n\n\n\n<li>Ge\u00e7ici bulunmas\u0131<\/li>\n<\/ul>\n\n\n\n<p class=\"wp-block-paragraph\">hi\u00e7bir \u00f6nem ta\u015f\u0131maz.<\/p>\n\n\n\n<hr class=\"wp-block-separator has-alpha-channel-opacity\"\/>\n\n\n\n<h2 class=\"wp-block-heading\"><span class=\"ez-toc-section\" id=\"Yurt_Disindan_Calisma_Izni_Basvuru_Sureci\"><\/span><strong>Yurt D\u0131\u015f\u0131ndan \u00c7al\u0131\u015fma \u0130zni Ba\u015fvuru S\u00fcreci<\/strong><span class=\"ez-toc-section-end\"><\/span><\/h2>\n\n\n\n<ol start=\"1\" class=\"wp-block-list\">\n<li>Yabanc\u0131, bulundu\u011fu \u00fclkedeki T\u00fcrk Konsoloslu\u011funa ba\u015fvurur<\/li>\n\n\n\n<li>Referans numaras\u0131 al\u0131n\u0131r<\/li>\n\n\n\n<li>\u0130\u015fveren, T\u00fcrkiye\u2019den e\u015f zamanl\u0131 ba\u015fvuru yapar<\/li>\n\n\n\n<li>Bakanl\u0131k de\u011ferlendirmesi yap\u0131l\u0131r<\/li>\n\n\n\n<li>Onay sonras\u0131 yabanc\u0131 T\u00fcrkiye\u2019ye giri\u015f yapar<\/li>\n<\/ol>\n\n\n\n<hr class=\"wp-block-separator has-alpha-channel-opacity\"\/>\n\n\n\n<p class=\"wp-block-paragraph\"><strong>T\u00fcrkiye \u0130\u00e7i ve Yurt D\u0131\u015f\u0131 Ba\u015fvurular\u0131n Kar\u015f\u0131la\u015ft\u0131r\u0131lmas\u0131<\/strong><\/p>\n\n\n\n<figure class=\"wp-block-table\"><table class=\"has-fixed-layout\"><thead><tr><td><strong>Kriter<\/strong><\/td><td><strong>T\u00fcrkiye \u0130\u00e7inden Ba\u015fvuru<\/strong><\/td><td><strong>Yurt D\u0131\u015f\u0131ndan Ba\u015fvuru<\/strong><\/td><\/tr><\/thead><tbody><tr><td>\u0130kamet izni \u015fart\u0131<\/td><td>Zorunlu<\/td><td>\u041d\u0435 \u0442\u0440\u0435\u0431\u0443\u0435\u0442\u0441\u044f<\/td><\/tr><tr><td>\u0130kamet izni olmadan ba\u015fvuru<\/td><td>Kesin ret<\/td><td>\u0412\u043e\u0437\u043c\u043e\u0436\u0435\u043d<\/td><\/tr><tr><td>Ba\u015fvuru yeri<\/td><td>\u00c7al\u0131\u015fma ve Sosyal G\u00fcvenlik Bakanl\u0131\u011f\u0131<\/td><td>T\u00fcrk Konsoloslu\u011fu<\/td><\/tr><tr><td>Yabanc\u0131n\u0131n bulundu\u011fu yer<\/td><td>T\u00fcrkiye<\/td><td>Yurt d\u0131\u015f\u0131<\/td><\/tr><tr><td>Ret riski<\/td><td>\u0130kamet yoksa %100<\/td><td>Dosyaya g\u00f6re<\/td><\/tr><\/tbody><\/table><\/figure>\n\n\n\n<hr class=\"wp-block-separator has-alpha-channel-opacity\"\/>\n\n\n\n<p class=\"wp-block-paragraph\"><strong>Uygulamada En S\u0131k Yap\u0131lan Hatalar<\/strong><\/p>\n\n\n\n<ul class=\"wp-block-list\">\n<li>T\u00fcrkiye\u2019de ikamet izni olmadan \u00e7al\u0131\u015fma izni ba\u015fvurusu yapmak<\/li>\n\n\n\n<li>Yurt d\u0131\u015f\u0131 ba\u015fvuru imk\u00e2n\u0131 varken T\u00fcrkiye\u2019den ba\u015fvuru denemek<\/li>\n\n\n\n<li>Yanl\u0131\u015f dan\u0131\u015fmanl\u0131k almak<\/li>\n\n\n\n<li>S\u00fcre ve stat\u00fc hatalar\u0131 yapmak<\/li>\n<\/ul>\n\n\n\n<p class=\"wp-block-paragraph\">\ud83d\udccc Bu hatalar, <strong>kesin ret<\/strong> ve uzun s\u00fcreli bekleme s\u00fcreci do\u011furur.<\/p>\n\n\n\n<hr class=\"wp-block-separator has-alpha-channel-opacity\"\/>\n\n\n\n<h2 class=\"wp-block-heading\"><span class=\"ez-toc-section\" id=\"Calisma_Izni_Avukati_ile_Calismak_Neden_Onemlidir\"><\/span><strong>\u00c7al\u0131\u015fma \u0130zni Avukat\u0131 ile \u00c7al\u0131\u015fmak Neden \u00d6nemlidir?<\/strong><span class=\"ez-toc-section-end\"><\/span><\/h2>\n\n\n\n<p class=\"wp-block-paragraph\">\u00c7al\u0131\u015fma izni ba\u015fvurular\u0131;<\/p>\n\n\n\n<ul class=\"wp-block-list\">\n<li>Teknik<\/li>\n\n\n\n<li>S\u00fcreye ba\u011fl\u0131<\/li>\n\n\n\n<li>Uygulamaya dayal\u0131<\/li>\n<\/ul>\n\n\n\n<p class=\"wp-block-paragraph\">i\u015flemlerdir.<\/p>\n\n\n\n<p class=\"wp-block-paragraph\"><strong>Yabanc\u0131lar Hukuku Avukat\u0131<\/strong> deste\u011fi;<\/p>\n\n\n\n<ul class=\"wp-block-list\">\n<li>Do\u011fru ba\u015fvuru yolunun se\u00e7ilmesini<\/li>\n\n\n\n<li>Ret riskinin azalt\u0131lmas\u0131n\u0131<\/li>\n\n\n\n<li>S\u00fcrecin h\u0131zlanmas\u0131n\u0131<\/li>\n<\/ul>\n\n\n\n<p class=\"wp-block-paragraph\">sa\u011flar.<\/p>\n\n\n\n<hr class=\"wp-block-separator has-alpha-channel-opacity\"\/>\n\n\n\n<h2 class=\"wp-block-heading\"><span class=\"ez-toc-section\" id=\"Yabancilar_Hukuku_Avukati_Desteginin_Sagladigi_Avantajlar\"><\/span><strong>Yabanc\u0131lar Hukuku Avukat\u0131 Deste\u011finin Sa\u011flad\u0131\u011f\u0131 Avantajlar<\/strong><span class=\"ez-toc-section-end\"><\/span><\/h2>\n\n\n\n<ul class=\"wp-block-list\">\n<li>T\u00fcrkiye i\u00e7i \/ yurt d\u0131\u015f\u0131 ayr\u0131m\u0131n\u0131n do\u011fru yap\u0131lmas\u0131<\/li>\n\n\n\n<li>Evrak ve s\u00fcre y\u00f6netimi<\/li>\n\n\n\n<li>\u0130\u015fveren ve yabanc\u0131 koordinasyonu<\/li>\n\n\n\n<li>Ret ihtimalinin minimize edilmesi<\/li>\n<\/ul>\n\n\n\n<hr class=\"wp-block-separator has-alpha-channel-opacity\"\/>\n\n\n\n<h4 class=\"wp-block-heading\"><span class=\"ez-toc-section\" id=\"Sonuc\"><\/span><strong>\u0417\u0430\u043a\u043b\u044e\u0447\u0435\u043d\u0438\u0435<\/strong><span class=\"ez-toc-section-end\"><\/span><\/h4>\n\n\n\n<p class=\"wp-block-paragraph\">\u00d6zetle;<\/p>\n\n\n\n<ul class=\"wp-block-list\">\n<li><strong>\u0130kamet izni olmadan T\u00fcrkiye i\u00e7inden \u00e7al\u0131\u015fma izni al\u0131namaz<\/strong><\/li>\n\n\n\n<li>B\u00f6yle bir ba\u015fvuru <strong>kesin olarak reddedilir<\/strong><\/li>\n\n\n\n<li>Yabanc\u0131 ki\u015fi yurt d\u0131\u015f\u0131ndaysa, <strong>ikamet izni olmadan konsolosluk arac\u0131l\u0131\u011f\u0131yla ba\u015fvuru yap\u0131labilir<\/strong><\/li>\n\n\n\n<li>Ba\u015fvurunun nereden yap\u0131laca\u011f\u0131, sonucun kaderini belirler<\/li>\n<\/ul>\n\n\n\n<p class=\"wp-block-paragraph\">Bu nedenle \u00e7al\u0131\u015fma izni s\u00fcreci <strong>ba\u015flamadan \u00f6nce mutlaka do\u011fru hukuki yol belirlenmelidir.<\/strong><\/p>\n\n\n\n<hr class=\"wp-block-separator has-alpha-channel-opacity\"\/>\n\n\n\n<h4 class=\"wp-block-heading\"><span class=\"ez-toc-section\" id=\"Hukuki_Destek\"><\/span><strong>Hukuki Destek<\/strong><span class=\"ez-toc-section-end\"><\/span><\/h4>\n\n\n\n<p class=\"wp-block-paragraph\">\u00c7al\u0131\u015fma izni ba\u015fvurusu, T\u00fcrkiye i\u00e7i veya yurt d\u0131\u015f\u0131 s\u00fcre\u00e7ler, ret riskleri ve stratejik planlama konusunda <strong>profesyonel hukuki destek almak<\/strong>, telafisi g\u00fc\u00e7 kay\u0131plar\u0131n \u00f6n\u00fcne ge\u00e7er.<\/p>\n\n\n\n<p class=\"wp-block-paragraph\">Dosyan\u0131za \u00f6zel de\u011ferlendirme i\u00e7in bizimle ileti\u015fime ge\u00e7ebilirsiniz.<\/p>\n\n\n\n<p class=\"wp-block-paragraph\">\u00c7al\u0131\u015fma \u0130zni Avukat\u0131 \u2013 Yabanc\u0131lar Hukuku Avukat\u0131<\/p>\n\n\n\n<p class=\"wp-block-paragraph\">\u0410\u0434\u0432. \u0411\u0430\u0442\u0438\u043d \u0419\u042b\u041b\u041c\u0410\u0417<\/p>","protected":false},"excerpt":{"rendered":"<p>Giri\u015f \u0130kamet \u0130zni Olmadan \u00c7al\u0131\u015fma \u0130zni Al\u0131n\u0131r m\u0131? \u00c7al\u0131\u015fma \u0130zni Nas\u0131l Al\u0131n\u0131r? Yurt D\u0131\u015f\u0131ndan \u00c7al\u0131\u015fma \u0130zni Ba\u015fvurusu Nas\u0131l Yap\u0131l\u0131r? Bu sorular, T\u00fcrkiye\u2019de \u00e7al\u0131\u015fmak isteyen yabanc\u0131lar ve i\u015fverenler a\u00e7\u0131s\u0131ndan en \u00e7ok yanl\u0131\u015f bilinen konular\u0131n ba\u015f\u0131nda gelmektedir. Uygulamada yap\u0131lan hatalar, kesin ret kararlar\u0131yla sonu\u00e7lanmakta ve ciddi zaman ile hak kayb\u0131na yol a\u00e7maktad\u0131r. \u00d6zellikle \u015fu hususun alt\u0131 \u00e7ok [&hellip;]<\/p>\n","protected":false},"author":2,"featured_media":2573,"comment_status":"open","ping_status":"open","sticky":false,"template":"","format":"standard","meta":{"_joinchat":[],"footnotes":""},"categories":[1],"tags":[331,330],"class_list":["post-2569","post","type-post","status-publish","format-standard","has-post-thumbnail","hentry","category-genel","tag-calisma-izni-nasil-alinir","tag-calisma-izni-nedir"],"_links":{"self":[{"href":"https:\/\/batinyilmaz.av.tr\/ru\/wp-json\/wp\/v2\/posts\/2569","targetHints":{"allow":["GET"]}}],"collection":[{"href":"https:\/\/batinyilmaz.av.tr\/ru\/wp-json\/wp\/v2\/posts"}],"about":[{"href":"https:\/\/batinyilmaz.av.tr\/ru\/wp-json\/wp\/v2\/types\/post"}],"author":[{"embeddable":true,"href":"https:\/\/batinyilmaz.av.tr\/ru\/wp-json\/wp\/v2\/users\/2"}],"replies":[{"embeddable":true,"href":"https:\/\/batinyilmaz.av.tr\/ru\/wp-json\/wp\/v2\/comments?post=2569"}],"version-history":[{"count":4,"href":"https:\/\/batinyilmaz.av.tr\/ru\/wp-json\/wp\/v2\/posts\/2569\/revisions"}],"predecessor-version":[{"id":2589,"href":"https:\/\/batinyilmaz.av.tr\/ru\/wp-json\/wp\/v2\/posts\/2569\/revisions\/2589"}],"wp:featuredmedia":[{"embeddable":true,"href":"https:\/\/batinyilmaz.av.tr\/ru\/wp-json\/wp\/v2\/media\/2573"}],"wp:attachment":[{"href":"https:\/\/batinyilmaz.av.tr\/ru\/wp-json\/wp\/v2\/media?parent=2569"}],"wp:term":[{"taxonomy":"category","embeddable":true,"href":"https:\/\/batinyilmaz.av.tr\/ru\/wp-json\/wp\/v2\/categories?post=2569"},{"taxonomy":"post_tag","embeddable":true,"href":"https:\/\/batinyilmaz.av.tr\/ru\/wp-json\/wp\/v2\/tags?post=2569"}],"curies":[{"name":"wp","href":"https:\/\/api.w.org\/{rel}","templated":true}]}}