{"id":2549,"date":"2025-12-24T10:31:49","date_gmt":"2025-12-24T07:31:49","guid":{"rendered":"https:\/\/batinyilmaz.av.tr\/?p=2549"},"modified":"2026-08-05T13:13:59","modified_gmt":"2026-08-05T10:13:59","slug":"acik-cezaevi-infaz-sureci","status":"publish","type":"post","link":"https:\/\/batinyilmaz.av.tr\/ru\/acik-cezaevi-infaz-sureci\/","title":{"rendered":"A\u00e7\u0131k Cezaevi S\u00fcreci Nedir? (2026 G\u00fcncel Rehber)"},"content":{"rendered":"<div id=\"ez-toc-container\" class=\"ez-toc-v2_0_85 counter-hierarchy ez-toc-counter ez-toc-grey ez-toc-container-direction\">\n<div class=\"ez-toc-title-container\">\n<p class=\"ez-toc-title\" style=\"cursor:inherit\">\u0417\u0430\u0433\u043e\u043b\u043e\u0432\u043a\u0438<\/p>\n<span class=\"ez-toc-title-toggle\"><a href=\"#\" class=\"ez-toc-pull-right ez-toc-btn ez-toc-btn-xs ez-toc-btn-default ez-toc-toggle\" aria-label=\"Toggle Table of Content\"><span class=\"ez-toc-js-icon-con\"><span class=\"\"><span class=\"eztoc-hide\" style=\"display:none;\">\u041f\u0435\u0440\u0435\u043a\u043b\u044e\u0447\u0430\u0442\u0435\u043b\u044c<\/span><span class=\"ez-toc-icon-toggle-span\"><svg style=\"fill: #999;color:#999\" xmlns=\"http:\/\/www.w3.org\/2000\/svg\" class=\"list-377408\" width=\"20px\" height=\"20px\" viewbox=\"0 0 24 24\" fill=\"none\"><path d=\"M6 6H4v2h2V6zm14 0H8v2h12V6zM4 11h2v2H4v-2zm16 0H8v2h12v-2zM4 16h2v2H4v-2zm16 0H8v2h12v-2z\" fill=\"currentColor\"><\/path><\/svg><svg style=\"fill: #999;color:#999\" class=\"arrow-unsorted-368013\" xmlns=\"http:\/\/www.w3.org\/2000\/svg\" width=\"10px\" height=\"10px\" viewbox=\"0 0 24 24\" version=\"1.2\" baseprofile=\"tiny\"><path d=\"M18.2 9.3l-6.2-6.3-6.2 6.3c-.2.2-.3.4-.3.7s.1.5.3.7c.2.2.4.3.7.3h11c.3 0 .5-.1.7-.3.2-.2.3-.5.3-.7s-.1-.5-.3-.7zM5.8 14.7l6.2 6.3 6.2-6.3c.2-.2.3-.5.3-.7s-.1-.5-.3-.7c-.2-.2-.4-.3-.7-.3h-11c-.3 0-.5.1-.7.3-.2.2-.3.5-.3.7s.1.5.3.7z\"\/><\/svg><\/span><\/span><\/span><\/a><\/span><\/div>\n<nav><ul class='ez-toc-list ez-toc-list-level-1' ><li class='ez-toc-page-1 ez-toc-heading-level-1'><a class=\"ez-toc-link ez-toc-heading-1\" href=\"https:\/\/batinyilmaz.av.tr\/ru\/acik-cezaevi-infaz-sureci\/#Acik_Cezaevi_Nedir\" >A\u00e7\u0131k Cezaevi Nedir?<\/a><\/li><li class='ez-toc-page-1 ez-toc-heading-level-1'><a class=\"ez-toc-link ez-toc-heading-2\" href=\"https:\/\/batinyilmaz.av.tr\/ru\/acik-cezaevi-infaz-sureci\/#Acik_Cezaevine_Kimler_Ayrilabilir\" >A\u00e7\u0131k Cezaevine Kimler Ayr\u0131labilir?<\/a><\/li><li class='ez-toc-page-1 ez-toc-heading-level-1'><a class=\"ez-toc-link ez-toc-heading-3\" href=\"https:\/\/batinyilmaz.av.tr\/ru\/acik-cezaevi-infaz-sureci\/#Acik_Cezaevine_Gecis_Nasil_Degerlendirilir\" >A\u00e7\u0131k Cezaevine Ge\u00e7i\u015f Nas\u0131l De\u011ferlendirilir?<\/a><\/li><li class='ez-toc-page-1 ez-toc-heading-level-1'><a class=\"ez-toc-link ez-toc-heading-4\" href=\"https:\/\/batinyilmaz.av.tr\/ru\/acik-cezaevi-infaz-sureci\/#Acik_Cezaevinde_Eve_Gitme_Hakki_Var_mi\" >A\u00e7\u0131k Cezaevinde Eve Gitme Hakk\u0131 Var m\u0131?<\/a><\/li><li class='ez-toc-page-1 ez-toc-heading-level-1'><a class=\"ez-toc-link ez-toc-heading-5\" href=\"https:\/\/batinyilmaz.av.tr\/ru\/acik-cezaevi-infaz-sureci\/#1_Mazeret_Izni_Gecici_Izin\" >1. Mazeret \u0130zni (Ge\u00e7ici \u0130zin)<\/a><\/li><li class='ez-toc-page-1 ez-toc-heading-level-1'><a class=\"ez-toc-link ez-toc-heading-6\" href=\"https:\/\/batinyilmaz.av.tr\/ru\/acik-cezaevi-infaz-sureci\/#2_Acik_Cezaevi_Yillik_Izin_Hakki\" >2. A\u00e7\u0131k Cezaevi Y\u0131ll\u0131k \u0130zin Hakk\u0131<\/a><\/li><li class='ez-toc-page-1 ez-toc-heading-level-1'><a class=\"ez-toc-link ez-toc-heading-7\" href=\"https:\/\/batinyilmaz.av.tr\/ru\/acik-cezaevi-infaz-sureci\/#3_Acik_Cezaevinde_Calisma_ve_Disari_Cikma\" >3. A\u00e7\u0131k Cezaevinde \u00c7al\u0131\u015fma ve D\u0131\u015far\u0131 \u00c7\u0131kma<\/a><\/li><li class='ez-toc-page-1 ez-toc-heading-level-1'><a class=\"ez-toc-link ez-toc-heading-8\" href=\"https:\/\/batinyilmaz.av.tr\/ru\/acik-cezaevi-infaz-sureci\/#Acik_Cezaevinde_Maas_Alinir_mi\" >A\u00e7\u0131k Cezaevinde Maa\u015f Al\u0131n\u0131r m\u0131?<\/a><\/li><li class='ez-toc-page-1 ez-toc-heading-level-1'><a class=\"ez-toc-link ez-toc-heading-9\" href=\"https:\/\/batinyilmaz.av.tr\/ru\/acik-cezaevi-infaz-sureci\/#Acik_Cezaevinde_Telefon_ve_Ziyaret_Haklari\" >A\u00e7\u0131k Cezaevinde Telefon ve Ziyaret Haklar\u0131<\/a><\/li><li class='ez-toc-page-1 ez-toc-heading-level-1'><a class=\"ez-toc-link ez-toc-heading-10\" href=\"https:\/\/batinyilmaz.av.tr\/ru\/acik-cezaevi-infaz-sureci\/#Acik_Cezaevinde_Egitim_ve_Sosyal_Faaliyetler\" >A\u00e7\u0131k Cezaevinde E\u011fitim ve Sosyal Faaliyetler<\/a><\/li><li class='ez-toc-page-1 ez-toc-heading-level-1'><a class=\"ez-toc-link ez-toc-heading-11\" href=\"https:\/\/batinyilmaz.av.tr\/ru\/acik-cezaevi-infaz-sureci\/#Acik_Cezaevi_ile_Denetimli_Serbestlik_Arasindaki_Fark\" >A\u00e7\u0131k Cezaevi ile Denetimli Serbestlik Aras\u0131ndaki Fark<\/a><\/li><li class='ez-toc-page-1 ez-toc-heading-level-1'><a class=\"ez-toc-link ez-toc-heading-12\" href=\"https:\/\/batinyilmaz.av.tr\/ru\/acik-cezaevi-infaz-sureci\/#Acik_Cezaevinde_Kurallara_Uymamanin_Sonuclari\" >A\u00e7\u0131k Cezaevinde Kurallara Uymaman\u0131n Sonu\u00e7lar\u0131<\/a><\/li><li class='ez-toc-page-1 ez-toc-heading-level-1'><a class=\"ez-toc-link ez-toc-heading-13\" href=\"https:\/\/batinyilmaz.av.tr\/ru\/acik-cezaevi-infaz-sureci\/#Sikca_Sorulan_Sorular_SSS\" >\u0427\u0430\u0441\u0442\u043e \u0437\u0430\u0434\u0430\u0432\u0430\u0435\u043c\u044b\u0435 \u0432\u043e\u043f\u0440\u043e\u0441\u044b (\u0427\u0417\u0412)<\/a><ul class='ez-toc-list-level-2' ><li class='ez-toc-heading-level-2'><a class=\"ez-toc-link ez-toc-heading-14\" href=\"https:\/\/batinyilmaz.av.tr\/ru\/acik-cezaevi-infaz-sureci\/#Acik_cezaevine_gecis_otomatik_midir\" >A\u00e7\u0131k cezaevine ge\u00e7i\u015f otomatik midir?<\/a><\/li><li class='ez-toc-page-1 ez-toc-heading-level-2'><a class=\"ez-toc-link ez-toc-heading-15\" href=\"https:\/\/batinyilmaz.av.tr\/ru\/acik-cezaevi-infaz-sureci\/#Acik_cezaevinde_kalan_herkes_izin_kullanabilir_mi\" >A\u00e7\u0131k cezaevinde kalan herkes izin kullanabilir mi?<\/a><\/li><li class='ez-toc-page-1 ez-toc-heading-level-2'><a class=\"ez-toc-link ez-toc-heading-16\" href=\"https:\/\/batinyilmaz.av.tr\/ru\/acik-cezaevi-infaz-sureci\/#Acik_cezaevinde_her_hafta_eve_gidilebilir_mi\" >A\u00e7\u0131k cezaevinde her hafta eve gidilebilir mi?<\/a><\/li><li class='ez-toc-page-1 ez-toc-heading-level-2'><a class=\"ez-toc-link ez-toc-heading-17\" href=\"https:\/\/batinyilmaz.av.tr\/ru\/acik-cezaevi-infaz-sureci\/#Acik_cezaevinde_telefon_kullanilabilir_mi\" >A\u00e7\u0131k cezaevinde telefon kullan\u0131labilir mi?<\/a><\/li><li class='ez-toc-page-1 ez-toc-heading-level-2'><a class=\"ez-toc-link ez-toc-heading-18\" href=\"https:\/\/batinyilmaz.av.tr\/ru\/acik-cezaevi-infaz-sureci\/#Acik_cezaevinde_internet_kullanilabilir_mi\" >A\u00e7\u0131k cezaevinde internet kullan\u0131labilir mi?<\/a><\/li><li class='ez-toc-page-1 ez-toc-heading-level-2'><a class=\"ez-toc-link ez-toc-heading-19\" href=\"https:\/\/batinyilmaz.av.tr\/ru\/acik-cezaevi-infaz-sureci\/#Acik_cezaevinde_ziyaretci_kabul_edilir_mi\" >A\u00e7\u0131k cezaevinde ziyaret\u00e7i kabul edilir mi?<\/a><\/li><li class='ez-toc-page-1 ez-toc-heading-level-2'><a class=\"ez-toc-link ez-toc-heading-20\" href=\"https:\/\/batinyilmaz.av.tr\/ru\/acik-cezaevi-infaz-sureci\/#Acik_cezaevinde_calisan_hukumluler_maas_alir_mi\" >A\u00e7\u0131k cezaevinde \u00e7al\u0131\u015fan h\u00fck\u00fcml\u00fcler maa\u015f al\u0131r m\u0131?<\/a><\/li><li class='ez-toc-page-1 ez-toc-heading-level-2'><a class=\"ez-toc-link ez-toc-heading-21\" href=\"https:\/\/batinyilmaz.av.tr\/ru\/acik-cezaevi-infaz-sureci\/#Acik_cezaevinde_disiplin_cezasi_alinirsa_ne_olur\" >A\u00e7\u0131k cezaevinde disiplin cezas\u0131 al\u0131n\u0131rsa ne olur?<\/a><\/li><li class='ez-toc-page-1 ez-toc-heading-level-2'><a class=\"ez-toc-link ez-toc-heading-22\" href=\"https:\/\/batinyilmaz.av.tr\/ru\/acik-cezaevi-infaz-sureci\/#Acik_cezaevine_gecis_tarihi_nasil_hesaplanir\" >A\u00e7\u0131k cezaevine ge\u00e7i\u015f tarihi nas\u0131l hesaplan\u0131r?<\/a><\/li><li class='ez-toc-page-1 ez-toc-heading-level-2'><a class=\"ez-toc-link ez-toc-heading-23\" href=\"https:\/\/batinyilmaz.av.tr\/ru\/acik-cezaevi-infaz-sureci\/#Acik_cezaevinden_sonra_denetimli_serbestlik_kesin_midir\" >A\u00e7\u0131k cezaevinden sonra denetimli serbestlik kesin midir?<\/a><\/li><\/ul><\/li><li class='ez-toc-page-1 ez-toc-heading-level-1'><a class=\"ez-toc-link ez-toc-heading-24\" href=\"https:\/\/batinyilmaz.av.tr\/ru\/acik-cezaevi-infaz-sureci\/#Hukuki_Degerlendirme_ve_Muvekkil_Bilgilendirme\" >Hukuki De\u011ferlendirme ve M\u00fcvekkil Bilgilendirme<\/a><\/li><\/ul><\/nav><\/div>\n\n<p class=\"wp-block-paragraph\">A\u00e7\u0131k cezaevi s\u00fcreci, h\u00fck\u00fcml\u00fcn\u00fcn cezas\u0131n\u0131 kapal\u0131 ceza infaz kurumuna k\u0131yasla daha serbest ko\u015fullar alt\u0131nda infaz etmesine imk\u00e2n tan\u0131yan, ceza infaz hukukunun \u00f6nemli a\u015famalar\u0131ndan biridir. A\u00e7\u0131k ceza infaz kurumlar\u0131n\u0131n temel amac\u0131, h\u00fck\u00fcml\u00fcn\u00fcn yaln\u0131zca cezas\u0131n\u0131 infaz etmesini sa\u011flamak de\u011fil; ayn\u0131 zamanda yeniden topluma kazand\u0131r\u0131lmas\u0131n\u0131, sosyal ya\u015fama uyumunu art\u0131rmas\u0131n\u0131 ve denetimli serbestlik s\u00fcrecine haz\u0131rlanmas\u0131n\u0131 sa\u011flamakt\u0131r.<\/p>\n\n\n\n<p class=\"wp-block-paragraph\">Bir\u00e7ok ki\u015fi, hakk\u0131nda kesinle\u015fmi\u015f hapis cezas\u0131 bulundu\u011funda veya yak\u0131n\u0131 cezaevine girdi\u011finde <strong>&#8220;A\u00e7\u0131k cezaevi nedir?&#8221;, &#8220;Kimler a\u00e7\u0131k cezaevine ge\u00e7ebilir?&#8221;, &#8220;A\u00e7\u0131k cezaevinde eve gitme hakk\u0131 var m\u0131?&#8221;, &#8220;A\u00e7\u0131k cezaevinde izin kullan\u0131l\u0131r m\u0131?&#8221;<\/strong> gibi sorular\u0131n cevaplar\u0131n\u0131 ara\u015ft\u0131rmaktad\u0131r. \u00d6zellikle infaz hukukunda yap\u0131lan de\u011fi\u015fiklikler sonras\u0131nda a\u00e7\u0131k cezaevine ayr\u0131lma \u015fartlar\u0131 ve izin uygulamalar\u0131 zaman zaman de\u011fi\u015febildi\u011finden, g\u00fcncel mevzuata g\u00f6re de\u011ferlendirme yap\u0131lmas\u0131 b\u00fcy\u00fck \u00f6nem ta\u015f\u0131maktad\u0131r.<\/p>\n\n\n\n<p class=\"wp-block-paragraph\">A\u00e7\u0131k cezaevleri, kapal\u0131 ceza infaz kurumlar\u0131ndan farkl\u0131 olarak y\u00fcksek g\u00fcvenlik tedbirlerinin uygulanmad\u0131\u011f\u0131, h\u00fck\u00fcml\u00fclerin belirli kurallar \u00e7er\u00e7evesinde \u00e7al\u0131\u015fma, e\u011fitim, meslek edinme ve sosyal faaliyetlere kat\u0131labildi\u011fi infaz kurumlar\u0131d\u0131r. Ancak bu durum, a\u00e7\u0131k cezaevinde kalan herkesin serbest oldu\u011fu veya istedi\u011fi zaman cezaevi d\u0131\u015f\u0131na \u00e7\u0131kabilece\u011fi anlam\u0131na gelmez. A\u00e7\u0131k cezaevinde kalan h\u00fck\u00fcml\u00fcler de infazlar\u0131n\u0131 ceza infaz kurumunda yerine getirmeye devam eder ve yaln\u0131zca kanunda \u00f6ng\u00f6r\u00fclen izinlerden yararlanabilir.<\/p>\n\n\n\n<p class=\"wp-block-paragraph\">Ceza infaz s\u00fcrecinde a\u00e7\u0131k cezaevine ayr\u0131lma hakk\u0131 otomatik olarak do\u011fmamaktad\u0131r. H\u00fck\u00fcml\u00fcn\u00fcn su\u00e7 t\u00fcr\u00fc, ceza s\u00fcresi, infaz hesab\u0131, disiplin durumu, iyi h\u00e2li ve \u0130dare ve G\u00f6zlem Kurulu taraf\u0131ndan yap\u0131lan de\u011ferlendirme birlikte dikkate al\u0131nmaktad\u0131r. Bu nedenle ayn\u0131 s\u00fcre hapis cezas\u0131 alan iki h\u00fck\u00fcml\u00fc bak\u0131m\u0131ndan a\u00e7\u0131k cezaevine ayr\u0131lma tarihi farkl\u0131 olabilmektedir.<\/p>\n\n\n\n<p class=\"wp-block-paragraph\">Bu yaz\u0131m\u0131zda a\u00e7\u0131k cezaevi s\u00fcrecine ili\u015fkin en \u00e7ok merak edilen konular\u0131; a\u00e7\u0131k cezaevine ge\u00e7i\u015f \u015fartlar\u0131, a\u00e7\u0131k cezaevinde eve gitme hakk\u0131, izin uygulamalar\u0131, \u00e7al\u0131\u015fma sistemi, denetimli serbestlik ile aras\u0131ndaki farklar ve uygulamada s\u0131k kar\u015f\u0131la\u015f\u0131lan sorunlar bak\u0131m\u0131ndan ayr\u0131nt\u0131l\u0131 olarak ele alaca\u011f\u0131z.<\/p>\n\n\n\n<hr class=\"wp-block-separator has-alpha-channel-opacity\"\/>\n\n\n\n<h1 class=\"wp-block-heading\"><span class=\"ez-toc-section\" id=\"Acik_Cezaevi_Nedir\"><\/span>A\u00e7\u0131k Cezaevi Nedir?<span class=\"ez-toc-section-end\"><\/span><\/h1>\n\n\n\n<p class=\"wp-block-paragraph\">A\u00e7\u0131k cezaevi, h\u00fck\u00fcml\u00fclerin belirli \u015fartlar\u0131 ta\u015f\u0131malar\u0131 h\u00e2linde cezalar\u0131n\u0131 daha esnek infaz ko\u015fullar\u0131 alt\u0131nda \u00e7ekebildikleri ceza infaz kurumudur. A\u00e7\u0131k ceza infaz kurumlar\u0131nda y\u00fcksek g\u00fcvenlik duvarlar\u0131, yo\u011fun fiziki g\u00fcvenlik tedbirleri ve s\u00fcrekli kapal\u0131 ya\u015fam d\u00fczeni bulunmaz. Bunun yerine h\u00fck\u00fcml\u00fclerin sorumluluk bilincini geli\u015ftirmeye, meslek edinmelerine ve topluma yeniden uyum sa\u011flamalar\u0131na y\u00f6nelik bir infaz sistemi uygulan\u0131r.<\/p>\n\n\n\n<p class=\"wp-block-paragraph\">Ceza ve G\u00fcvenlik Tedbirlerinin \u0130nfaz\u0131 Hakk\u0131nda Kanun ile A\u00e7\u0131k Ceza \u0130nfaz Kurumlar\u0131na Ayr\u0131lma Y\u00f6netmeli\u011fi uyar\u0131nca a\u00e7\u0131k cezaevlerinin temel amac\u0131, h\u00fck\u00fcml\u00fclerin yeniden su\u00e7 i\u015flemelerinin \u00f6nlenmesi ve toplumla yeniden b\u00fct\u00fcnle\u015fmelerinin sa\u011flanmas\u0131d\u0131r.<\/p>\n\n\n\n<p class=\"wp-block-paragraph\">A\u00e7\u0131k cezaevinde kalan h\u00fck\u00fcml\u00fcler, cezaevinin \u00fcretim tesislerinde veya belirli kamu kurumlar\u0131nda \u00e7al\u0131\u015fabilmekte, e\u011fitim faaliyetlerine kat\u0131labilmekte ve mevzuatta belirtilen \u015fartlar\u0131 ta\u015f\u0131malar\u0131 h\u00e2linde izin haklar\u0131ndan yararlanabilmektedir.<\/p>\n\n\n\n<p class=\"wp-block-paragraph\">Ancak a\u00e7\u0131k cezaevi, \u00f6zg\u00fcrl\u00fc\u011f\u00fcn tamamen geri kazan\u0131ld\u0131\u011f\u0131 bir sistem de\u011fildir. H\u00fck\u00fcml\u00fc, infaz\u0131na ceza infaz kurumunda devam eder. Bu nedenle a\u00e7\u0131k cezaevinin denetimli serbestlikle kar\u0131\u015ft\u0131r\u0131lmamas\u0131 gerekir.<\/p>\n\n\n\n<hr class=\"wp-block-separator has-alpha-channel-opacity\"\/>\n\n\n\n<h1 class=\"wp-block-heading\"><span class=\"ez-toc-section\" id=\"Acik_Cezaevine_Kimler_Ayrilabilir\"><\/span>A\u00e7\u0131k Cezaevine Kimler Ayr\u0131labilir?<span class=\"ez-toc-section-end\"><\/span><\/h1>\n\n\n\n<p class=\"wp-block-paragraph\">A\u00e7\u0131k cezaevine ayr\u0131lma \u015fartlar\u0131, h\u00fck\u00fcml\u00fcn\u00fcn i\u015fledi\u011fi su\u00e7un niteli\u011fine, ceza s\u00fcresine, infaz hesab\u0131na ve iyi h\u00e2l durumuna g\u00f6re de\u011fi\u015fiklik g\u00f6stermektedir. Her h\u00fck\u00fcml\u00fc hakk\u0131nda tek tip uygulama yap\u0131lmas\u0131 m\u00fcmk\u00fcn de\u011fildir. \u0130nfaz hukukunda her dosya kendi \u00f6zellikleri dikkate al\u0131narak de\u011ferlendirilmektedir.<\/p>\n\n\n\n<p class=\"wp-block-paragraph\">Genel olarak a\u00e7\u0131k cezaevine ayr\u0131labilmek i\u00e7in a\u015fa\u011f\u0131daki \u015fartlar\u0131n birlikte bulunmas\u0131 gerekir:<\/p>\n\n\n\n<ul class=\"wp-block-list\">\n<li>H\u00fck\u00fcml\u00fc hakk\u0131nda kesinle\u015fmi\u015f mahk\u00fbmiyet karar\u0131 bulunmal\u0131d\u0131r.<\/li>\n\n\n\n<li>A\u00e7\u0131k cezaevine ayr\u0131lmaya engel su\u00e7lardan biri s\u00f6z konusu olmamal\u0131d\u0131r.<\/li>\n\n\n\n<li>Kas\u0131tl\u0131 su\u00e7larda kanunun \u00f6ng\u00f6rd\u00fc\u011f\u00fc s\u00fcre kadar cezan\u0131n kapal\u0131 cezaevinde infaz edilmi\u015f olmas\u0131 gerekir.<\/li>\n\n\n\n<li>Taksirli su\u00e7larda mevzuat\u0131n izin verdi\u011fi h\u00e2llerde do\u011frudan a\u00e7\u0131k cezaevine ayr\u0131lma imk\u00e2n\u0131 bulunabilir.<\/li>\n\n\n\n<li>H\u00fck\u00fcml\u00fcn\u00fcn iyi h\u00e2lli oldu\u011funun tespit edilmesi gerekir.<\/li>\n\n\n\n<li>Cezaevi disiplin kurallar\u0131na uygun davran\u0131lm\u0131\u015f olmal\u0131d\u0131r.<\/li>\n\n\n\n<li>\u0130dare ve G\u00f6zlem Kurulu taraf\u0131ndan olumlu de\u011ferlendirme yap\u0131lmal\u0131d\u0131r.<\/li>\n<\/ul>\n\n\n\n<p class=\"wp-block-paragraph\">\u00d6zellikle ilk defa su\u00e7 i\u015fleyen ki\u015filer bak\u0131m\u0131ndan iyi h\u00e2l de\u011ferlendirmesi olduk\u00e7a \u00f6nemlidir. Cezaevi kurallar\u0131na uygun davranan, e\u011fitim faaliyetlerine kat\u0131lan ve disiplin cezas\u0131 almayan h\u00fck\u00fcml\u00fcler a\u00e7\u0131k cezaevine daha k\u0131sa s\u00fcrede ayr\u0131labilmektedir.<\/p>\n\n\n\n<p class=\"wp-block-paragraph\">Bununla birlikte baz\u0131 su\u00e7 tipleri bak\u0131m\u0131ndan a\u00e7\u0131k cezaevine ge\u00e7i\u015f daha s\u0131k\u0131 kurallara ba\u011flanm\u0131\u015ft\u0131r. Ter\u00f6r su\u00e7lar\u0131, \u00f6rg\u00fctl\u00fc su\u00e7lar ve kanunda a\u00e7\u0131k\u00e7a belirtilen baz\u0131 a\u011f\u0131r su\u00e7lar bak\u0131m\u0131ndan farkl\u0131 infaz h\u00fck\u00fcmleri uygulanabilmektedir. Bu nedenle a\u00e7\u0131k cezaevine ayr\u0131lma tarihi hesaplan\u0131rken yaln\u0131zca ceza s\u00fcresine bak\u0131lmas\u0131 yeterli de\u011fildir.<\/p>\n\n\n\n<hr class=\"wp-block-separator has-alpha-channel-opacity\"\/>\n\n\n\n<h1 class=\"wp-block-heading\"><span class=\"ez-toc-section\" id=\"Acik_Cezaevine_Gecis_Nasil_Degerlendirilir\"><\/span>A\u00e7\u0131k Cezaevine Ge\u00e7i\u015f Nas\u0131l De\u011ferlendirilir?<span class=\"ez-toc-section-end\"><\/span><\/h1>\n\n\n\n<p class=\"wp-block-paragraph\">Uygulamada en \u00e7ok merak edilen konulardan biri de a\u00e7\u0131k cezaevine ge\u00e7i\u015f karar\u0131n\u0131n kim taraf\u0131ndan verildi\u011fidir.<\/p>\n\n\n\n<p class=\"wp-block-paragraph\">Bir h\u00fck\u00fcml\u00fcn\u00fcn a\u00e7\u0131k cezaevine ayr\u0131lmas\u0131, yaln\u0131zca ceza s\u00fcresinin dolmas\u0131na ba\u011fl\u0131 de\u011fildir. Ceza infaz kurumunda olu\u015fturulan <strong>\u0130dare ve G\u00f6zlem Kurulu<\/strong>, h\u00fck\u00fcml\u00fcn\u00fcn davran\u0131\u015flar\u0131n\u0131 ayr\u0131nt\u0131l\u0131 \u015fekilde de\u011ferlendirir. Kurul de\u011ferlendirmesinde;<\/p>\n\n\n\n<ul class=\"wp-block-list\">\n<li>Cezaevi kurallar\u0131na uyum,<\/li>\n\n\n\n<li>Disiplin cezas\u0131 bulunup bulunmad\u0131\u011f\u0131,<\/li>\n\n\n\n<li>E\u011fitim ve iyile\u015ftirme faaliyetlerine kat\u0131l\u0131m,<\/li>\n\n\n\n<li>\u00c7al\u0131\u015fma disiplini,<\/li>\n\n\n\n<li>Psikososyal de\u011ferlendirme raporlar\u0131,<\/li>\n\n\n\n<li>Yeniden su\u00e7 i\u015fleme riski,<\/li>\n\n\n\n<li>Topluma uyum sa\u011flayabilme ihtimali<\/li>\n<\/ul>\n\n\n\n<p class=\"wp-block-paragraph\">gibi bir\u00e7ok kriter dikkate al\u0131nmaktad\u0131r.<\/p>\n\n\n\n<p class=\"wp-block-paragraph\">Kurulun olumlu kanaat olu\u015fturmas\u0131 h\u00e2linde h\u00fck\u00fcml\u00fc a\u00e7\u0131k cezaevine ayr\u0131labilir. Buna kar\u015f\u0131l\u0131k \u015fartlar olu\u015fmam\u0131\u015fsa veya iyi h\u00e2l de\u011ferlendirmesi olumsuz sonu\u00e7lanm\u0131\u015fsa a\u00e7\u0131k cezaevine ge\u00e7i\u015f m\u00fcmk\u00fcn olmayabilir.<\/p>\n\n\n\n<p class=\"wp-block-paragraph\">Bu nedenle infaz hukukunda &#8220;ceza s\u00fcresi dolduysa a\u00e7\u0131k cezaevine ge\u00e7ilir&#8221; \u015feklindeki yayg\u0131n inan\u0131\u015f hukuken do\u011fru de\u011fildir.<\/p>\n\n\n\n<hr class=\"wp-block-separator has-alpha-channel-opacity\"\/>\n\n\n\n<h1 class=\"wp-block-heading\"><span class=\"ez-toc-section\" id=\"Acik_Cezaevinde_Eve_Gitme_Hakki_Var_mi\"><\/span>A\u00e7\u0131k Cezaevinde Eve Gitme Hakk\u0131 Var m\u0131?<span class=\"ez-toc-section-end\"><\/span><\/h1>\n\n\n\n<p class=\"wp-block-paragraph\">Uygulamada en fazla ara\u015ft\u0131r\u0131lan konular\u0131n ba\u015f\u0131nda <strong>&#8220;A\u00e7\u0131k cezaevinde eve gitme hakk\u0131 var m\u0131?&#8221;<\/strong> sorusu gelmektedir. \u00d6zellikle h\u00fck\u00fcml\u00fc yak\u0131nlar\u0131, a\u00e7\u0131k cezaevine ge\u00e7ildikten sonra ki\u015finin s\u00fcrekli ailesiyle birlikte ya\u015fayabilece\u011fini d\u00fc\u015f\u00fcnmektedir. Ancak bu d\u00fc\u015f\u00fcnce hukuken do\u011fru de\u011fildir.<\/p>\n\n\n\n<p class=\"wp-block-paragraph\">A\u00e7\u0131k cezaevinde bulunan h\u00fck\u00fcml\u00fcler, infazlar\u0131na ceza infaz kurumunda devam etmektedir. Dolay\u0131s\u0131yla a\u00e7\u0131k cezaevine ge\u00e7ilmi\u015f olmas\u0131, ki\u015finin serbest kald\u0131\u011f\u0131 veya diledi\u011fi zaman evine gidebilece\u011fi anlam\u0131na gelmez.<\/p>\n\n\n\n<p class=\"wp-block-paragraph\">Bununla birlikte mevzuatta \u00f6ng\u00f6r\u00fclen baz\u0131 izin t\u00fcrleri sayesinde h\u00fck\u00fcml\u00fcler belirli s\u00fcrelerle cezaevi d\u0131\u015f\u0131na \u00e7\u0131kabilmektedir. Bu izinler tamamen kanuni d\u00fczenlemelere tabidir ve her h\u00fck\u00fcml\u00fc bak\u0131m\u0131ndan ayr\u0131 ayr\u0131 de\u011ferlendirilmektedir.<\/p>\n\n\n\n<p class=\"wp-block-paragraph\">\u0130zin hakk\u0131n\u0131n kullan\u0131labilmesi i\u00e7in h\u00fck\u00fcml\u00fcn\u00fcn iyi h\u00e2lli olmas\u0131, izin \u015fartlar\u0131n\u0131 ta\u015f\u0131mas\u0131 ve cezaevi idaresinin uygun g\u00f6rmesi gerekir. \u0130zin s\u00fcresi sonunda ceza infaz kurumuna zaman\u0131nda d\u00f6n\u00fclmesi zorunludur. Aksi durumda disiplin yapt\u0131r\u0131mlar\u0131 uygulanabilece\u011fi gibi a\u00e7\u0131k cezaevi stat\u00fcs\u00fcn\u00fcn kaybedilmesi de s\u00f6z konusu olabilir.<\/p>\n\n\n\n<hr class=\"wp-block-separator has-alpha-channel-opacity\"\/>\n\n\n\n<h1 class=\"wp-block-heading\"><span class=\"ez-toc-section\" id=\"1_Mazeret_Izni_Gecici_Izin\"><\/span>1. Mazeret \u0130zni (Ge\u00e7ici \u0130zin)<span class=\"ez-toc-section-end\"><\/span><\/h1>\n\n\n\n<p class=\"wp-block-paragraph\">A\u00e7\u0131k cezaevinde bulunan h\u00fck\u00fcml\u00fclere baz\u0131 ola\u011fan\u00fcst\u00fc durumlarda mazeret izni verilebilmektedir. Bu izinlerin amac\u0131, h\u00fck\u00fcml\u00fcn\u00fcn aile b\u00fct\u00fcnl\u00fc\u011f\u00fcn\u00fc korumak ve zorunlu h\u00e2llerde yak\u0131nlar\u0131n\u0131n yan\u0131nda bulunmas\u0131na imk\u00e2n tan\u0131makt\u0131r.<\/p>\n\n\n\n<p class=\"wp-block-paragraph\">Mazeret izni verilebilecek durumlara \u00f6rnek olarak;<\/p>\n\n\n\n<ul class=\"wp-block-list\">\n<li>Anne, baba, e\u015f, \u00e7ocuk veya karde\u015f gibi yak\u0131n akrabalar\u0131n vefat\u0131,<\/li>\n\n\n\n<li>Yak\u0131n aile bireylerinin hayati tehlike olu\u015fturan a\u011f\u0131r hastal\u0131klar\u0131,<\/li>\n\n\n\n<li>H\u00fck\u00fcml\u00fcn\u00fcn kendi sa\u011fl\u0131k durumuna ili\u015fkin zorunlu tedavi s\u00fcre\u00e7leri,<\/li>\n\n\n\n<li>Deprem, sel, yang\u0131n veya benzeri do\u011fal afetler,<\/li>\n\n\n\n<li>Ailenin ya\u015fad\u0131\u011f\u0131 a\u011f\u0131r ma\u011fduriyetler,<\/li>\n\n\n\n<li>Kanunda ve y\u00f6netmeliklerde \u00f6ng\u00f6r\u00fclen di\u011fer zorunlu h\u00e2ller<\/li>\n<\/ul>\n\n\n\n<p class=\"wp-block-paragraph\">g\u00f6sterilebilir.<\/p>\n\n\n\n<p class=\"wp-block-paragraph\">Mazeret izni her olay bak\u0131m\u0131ndan ayr\u0131 de\u011ferlendirilmektedir. \u0130zin verilmesi otomatik olmay\u0131p cezaevi idaresinin incelemesine ba\u011fl\u0131d\u0131r. Gerek g\u00f6r\u00fcld\u00fc\u011f\u00fcnde ilgili kurum ve kolluk birimleri arac\u0131l\u0131\u011f\u0131yla olay\u0131n do\u011frulu\u011fu ara\u015ft\u0131r\u0131labilir.<\/p>\n\n\n\n<p class=\"wp-block-paragraph\">H\u00fck\u00fcml\u00fcn\u00fcn izin s\u00fcresi sonunda ceza infaz kurumuna zaman\u0131nda d\u00f6nmesi zorunludur. S\u00fcrenin ge\u00e7irilmesi, disiplin i\u015flemlerine ve a\u00e7\u0131k cezaevi stat\u00fcs\u00fcn\u00fcn kaybedilmesine neden olabilecektir.<\/p>\n\n\n\n<h1 class=\"wp-block-heading\"><span class=\"ez-toc-section\" id=\"2_Acik_Cezaevi_Yillik_Izin_Hakki\"><\/span>2. A\u00e7\u0131k Cezaevi Y\u0131ll\u0131k \u0130zin Hakk\u0131<span class=\"ez-toc-section-end\"><\/span><\/h1>\n\n\n\n<p class=\"wp-block-paragraph\">A\u00e7\u0131k ceza infaz kurumunda bulunan h\u00fck\u00fcml\u00fclerin en \u00e7ok merak etti\u011fi konulardan biri de <strong>y\u0131ll\u0131k izin hakk\u0131d\u0131r<\/strong>. Uygulamada bir\u00e7ok ki\u015fi a\u00e7\u0131k cezaevine ge\u00e7ildi\u011finde h\u00fck\u00fcml\u00fcn\u00fcn istedi\u011fi zaman evine gidebilece\u011fini d\u00fc\u015f\u00fcnmektedir. Oysa a\u00e7\u0131k cezaevinde izin kullan\u0131m\u0131 tamamen kanun ve ilgili y\u00f6netmelik h\u00fck\u00fcmlerine tabidir.<\/p>\n\n\n\n<p class=\"wp-block-paragraph\">\u0130yi h\u00e2lli oldu\u011fu de\u011ferlendirilen h\u00fck\u00fcml\u00fcler, mevzuatta \u00f6ng\u00f6r\u00fclen \u015fartlar\u0131n ger\u00e7ekle\u015fmesi h\u00e2linde belirli s\u00fcrelerle izin kullanabilirler. Bu izinlerin temel amac\u0131, h\u00fck\u00fcml\u00fcn\u00fcn ailesiyle ba\u011flar\u0131n\u0131 korumas\u0131, sosyal ya\u015fama uyumunu s\u00fcrd\u00fcrmesi ve tahliye sonras\u0131 hayata haz\u0131rlanmas\u0131n\u0131 sa\u011flamakt\u0131r.<\/p>\n\n\n\n<p class=\"wp-block-paragraph\">Y\u0131ll\u0131k izin hakk\u0131 de\u011ferlendirilirken;<\/p>\n\n\n\n<ul class=\"wp-block-list\">\n<li>H\u00fck\u00fcml\u00fcn\u00fcn cezas\u0131n\u0131n niteli\u011fi,<\/li>\n\n\n\n<li>A\u00e7\u0131k cezaevinde ge\u00e7irdi\u011fi s\u00fcre,<\/li>\n\n\n\n<li>Disiplin cezas\u0131 bulunup bulunmad\u0131\u011f\u0131,<\/li>\n\n\n\n<li>\u0130yi h\u00e2l durumu,<\/li>\n\n\n\n<li>\u0130nfaz dosyas\u0131ndaki de\u011ferlendirmeler<\/li>\n<\/ul>\n\n\n\n<p class=\"wp-block-paragraph\">dikkate al\u0131nmaktad\u0131r.<\/p>\n\n\n\n<p class=\"wp-block-paragraph\">Her h\u00fck\u00fcml\u00fcn\u00fcn izin s\u00fcresi ayn\u0131 de\u011fildir. \u0130zin hakk\u0131, infaz mevzuat\u0131 kapsam\u0131nda belirlenen \u015fartlara g\u00f6re hesaplan\u0131r. Bu nedenle bir h\u00fck\u00fcml\u00fcn\u00fcn kulland\u0131\u011f\u0131 izin s\u00fcresi, ba\u015fka bir h\u00fck\u00fcml\u00fc bak\u0131m\u0131ndan emsal te\u015fkil etmeyebilir.<\/p>\n\n\n\n<p class=\"wp-block-paragraph\">\u0130zin s\u00fcresi sonunda ceza infaz kurumuna zaman\u0131nda d\u00f6n\u00fclmesi zorunludur. Hakl\u0131 bir mazeret olmaks\u0131z\u0131n d\u00f6n\u00fc\u015f yap\u0131lmamas\u0131, disiplin yapt\u0131r\u0131mlar\u0131na ve a\u00e7\u0131k cezaevi stat\u00fcs\u00fcn\u00fcn kaybedilmesine yol a\u00e7abilir.<\/p>\n\n\n\n<hr class=\"wp-block-separator has-alpha-channel-opacity\"\/>\n\n\n\n<h1 class=\"wp-block-heading\"><span class=\"ez-toc-section\" id=\"3_Acik_Cezaevinde_Calisma_ve_Disari_Cikma\"><\/span>3. A\u00e7\u0131k Cezaevinde \u00c7al\u0131\u015fma ve D\u0131\u015far\u0131 \u00c7\u0131kma<span class=\"ez-toc-section-end\"><\/span><\/h1>\n\n\n\n<p class=\"wp-block-paragraph\">A\u00e7\u0131k ceza infaz kurumlar\u0131n\u0131n en \u00f6nemli \u00f6zelliklerinden biri, h\u00fck\u00fcml\u00fclerin \u00e7al\u0131\u015fma hayat\u0131na kat\u0131labilmeleridir. A\u00e7\u0131k cezaevlerinde bulunan h\u00fck\u00fcml\u00fcler; cezaevi b\u00fcnyesindeki \u00fcretim at\u00f6lyelerinde, tar\u0131m alanlar\u0131nda, sosyal tesislerde veya mevzuat\u0131n izin verdi\u011fi kamu kurumlar\u0131nda \u00e7al\u0131\u015ft\u0131r\u0131labilmektedir.<\/p>\n\n\n\n<p class=\"wp-block-paragraph\">Bu uygulaman\u0131n amac\u0131 yaln\u0131zca ekonomik \u00fcretim de\u011fildir. Ayn\u0131 zamanda h\u00fck\u00fcml\u00fcn\u00fcn meslek edinmesi, \u00e7al\u0131\u015fma disiplini kazanmas\u0131 ve tahliye sonras\u0131nda topluma daha kolay uyum sa\u011flamas\u0131 hedeflenmektedir.<\/p>\n\n\n\n<p class=\"wp-block-paragraph\">Baz\u0131 durumlarda h\u00fck\u00fcml\u00fcler cezaevi d\u0131\u015f\u0131nda belirlenen i\u015f yerlerinde de \u00e7al\u0131\u015ft\u0131r\u0131labilmektedir. Ancak bu uygulama halk aras\u0131nda yanl\u0131\u015f anla\u015f\u0131lmaktad\u0131r.<\/p>\n\n\n\n<p class=\"wp-block-paragraph\">Cezaevi d\u0131\u015f\u0131nda \u00e7al\u0131\u015fan h\u00fck\u00fcml\u00fc;<\/p>\n\n\n\n<ul class=\"wp-block-list\">\n<li>G\u00fcn i\u00e7erisinde belirlenen i\u015f yerine gider,<\/li>\n\n\n\n<li>\u00c7al\u0131\u015fmas\u0131n\u0131 tamamlar,<\/li>\n\n\n\n<li>G\u00fcn sonunda yeniden a\u00e7\u0131k ceza infaz kurumuna d\u00f6ner.<\/li>\n<\/ul>\n\n\n\n<p class=\"wp-block-paragraph\">Dolay\u0131s\u0131yla \u00e7al\u0131\u015fma hakk\u0131, <strong>evde kalma hakk\u0131 anlam\u0131na gelmez<\/strong>.<\/p>\n\n\n\n<p class=\"wp-block-paragraph\">\u00c7al\u0131\u015fma program\u0131 tamamen cezaevi idaresinin g\u00f6zetimi alt\u0131nda y\u00fcr\u00fct\u00fclmektedir. \u0130\u015fe devam etmeyen veya kurallara ayk\u0131r\u0131 davranan h\u00fck\u00fcml\u00fcler hakk\u0131nda disiplin i\u015flemleri uygulanabilir.<\/p>\n\n\n\n<hr class=\"wp-block-separator has-alpha-channel-opacity\"\/>\n\n\n\n<h1 class=\"wp-block-heading\"><span class=\"ez-toc-section\" id=\"Acik_Cezaevinde_Maas_Alinir_mi\"><\/span>A\u00e7\u0131k Cezaevinde Maa\u015f Al\u0131n\u0131r m\u0131?<span class=\"ez-toc-section-end\"><\/span><\/h1>\n\n\n\n<p class=\"wp-block-paragraph\">Uygulamada s\u0131k\u00e7a y\u00f6neltilen sorulardan biri de a\u00e7\u0131k cezaevinde \u00e7al\u0131\u015fan h\u00fck\u00fcml\u00fclerin \u00fccret al\u0131p almad\u0131\u011f\u0131d\u0131r.<\/p>\n\n\n\n<p class=\"wp-block-paragraph\">Ceza infaz kurumlar\u0131nda y\u00fcr\u00fct\u00fclen baz\u0131 \u00e7al\u0131\u015fma faaliyetleri kar\u015f\u0131l\u0131\u011f\u0131nda h\u00fck\u00fcml\u00fclere ilgili mevzuat kapsam\u0131nda \u00fccret \u00f6denebilmektedir. Ancak \u00f6denecek miktar yap\u0131lan i\u015fin niteli\u011fine, \u00e7al\u0131\u015f\u0131lan s\u00fcreye ve y\u00fcr\u00fct\u00fclen projeye g\u00f6re de\u011fi\u015fmektedir.<\/p>\n\n\n\n<p class=\"wp-block-paragraph\">Bu nedenle a\u00e7\u0131k cezaevinde \u00e7al\u0131\u015fan herkesin ayn\u0131 \u00fccreti ald\u0131\u011f\u0131 s\u00f6ylenemez.<\/p>\n\n\n\n<p class=\"wp-block-paragraph\">Ayr\u0131ca h\u00fck\u00fcml\u00fcn\u00fcn elde etti\u011fi gelir \u00fczerinde infaz mevzuat\u0131 kapsam\u0131nda \u00e7e\u015fitli kesintiler yap\u0131labilmesi de m\u00fcmk\u00fcnd\u00fcr.<\/p>\n\n\n\n<hr class=\"wp-block-separator has-alpha-channel-opacity\"\/>\n\n\n\n<h1 class=\"wp-block-heading\"><span class=\"ez-toc-section\" id=\"Acik_Cezaevinde_Telefon_ve_Ziyaret_Haklari\"><\/span>A\u00e7\u0131k Cezaevinde Telefon ve Ziyaret Haklar\u0131<span class=\"ez-toc-section-end\"><\/span><\/h1>\n\n\n\n<p class=\"wp-block-paragraph\">Kapal\u0131 ceza infaz kurumlar\u0131na g\u00f6re a\u00e7\u0131k cezaevlerinde ileti\u015fim haklar\u0131 daha geni\u015ftir.<\/p>\n\n\n\n<p class=\"wp-block-paragraph\">H\u00fck\u00fcml\u00fcler;<\/p>\n\n\n\n<ul class=\"wp-block-list\">\n<li>Yak\u0131nlar\u0131yla telefon g\u00f6r\u00fc\u015fmesi yapabilir,<\/li>\n\n\n\n<li>A\u00e7\u0131k ve kapal\u0131 g\u00f6r\u00fc\u015flerden yararlanabilir,<\/li>\n\n\n\n<li>Kanunda belirtilen ki\u015filerle g\u00f6r\u00fc\u015febilir,<\/li>\n\n\n\n<li>Belirlenen g\u00fcn ve saatlerde ziyaret\u00e7i kabul edebilir.<\/li>\n<\/ul>\n\n\n\n<p class=\"wp-block-paragraph\">Ancak bu haklar\u0131n tamam\u0131 belirli kurallar \u00e7er\u00e7evesinde kullan\u0131lmaktad\u0131r.<\/p>\n\n\n\n<p class=\"wp-block-paragraph\">Telefon g\u00f6r\u00fc\u015fmeleri;<\/p>\n\n\n\n<ul class=\"wp-block-list\">\n<li>Belirli s\u00fcrelerle s\u0131n\u0131rland\u0131r\u0131l\u0131r.<\/li>\n\n\n\n<li>Cezaevi idaresinin belirledi\u011fi usule g\u00f6re ger\u00e7ekle\u015ftirilir.<\/li>\n\n\n\n<li>G\u00fcvenlik gerek\u00e7esiyle kay\u0131t alt\u0131na al\u0131nabilir.<\/li>\n<\/ul>\n\n\n\n<p class=\"wp-block-paragraph\">Benzer \u015fekilde ziyaret hakk\u0131 da s\u0131n\u0131rs\u0131z de\u011fildir.<\/p>\n\n\n\n<p class=\"wp-block-paragraph\">Ziyaret\u00e7i listesinde bulunmayan ki\u015filerin g\u00f6r\u00fc\u015f yapmas\u0131 m\u00fcmk\u00fcn olmayabilir. Ayr\u0131ca disiplin cezas\u0131 alan h\u00fck\u00fcml\u00fcler bak\u0131m\u0131ndan ziyaret haklar\u0131nda k\u0131s\u0131tlamalar uygulanabilmektedir.<\/p>\n\n\n\n<hr class=\"wp-block-separator has-alpha-channel-opacity\"\/>\n\n\n\n<h1 class=\"wp-block-heading\"><span class=\"ez-toc-section\" id=\"Acik_Cezaevinde_Egitim_ve_Sosyal_Faaliyetler\"><\/span>A\u00e7\u0131k Cezaevinde E\u011fitim ve Sosyal Faaliyetler<span class=\"ez-toc-section-end\"><\/span><\/h1>\n\n\n\n<p class=\"wp-block-paragraph\">A\u00e7\u0131k cezaevlerinin yaln\u0131zca infaz kurumu olmad\u0131\u011f\u0131 unutulmamal\u0131d\u0131r. Ayn\u0131 zamanda h\u00fck\u00fcml\u00fclerin yeniden topluma kazand\u0131r\u0131lmas\u0131n\u0131 ama\u00e7layan e\u011fitim kurumlar\u0131 niteli\u011fi de ta\u015f\u0131maktad\u0131r.<\/p>\n\n\n\n<p class=\"wp-block-paragraph\">Bu kapsamda h\u00fck\u00fcml\u00fcler;<\/p>\n\n\n\n<ul class=\"wp-block-list\">\n<li>Okuma yazma kurslar\u0131na,<\/li>\n\n\n\n<li>Meslek edindirme e\u011fitimlerine,<\/li>\n\n\n\n<li>A\u00e7\u0131k \u00f6\u011fretim programlar\u0131na,<\/li>\n\n\n\n<li>Spor faaliyetlerine,<\/li>\n\n\n\n<li>K\u00fclt\u00fcrel etkinliklere,<\/li>\n\n\n\n<li>Psikososyal destek \u00e7al\u0131\u015fmalar\u0131na<\/li>\n<\/ul>\n\n\n\n<p class=\"wp-block-paragraph\">kat\u0131labilmektedir.<\/p>\n\n\n\n<p class=\"wp-block-paragraph\">Bu faaliyetler, h\u00fck\u00fcml\u00fcn\u00fcn iyi h\u00e2l de\u011ferlendirmesinde de dikkate al\u0131nan \u00f6nemli kriterlerden biridir.<\/p>\n\n\n\n<hr class=\"wp-block-separator has-alpha-channel-opacity\"\/>\n\n\n\n<h1 class=\"wp-block-heading\"><span class=\"ez-toc-section\" id=\"Acik_Cezaevi_ile_Denetimli_Serbestlik_Arasindaki_Fark\"><\/span>A\u00e7\u0131k Cezaevi ile Denetimli Serbestlik Aras\u0131ndaki Fark<span class=\"ez-toc-section-end\"><\/span><\/h1>\n\n\n\n<p class=\"wp-block-paragraph\">Kamuoyunda en fazla kar\u0131\u015ft\u0131r\u0131lan iki kavram <strong>a\u00e7\u0131k cezaevi<\/strong> \u0438 <strong>denetimli serbestlik<\/strong> .<\/p>\n\n\n\n<p class=\"wp-block-paragraph\">Her iki sistem de ceza infaz hukukuna ait olmakla birlikte tamamen farkl\u0131 infaz rejimleridir.<\/p>\n\n\n\n<p class=\"wp-block-paragraph\">A\u00e7\u0131k cezaevinde;<\/p>\n\n\n\n<ul class=\"wp-block-list\">\n<li>H\u00fck\u00fcml\u00fc cezas\u0131n\u0131 ceza infaz kurumunda \u00e7ekmeye devam eder.<\/li>\n\n\n\n<li>Cezaevi ile ba\u011flant\u0131s\u0131 devam eder.<\/li>\n\n\n\n<li>Belirli kurallar alt\u0131nda ya\u015far.<\/li>\n\n\n\n<li>\u0130zin haklar\u0131ndan yaln\u0131zca mevzuat kapsam\u0131nda yararlanabilir.<\/li>\n<\/ul>\n\n\n\n<p class=\"wp-block-paragraph\">Denetimli serbestlikte ise;<\/p>\n\n\n\n<ul class=\"wp-block-list\">\n<li>H\u00fck\u00fcml\u00fc cezas\u0131n\u0131n kalan k\u0131sm\u0131n\u0131 toplum i\u00e7inde infaz eder.<\/li>\n\n\n\n<li>Cezaevinde s\u00fcrekli kalmaz.<\/li>\n\n\n\n<li>Kendisine y\u00fcklenen y\u00fck\u00fcml\u00fcl\u00fcklere uymak zorundad\u0131r.<\/li>\n\n\n\n<li>Belirli aral\u0131klarla denetimlere tabi tutulabilir.<\/li>\n<\/ul>\n\n\n\n<p class=\"wp-block-paragraph\">Ba\u015fka bir ifadeyle a\u00e7\u0131k cezaevi, \u00e7o\u011fu h\u00fck\u00fcml\u00fc bak\u0131m\u0131ndan denetimli serbestlik \u00f6ncesindeki son infaz a\u015famas\u0131d\u0131r.<\/p>\n\n\n\n<hr class=\"wp-block-separator has-alpha-channel-opacity\"\/>\n\n\n\n<h1 class=\"wp-block-heading\"><span class=\"ez-toc-section\" id=\"Acik_Cezaevinde_Kurallara_Uymamanin_Sonuclari\"><\/span>A\u00e7\u0131k Cezaevinde Kurallara Uymaman\u0131n Sonu\u00e7lar\u0131<span class=\"ez-toc-section-end\"><\/span><\/h1>\n\n\n\n<p class=\"wp-block-paragraph\">A\u00e7\u0131k ceza infaz kurumlar\u0131nda daha esnek kurallar uygulan\u0131yor olmas\u0131, h\u00fck\u00fcml\u00fclerin s\u0131n\u0131rs\u0131z \u00f6zg\u00fcrl\u00fc\u011fe sahip oldu\u011fu anlam\u0131na gelmez.<\/p>\n\n\n\n<p class=\"wp-block-paragraph\">Aksine a\u00e7\u0131k cezaevi sistemi, b\u00fcy\u00fck \u00f6l\u00e7\u00fcde h\u00fck\u00fcml\u00fcn\u00fcn g\u00fcven esas\u0131na dayal\u0131 davranmas\u0131na ba\u011fl\u0131d\u0131r.<\/p>\n\n\n\n<p class=\"wp-block-paragraph\">A\u015fa\u011f\u0131daki davran\u0131\u015flar ciddi sonu\u00e7lar do\u011furabilir:<\/p>\n\n\n\n<ul class=\"wp-block-list\">\n<li>\u0130zin s\u00fcresini ge\u00e7irmek,<\/li>\n\n\n\n<li>\u0130zinden zaman\u0131nda d\u00f6nmemek,<\/li>\n\n\n\n<li>Cezaevinden izinsiz ayr\u0131lmak,<\/li>\n\n\n\n<li>Disiplin kurallar\u0131n\u0131 ihlal etmek,<\/li>\n\n\n\n<li>Kavga etmek,<\/li>\n\n\n\n<li>Yasak e\u015fya bulundurmak,<\/li>\n\n\n\n<li>Kurum d\u00fczenini bozacak davran\u0131\u015flarda bulunmak,<\/li>\n\n\n\n<li>G\u00f6revlilerin talimatlar\u0131na ayk\u0131r\u0131 hareket etmek.<\/li>\n<\/ul>\n\n\n\n<p class=\"wp-block-paragraph\">Bu gibi durumlarda;<\/p>\n\n\n\n<ul class=\"wp-block-list\">\n<li>Disiplin cezas\u0131 uygulanabilir.<\/li>\n\n\n\n<li>A\u00e7\u0131k cezaevi hakk\u0131 kald\u0131r\u0131labilir.<\/li>\n\n\n\n<li>H\u00fck\u00fcml\u00fc yeniden kapal\u0131 ceza infaz kurumuna g\u00f6nderilebilir.<\/li>\n\n\n\n<li>Denetimli serbestli\u011fe ayr\u0131lma s\u00fcresi gecikebilir.<\/li>\n<\/ul>\n\n\n\n<p class=\"wp-block-paragraph\">Bu nedenle a\u00e7\u0131k cezaevinde bulunan h\u00fck\u00fcml\u00fclerin t\u00fcm kurallara titizlikle uymas\u0131 b\u00fcy\u00fck \u00f6nem ta\u015f\u0131maktad\u0131r.<\/p>\n\n\n\n<hr class=\"wp-block-separator has-alpha-channel-opacity\"\/>\n\n\n\n<h1 class=\"wp-block-heading\"><span class=\"ez-toc-section\" id=\"Sikca_Sorulan_Sorular_SSS\"><\/span>\u0427\u0430\u0441\u0442\u043e \u0437\u0430\u0434\u0430\u0432\u0430\u0435\u043c\u044b\u0435 \u0432\u043e\u043f\u0440\u043e\u0441\u044b (\u0427\u0417\u0412)<span class=\"ez-toc-section-end\"><\/span><\/h1>\n\n\n\n<h2 class=\"wp-block-heading\"><span class=\"ez-toc-section\" id=\"Acik_cezaevine_gecis_otomatik_midir\"><\/span>A\u00e7\u0131k cezaevine ge\u00e7i\u015f otomatik midir?<span class=\"ez-toc-section-end\"><\/span><\/h2>\n\n\n\n<p class=\"wp-block-paragraph\">Hay\u0131r. A\u00e7\u0131k cezaevine ge\u00e7i\u015f kendili\u011finden ger\u00e7ekle\u015fmez. H\u00fck\u00fcml\u00fcn\u00fcn iyi h\u00e2lli olmas\u0131 ve \u0130dare ve G\u00f6zlem Kurulunun olumlu de\u011ferlendirmesi gerekir.<\/p>\n\n\n\n<h2 class=\"wp-block-heading\"><span class=\"ez-toc-section\" id=\"Acik_cezaevinde_kalan_herkes_izin_kullanabilir_mi\"><\/span>A\u00e7\u0131k cezaevinde kalan herkes izin kullanabilir mi?<span class=\"ez-toc-section-end\"><\/span><\/h2>\n\n\n\n<p class=\"wp-block-paragraph\">Hay\u0131r. \u0130zin hakk\u0131 belirli \u015fartlar\u0131n ger\u00e7ekle\u015fmesine ba\u011fl\u0131d\u0131r. Disiplin cezas\u0131 bulunan veya iyi h\u00e2lli kabul edilmeyen h\u00fck\u00fcml\u00fcler izin hakk\u0131ndan yararlanamayabilir.<\/p>\n\n\n\n<h2 class=\"wp-block-heading\"><span class=\"ez-toc-section\" id=\"Acik_cezaevinde_her_hafta_eve_gidilebilir_mi\"><\/span>A\u00e7\u0131k cezaevinde her hafta eve gidilebilir mi?<span class=\"ez-toc-section-end\"><\/span><\/h2>\n\n\n\n<p class=\"wp-block-paragraph\">Hay\u0131r. A\u00e7\u0131k cezaevinde d\u00fczenli olarak her hafta eve gitme hakk\u0131 bulunmamaktad\u0131r. Eve \u00e7\u0131k\u0131\u015f yaln\u0131zca kanunda d\u00fczenlenen izinler kapsam\u0131nda m\u00fcmk\u00fcnd\u00fcr.<\/p>\n\n\n\n<h2 class=\"wp-block-heading\"><span class=\"ez-toc-section\" id=\"Acik_cezaevinde_telefon_kullanilabilir_mi\"><\/span>A\u00e7\u0131k cezaevinde telefon kullan\u0131labilir mi?<span class=\"ez-toc-section-end\"><\/span><\/h2>\n\n\n\n<p class=\"wp-block-paragraph\">Evet. Ancak telefon g\u00f6r\u00fc\u015fmeleri belirli g\u00fcn ve saatlerde, mevzuat\u0131n \u00f6ng\u00f6rd\u00fc\u011f\u00fc kurallar \u00e7er\u00e7evesinde yap\u0131lmaktad\u0131r.<\/p>\n\n\n\n<h2 class=\"wp-block-heading\"><span class=\"ez-toc-section\" id=\"Acik_cezaevinde_internet_kullanilabilir_mi\"><\/span>A\u00e7\u0131k cezaevinde internet kullan\u0131labilir mi?<span class=\"ez-toc-section-end\"><\/span><\/h2>\n\n\n\n<p class=\"wp-block-paragraph\">Hay\u0131r. A\u00e7\u0131k cezaevleri, serbest ya\u015fam alan\u0131 de\u011fildir. \u0130nternet kullan\u0131m\u0131 konusunda ceza infaz kurumlar\u0131nda \u00f6zel kurallar uygulanmaktad\u0131r.<\/p>\n\n\n\n<h2 class=\"wp-block-heading\"><span class=\"ez-toc-section\" id=\"Acik_cezaevinde_ziyaretci_kabul_edilir_mi\"><\/span>A\u00e7\u0131k cezaevinde ziyaret\u00e7i kabul edilir mi?<span class=\"ez-toc-section-end\"><\/span><\/h2>\n\n\n\n<p class=\"wp-block-paragraph\">Evet. A\u00e7\u0131k ve kapal\u0131 g\u00f6r\u00fc\u015f uygulamalar\u0131ndan ilgili mevzuat kapsam\u0131nda yararlan\u0131labilir.<\/p>\n\n\n\n<h2 class=\"wp-block-heading\"><span class=\"ez-toc-section\" id=\"Acik_cezaevinde_calisan_hukumluler_maas_alir_mi\"><\/span>A\u00e7\u0131k cezaevinde \u00e7al\u0131\u015fan h\u00fck\u00fcml\u00fcler maa\u015f al\u0131r m\u0131?<span class=\"ez-toc-section-end\"><\/span><\/h2>\n\n\n\n<p class=\"wp-block-paragraph\">\u00c7al\u0131\u015f\u0131lan i\u015fin niteli\u011fine g\u00f6re mevzuat kapsam\u0131nda \u00fccret \u00f6denmesi m\u00fcmk\u00fcnd\u00fcr.<\/p>\n\n\n\n<h2 class=\"wp-block-heading\"><span class=\"ez-toc-section\" id=\"Acik_cezaevinde_disiplin_cezasi_alinirsa_ne_olur\"><\/span>A\u00e7\u0131k cezaevinde disiplin cezas\u0131 al\u0131n\u0131rsa ne olur?<span class=\"ez-toc-section-end\"><\/span><\/h2>\n\n\n\n<p class=\"wp-block-paragraph\">Disiplin cezas\u0131n\u0131n niteli\u011fine g\u00f6re izin haklar\u0131 k\u0131s\u0131tlanabilir, a\u00e7\u0131k cezaevi stat\u00fcs\u00fc kaybedilebilir ve h\u00fck\u00fcml\u00fc yeniden kapal\u0131 ceza infaz kurumuna g\u00f6nderilebilir.<\/p>\n\n\n\n<h2 class=\"wp-block-heading\"><span class=\"ez-toc-section\" id=\"Acik_cezaevine_gecis_tarihi_nasil_hesaplanir\"><\/span>A\u00e7\u0131k cezaevine ge\u00e7i\u015f tarihi nas\u0131l hesaplan\u0131r?<span class=\"ez-toc-section-end\"><\/span><\/h2>\n\n\n\n<p class=\"wp-block-paragraph\">Bu hesaplama ceza s\u00fcresi, su\u00e7 t\u00fcr\u00fc, infaz rejimi ve ilgili kanun h\u00fck\u00fcmlerine g\u00f6re yap\u0131lmaktad\u0131r. Her dosya bak\u0131m\u0131ndan farkl\u0131 sonu\u00e7 ortaya \u00e7\u0131kabilir.<\/p>\n\n\n\n<h2 class=\"wp-block-heading\"><span class=\"ez-toc-section\" id=\"Acik_cezaevinden_sonra_denetimli_serbestlik_kesin_midir\"><\/span>A\u00e7\u0131k cezaevinden sonra denetimli serbestlik kesin midir?<span class=\"ez-toc-section-end\"><\/span><\/h2>\n\n\n\n<p class=\"wp-block-paragraph\">Hay\u0131r. Denetimli serbestli\u011fe ayr\u0131labilmek i\u00e7in de kanunda belirtilen \u015fartlar\u0131n ger\u00e7ekle\u015fmesi gerekir.<\/p>\n\n\n\n<hr class=\"wp-block-separator has-alpha-channel-opacity\"\/>\n\n\n\n<h1 class=\"wp-block-heading\"><span class=\"ez-toc-section\" id=\"Hukuki_Degerlendirme_ve_Muvekkil_Bilgilendirme\"><\/span>Hukuki De\u011ferlendirme ve M\u00fcvekkil Bilgilendirme<span class=\"ez-toc-section-end\"><\/span><\/h1>\n\n\n\n<p class=\"wp-block-paragraph\">A\u00e7\u0131k cezaevi s\u00fcreci, ceza infaz hukukunun en \u00f6nemli a\u015famalar\u0131ndan biridir. A\u00e7\u0131k cezaevine ayr\u0131lma, izin haklar\u0131n\u0131n kullan\u0131lmas\u0131 ve denetimli serbestli\u011fe ge\u00e7i\u015f s\u00fcre\u00e7leri; h\u00fck\u00fcml\u00fcn\u00fcn i\u015fledi\u011fi su\u00e7, ald\u0131\u011f\u0131 ceza, infaz hesab\u0131, iyi h\u00e2l de\u011ferlendirmesi ve ilgili mevzuat h\u00fck\u00fcmlerine g\u00f6re farkl\u0131l\u0131k g\u00f6stermektedir.<\/p>\n\n\n\n<p class=\"wp-block-paragraph\">Bu nedenle her dosyan\u0131n kendi \u00f6zellikleri dikkate al\u0131narak de\u011ferlendirilmesi gerekir. Uygulamada yanl\u0131\u015f hesaplanan infaz s\u00fcreleri veya eksik hukuki bilgi nedeniyle hak kay\u0131plar\u0131 ya\u015fanabilmektedir. \u00d6zellikle a\u00e7\u0131k cezaevine ge\u00e7i\u015f tarihi, izin hakk\u0131, denetimli serbestlik s\u00fcresi ve infaz hesaplamalar\u0131 konusunda uzman bir ceza avukat\u0131ndan hukuki destek al\u0131nmas\u0131, s\u00fcrecin do\u011fru \u015fekilde y\u00fcr\u00fct\u00fclmesi a\u00e7\u0131s\u0131ndan \u00f6nem ta\u015f\u0131maktad\u0131r.<\/p>\n\n\n\n<p class=\"wp-block-paragraph\">Bu i\u00e7erik yaln\u0131zca genel bilgilendirme amac\u0131yla haz\u0131rlanm\u0131\u015f olup hukuki dan\u0131\u015fmanl\u0131k niteli\u011finde de\u011fildir. Somut olay\u0131n \u00f6zelliklerine g\u00f6re farkl\u0131 hukuki sonu\u00e7lar ortaya \u00e7\u0131kabilece\u011finden, ki\u015fisel durumunuza ili\u015fkin de\u011ferlendirme i\u00e7in uzman g\u00f6r\u00fc\u015f\u00fc al\u0131nmas\u0131 tavsiye edilir.<\/p>\n\n\n\n<p class=\"wp-block-paragraph\">Daha fazla bilgi almak, infaz hukuku, a\u00e7\u0131k cezaevi s\u00fcreci, denetimli serbestlik uygulamalar\u0131 veya ceza infaz hesaplamalar\u0131 hakk\u0131nda hukuki dan\u0131\u015fmanl\u0131k talep etmek i\u00e7in <strong><a href=\"https:\/\/batinyilmaz.av.tr\/ru\/iletisim\/\">https:\/\/batinyilmaz.av.tr\/iletisim\/<\/a><\/strong> adresinden bizimle ileti\u015fime ge\u00e7ebilirsiniz.<\/p>\n\n\n\n<p class=\"wp-block-paragraph\"><strong>\u0410\u0434\u0432. \u0411\u0430\u0442\u0438\u043d \u0419\u042b\u041b\u041c\u0410\u0417<\/strong><\/p>\n\n\n\n<p class=\"wp-block-paragraph\"><\/p>","protected":false},"excerpt":{"rendered":"<p>A\u00e7\u0131k cezaevi s\u00fcreci, h\u00fck\u00fcml\u00fcn\u00fcn cezas\u0131n\u0131 kapal\u0131 ceza infaz kurumuna k\u0131yasla daha serbest ko\u015fullar alt\u0131nda infaz etmesine imk\u00e2n tan\u0131yan, ceza infaz hukukunun \u00f6nemli a\u015famalar\u0131ndan biridir. A\u00e7\u0131k ceza infaz kurumlar\u0131n\u0131n temel amac\u0131, h\u00fck\u00fcml\u00fcn\u00fcn yaln\u0131zca cezas\u0131n\u0131 infaz etmesini sa\u011flamak de\u011fil; ayn\u0131 zamanda yeniden topluma kazand\u0131r\u0131lmas\u0131n\u0131, sosyal ya\u015fama uyumunu art\u0131rmas\u0131n\u0131 ve denetimli serbestlik s\u00fcrecine haz\u0131rlanmas\u0131n\u0131 sa\u011flamakt\u0131r. Bir\u00e7ok ki\u015fi, hakk\u0131nda [&hellip;]<\/p>\n","protected":false},"author":2,"featured_media":2550,"comment_status":"open","ping_status":"open","sticky":false,"template":"","format":"standard","meta":{"_joinchat":[],"footnotes":""},"categories":[61],"tags":[318,319],"class_list":["post-2549","post","type-post","status-publish","format-standard","has-post-thumbnail","hentry","category-ceza-hukuku","tag-acik-cezaevi-infaz-sureci","tag-acik-cezaevi-sureci"],"_links":{"self":[{"href":"https:\/\/batinyilmaz.av.tr\/ru\/wp-json\/wp\/v2\/posts\/2549","targetHints":{"allow":["GET"]}}],"collection":[{"href":"https:\/\/batinyilmaz.av.tr\/ru\/wp-json\/wp\/v2\/posts"}],"about":[{"href":"https:\/\/batinyilmaz.av.tr\/ru\/wp-json\/wp\/v2\/types\/post"}],"author":[{"embeddable":true,"href":"https:\/\/batinyilmaz.av.tr\/ru\/wp-json\/wp\/v2\/users\/2"}],"replies":[{"embeddable":true,"href":"https:\/\/batinyilmaz.av.tr\/ru\/wp-json\/wp\/v2\/comments?post=2549"}],"version-history":[{"count":3,"href":"https:\/\/batinyilmaz.av.tr\/ru\/wp-json\/wp\/v2\/posts\/2549\/revisions"}],"predecessor-version":[{"id":3034,"href":"https:\/\/batinyilmaz.av.tr\/ru\/wp-json\/wp\/v2\/posts\/2549\/revisions\/3034"}],"wp:featuredmedia":[{"embeddable":true,"href":"https:\/\/batinyilmaz.av.tr\/ru\/wp-json\/wp\/v2\/media\/2550"}],"wp:attachment":[{"href":"https:\/\/batinyilmaz.av.tr\/ru\/wp-json\/wp\/v2\/media?parent=2549"}],"wp:term":[{"taxonomy":"category","embeddable":true,"href":"https:\/\/batinyilmaz.av.tr\/ru\/wp-json\/wp\/v2\/categories?post=2549"},{"taxonomy":"post_tag","embeddable":true,"href":"https:\/\/batinyilmaz.av.tr\/ru\/wp-json\/wp\/v2\/tags?post=2549"}],"curies":[{"name":"wp","href":"https:\/\/api.w.org\/{rel}","templated":true}]}}