{"id":2541,"date":"2025-12-23T10:01:22","date_gmt":"2025-12-23T07:01:22","guid":{"rendered":"https:\/\/batinyilmaz.av.tr\/?p=2541"},"modified":"2026-08-05T13:14:06","modified_gmt":"2026-08-05T10:14:06","slug":"istisnai-olarak-turk-vatandasliginin-kazanilmasi-basvurusu-sonrasi-hukuki-surec","status":"publish","type":"post","link":"https:\/\/batinyilmaz.av.tr\/ru\/istisnai-olarak-turk-vatandasliginin-kazanilmasi-basvurusu-sonrasi-hukuki-surec\/","title":{"rendered":"\u0130stisnai Olarak T\u00fcrk Vatanda\u015fl\u0131\u011f\u0131\u2019n\u0131n Kazan\u0131lmas\u0131 Ba\u015fvurusu Sonras\u0131 Hukuki S\u00fcre\u00e7"},"content":{"rendered":"<div id=\"ez-toc-container\" class=\"ez-toc-v2_0_85 counter-hierarchy ez-toc-counter ez-toc-grey ez-toc-container-direction\">\n<div class=\"ez-toc-title-container\">\n<p class=\"ez-toc-title\" style=\"cursor:inherit\">\u0417\u0430\u0433\u043e\u043b\u043e\u0432\u043a\u0438<\/p>\n<span class=\"ez-toc-title-toggle\"><a href=\"#\" class=\"ez-toc-pull-right ez-toc-btn ez-toc-btn-xs ez-toc-btn-default ez-toc-toggle\" aria-label=\"Toggle Table of Content\"><span class=\"ez-toc-js-icon-con\"><span class=\"\"><span class=\"eztoc-hide\" style=\"display:none;\">\u041f\u0435\u0440\u0435\u043a\u043b\u044e\u0447\u0430\u0442\u0435\u043b\u044c<\/span><span class=\"ez-toc-icon-toggle-span\"><svg style=\"fill: #999;color:#999\" xmlns=\"http:\/\/www.w3.org\/2000\/svg\" class=\"list-377408\" width=\"20px\" height=\"20px\" viewbox=\"0 0 24 24\" fill=\"none\"><path d=\"M6 6H4v2h2V6zm14 0H8v2h12V6zM4 11h2v2H4v-2zm16 0H8v2h12v-2zM4 16h2v2H4v-2zm16 0H8v2h12v-2z\" fill=\"currentColor\"><\/path><\/svg><svg style=\"fill: #999;color:#999\" class=\"arrow-unsorted-368013\" xmlns=\"http:\/\/www.w3.org\/2000\/svg\" width=\"10px\" height=\"10px\" viewbox=\"0 0 24 24\" version=\"1.2\" baseprofile=\"tiny\"><path d=\"M18.2 9.3l-6.2-6.3-6.2 6.3c-.2.2-.3.4-.3.7s.1.5.3.7c.2.2.4.3.7.3h11c.3 0 .5-.1.7-.3.2-.2.3-.5.3-.7s-.1-.5-.3-.7zM5.8 14.7l6.2 6.3 6.2-6.3c.2-.2.3-.5.3-.7s-.1-.5-.3-.7c-.2-.2-.4-.3-.7-.3h-11c-.3 0-.5.1-.7.3-.2.2-.3.5-.3.7s.1.5.3.7z\"\/><\/svg><\/span><\/span><\/span><\/a><\/span><\/div>\n<nav><ul class='ez-toc-list ez-toc-list-level-1' ><li class='ez-toc-page-1 ez-toc-heading-level-2'><a class=\"ez-toc-link ez-toc-heading-1\" href=\"https:\/\/batinyilmaz.av.tr\/ru\/istisnai-olarak-turk-vatandasliginin-kazanilmasi-basvurusu-sonrasi-hukuki-surec\/#Giris\" >\u0412\u0432\u0435\u0434\u0435\u043d\u0438\u0435<\/a><\/li><li class='ez-toc-page-1 ez-toc-heading-level-2'><a class=\"ez-toc-link ez-toc-heading-2\" href=\"https:\/\/batinyilmaz.av.tr\/ru\/istisnai-olarak-turk-vatandasliginin-kazanilmasi-basvurusu-sonrasi-hukuki-surec\/#1_Basvurunun_Sisteme_Alinmasi_ve_On_Inceleme\" >1. Ba\u015fvurunun Sisteme Al\u0131nmas\u0131 ve \u00d6n \u0130nceleme<\/a><\/li><li class='ez-toc-page-1 ez-toc-heading-level-2'><a class=\"ez-toc-link ez-toc-heading-3\" href=\"https:\/\/batinyilmaz.av.tr\/ru\/istisnai-olarak-turk-vatandasliginin-kazanilmasi-basvurusu-sonrasi-hukuki-surec\/#2_Guvenlik_ve_Arsiv_Arastirmasi_Asamasi\" >2. G\u00fcvenlik ve Ar\u015fiv Ara\u015ft\u0131rmas\u0131 A\u015famas\u0131<\/a><\/li><li class='ez-toc-page-1 ez-toc-heading-level-2'><a class=\"ez-toc-link ez-toc-heading-4\" href=\"https:\/\/batinyilmaz.av.tr\/ru\/istisnai-olarak-turk-vatandasliginin-kazanilmasi-basvurusu-sonrasi-hukuki-surec\/#3_Komisyon_ve_Kurumsal_Degerlendirme_Sureci\" >3. Komisyon ve Kurumsal De\u011ferlendirme S\u00fcreci<\/a><\/li><li class='ez-toc-page-1 ez-toc-heading-level-2'><a class=\"ez-toc-link ez-toc-heading-5\" href=\"https:\/\/batinyilmaz.av.tr\/ru\/istisnai-olarak-turk-vatandasliginin-kazanilmasi-basvurusu-sonrasi-hukuki-surec\/#4_Cumhurbaskani_Karari_Asamasi\" >4. Cumhurba\u015fkan\u0131 Karar\u0131 A\u015famas\u0131<\/a><\/li><li class='ez-toc-page-1 ez-toc-heading-level-2'><a class=\"ez-toc-link ez-toc-heading-6\" href=\"https:\/\/batinyilmaz.av.tr\/ru\/istisnai-olarak-turk-vatandasliginin-kazanilmasi-basvurusu-sonrasi-hukuki-surec\/#5_Kararin_Bildirilmesi_ve_Vatandasligin_Kazanilmasi\" >5. Karar\u0131n Bildirilmesi ve Vatanda\u015fl\u0131\u011f\u0131n Kazan\u0131lmas\u0131<\/a><\/li><li class='ez-toc-page-1 ez-toc-heading-level-2'><a class=\"ez-toc-link ez-toc-heading-7\" href=\"https:\/\/batinyilmaz.av.tr\/ru\/istisnai-olarak-turk-vatandasliginin-kazanilmasi-basvurusu-sonrasi-hukuki-surec\/#6_Ret_Karari_ve_Hukuki_Basvuru_Yollari\" >6. Ret Karar\u0131 ve Hukuki Ba\u015fvuru Yollar\u0131<\/a><\/li><\/ul><\/nav><\/div>\n\n<h2 class=\"wp-block-heading\"><span class=\"ez-toc-section\" id=\"Giris\"><\/span><strong>\u0412\u0432\u0435\u0434\u0435\u043d\u0438\u0435<\/strong><span class=\"ez-toc-section-end\"><\/span><\/h2>\n\n\n\n<p class=\"wp-block-paragraph\">\u0130stisnai olarak T\u00fcrk vatanda\u015fl\u0131\u011f\u0131n\u0131n kazan\u0131lmas\u0131, 5901 say\u0131l\u0131 T\u00fcrk Vatanda\u015fl\u0131\u011f\u0131 Kanunu\u2019nun 12. maddesi kapsam\u0131nda d\u00fczenlenmi\u015f olup; T\u00fcrkiye Cumhuriyeti\u2019nin milli g\u00fcvenli\u011fi, kamu d\u00fczeni, ekonomik ve sosyal menfaatleri a\u00e7\u0131s\u0131ndan \u00f6nem arz eden yabanc\u0131lara tan\u0131nan \u00f6zel bir vatanda\u015fl\u0131k yoludur. Bu kapsamda ba\u015fvurunun yap\u0131lmas\u0131 tek ba\u015f\u0131na vatanda\u015fl\u0131\u011f\u0131n kazan\u0131ld\u0131\u011f\u0131 anlam\u0131na gelmemekte, ba\u015fvurudan sonra birden fazla idari ve hukuki a\u015fama i\u015fletilmektedir.<\/p>\n\n\n\n<p class=\"wp-block-paragraph\">Bu yaz\u0131da, <strong>istisnai olarak T\u00fcrk vatanda\u015fl\u0131\u011f\u0131 ba\u015fvurusu yap\u0131ld\u0131ktan sonra izlenen a\u015famalar<\/strong>, ba\u015fvurunun de\u011ferlendirilmesi, karar s\u00fcreci ve ba\u015fvurucunun hukuki durumu ayr\u0131nt\u0131l\u0131 \u015fekilde ele al\u0131nmaktad\u0131r.<\/p>\n\n\n\n<h2 class=\"wp-block-heading\"><span class=\"ez-toc-section\" id=\"1_Basvurunun_Sisteme_Alinmasi_ve_On_Inceleme\"><\/span><strong>1. Ba\u015fvurunun Sisteme Al\u0131nmas\u0131 ve \u00d6n \u0130nceleme<\/strong><span class=\"ez-toc-section-end\"><\/span><\/h2>\n\n\n\n<p class=\"wp-block-paragraph\">\u0130stisnai vatanda\u015fl\u0131k ba\u015fvurusu, \u0130l N\u00fcfus ve Vatanda\u015fl\u0131k M\u00fcd\u00fcrl\u00fc\u011f\u00fc veya yetkili kurumlar arac\u0131l\u0131\u011f\u0131yla al\u0131nd\u0131ktan sonra <strong>Vatanda\u015fl\u0131k Ba\u015fvuru Sistemi<\/strong>ne kaydedilir. Bu a\u015famada:<\/p>\n\n\n\n<ul class=\"wp-block-list\">\n<li>Ba\u015fvuru dosyas\u0131n\u0131n usule uygun olup olmad\u0131\u011f\u0131,<\/li>\n\n\n\n<li>Zorunlu belgelerin eksiksiz sunulup sunulmad\u0131\u011f\u0131,<\/li>\n\n\n\n<li>Ba\u015fvurunun istisnai vatanda\u015fl\u0131k kapsam\u0131nda yap\u0131l\u0131p yap\u0131lmad\u0131\u011f\u0131<\/li>\n<\/ul>\n\n\n\n<p class=\"wp-block-paragraph\">kontrol edilir.<\/p>\n\n\n\n<p class=\"wp-block-paragraph\">Eksik veya hatal\u0131 belge bulunmas\u0131 h\u00e2linde, ba\u015fvuru sahibinden tamamlay\u0131c\u0131 evrak talep edilebilir. Bu a\u015fama, i\u015flemlerin sa\u011fl\u0131kl\u0131 ilerleyebilmesi a\u00e7\u0131s\u0131ndan b\u00fcy\u00fck \u00f6nem ta\u015f\u0131r.<\/p>\n\n\n\n<p class=\"wp-block-paragraph\">T\u00fcrk Vatanda\u015fl\u0131\u011f\u0131 ba\u015fvurusu yapan ve ba\u015fvurusu devam eden ki\u015filer, genellikle \u2018 \u0130stisnai Olarak T\u00fcrk Vatanda\u015fl\u0131\u011f\u0131 Kazan\u0131lmas\u0131 Ba\u015fvurunuza ili\u015fkin ara\u015ft\u0131rma ve de\u011ferlendirme s\u00fcreci devam etmektedir. \u2019 a\u015famas\u0131nda dosyas\u0131n\u0131n uzun s\u00fcre kald\u0131\u011f\u0131n\u0131 ve dosyas\u0131n\u0131n ilerlemedi\u011fi y\u00f6n\u00fcnde \u015fikayette bulunmaktad\u0131r. 8 ay\u0131 ge\u00e7en s\u00fcre ile dosya bu a\u015famada ise, T\u00fcrk Vatanda\u015fl\u0131\u011f\u0131 Ba\u015fvurusu dosyas\u0131nda eksiklik ya da bir sorun oldu\u011fu s\u00f6ylenebilir.&nbsp; Bu hususta ba\u015fvurucunun ba\u015fvurusu hakk\u0131nda gerekli ve yeterli bilgiyi almas\u0131 gerekir.<\/p>\n\n\n\n<h2 class=\"wp-block-heading\"><span class=\"ez-toc-section\" id=\"2_Guvenlik_ve_Arsiv_Arastirmasi_Asamasi\"><\/span><strong>2. G\u00fcvenlik ve Ar\u015fiv Ara\u015ft\u0131rmas\u0131 A\u015famas\u0131<\/strong><span class=\"ez-toc-section-end\"><\/span><\/h2>\n\n\n\n<p class=\"wp-block-paragraph\">Ba\u015fvurunun usulen kabul edilmesinden sonra en kritik a\u015famalardan biri olan <strong>g\u00fcvenlik ve ar\u015fiv ara\u015ft\u0131rmas\u0131<\/strong> s\u00fcrecine ge\u00e7ilir. Bu a\u015famada ilgili kamu kurumlar\u0131 taraf\u0131ndan;<\/p>\n\n\n\n<ul class=\"wp-block-list\">\n<li>Milli g\u00fcvenlik,<\/li>\n\n\n\n<li>\u041f\u0443\u0431\u043b\u0438\u0447\u043d\u044b\u0439 \u043f\u043e\u0440\u044f\u0434\u043e\u043a,<\/li>\n\n\n\n<li>Ter\u00f6r \u00f6rg\u00fctleriyle iltisak veya irtibat,<\/li>\n\n\n\n<li>Adli sicil ve ar\u015fiv kay\u0131tlar\u0131<\/li>\n<\/ul>\n\n\n\n<p class=\"wp-block-paragraph\">y\u00f6n\u00fcnden detayl\u0131 inceleme yap\u0131l\u0131r.<\/p>\n\n\n\n<p class=\"wp-block-paragraph\">Bu ara\u015ft\u0131rma, ba\u015fvurunun olumlu veya olumsuz sonu\u00e7lanmas\u0131nda belirleyici rol oynar. G\u00fcvenlik soru\u015fturmas\u0131n\u0131n s\u00fcresi dosyan\u0131n niteli\u011fine ve ilgili kurumlar\u0131n \u00e7al\u0131\u015fma temposuna g\u00f6re de\u011fi\u015fiklik g\u00f6sterebilir.<\/p>\n\n\n\n<p class=\"wp-block-paragraph\">Bu a\u015famada, sistem \u00fczerinden sorgu yap\u0131ld\u0131\u011f\u0131 vakit, \u2018 \u0130stisnai Olarak T\u00fcrk Vatanda\u015fl\u0131\u011f\u0131 Ba\u015fvurunuza ili\u015fkin ar\u015fiv ara\u015ft\u0131rmas\u0131 yap\u0131lmak \u00fczere ilgili kurumlara g\u00f6nderilmi\u015ftir. \u2019&nbsp; ibaresi g\u00f6r\u00fcnmektedir. Bu a\u015famada ilgili ar\u015fiv ara\u015ft\u0131rmas\u0131 hem Milli \u0130stihbarat Te\u015fkilat\u0131 taraf\u0131ndan hem de Emniyet Genel M\u00fcd\u00fcrl\u00fc\u011f\u00fc \u0130stihbarat Birimi taraf\u0131ndan ayr\u0131 ayr\u0131 yap\u0131l\u0131r.&nbsp;<\/p>\n\n\n\n<h2 class=\"wp-block-heading\"><span class=\"ez-toc-section\" id=\"3_Komisyon_ve_Kurumsal_Degerlendirme_Sureci\"><\/span><strong>3. Komisyon ve Kurumsal De\u011ferlendirme S\u00fcreci<\/strong><span class=\"ez-toc-section-end\"><\/span><\/h2>\n\n\n\n<p class=\"wp-block-paragraph\">G\u00fcvenlik soru\u015fturmas\u0131 tamamland\u0131ktan sonra ba\u015fvuru dosyas\u0131, ilgili <strong>komisyonlar ve Bakanl\u0131k birimleri<\/strong> taraf\u0131ndan de\u011ferlendirilir. Bu de\u011ferlendirmede:<\/p>\n\n\n\n<ul class=\"wp-block-list\">\n<li>Ba\u015fvurucunun T\u00fcrkiye\u2019ye sa\u011flad\u0131\u011f\u0131 veya sa\u011flayaca\u011f\u0131 katk\u0131,<\/li>\n\n\n\n<li>Ekonomik, sosyal, bilimsel, sportif veya k\u00fclt\u00fcrel alanlardaki durumu,<\/li>\n\n\n\n<li>Kamu yarar\u0131 kriterleri<\/li>\n<\/ul>\n\n\n\n<p class=\"wp-block-paragraph\">g\u00f6z \u00f6n\u00fcnde bulundurulur.<\/p>\n\n\n\n<p class=\"wp-block-paragraph\">\u0130stisnai vatanda\u015fl\u0131k, takdir yetkisine dayal\u0131 bir i\u015flem oldu\u011fundan, bu a\u015famada idarenin geni\u015f bir de\u011ferlendirme yetkisi bulunmaktad\u0131r.<\/p>\n\n\n\n<h2 class=\"wp-block-heading\"><span class=\"ez-toc-section\" id=\"4_Cumhurbaskani_Karari_Asamasi\"><\/span><strong>4. Cumhurba\u015fkan\u0131 Karar\u0131 A\u015famas\u0131<\/strong><span class=\"ez-toc-section-end\"><\/span><\/h2>\n\n\n\n<p class=\"wp-block-paragraph\">\u0130stisnai olarak T\u00fcrk vatanda\u015fl\u0131\u011f\u0131n\u0131n kazan\u0131lmas\u0131, <strong>Cumhurba\u015fkan\u0131 karar\u0131<\/strong> ile m\u00fcmk\u00fcnd\u00fcr. Komisyon ve Bakanl\u0131k de\u011ferlendirmelerinden olumlu ge\u00e7en dosyalar Cumhurba\u015fkanl\u0131\u011f\u0131 makam\u0131na sunulur.<\/p>\n\n\n\n<p class=\"wp-block-paragraph\">Cumhurba\u015fkan\u0131 taraf\u0131ndan:<\/p>\n\n\n\n<ul class=\"wp-block-list\">\n<li>Ba\u015fvurunun kabul\u00fcne,<\/li>\n\n\n\n<li>Ba\u015fvurunun reddine<\/li>\n<\/ul>\n\n\n\n<p class=\"wp-block-paragraph\">karar verilebilir. Bu karar, vatanda\u015fl\u0131\u011f\u0131n kazan\u0131lmas\u0131 a\u00e7\u0131s\u0131ndan nihai ve belirleyici a\u015famad\u0131r.<\/p>\n\n\n\n<h2 class=\"wp-block-heading\"><span class=\"ez-toc-section\" id=\"5_Kararin_Bildirilmesi_ve_Vatandasligin_Kazanilmasi\"><\/span><strong>5. Karar\u0131n Bildirilmesi ve Vatanda\u015fl\u0131\u011f\u0131n Kazan\u0131lmas\u0131<\/strong><span class=\"ez-toc-section-end\"><\/span><\/h2>\n\n\n\n<p class=\"wp-block-paragraph\">Cumhurba\u015fkan\u0131 taraf\u0131ndan kabul karar\u0131 verilmesi h\u00e2linde, karar ilgili n\u00fcfus m\u00fcd\u00fcrl\u00fc\u011f\u00fcne bildirilir ve ba\u015fvurucu ad\u0131na:<\/p>\n\n\n\n<ul class=\"wp-block-list\">\n<li>T\u00fcrk vatanda\u015fl\u0131\u011f\u0131 tescil i\u015flemleri yap\u0131l\u0131r,<\/li>\n\n\n\n<li>N\u00fcfus kay\u0131tlar\u0131 olu\u015fturulur,<\/li>\n\n\n\n<li>Kimlik kart\u0131 ba\u015fvuru s\u00fcreci ba\u015flat\u0131l\u0131r.<\/li>\n<\/ul>\n\n\n\n<p class=\"wp-block-paragraph\">Vatanda\u015fl\u0131k, <strong>karar tarihinden itibaren<\/strong> h\u00fck\u00fcm ve sonu\u00e7 do\u011furur.<\/p>\n\n\n\n<h2 class=\"wp-block-heading\"><span class=\"ez-toc-section\" id=\"6_Ret_Karari_ve_Hukuki_Basvuru_Yollari\"><\/span><strong>6. Ret Karar\u0131 ve Hukuki Ba\u015fvuru Yollar\u0131<\/strong><span class=\"ez-toc-section-end\"><\/span><\/h2>\n\n\n\n<p class=\"wp-block-paragraph\">Ba\u015fvurunun reddedilmesi h\u00e2linde, ret karar\u0131 ba\u015fvuru sahibine tebli\u011f edilir. Ret karar\u0131na kar\u015f\u0131:<\/p>\n\n\n\n<ul class=\"wp-block-list\">\n<li>\u0130dari itiraz yollar\u0131,<\/li>\n\n\n\n<li>\u0130dare Mahkemesi nezdinde iptal davas\u0131<\/li>\n<\/ul>\n\n\n\n<p class=\"wp-block-paragraph\">a\u00e7\u0131lmas\u0131 m\u00fcmk\u00fcnd\u00fcr. \u0130stisnai vatanda\u015fl\u0131k ba\u015fvurular\u0131nda yarg\u0131sal denetim, i\u015flemin <strong>usul ve hukuka uygunlu\u011fu<\/strong> ile s\u0131n\u0131rl\u0131d\u0131r. T\u00fcrk Vatanda\u015fl\u0131\u011f\u0131 ba\u015fvurusunun reddine y\u00f6nelik karara kar\u015f\u0131 yap\u0131lacak olan hukuki i\u015flemlere <a href=\"https:\/\/batinyilmaz.av.tr\/ru\/evlilik-yoluyla-yapilan-turk-vatandasligi-basvurusunun-reddi-cozum-yontemleri\/\">https:\/\/batinyilmaz.av.tr\/evlilik-yoluyla-yapilan-turk-vatandasligi-basvurusunun-reddi-cozum-yontemleri\/<\/a> linkimiz \u00fczerinden ula\u015fabilirsiniz.<\/p>\n\n\n\n<p class=\"wp-block-paragraph\">\u0410\u0434\u0432. \u0411\u0430\u0442\u0438\u043d \u0419\u042b\u041b\u041c\u0410\u0417<\/p>","protected":false},"excerpt":{"rendered":"<p>Giri\u015f \u0130stisnai olarak T\u00fcrk vatanda\u015fl\u0131\u011f\u0131n\u0131n kazan\u0131lmas\u0131, 5901 say\u0131l\u0131 T\u00fcrk Vatanda\u015fl\u0131\u011f\u0131 Kanunu\u2019nun 12. maddesi kapsam\u0131nda d\u00fczenlenmi\u015f olup; T\u00fcrkiye Cumhuriyeti\u2019nin milli g\u00fcvenli\u011fi, kamu d\u00fczeni, ekonomik ve sosyal menfaatleri a\u00e7\u0131s\u0131ndan \u00f6nem arz eden yabanc\u0131lara tan\u0131nan \u00f6zel bir vatanda\u015fl\u0131k yoludur. Bu kapsamda ba\u015fvurunun yap\u0131lmas\u0131 tek ba\u015f\u0131na vatanda\u015fl\u0131\u011f\u0131n kazan\u0131ld\u0131\u011f\u0131 anlam\u0131na gelmemekte, ba\u015fvurudan sonra birden fazla idari ve hukuki a\u015fama i\u015fletilmektedir. [&hellip;]<\/p>\n","protected":false},"author":2,"featured_media":2547,"comment_status":"open","ping_status":"open","sticky":false,"template":"","format":"standard","meta":{"_joinchat":[],"footnotes":""},"categories":[121],"tags":[315,316],"class_list":["post-2541","post","type-post","status-publish","format-standard","has-post-thumbnail","hentry","category-yabancilar-hukuku","tag-istisnai-olarak-turk-vatandasligi","tag-turk-vatandasliginin-istisnai-olarak-kazanilmasi"],"_links":{"self":[{"href":"https:\/\/batinyilmaz.av.tr\/ru\/wp-json\/wp\/v2\/posts\/2541","targetHints":{"allow":["GET"]}}],"collection":[{"href":"https:\/\/batinyilmaz.av.tr\/ru\/wp-json\/wp\/v2\/posts"}],"about":[{"href":"https:\/\/batinyilmaz.av.tr\/ru\/wp-json\/wp\/v2\/types\/post"}],"author":[{"embeddable":true,"href":"https:\/\/batinyilmaz.av.tr\/ru\/wp-json\/wp\/v2\/users\/2"}],"replies":[{"embeddable":true,"href":"https:\/\/batinyilmaz.av.tr\/ru\/wp-json\/wp\/v2\/comments?post=2541"}],"version-history":[{"count":1,"href":"https:\/\/batinyilmaz.av.tr\/ru\/wp-json\/wp\/v2\/posts\/2541\/revisions"}],"predecessor-version":[{"id":2543,"href":"https:\/\/batinyilmaz.av.tr\/ru\/wp-json\/wp\/v2\/posts\/2541\/revisions\/2543"}],"wp:featuredmedia":[{"embeddable":true,"href":"https:\/\/batinyilmaz.av.tr\/ru\/wp-json\/wp\/v2\/media\/2547"}],"wp:attachment":[{"href":"https:\/\/batinyilmaz.av.tr\/ru\/wp-json\/wp\/v2\/media?parent=2541"}],"wp:term":[{"taxonomy":"category","embeddable":true,"href":"https:\/\/batinyilmaz.av.tr\/ru\/wp-json\/wp\/v2\/categories?post=2541"},{"taxonomy":"post_tag","embeddable":true,"href":"https:\/\/batinyilmaz.av.tr\/ru\/wp-json\/wp\/v2\/tags?post=2541"}],"curies":[{"name":"wp","href":"https:\/\/api.w.org\/{rel}","templated":true}]}}