{"id":2520,"date":"2025-12-21T12:05:14","date_gmt":"2025-12-21T09:05:14","guid":{"rendered":"https:\/\/batinyilmaz.av.tr\/?p=2520"},"modified":"2025-12-21T12:05:16","modified_gmt":"2025-12-21T09:05:16","slug":"dovizle-askerlik-islemi-sartlar-basvuru-sureci-ve-hukuki-rehber-2026","status":"publish","type":"post","link":"https:\/\/batinyilmaz.av.tr\/ru\/dovizle-askerlik-islemi-sartlar-basvuru-sureci-ve-hukuki-rehber-2026\/","title":{"rendered":"D\u00f6vizle Askerlik \u0130\u015flemi: \u015eartlar, Ba\u015fvuru S\u00fcreci ve Hukuki Rehber 2026"},"content":{"rendered":"<p class=\"wp-block-paragraph\"><strong>D\u00f6vizle Askerlik \u0130\u015flemi Nedir?<\/strong><\/p>\n\n\n\n<p class=\"wp-block-paragraph\"><strong>D\u00f6vizle askerlik i\u015flemi<\/strong>, yurt d\u0131\u015f\u0131nda ya\u015fayan veya \u00e7al\u0131\u015fan T\u00fcrk vatanda\u015flar\u0131n\u0131n, belirli \u015fartlar\u0131 sa\u011flamalar\u0131 h\u00e2linde T\u00fcrkiye\u2019de fiil\u00ee askerlik hizmeti yapmadan askerlik y\u00fck\u00fcml\u00fcl\u00fc\u011f\u00fcn\u00fc yerine getirmelerine olanak tan\u0131yan \u00f6zel bir askerlik uygulamas\u0131d\u0131r. Bu sistem, yurt d\u0131\u015f\u0131nda kurulu d\u00fczeni bulunan vatanda\u015flar\u0131n ekonomik ve sosyal haklar\u0131n\u0131 kaybetmemesi amac\u0131yla d\u00fczenlenmi\u015ftir.<\/p>\n\n\n\n<p class=\"wp-block-paragraph\">Bu yaz\u0131da; <strong>d\u00f6vizle askerlikten kimler faydalanabilir<\/strong>, <strong>\u00e7ifte vatanda\u015flar\u0131n askerlik durumu<\/strong>, <strong>yurt d\u0131\u015f\u0131nda ya\u015fayanlar\u0131n askerlik durumu<\/strong>, <strong>sonradan T\u00fcrk vatanda\u015f\u0131 olanlar\u0131n askerlik durumu<\/strong>, <strong>d\u00f6vizle askerlik dilek\u00e7esi<\/strong> \u0438 <strong>d\u00f6vizle askerlik dan\u0131\u015fmanl\u0131\u011f\u0131<\/strong> konular\u0131 ayr\u0131nt\u0131l\u0131 olarak ele al\u0131nmaktad\u0131r.<\/p>\n\n\n\n<hr class=\"wp-block-separator has-alpha-channel-opacity\"\/>\n\n\n\n<p class=\"wp-block-paragraph\"><strong>D\u00f6vizle Askerlikten Kimler Faydalanabilir?<\/strong><\/p>\n\n\n\n<p class=\"wp-block-paragraph\"><strong>1. Yurt D\u0131\u015f\u0131nda \u00c7al\u0131\u015fanlar<\/strong><\/p>\n\n\n\n<p class=\"wp-block-paragraph\">A\u015fa\u011f\u0131daki stat\u00fclerden birine sahip olanlar d\u00f6vizle askerlikten yararlanabilir:<\/p>\n\n\n\n<ul class=\"wp-block-list\">\n<li>\u0130\u015f\u00e7i<\/li>\n\n\n\n<li>\u0130\u015fveren<\/li>\n\n\n\n<li>Meslek veya sanat mensubu<\/li>\n\n\n\n<li>Yabanc\u0131 band\u0131ral\u0131 gemilerde \u00e7al\u0131\u015fan gemi adamlar\u0131<\/li>\n<\/ul>\n\n\n\n<p class=\"wp-block-paragraph\">Bu ki\u015filerin, <strong>yurt d\u0131\u015f\u0131nda en az 3 y\u0131l (1095 g\u00fcn)<\/strong> fiilen \u00e7al\u0131\u015fm\u0131\u015f olmalar\u0131 ve bu durumu resm\u00ee belgelerle ispatlamalar\u0131 gerekir.<\/p>\n\n\n\n<p class=\"wp-block-paragraph\"><strong>2. \u00c7ifte Vatanda\u015flar\u0131n Askerlik Durumu<\/strong><\/p>\n\n\n\n<p class=\"wp-block-paragraph\">\u00c7ok vatanda\u015fl\u0131\u011fa sahip T\u00fcrk vatanda\u015flar\u0131 i\u00e7in <strong>fiil\u00ee \u00e7al\u0131\u015fma \u015fart\u0131 aranmaz<\/strong>. Ancak:<\/p>\n\n\n\n<ul class=\"wp-block-list\">\n<li>En az <strong>1095 g\u00fcn yurt d\u0131\u015f\u0131nda bulunmu\u015f olmalar\u0131<\/strong><\/li>\n\n\n\n<li>Bu s\u00fcrenin, vatanda\u015f\u0131 olduklar\u0131 \u00fclkelerde ge\u00e7mi\u015f olmas\u0131 gerekir.<\/li>\n<\/ul>\n\n\n\n<p class=\"wp-block-paragraph\"><strong>3. Yurt D\u0131\u015f\u0131nda Do\u011fup S\u00fcresiz Oturma \u0130zni Olanlar<\/strong><\/p>\n\n\n\n<p class=\"wp-block-paragraph\">Yurt d\u0131\u015f\u0131nda do\u011fmu\u015f ve s\u00fcresiz ikamet iznine sahip olan T\u00fcrk vatanda\u015flar\u0131 i\u00e7in:<\/p>\n\n\n\n<ul class=\"wp-block-list\">\n<li>\u00c7al\u0131\u015fma \u015fart\u0131 aranmaz<\/li>\n\n\n\n<li>En az <strong>3 y\u0131l fiilen yurt d\u0131\u015f\u0131nda bulunma<\/strong> \u015fart\u0131 yeterlidir<\/li>\n<\/ul>\n\n\n\n<hr class=\"wp-block-separator has-alpha-channel-opacity\"\/>\n\n\n\n<p class=\"wp-block-paragraph\"><strong>Sonradan T\u00fcrk Vatanda\u015f\u0131 Olanlar\u0131n Askerlik Durumu<\/strong><\/p>\n\n\n\n<p class=\"wp-block-paragraph\">Sonradan T\u00fcrk vatanda\u015fl\u0131\u011f\u0131n\u0131 kazanan ki\u015filer de d\u00f6vizle askerlik i\u015flemi yapabilir. Ancak:<\/p>\n\n\n\n<ul class=\"wp-block-list\">\n<li>Vatanda\u015fl\u0131k \u00f6ncesi yurt d\u0131\u015f\u0131 s\u00fcreleri belgelenmelidir<\/li>\n\n\n\n<li>Oturma veya \u00e7al\u0131\u015fma izni bulunmal\u0131d\u0131r<\/li>\n\n\n\n<li>Ka\u00e7ak \u00e7al\u0131\u015fma, iltica veya resm\u00ee g\u00f6revli olarak ge\u00e7irilen s\u00fcreler dikkate al\u0131nmaz<\/li>\n<\/ul>\n\n\n\n<p class=\"wp-block-paragraph\">Bu gruptaki ba\u015fvurular genellikle detayl\u0131 incelemeye tabi tutuldu\u011fundan <strong>d\u00f6vizle askerlik dan\u0131\u015fmanl\u0131\u011f\u0131<\/strong> al\u0131nmas\u0131 \u00f6nemlidir.<\/p>\n\n\n\n<hr class=\"wp-block-separator has-alpha-channel-opacity\"\/>\n\n\n\n<p class=\"wp-block-paragraph\"><strong>D\u00f6vizle Askerlik Ba\u015fvuru \u015eartlar\u0131<\/strong><\/p>\n\n\n\n<p class=\"wp-block-paragraph\">D\u00f6vizle askerlik i\u015flemi i\u00e7in temel \u015fartlar \u015funlard\u0131r:<\/p>\n\n\n\n<ul class=\"wp-block-list\">\n<li>Uzaktan e\u011fitim program\u0131n\u0131n tamamlanmas\u0131<\/li>\n\n\n\n<li>Fiil\u00ee askerlik hizmetine ba\u015flanmam\u0131\u015f olmas\u0131<\/li>\n\n\n\n<li>Kanunda belirlenen d\u00f6viz bedelinin <strong>pe\u015fin<\/strong> \u00f6denmesi<\/li>\n\n\n\n<li>Ge\u00e7erli pasaport ibraz edilmesi<\/li>\n\n\n\n<li>Ba\u015fvurunun T\u00fcrk konsolosluklar\u0131 arac\u0131l\u0131\u011f\u0131yla yap\u0131lmas\u0131<\/li>\n<\/ul>\n\n\n\n<hr class=\"wp-block-separator has-alpha-channel-opacity\"\/>\n\n\n\n<p class=\"wp-block-paragraph\"><strong>D\u00f6vizle Askerlik Ba\u015fvuru S\u00fcreci<\/strong><\/p>\n\n\n\n<p class=\"wp-block-paragraph\"><strong>Ad\u0131m Ad\u0131m D\u00f6vizle Askerlik \u0130\u015flemi<\/strong><\/p>\n\n\n\n<ol start=\"1\" class=\"wp-block-list\">\n<li>Uzaktan e\u011fitim sistemine giri\u015f yap\u0131lmas\u0131<\/li>\n\n\n\n<li>E\u011fitim mod\u00fcllerinin tamamlanmas\u0131<\/li>\n\n\n\n<li>Gerekli belgelerin haz\u0131rlanmas\u0131<\/li>\n\n\n\n<li>Konsoloslu\u011fa \u015fahsen veya vekil arac\u0131l\u0131\u011f\u0131yla ba\u015fvuru<\/li>\n\n\n\n<li>D\u00f6viz bedelinin \u00f6denmesi<\/li>\n\n\n\n<li>D\u00f6vizle askerlik ba\u015fvuru belgesinin imzalanmas\u0131<\/li>\n<\/ol>\n\n\n\n<p class=\"wp-block-paragraph\">Bu i\u015flemler tamamland\u0131\u011f\u0131nda y\u00fck\u00fcml\u00fc, askerlik hizmetini yerine getirmi\u015f say\u0131l\u0131r.<\/p>\n\n\n\n<hr class=\"wp-block-separator has-alpha-channel-opacity\"\/>\n\n\n\n<p class=\"wp-block-paragraph\"><strong>D\u00f6vizle Askerlik Dilek\u00e7esi Nas\u0131l Haz\u0131rlan\u0131r?<\/strong><\/p>\n\n\n\n<p class=\"wp-block-paragraph\">D\u00f6vizle askerlik dilek\u00e7esi:<\/p>\n\n\n\n<ul class=\"wp-block-list\">\n<li>A\u00e7\u0131k, net ve do\u011fru bilgiler i\u00e7ermelidir<\/li>\n\n\n\n<li>Ba\u015fvuru stat\u00fcs\u00fcn\u00fc (i\u015f\u00e7i, \u00e7ifte vatanda\u015f vb.) belirtmelidir<\/li>\n\n\n\n<li>Sunulan belgelerle \u00e7eli\u015fmemelidir<\/li>\n<\/ul>\n\n\n\n<p class=\"wp-block-paragraph\">Eksik veya hatal\u0131 dilek\u00e7eler ba\u015fvurunun reddine neden olabilir.<\/p>\n\n\n\n<hr class=\"wp-block-separator has-alpha-channel-opacity\"\/>\n\n\n\n<p class=\"wp-block-paragraph\"><strong>D\u00f6vizle Askerlik \u00d6deme Esaslar\u0131<\/strong><\/p>\n\n\n\n<ul class=\"wp-block-list\">\n<li>\u00d6deme <strong>tek seferde<\/strong> yap\u0131l\u0131r<\/li>\n\n\n\n<li>Tutar, memur ayl\u0131k katsay\u0131s\u0131 esas al\u0131narak belirlenir<\/li>\n\n\n\n<li>Avro veya konvertibl yabanc\u0131 para kabul edilir<\/li>\n\n\n\n<li>Taksitlendirme m\u00fcmk\u00fcn de\u011fildir<\/li>\n<\/ul>\n\n\n\n<hr class=\"wp-block-separator has-alpha-channel-opacity\"\/>\n\n\n\n<p class=\"wp-block-paragraph\"><strong>D\u00f6vizle Askerlikte Ba\u015fvurunun \u0130ptaline Neden Olan Haller<\/strong><\/p>\n\n\n\n<ul class=\"wp-block-list\">\n<li>Sahte belge sunulmas\u0131<\/li>\n\n\n\n<li>Yanl\u0131\u015f beyanda bulunulmas\u0131<\/li>\n\n\n\n<li>\u00c7al\u0131\u015fma veya bulunma s\u00fcresinin sonradan yetersiz \u00e7\u0131kmas\u0131<\/li>\n\n\n\n<li>D\u00f6viz bedelinin \u00f6denmemesi<\/li>\n\n\n\n<li>Fiil\u00ee askerlik hizmetine ba\u015flanmas\u0131<\/li>\n<\/ul>\n\n\n\n<hr class=\"wp-block-separator has-alpha-channel-opacity\"\/>\n\n\n\n<p class=\"wp-block-paragraph\"><strong>D\u00f6vizle Askerlik Dan\u0131\u015fmanl\u0131\u011f\u0131 Neden Gereklidir?<\/strong><\/p>\n\n\n\n<p class=\"wp-block-paragraph\">Her ba\u015fvuru dosyas\u0131 farkl\u0131d\u0131r. \u00d6zellikle:<\/p>\n\n\n\n<ul class=\"wp-block-list\">\n<li>\u00c7ifte vatanda\u015flar<\/li>\n\n\n\n<li>Sonradan T\u00fcrk vatanda\u015f\u0131 olanlar<\/li>\n\n\n\n<li>Uzun s\u00fcreli yurt d\u0131\u015f\u0131 ge\u00e7mi\u015fi olanlar<\/li>\n<\/ul>\n\n\n\n<p class=\"wp-block-paragraph\">i\u00e7in hukuki dan\u0131\u015fmanl\u0131k, hak kayb\u0131 ya\u015fanmamas\u0131 a\u00e7\u0131s\u0131ndan b\u00fcy\u00fck \u00f6nem ta\u015f\u0131r.<\/p>\n\n\n\n<hr class=\"wp-block-separator has-alpha-channel-opacity\"\/>\n\n\n\n<p class=\"wp-block-paragraph\"><strong>TABLO: D\u00f6vizle Askerlikte Stat\u00fclere G\u00f6re \u015eartlar<\/strong><\/p>\n\n\n\n<figure class=\"wp-block-table\"><table class=\"has-fixed-layout\"><thead><tr><td><strong>Stat\u00fc<\/strong><\/td><td><strong>\u00c7al\u0131\u015fma \u015eart\u0131<\/strong><\/td><td><strong>Yurt D\u0131\u015f\u0131nda Bulunma S\u00fcresi<\/strong><\/td><\/tr><\/thead><tbody><tr><td>\u0130\u015f\u00e7i \/ \u0130\u015fveren<\/td><td>Var<\/td><td>En az 1095 g\u00fcn<\/td><\/tr><tr><td>Meslek \/ Sanat Mensubu<\/td><td>Var<\/td><td>En az 1095 g\u00fcn<\/td><\/tr><tr><td>Gemi Adam\u0131<\/td><td>Var<\/td><td>En az 1095 g\u00fcn<\/td><\/tr><tr><td>\u00c7ifte Vatanda\u015f<\/td><td>\u041e\u0442\u0441\u0443\u0442\u0441\u0442\u0432\u0443\u0435\u0442<\/td><td>En az 1095 g\u00fcn<\/td><\/tr><tr><td>Yurt D\u0131\u015f\u0131nda Do\u011fan (S\u00fcresiz \u0130kamet)<\/td><td>\u041e\u0442\u0441\u0443\u0442\u0441\u0442\u0432\u0443\u0435\u0442<\/td><td>En az 1095 g\u00fcn<\/td><\/tr><tr><td>Sonradan T\u00fcrk Vatanda\u015f\u0131<\/td><td>Duruma g\u00f6re<\/td><td>Belgelenmeli<\/td><\/tr><\/tbody><\/table><\/figure>\n\n\n\n<hr class=\"wp-block-separator has-alpha-channel-opacity\"\/>\n\n\n\n<p class=\"wp-block-paragraph\"><strong>SIK\u00c7A SORULAN SORULAR (SSS)<\/strong><\/p>\n\n\n\n<p class=\"wp-block-paragraph\"><strong>D\u00f6vizle askerlikten herkes yararlanabilir mi?<\/strong><\/p>\n\n\n\n<p class=\"wp-block-paragraph\">Hay\u0131r. Yurt d\u0131\u015f\u0131nda bulunma veya \u00e7al\u0131\u015fma \u015fartlar\u0131n\u0131 sa\u011flamayanlar yararlanamaz.<\/p>\n\n\n\n<p class=\"wp-block-paragraph\"><strong>\u00c7ifte vatanda\u015flar d\u00f6vizle askerlik yapabilir mi?<\/strong><\/p>\n\n\n\n<p class=\"wp-block-paragraph\">Evet. En az 3 y\u0131l yurt d\u0131\u015f\u0131nda bulunmu\u015f olmalar\u0131 yeterlidir.<\/p>\n\n\n\n<p class=\"wp-block-paragraph\"><strong>\u00d6\u011frenciler d\u00f6vizle askerlikten faydalanabilir mi?<\/strong><\/p>\n\n\n\n<p class=\"wp-block-paragraph\">Sadece \u00f6\u011frenci stat\u00fcs\u00fc yeterli de\u011fildir. Oturma veya \u00e7al\u0131\u015fma izni ile yasal stat\u00fc kazan\u0131lm\u0131\u015f olmal\u0131d\u0131r.<\/p>\n\n\n\n<p class=\"wp-block-paragraph\"><strong>D\u00f6vizle askerlik \u00f6demesi taksit yap\u0131labilir mi?<\/strong><\/p>\n\n\n\n<p class=\"wp-block-paragraph\">Hay\u0131r. \u00d6deme pe\u015fin yap\u0131lmak zorundad\u0131r.<\/p>\n\n\n\n<p class=\"wp-block-paragraph\"><strong>Ba\u015fvuru reddedilirse yeniden ba\u015fvuru yap\u0131labilir mi?<\/strong><\/p>\n\n\n\n<p class=\"wp-block-paragraph\">Evet. \u015eartlar sonradan sa\u011flan\u0131rsa tekrar ba\u015fvuru m\u00fcmk\u00fcnd\u00fcr.<\/p>\n\n\n\n<hr class=\"wp-block-separator has-alpha-channel-opacity\"\/>\n\n\n\n<p class=\"wp-block-paragraph\"><strong>\u0417\u0430\u043a\u043b\u044e\u0447\u0435\u043d\u0438\u0435<\/strong><\/p>\n\n\n\n<p class=\"wp-block-paragraph\"><strong>D\u00f6vizle askerlik i\u015flemi<\/strong>, yurt d\u0131\u015f\u0131nda ya\u015fayan T\u00fcrk vatanda\u015flar\u0131 i\u00e7in \u00f6nemli bir hakt\u0131r. Ancak s\u00fcre\u00e7; belge, s\u00fcre ve stat\u00fc de\u011ferlendirmeleri nedeniyle dikkatle y\u00fcr\u00fct\u00fclmelidir. \u00d6zellikle <strong>\u00e7ifte vatanda\u015flar\u0131n askerlik durumu<\/strong> \u0438 <strong>sonradan T\u00fcrk vatanda\u015f\u0131 olanlar\u0131n askerlik durumu<\/strong>, profesyonel de\u011ferlendirme gerektirir.<\/p>\n\n\n\n<p class=\"wp-block-paragraph\">Bu nedenle d\u00f6vizle askerlik dilek\u00e7esi haz\u0131rlanmas\u0131ndan ba\u015fvurunun tamamlanmas\u0131na kadar s\u00fcrecin <strong>hukuki destekle<\/strong> y\u00fcr\u00fct\u00fclmesi, ba\u015fvurunun sorunsuz sonu\u00e7lanmas\u0131n\u0131 sa\u011flar.<strong><\/strong><\/p>\n\n\n\n<p class=\"wp-block-paragraph\"><strong>D\u00f6vizle Askerlik Dan\u0131\u015fmanl\u0131\u011f\u0131 \u0130\u00e7in Bizimle \u0130leti\u015fime Ge\u00e7in<\/strong><\/p>\n\n\n\n<p class=\"wp-block-paragraph\">D\u00f6vizle askerlik i\u015flemi; stat\u00fc tespiti, s\u00fcre hesaplamas\u0131 ve belge incelemesi gerektiren <strong>hukuki bir s\u00fcre\u00e7tir<\/strong>. Yanl\u0131\u015f veya eksik yap\u0131lan ba\u015fvurular, telafisi g\u00fc\u00e7 hak kay\u0131plar\u0131na yol a\u00e7abilmektedir.<\/p>\n\n\n\n<p class=\"wp-block-paragraph\"><strong>\u00c7ifte vatanda\u015flar\u0131n askerlik durumu<\/strong>, <strong>sonradan T\u00fcrk vatanda\u015f\u0131 olanlar\u0131n askerlik durumu<\/strong> \u0438 <strong>yurt d\u0131\u015f\u0131nda ya\u015fayanlar\u0131n askerlik durumu<\/strong> gibi \u00f6zel de\u011ferlendirme gerektiren ba\u015fvurularda, s\u00fcrecin uzman bir avukat taraf\u0131ndan y\u00fcr\u00fct\u00fclmesi b\u00fcy\u00fck \u00f6nem ta\u015f\u0131r.<\/p>\n\n\n\n<p class=\"wp-block-paragraph\"><strong>\ud83d\udce7 E-Posta:<\/strong><br>info@batinyilmaz.av.tr<\/p>\n\n\n\n<p class=\"wp-block-paragraph\"><strong>\ud83d\udcde Telefon:<\/strong><\/p>\n\n\n\n<ol start=\"1\" class=\"wp-block-list\">\n<li>0 (532) 669 34 90<\/li>\n\n\n\n<li>0 (532) 732 34 90<\/li>\n<\/ol>\n\n\n\n<p class=\"wp-block-paragraph\"><strong>\ud83d\udccd Adres:<\/strong><br>Skyport Residence<br>Kat: 12 No: 133<br>Beylikd\u00fcz\u00fc \/ \u0130stanbul<\/p>\n\n\n\n<p class=\"wp-block-paragraph\">Uzman ekibimiz; <strong>d\u00f6vizle askerlik i\u015flemi<\/strong>, <strong>\u00e7ifte vatanda\u015flar\u0131n askerlik durumu<\/strong>, <strong>yurt d\u0131\u015f\u0131nda ya\u015fayanlar\u0131n askerlik durumu<\/strong> \u0438 <strong>sonradan T\u00fcrk vatanda\u015f\u0131 olanlar\u0131n askerlik durumu<\/strong> konular\u0131nda ba\u015fvurunuzu titizlikle de\u011ferlendirir ve s\u00fcreci sizin ad\u0131n\u0131za takip eder.<\/p>\n\n\n\n<p class=\"wp-block-paragraph\">\ud83d\udc49 <strong>D\u00f6vizle askerlik dan\u0131\u015fmanl\u0131\u011f\u0131 almak i\u00e7in bizimle ileti\u015fime ge\u00e7in.<\/strong><\/p>\n\n\n\n<p class=\"wp-block-paragraph\">\u0410\u0434\u0432. \u0411\u0430\u0442\u0438\u043d \u0419\u042b\u041b\u041c\u0410\u0417<\/p>","protected":false},"excerpt":{"rendered":"<p>D\u00f6vizle Askerlik \u0130\u015flemi Nedir? D\u00f6vizle askerlik i\u015flemi, yurt d\u0131\u015f\u0131nda ya\u015fayan veya \u00e7al\u0131\u015fan T\u00fcrk vatanda\u015flar\u0131n\u0131n, belirli \u015fartlar\u0131 sa\u011flamalar\u0131 h\u00e2linde T\u00fcrkiye\u2019de fiil\u00ee askerlik hizmeti yapmadan askerlik y\u00fck\u00fcml\u00fcl\u00fc\u011f\u00fcn\u00fc yerine getirmelerine olanak tan\u0131yan \u00f6zel bir askerlik uygulamas\u0131d\u0131r. Bu sistem, yurt d\u0131\u015f\u0131nda kurulu d\u00fczeni bulunan vatanda\u015flar\u0131n ekonomik ve sosyal haklar\u0131n\u0131 kaybetmemesi amac\u0131yla d\u00fczenlenmi\u015ftir. Bu yaz\u0131da; d\u00f6vizle askerlikten kimler faydalanabilir, \u00e7ifte [&hellip;]<\/p>\n","protected":false},"author":2,"featured_media":2522,"comment_status":"open","ping_status":"open","sticky":false,"template":"","format":"standard","meta":{"_joinchat":[],"footnotes":""},"categories":[1,235],"tags":[308,307],"class_list":["post-2520","post","type-post","status-publish","format-standard","has-post-thumbnail","hentry","category-genel","category-kamu-hukuku","tag-cifte-vatandas-askerlik","tag-dovizle-askerlik-islemi"],"_links":{"self":[{"href":"https:\/\/batinyilmaz.av.tr\/ru\/wp-json\/wp\/v2\/posts\/2520","targetHints":{"allow":["GET"]}}],"collection":[{"href":"https:\/\/batinyilmaz.av.tr\/ru\/wp-json\/wp\/v2\/posts"}],"about":[{"href":"https:\/\/batinyilmaz.av.tr\/ru\/wp-json\/wp\/v2\/types\/post"}],"author":[{"embeddable":true,"href":"https:\/\/batinyilmaz.av.tr\/ru\/wp-json\/wp\/v2\/users\/2"}],"replies":[{"embeddable":true,"href":"https:\/\/batinyilmaz.av.tr\/ru\/wp-json\/wp\/v2\/comments?post=2520"}],"version-history":[{"count":1,"href":"https:\/\/batinyilmaz.av.tr\/ru\/wp-json\/wp\/v2\/posts\/2520\/revisions"}],"predecessor-version":[{"id":2521,"href":"https:\/\/batinyilmaz.av.tr\/ru\/wp-json\/wp\/v2\/posts\/2520\/revisions\/2521"}],"wp:featuredmedia":[{"embeddable":true,"href":"https:\/\/batinyilmaz.av.tr\/ru\/wp-json\/wp\/v2\/media\/2522"}],"wp:attachment":[{"href":"https:\/\/batinyilmaz.av.tr\/ru\/wp-json\/wp\/v2\/media?parent=2520"}],"wp:term":[{"taxonomy":"category","embeddable":true,"href":"https:\/\/batinyilmaz.av.tr\/ru\/wp-json\/wp\/v2\/categories?post=2520"},{"taxonomy":"post_tag","embeddable":true,"href":"https:\/\/batinyilmaz.av.tr\/ru\/wp-json\/wp\/v2\/tags?post=2520"}],"curies":[{"name":"wp","href":"https:\/\/api.w.org\/{rel}","templated":true}]}}