{"id":2483,"date":"2025-12-19T12:20:59","date_gmt":"2025-12-19T09:20:59","guid":{"rendered":"https:\/\/batinyilmaz.av.tr\/?p=2483"},"modified":"2025-12-19T12:33:05","modified_gmt":"2025-12-19T09:33:05","slug":"taksirle-oldurme-sucu-ve-cezasi-tck-85","status":"publish","type":"post","link":"https:\/\/batinyilmaz.av.tr\/ru\/taksirle-oldurme-sucu-ve-cezasi-tck-85\/","title":{"rendered":"Taksirle \u00d6ld\u00fcrme Su\u00e7u ve Cezas\u0131 (TCK 85)"},"content":{"rendered":"<p class=\"wp-block-paragraph\"><strong>1) Taksirle \u00d6ld\u00fcrme (TCK 85) ne demek?<\/strong><\/p>\n\n\n\n<p class=\"wp-block-paragraph\"><strong>Taksirle \u00f6ld\u00fcrme<\/strong>, ki\u015finin&nbsp;<strong>kasten \u00f6ld\u00fcrme niyeti olmadan<\/strong>, ancak&nbsp;<strong>dikkat ve \u00f6zen y\u00fck\u00fcml\u00fcl\u00fc\u011f\u00fcne ayk\u0131r\u0131 davran\u0131\u015f\u0131<\/strong>&nbsp;nedeniyle&nbsp;<strong>bir insan\u0131n \u00f6l\u00fcm\u00fcne sebep olmas\u0131d\u0131r<\/strong>.<\/p>\n\n\n\n<p class=\"wp-block-paragraph\">Bu su\u00e7 \u00e7o\u011funlukla:<\/p>\n\n\n\n<ul class=\"wp-block-list\">\n<li><strong>trafik kazalar\u0131<\/strong>\u00a0(h\u0131z, k\u0131rm\u0131z\u0131 \u0131\u015f\u0131k, alkoll\u00fc ara\u00e7 kullanma vb.),<\/li>\n\n\n\n<li><strong>i\u015f kazalar\u0131<\/strong>\u00a0(i\u015f g\u00fcvenli\u011fi tedbirlerinin al\u0131nmamas\u0131),<\/li>\n\n\n\n<li><strong>t\u0131bbi uygulamalar<\/strong>\u00a0(malpraktis iddialar\u0131),<\/li>\n\n\n\n<li><strong>in\u015faat\/tehlikeli faaliyetler<\/strong>\u00a0(gerekli \u00f6nlemlerin ihmal edilmesi) gibi durumlarda g\u00fcndeme gelir.<\/li>\n<\/ul>\n\n\n\n<p class=\"wp-block-paragraph\">\u00d6nemli nokta: Burada \u201c\u00f6ld\u00fcrme kast\u0131\u201d yoktur; olay \u201cihmal, dikkatsizlik, tedbirsizlik\u201d gibi taksir h\u00e2lleriyle ger\u00e7ekle\u015fir.<\/p>\n\n\n\n<hr class=\"wp-block-separator has-alpha-channel-opacity\"\/>\n\n\n\n<p class=\"wp-block-paragraph\"><strong>2) TCK 85 Cezas\u0131 (2025): Ka\u00e7 Y\u0131l Hapis?<\/strong><\/p>\n\n\n\n<p class=\"wp-block-paragraph\">TCK 85 iki temel durumu ay\u0131r\u0131r:<\/p>\n\n\n\n<p class=\"wp-block-paragraph\"><strong>a) 1 ki\u015finin \u00f6l\u00fcm\u00fc (TCK 85\/1)<\/strong><\/p>\n\n\n\n<p class=\"wp-block-paragraph\">Bir ki\u015finin \u00f6l\u00fcm\u00fcne taksirle neden olunursa ceza:<br><strong>2 y\u0131ldan 6 y\u0131la kadar hapis<\/strong><\/p>\n\n\n\n<p class=\"wp-block-paragraph\"><strong>b) Birden fazla \u00f6l\u00fcm veya \u00f6l\u00fcm + yaralanma (TCK 85\/2)<\/strong><\/p>\n\n\n\n<p class=\"wp-block-paragraph\">Fiil;<\/p>\n\n\n\n<ul class=\"wp-block-list\">\n<li><strong>birden fazla ki\u015finin \u00f6l\u00fcm\u00fc<\/strong>, veya<\/li>\n\n\n\n<li><strong>en az bir ki\u015finin \u00f6l\u00fcm\u00fc + en az bir ki\u015finin yaralanmas\u0131<\/strong>\u00a0sonucunu do\u011furursa ceza:<strong>2 y\u0131ldan 15 y\u0131la kadar hapis<\/strong><\/li>\n<\/ul>\n\n\n\n<p class=\"wp-block-paragraph\">Uygulamada \u00f6zellikle trafik kazalar\u0131nda \u201c\u00f6l\u00fcm + yaralanma\u201d birlikte oldu\u011funda dosya \u00e7o\u011funlukla&nbsp;<strong>TCK 85\/2<\/strong>&nbsp;kapsam\u0131nda de\u011ferlendirilir.<\/p>\n\n\n\n<hr class=\"wp-block-separator has-alpha-channel-opacity\"\/>\n\n\n\n<p class=\"wp-block-paragraph\"><strong>3) Taksirle \u00d6ld\u00fcrmenin Unsurlar\u0131 (su\u00e7un olu\u015fmas\u0131 i\u00e7in gerekenler)<\/strong><\/p>\n\n\n\n<p class=\"wp-block-paragraph\">Bir olay\u0131n TCK 85 kapsam\u0131na girebilmesi i\u00e7in genel olarak \u015fu ba\u015fl\u0131klar incelenir:<\/p>\n\n\n\n<p class=\"wp-block-paragraph\"><strong>3.1. Taksir (dikkat ve \u00f6zen y\u00fck\u00fcml\u00fcl\u00fc\u011f\u00fcne ayk\u0131r\u0131l\u0131k)<\/strong><\/p>\n\n\n\n<p class=\"wp-block-paragraph\">Failin, objektif olarak beklenen dikkat\/\u00f6zen standard\u0131na ayk\u0131r\u0131 bir davran\u0131\u015f\u0131 olmal\u0131d\u0131r.\u00d6rnekler:<\/p>\n\n\n\n<ul class=\"wp-block-list\">\n<li>h\u0131z s\u0131n\u0131r\u0131n\u0131 a\u015fma,<\/li>\n\n\n\n<li>hatal\u0131 sollama,<\/li>\n\n\n\n<li>i\u015f g\u00fcvenli\u011fi ekipman\u0131 sa\u011flamama,<\/li>\n\n\n\n<li>riskli alanda gerekli \u00f6nlemi almama.<\/li>\n<\/ul>\n\n\n\n<p class=\"wp-block-paragraph\"><strong>3.2. Netice: \u00f6l\u00fcm<\/strong><\/p>\n\n\n\n<p class=\"wp-block-paragraph\">TCK 85\u2019te aranan netice&nbsp;<strong>insan \u00f6l\u00fcm\u00fc<\/strong>d\u00fcr.<\/p>\n\n\n\n<p class=\"wp-block-paragraph\"><strong>3.3. Nedensellik ba\u011f\u0131<\/strong><\/p>\n\n\n\n<p class=\"wp-block-paragraph\">Failin taksirli davran\u0131\u015f\u0131 ile \u00f6l\u00fcm aras\u0131nda&nbsp;<strong>neden-sonu\u00e7 ili\u015fkisi<\/strong>&nbsp;olmal\u0131d\u0131r.\u00d6rne\u011fin, \u00f6l\u00fcm tamamen ba\u015fka bir d\u0131\u015f etkenle meydana gelmi\u015fse taksirle \u00f6ld\u00fcrme olu\u015fmayabilir.<\/p>\n\n\n\n<p class=\"wp-block-paragraph\"><strong>3.4. Kusur de\u011ferlendirmesi<\/strong><\/p>\n\n\n\n<p class=\"wp-block-paragraph\">Taksirli su\u00e7larda ceza belirlenirken kusur \u00f6nemlidir. Yarg\u0131sal de\u011ferlendirme; olay\u0131n \u00f6zellikleri, ihlalin a\u011f\u0131rl\u0131\u011f\u0131, \u00f6ng\u00f6r\u00fclebilirlik ve al\u0131nmayan tedbirler gibi kriterlerle yap\u0131l\u0131r.<\/p>\n\n\n\n<hr class=\"wp-block-separator has-alpha-channel-opacity\"\/>\n\n\n\n<p class=\"wp-block-paragraph\"><strong>4) Taksirle \u00d6ld\u00fcrme ile \u201cKasten \u00d6ld\u00fcrme\u201d Aras\u0131ndaki Fark<\/strong><\/p>\n\n\n\n<p class=\"wp-block-paragraph\">En temel fark&nbsp;<strong>niyet (kast)<\/strong>&nbsp;unsurudur:<\/p>\n\n\n\n<ul class=\"wp-block-list\">\n<li><strong>Kasten \u00f6ld\u00fcrme<\/strong>: Fail sonucu ister veya sonucu g\u00f6ze al\u0131r.-\u00a0<strong>Taksirle \u00f6ld\u00fcrme<\/strong>: Fail sonucu istemez; ancak dikkat\/\u00f6zen y\u00fck\u00fcml\u00fcl\u00fc\u011f\u00fcn\u00fc ihlal eder ve \u00f6l\u00fcm meydana gelir.<\/li>\n<\/ul>\n\n\n\n<p class=\"wp-block-paragraph\">Bu ayr\u0131m, su\u00e7 vasf\u0131n\u0131 ve ceza aral\u0131\u011f\u0131n\u0131 k\u00f6kten de\u011fi\u015ftirir.<\/p>\n\n\n\n<hr class=\"wp-block-separator has-alpha-channel-opacity\"\/>\n\n\n\n<p class=\"wp-block-paragraph\"><strong>5) Uygulamada En S\u0131k G\u00f6r\u00fclen \u00d6rnekler<\/strong><\/p>\n\n\n\n<p class=\"wp-block-paragraph\"><strong>Trafik Kazas\u0131nda Taksirle \u00d6ld\u00fcrme<\/strong><\/p>\n\n\n\n<ul class=\"wp-block-list\">\n<li>H\u0131z ihlali, emniyet \u015feridi ihlali, k\u0131rm\u0131z\u0131 \u0131\u015f\u0131k, alkoll\u00fc ara\u00e7 kullanma gibi davran\u0131\u015flar taksir de\u011ferlendirmesinde \u00f6nemli rol oynar.<\/li>\n<\/ul>\n\n\n\n<p class=\"wp-block-paragraph\"><strong>\u0130\u015f Kazas\u0131nda Taksirle \u00d6ld\u00fcrme<\/strong><\/p>\n\n\n\n<ul class=\"wp-block-list\">\n<li>\u0130\u015fveren veya i\u015fveren vekili a\u00e7\u0131s\u0131ndan, i\u015f sa\u011fl\u0131\u011f\u0131 ve g\u00fcvenli\u011fi tedbirlerinin al\u0131nmamas\u0131 h\u00e2linde TCK 85 g\u00fcndeme gelebilir.<\/li>\n<\/ul>\n\n\n\n<p class=\"wp-block-paragraph\"><strong>T\u0131bbi Uygulama (malpraktis) \u0130ddialar\u0131<\/strong><\/p>\n\n\n\n<ul class=\"wp-block-list\">\n<li>T\u0131bbi standartlara ayk\u0131r\u0131l\u0131k ve \u00f6zen y\u00fck\u00fcml\u00fcl\u00fc\u011f\u00fcn\u00fcn ihlali iddias\u0131 varsa, olay\u0131n \u00f6zelliklerine g\u00f6re taksir tart\u0131\u015fmas\u0131 do\u011fabilir.<\/li>\n<\/ul>\n\n\n\n<p class=\"wp-block-paragraph\"><strong>\u0427\u0430\u0441\u0442\u043e \u0437\u0430\u0434\u0430\u0432\u0430\u0435\u043c\u044b\u0435 \u0432\u043e\u043f\u0440\u043e\u0441\u044b (\u0427\u0417\u0412)<\/strong><\/p>\n\n\n\n<p class=\"wp-block-paragraph\"><strong>1) Taksirle \u00f6ld\u00fcrme su\u00e7u nedir?<\/strong><\/p>\n\n\n\n<p class=\"wp-block-paragraph\">Ki\u015finin kas\u0131t olmaks\u0131z\u0131n,&nbsp;<strong>dikkatsizlik\/tedbirsizlik\/ihmal<\/strong>&nbsp;gibi nedenlerle&nbsp;<strong>bir insan\u0131n \u00f6l\u00fcm\u00fcne sebep olmas\u0131d\u0131r<\/strong>.<\/p>\n\n\n\n<p class=\"wp-block-paragraph\"><strong>2) TCK 85\/1 cezas\u0131 ka\u00e7 y\u0131l?<\/strong><\/p>\n\n\n\n<p class=\"wp-block-paragraph\"><strong>2 y\u0131ldan 6 y\u0131la kadar hapis<\/strong>&nbsp;cezas\u0131d\u0131r (1 ki\u015finin \u00f6l\u00fcm\u00fc).<\/p>\n\n\n\n<p class=\"wp-block-paragraph\"><strong>3) TCK 85\/2 cezas\u0131 ka\u00e7 y\u0131l?<\/strong><\/p>\n\n\n\n<p class=\"wp-block-paragraph\"><strong>2 y\u0131ldan 15 y\u0131la kadar hapis<\/strong>&nbsp;cezas\u0131d\u0131r. Bu f\u0131kra:<\/p>\n\n\n\n<ul class=\"wp-block-list\">\n<li>birden fazla \u00f6l\u00fcm, veya<\/li>\n\n\n\n<li>\u00f6l\u00fcmle birlikte yaralanma hallerinde uygulan\u0131r.<\/li>\n<\/ul>\n\n\n\n<p class=\"wp-block-paragraph\"><strong>4) Trafik kazas\u0131nda \u00f6l\u00fcm olursa her zaman TCK 85 mi uygulan\u0131r?<\/strong><\/p>\n\n\n\n<p class=\"wp-block-paragraph\">\u00c7o\u011fu olayda evet; ancak olay\u0131n ko\u015fullar\u0131na g\u00f6re su\u00e7 vasf\u0131 de\u011fi\u015febilir. \u00d6l\u00fcm\u00fcn kazayla ba\u011flant\u0131s\u0131, s\u00fcr\u00fcc\u00fcn\u00fcn ihlali ve kusur durumu incelenir.<\/p>\n\n\n\n<p class=\"wp-block-paragraph\"><strong>5) \u00d6l\u00fcmle birlikte bir ki\u015fi yaralan\u0131rsa hangi f\u0131kra uygulan\u0131r?<\/strong><\/p>\n\n\n\n<p class=\"wp-block-paragraph\">Genellikle&nbsp;<strong>TCK 85\/2<\/strong>&nbsp;uygulan\u0131r; \u00e7\u00fcnk\u00fc madde a\u00e7\u0131k\u00e7a \u201c\u00f6l\u00fcm + yaralanma\u201d h\u00e2lini 85\/2 kapsam\u0131nda sayar.<\/p>\n\n\n\n<p class=\"wp-block-paragraph\"><strong>6) Birden fazla ki\u015fi \u00f6l\u00fcrse ceza otomatik 15 y\u0131l m\u0131 olur?<\/strong><\/p>\n\n\n\n<p class=\"wp-block-paragraph\">Hay\u0131r. Kanun&nbsp;<strong>\u00fcst s\u0131n\u0131r\u0131 15 y\u0131l<\/strong>&nbsp;olarak belirler. Somut ceza; kusur, ihlalin a\u011f\u0131rl\u0131\u011f\u0131 ve olay\u0131n \u00f6zelliklerine g\u00f6re mahkemece belirlenir.<\/p>\n\n\n\n<p class=\"wp-block-paragraph\"><strong>7) Taksirle \u00f6ld\u00fcrmede \u201c\u015fik\u00e2yet\u201d gerekir mi?<\/strong><\/p>\n\n\n\n<p class=\"wp-block-paragraph\">TCK 85, genel olarak&nbsp;<strong>kamu davas\u0131 niteli\u011fi<\/strong>&nbsp;ta\u015f\u0131yan a\u011f\u0131r bir su\u00e7 tipidir; s\u00fcre\u00e7 \u00e7o\u011funlukla savc\u0131l\u0131k\u00e7a y\u00fcr\u00fct\u00fcl\u00fcr. (Somut olaya g\u00f6re soru\u015fturma ko\u015fullar\u0131 ve ba\u011fl\u0131 su\u00e7lar de\u011fi\u015febilece\u011finden dosya baz\u0131nda de\u011ferlendirme gerekir.)<\/p>\n\n\n\n<p class=\"wp-block-paragraph\"><strong>8) Taksirle \u00f6ld\u00fcrmede tutuklama olur mu?<\/strong><\/p>\n\n\n\n<p class=\"wp-block-paragraph\">Olay\u0131n \u00f6zelliklerine g\u00f6re olabilir. Ka\u00e7ma \u015f\u00fcphesi, delil karartma, cezan\u0131n \u00fcst s\u0131n\u0131r\u0131 ve olay\u0131n a\u011f\u0131rl\u0131\u011f\u0131 gibi kriterler de\u011ferlendirilir.<\/p>\n\n\n\n<p class=\"wp-block-paragraph\"><strong>9) \u201cHapis cezas\u0131\u201d mutlaka cezaevinde yat\u0131l\u0131r m\u0131?<\/strong><\/p>\n\n\n\n<p class=\"wp-block-paragraph\">Bu soru; h\u00fckm\u00fcn a\u00e7\u0131klanmas\u0131n\u0131n geri b\u0131rak\u0131lmas\u0131 (HAGB), erteleme, adli kontrol, cezan\u0131n miktar\u0131 gibi bir\u00e7ok de\u011fi\u015fkene ba\u011fl\u0131d\u0131r. TCK 85\u2019te ceza alt s\u0131n\u0131rlar\u0131 nedeniyle uygulama somut dosyaya g\u00f6re de\u011fi\u015fir.<\/p>\n\n\n\n<p class=\"wp-block-paragraph\"><strong>10) Taksirle \u00f6ld\u00fcrme ile \u201cihmali davran\u0131\u015fla \u00f6ld\u00fcrme\u201d ayn\u0131 \u015fey mi?<\/strong><\/p>\n\n\n\n<p class=\"wp-block-paragraph\">Hay\u0131r. TCK\u2019da&nbsp;<strong>ihmali davran\u0131\u015fla \u00f6ld\u00fcrme<\/strong>&nbsp;farkl\u0131 bir de\u011ferlendirme alan\u0131na girebilir. \u00d6zellikle ki\u015finin belirli bir y\u00fck\u00fcml\u00fcl\u00fc\u011f\u00fc bulunup bulunmad\u0131\u011f\u0131 (garant\u00f6rl\u00fck) gibi unsurlar \u00f6nem ta\u015f\u0131r.<\/p>\n\n\n\n<p class=\"wp-block-paragraph\"><strong>Sonu\u00e7 \/ \u00d6zet<\/strong><\/p>\n\n\n\n<p class=\"wp-block-paragraph\">Taksirle \u00f6ld\u00fcrme su\u00e7u (TCK 85),&nbsp;<strong>kast olmaks\u0131z\u0131n<\/strong>&nbsp;dikkat ve \u00f6zen y\u00fck\u00fcml\u00fcl\u00fc\u011f\u00fcn\u00fcn ihlali sonucu&nbsp;<strong>bir ki\u015finin \u00f6l\u00fcm\u00fcne<\/strong>&nbsp;(TCK 85\/1:&nbsp;<strong>2\u20136 y\u0131l<\/strong>) veya&nbsp;<strong>birden fazla \u00f6l\u00fcm ya da \u00f6l\u00fcmle birlikte yaralanmaya<\/strong>&nbsp;(TCK 85\/2:&nbsp;<strong>2\u201315 y\u0131l<\/strong>) neden olunmas\u0131 h\u00e2linde g\u00fcndeme gelir.&nbsp;<strong>Somut ceza ve su\u00e7 vasf\u0131; kusur, nedensellik ve olay\u0131n teknik \u00f6zelliklerine g\u00f6re<\/strong>&nbsp;belirlenir.<\/p>\n\n\n\n<p class=\"wp-block-paragraph\">Daha fazla bilgi i\u00e7in <a href=\"https:\/\/batinyilmaz.av.tr\/ru\/iletisim\/\">https:\/\/batinyilmaz.av.tr\/iletisim\/<\/a> adresimize mesaj g\u00f6nderebilirsiniz.<\/p>\n\n\n\n<p class=\"wp-block-paragraph\">\u0410\u0434\u0432. \u0411\u0430\u0442\u0438\u043d \u0419\u042b\u041b\u041c\u0410\u0417<\/p>\n\n\n\n<p class=\"wp-block-paragraph\"><\/p>","protected":false},"excerpt":{"rendered":"<p>1) Taksirle \u00d6ld\u00fcrme (TCK 85) ne demek? Taksirle \u00f6ld\u00fcrme, ki\u015finin&nbsp;kasten \u00f6ld\u00fcrme niyeti olmadan, ancak&nbsp;dikkat ve \u00f6zen y\u00fck\u00fcml\u00fcl\u00fc\u011f\u00fcne ayk\u0131r\u0131 davran\u0131\u015f\u0131&nbsp;nedeniyle&nbsp;bir insan\u0131n \u00f6l\u00fcm\u00fcne sebep olmas\u0131d\u0131r. Bu su\u00e7 \u00e7o\u011funlukla: \u00d6nemli nokta: Burada \u201c\u00f6ld\u00fcrme kast\u0131\u201d yoktur; olay \u201cihmal, dikkatsizlik, tedbirsizlik\u201d gibi taksir h\u00e2lleriyle ger\u00e7ekle\u015fir. 2) TCK 85 Cezas\u0131 (2025): Ka\u00e7 Y\u0131l Hapis? TCK 85 iki temel durumu ay\u0131r\u0131r: a) [&hellip;]<\/p>\n","protected":false},"author":2,"featured_media":2484,"comment_status":"open","ping_status":"open","sticky":false,"template":"","format":"standard","meta":{"_joinchat":[],"footnotes":""},"categories":[61],"tags":[300,301],"class_list":["post-2483","post","type-post","status-publish","format-standard","has-post-thumbnail","hentry","category-ceza-hukuku","tag-taksirle-oldurme-sucu-ve-cezasi","tag-tck-85"],"_links":{"self":[{"href":"https:\/\/batinyilmaz.av.tr\/ru\/wp-json\/wp\/v2\/posts\/2483","targetHints":{"allow":["GET"]}}],"collection":[{"href":"https:\/\/batinyilmaz.av.tr\/ru\/wp-json\/wp\/v2\/posts"}],"about":[{"href":"https:\/\/batinyilmaz.av.tr\/ru\/wp-json\/wp\/v2\/types\/post"}],"author":[{"embeddable":true,"href":"https:\/\/batinyilmaz.av.tr\/ru\/wp-json\/wp\/v2\/users\/2"}],"replies":[{"embeddable":true,"href":"https:\/\/batinyilmaz.av.tr\/ru\/wp-json\/wp\/v2\/comments?post=2483"}],"version-history":[{"count":3,"href":"https:\/\/batinyilmaz.av.tr\/ru\/wp-json\/wp\/v2\/posts\/2483\/revisions"}],"predecessor-version":[{"id":2489,"href":"https:\/\/batinyilmaz.av.tr\/ru\/wp-json\/wp\/v2\/posts\/2483\/revisions\/2489"}],"wp:featuredmedia":[{"embeddable":true,"href":"https:\/\/batinyilmaz.av.tr\/ru\/wp-json\/wp\/v2\/media\/2484"}],"wp:attachment":[{"href":"https:\/\/batinyilmaz.av.tr\/ru\/wp-json\/wp\/v2\/media?parent=2483"}],"wp:term":[{"taxonomy":"category","embeddable":true,"href":"https:\/\/batinyilmaz.av.tr\/ru\/wp-json\/wp\/v2\/categories?post=2483"},{"taxonomy":"post_tag","embeddable":true,"href":"https:\/\/batinyilmaz.av.tr\/ru\/wp-json\/wp\/v2\/tags?post=2483"}],"curies":[{"name":"wp","href":"https:\/\/api.w.org\/{rel}","templated":true}]}}