{"id":2475,"date":"2025-12-18T11:12:06","date_gmt":"2025-12-18T08:12:06","guid":{"rendered":"https:\/\/batinyilmaz.av.tr\/?p=2475"},"modified":"2025-12-18T11:23:49","modified_gmt":"2025-12-18T08:23:49","slug":"intihara-yonlendirme-sucu-ve-cezasi-tck-84","status":"publish","type":"post","link":"https:\/\/batinyilmaz.av.tr\/ru\/intihara-yonlendirme-sucu-ve-cezasi-tck-84\/","title":{"rendered":"\u0130ntihara Y\u00f6nlendirme Su\u00e7u ve Cezas\u0131 (TCK 84)"},"content":{"rendered":"<hr class=\"wp-block-separator has-alpha-channel-opacity\"\/>\n\n\n\n<p class=\"wp-block-paragraph\"><strong>\u0130ntihara Y\u00f6nlendirme (TCK 84) Nedir?<\/strong><\/p>\n\n\n\n<p class=\"wp-block-paragraph\"><strong>\u0130ntihara y\u00f6nlendirme<\/strong>, bir ki\u015finin ba\u015fka bir ki\u015fiyi&nbsp;<strong>intihar etmeye s\u00fcr\u00fckleyecek \u015fekilde<\/strong>&nbsp;etkilemesi veya intihar\u0131n ger\u00e7ekle\u015fmesini&nbsp;<strong>kolayla\u015ft\u0131rmas\u0131<\/strong>&nbsp;\u015feklinde ortaya \u00e7\u0131kan bir su\u00e7 tipidir. T\u00fcrk Ceza Kanunu\u2019nda&nbsp;<strong>TCK 84<\/strong>&nbsp;ile d\u00fczenlenir.<\/p>\n\n\n\n<p class=\"wp-block-paragraph\">Bu su\u00e7un temel amac\u0131, ki\u015filerin ya\u015fam hakk\u0131n\u0131 korumakt\u0131r. Kanun koyucu, ki\u015finin intihar\u0131 \u201ckendi fiili\u201d olsa bile;&nbsp;<strong>\u00fc\u00e7\u00fcnc\u00fc ki\u015filerin kas\u0131tl\u0131 ve etkili m\u00fcdahalelerini<\/strong>&nbsp;ayr\u0131ca cezaland\u0131r\u0131r.<\/p>\n\n\n\n<p class=\"wp-block-paragraph\">\u00d6nemli bir ayr\u0131m: Uygulamada ve A\u0130HM kararlar\u0131nda (T\u00fcrkiye dosyalar\u0131) Yarg\u0131tay yakla\u015f\u0131m\u0131na paralel bi\u00e7imde,\u00a0<strong>\u201cbasit bir tahrik\/k\u0131\u015fk\u0131rtma\u201d<\/strong>\u00a0\u00e7o\u011fu zaman TCK 84 i\u00e7in yeterli g\u00f6r\u00fclmez. De\u011ferlendirme, somut olay\u0131n \u00f6zelliklerine g\u00f6re yap\u0131l\u0131r; failin kast\u0131 ve eylemin intihar\u0131\u00a0<strong>ciddi bi\u00e7imde kolayla\u015ft\u0131r\u0131p kolayla\u015ft\u0131rmad\u0131\u011f\u0131<\/strong>\u00a0kritik rol oynar.<\/p>\n\n\n\n<hr class=\"wp-block-separator has-alpha-channel-opacity\"\/>\n\n\n\n<p class=\"wp-block-paragraph\"><strong>Ba\u015fkas\u0131n\u0131 \u0130ntihara Azmettirme Nedir?<\/strong><\/p>\n\n\n\n<p class=\"wp-block-paragraph\"><strong>\u0130ntihara azmettirme<\/strong>, intihar d\u00fc\u015f\u00fcncesi\/karar\u0131 hen\u00fcz net olmayan bir ki\u015fide, intihar karar\u0131n\u0131n&nbsp;<strong>olu\u015fmas\u0131na neden olacak \u015fekilde<\/strong>&nbsp;telkin ve y\u00f6nlendirmede bulunmakt\u0131r.<\/p>\n\n\n\n<ul class=\"wp-block-list\">\n<li>\u201cAzmettirme\u201dde genellikle fail, ma\u011fdurun intihar fikrini\u00a0<strong>ba\u015flatan veya belirgin bi\u00e7imde do\u011furan<\/strong>\u00a0ki\u015fidir.<\/li>\n\n\n\n<li>Fiilin kapsam\u0131; mesajla\u015fmalar, konu\u015fmalar, y\u00f6nlendirmeler, plan kurdurma gibi davran\u0131\u015flarla somutla\u015fabilir.<\/li>\n<\/ul>\n\n\n\n<p class=\"wp-block-paragraph\">Uygulamada azmettirme de\u011ferlendirmesi yap\u0131l\u0131rken genellikle \u015fu sorular \u00f6ne \u00e7\u0131kar:<\/p>\n\n\n\n<ul class=\"wp-block-list\">\n<li>Ma\u011fdurda intihar karar\u0131 \u00f6nceden var m\u0131yd\u0131?<\/li>\n\n\n\n<li>Failin s\u00f6z ve davran\u0131\u015flar\u0131 karar\u0131n olu\u015fmas\u0131nda belirleyici oldu mu?<\/li>\n\n\n\n<li>Failin kast\u0131 (isteyerek y\u00f6nlendirme) mevcut mu?<\/li>\n<\/ul>\n\n\n\n<hr class=\"wp-block-separator has-alpha-channel-opacity\"\/>\n\n\n\n<p class=\"wp-block-paragraph\"><strong>Ba\u015fkas\u0131n\u0131 \u0130ntihara Te\u015fvik Etme Nedir?<\/strong><\/p>\n\n\n\n<p class=\"wp-block-paragraph\"><strong>\u0130ntihara te\u015fvik<\/strong>, ki\u015finin intihara y\u00f6nelmesini&nbsp;<strong>\u00f6zendirici\/itici<\/strong>&nbsp;davran\u0131\u015flarla art\u0131rmak; intihar\u0131 \u201c\u00e7\u00f6z\u00fcm\u201d gibi g\u00f6stermeye \u00e7al\u0131\u015fmak \u015feklinde de\u011ferlendirilebilir.<\/p>\n\n\n\n<p class=\"wp-block-paragraph\">Te\u015fvik, azmettirmeye g\u00f6re baz\u0131 olaylarda daha \u201cgenel\u201d g\u00f6r\u00fcnebilir; ancak ceza sorumlulu\u011fu bak\u0131m\u0131ndan kilit nokta yine \u015fudur:<\/p>\n\n\n\n<ul class=\"wp-block-list\">\n<li>S\u00f6z veya davran\u0131\u015f, somut olayda intihar davran\u0131\u015f\u0131na giden s\u00fcre\u00e7te\u00a0<strong>etkili<\/strong>\u00a0mi?<\/li>\n\n\n\n<li>Fail, bunu\u00a0<strong>kas\u0131tl\u0131<\/strong>\u00a0m\u0131 yapt\u0131?<\/li>\n<\/ul>\n\n\n\n<p class=\"wp-block-paragraph\">A\u0130HM kararlar\u0131nda yer verilen yakla\u015f\u0131ma g\u00f6re, s\u0131rf tart\u0131\u015fma s\u0131ras\u0131nda s\u00f6ylenen sert s\u00f6zler gibi \u201cbasit tahrik\u201d niteli\u011findeki davran\u0131\u015flar her zaman TCK 84 standard\u0131n\u0131 kar\u015f\u0131lamayabilir;\u00a0<strong>intihar eylemini \u00f6nemli \u00f6l\u00e7\u00fcde kolayla\u015ft\u0131rma amac\u0131yla kas\u0131t<\/strong>\u00a0aran\u0131r.<\/p>\n\n\n\n<hr class=\"wp-block-separator has-alpha-channel-opacity\"\/>\n\n\n\n<p class=\"wp-block-paragraph\"><strong>\u0130ntihar Karar\u0131n\u0131 Kuvvetlendirme Nedir?<\/strong><\/p>\n\n\n\n<p class=\"wp-block-paragraph\">TCK 84\u2019te ayr\u0131ca \u201c<strong>ba\u015fkas\u0131n\u0131n intihar karar\u0131n\u0131 kuvvetlendirme<\/strong>\u201d se\u00e7imlik hareket olarak yer al\u0131r. Bu, ma\u011fdur zaten intihar etmeye karar vermi\u015fken, failin bu karar\u0131:<\/p>\n\n\n\n<ul class=\"wp-block-list\">\n<li>\u201cYap, iyi olur\u201d<\/li>\n\n\n\n<li>\u201cZaten ba\u015fka \u00e7aren yok\u201d<\/li>\n\n\n\n<li>\u201cE\u011fer yapmazsan\u2026\u201d gibi bask\u0131\/ikna s\u00fcre\u00e7leriyle\u00a0<strong>daha g\u00fc\u00e7l\u00fc, daha kesin<\/strong>\u00a0h\u00e2le getirmesidir.<\/li>\n<\/ul>\n\n\n\n<p class=\"wp-block-paragraph\">Bu durumda \u201cazmettirme\u201d gibi karar\u0131n do\u011fmas\u0131 de\u011fil; mevcut karar\u0131n&nbsp;<strong>peki\u015ftirilmesi<\/strong>&nbsp;s\u00f6z konusudur.<\/p>\n\n\n\n<hr class=\"wp-block-separator has-alpha-channel-opacity\"\/>\n\n\n\n<p class=\"wp-block-paragraph\"><strong>Ba\u015fkas\u0131n\u0131n \u0130ntihar\u0131na Yard\u0131m Etme Nedir?<\/strong><\/p>\n\n\n\n<p class=\"wp-block-paragraph\">TCK 84 kapsam\u0131ndaki en kritik alanlardan biri de \u201c<strong>intihara yard\u0131m<\/strong>\u201dd\u0131r. Yard\u0131m; intihar\u0131n ger\u00e7ekle\u015fmesini&nbsp;<strong>fiilen kolayla\u015ft\u0131ran<\/strong>&nbsp;her t\u00fcrl\u00fc davran\u0131\u015f olabilir.<\/p>\n\n\n\n<p class=\"wp-block-paragraph\">\u00d6rnek kategoriler (somut olaya g\u00f6re de\u011fi\u015fir):<\/p>\n\n\n\n<ul class=\"wp-block-list\">\n<li>Kullan\u0131lacak arac\u0131 sa\u011flamak (ila\u00e7, silah vb.)<\/li>\n\n\n\n<li>Yer\/ortam haz\u0131rlamak<\/li>\n\n\n\n<li>\u0130ntihar y\u00f6ntemini anlatmak ve y\u00f6nlendirmek<\/li>\n\n\n\n<li>Eylem s\u0131ras\u0131nda yard\u0131m ederek icray\u0131 kolayla\u015ft\u0131rmak<\/li>\n<\/ul>\n\n\n\n<p class=\"wp-block-paragraph\">A\u0130HM kararlar\u0131nda da alt\u0131 \u00e7izildi\u011fi \u00fczere, \u201cyard\u0131m\u201d ve \u201cte\u015fvik\u201d de\u011ferlendirmesinde, failin\u00a0<strong>maddi a\u00e7\u0131dan kolayla\u015ft\u0131rma<\/strong>\u00a0\u0438\u00a0<strong>kas\u0131t<\/strong>\u00a0unsurlar\u0131 \u00f6nemlidir.<\/p>\n\n\n\n<hr class=\"wp-block-separator has-alpha-channel-opacity\"\/>\n\n\n\n<p class=\"wp-block-paragraph\"><strong>\u0130ntihara Y\u00f6nlendirme Su\u00e7unun Cezas\u0131 (TCK 84 Cezas\u0131)<\/strong><\/p>\n\n\n\n<p class=\"wp-block-paragraph\">TCK 84, ceza aral\u0131\u011f\u0131n\u0131 fiilin sonu\u00e7lar\u0131na ve i\u015fleni\u015f bi\u00e7imine g\u00f6re belirler:<\/p>\n\n\n\n<ul class=\"wp-block-list\">\n<li><strong>TCK 84\/1<\/strong>: Azmettirme, te\u015fvik, karar\u0131 kuvvetlendirme veya yard\u0131m<br>\u2192\u00a0<strong>2 y\u0131ldan 5 y\u0131la kadar hapis<\/strong><\/li>\n\n\n\n<li><strong>TCK 84\/2<\/strong>: \u0130ntihar ger\u00e7ekle\u015firse<br>\u2192\u00a0<strong>4 y\u0131ldan 10 y\u0131la kadar hapis<\/strong><\/li>\n\n\n\n<li><strong>TCK 84\/3<\/strong>: Ba\u015fkalar\u0131n\u0131 intihara\u00a0<strong>alenen<\/strong>\u00a0te\u015fvik<br>\u2192\u00a0<strong>3 y\u0131ldan 8 y\u0131la kadar hapis<\/strong><\/li>\n<\/ul>\n\n\n\n<p class=\"wp-block-paragraph\">Burada \u201calenen\u201d, fiilin belirsiz say\u0131da ki\u015finin eri\u015fimine a\u00e7\u0131k \u015fekilde (\u00f6r. kalabal\u0131k ortam, internet yay\u0131n\u0131, herkese a\u00e7\u0131k payla\u015f\u0131m) ger\u00e7ekle\u015fmesi gibi durumlar\u0131 ifade edebilir. Somut olay\u0131n \u201caleniyet\u201d \u015fart\u0131n\u0131 ta\u015f\u0131y\u0131p ta\u015f\u0131mad\u0131\u011f\u0131 ayr\u0131ca de\u011ferlendirilir.<\/p>\n\n\n\n<hr class=\"wp-block-separator has-alpha-channel-opacity\"\/>\n\n\n\n<p class=\"wp-block-paragraph\"><strong>\u0130ntihara Alenen Te\u015fvik Su\u00e7u (TCK 84\/3) Nedir?<\/strong><\/p>\n\n\n\n<p class=\"wp-block-paragraph\"><strong>\u0130ntihara alenen te\u015fvik<\/strong>, belirli bir ki\u015fiden ziyade, topluma veya belirsiz say\u0131da ki\u015fiye y\u00f6nelik bi\u00e7imde intihar\u0131 \u00f6zendiren a\u00e7\u0131klamalar yapmay\u0131 kapsar.<\/p>\n\n\n\n<p class=\"wp-block-paragraph\">Bu ba\u015fl\u0131k \u00f6zellikle:<\/p>\n\n\n\n<ul class=\"wp-block-list\">\n<li>Sosyal medya i\u00e7erikleri<\/li>\n\n\n\n<li>Video yay\u0131nlar\u0131<\/li>\n\n\n\n<li>Forum payla\u015f\u0131mlar\u0131<\/li>\n\n\n\n<li>Herkese a\u00e7\u0131k gruplarda y\u00f6nlendirme gibi mecralarda g\u00fcndeme gelebilir.<\/li>\n<\/ul>\n\n\n\n<p class=\"wp-block-paragraph\">Ayr\u0131ca i\u00e7erik \u00fcretimi\/haberle\u015fme alan\u0131nda farkl\u0131 bir yasal risk daha bulunabilir: Bas\u0131n hukuku a\u00e7\u0131s\u0131ndan \u201cintihara \u00f6zendirme\u201d niteli\u011fi ta\u015f\u0131yan yay\u0131nlar bak\u0131m\u0131ndan&nbsp;<strong>Bas\u0131n Kanunu m.20<\/strong>&nbsp;kapsam\u0131nda da yapt\u0131r\u0131m g\u00fcndeme gelebilir (bu, TCK 84\u2019ten ayr\u0131 bir \u00e7er\u00e7evedir).<\/p>\n\n\n\n<hr class=\"wp-block-separator has-alpha-channel-opacity\"\/>\n\n\n\n<p class=\"wp-block-paragraph\"><strong>Cebir veya Tehdit ile \u0130ntihara Mecbur Etme: Kasten \u00d6ld\u00fcrme Sorumlulu\u011fu (TCK 84\/4)<\/strong><\/p>\n\n\n\n<p class=\"wp-block-paragraph\">TCK 84\/4 \u00e7ok \u00f6nemli bir e\u015fik getirir: Baz\u0131 hallerde eylem art\u0131k \u201cintihara y\u00f6nlendirme\u201d olarak de\u011fil, do\u011frudan&nbsp;<strong>kasten \u00f6ld\u00fcrme<\/strong>&nbsp;kapsam\u0131nda de\u011ferlendirilebilir.<\/p>\n\n\n\n<p class=\"wp-block-paragraph\">Madde iki ana durumu \u00f6zellikle sayar:<\/p>\n\n\n\n<ol start=\"1\" class=\"wp-block-list\">\n<li><strong>Alg\u0131lama yetene\u011fi geli\u015fmemi\u015f\/ortadan kald\u0131r\u0131lm\u0131\u015f ki\u015fileri intihara sevk etme<\/strong><\/li>\n\n\n\n<li><strong>Cebir veya tehdit kullanarak ki\u015fiyi intihara mecbur etme<\/strong><\/li>\n<\/ol>\n\n\n\n<p class=\"wp-block-paragraph\">Bu durumda kanun a\u00e7\u0131k\u00e7a \u201c<strong>kasten \u00f6ld\u00fcrme su\u00e7undan sorumlu tutulurlar<\/strong>\u201d der. Yani ceza sorumlulu\u011fu \u00e7ok daha a\u011f\u0131r bir seviyeye \u00e7\u0131kabilir.<\/p>\n\n\n\n<hr class=\"wp-block-separator has-alpha-channel-opacity\"\/>\n\n\n\n<p class=\"wp-block-paragraph\"><strong>\u0130ntihara Y\u00f6nlendirme Su\u00e7unda Kast (Niyet) ve Delil Konusu<\/strong><\/p>\n\n\n\n<p class=\"wp-block-paragraph\">TCK 84 bak\u0131m\u0131ndan uygulamadaki en kritik tart\u0131\u015fma alanlar\u0131 \u015funlard\u0131r:<\/p>\n\n\n\n<p class=\"wp-block-paragraph\"><strong>1) Kast\u0131n \u0130spat\u0131<\/strong><\/p>\n\n\n\n<p class=\"wp-block-paragraph\">Failin, ma\u011fdurun intihar\u0131na y\u00f6nelik s\u00fcreci&nbsp;<strong>bilerek ve isteyerek<\/strong>&nbsp;etkileyip etkilemedi\u011fi; mesaj i\u00e7erikleri, tan\u0131k beyanlar\u0131, \u00f6nceki olaylar ve uzman incelemeleriyle de\u011ferlendirilebilir.<\/p>\n\n\n\n<p class=\"wp-block-paragraph\">A\u0130HM kararlar\u0131nda da vurguland\u0131\u011f\u0131 \u00fczere, salt \u201ck\u00f6t\u00fc s\u00f6z, kavga, k\u0131r\u0131c\u0131 ifade\u201d gibi olgular, her olayda otomatik olarak TCK 84 sonucuna g\u00f6t\u00fcrmeyebilir;&nbsp;<strong>kas\u0131t<\/strong>&nbsp;\u0438&nbsp;<strong>maddi kolayla\u015ft\u0131rma<\/strong>&nbsp;gibi \u00f6l\u00e7\u00fctler \u00f6nemlidir.<\/p>\n\n\n\n<p class=\"wp-block-paragraph\"><strong>2) Nedensellik (Eylem ile Netice Aras\u0131ndaki Ba\u011f)<\/strong><\/p>\n\n\n\n<p class=\"wp-block-paragraph\">\u0130ntihar\u0131n ger\u00e7ekle\u015fmesi halinde \u00f6zellikle \u015fu sorular g\u00fcndeme gelir:<\/p>\n\n\n\n<ul class=\"wp-block-list\">\n<li>\u0130ntihar karar\u0131n\u0131n olu\u015fmas\u0131nda failin etkisi ne d\u00fczeyde?<\/li>\n\n\n\n<li>\u0130ntihar eylemi ile failin eylemi aras\u0131nda g\u00fc\u00e7l\u00fc bir ba\u011f var m\u0131?<\/li>\n\n\n\n<li>Ma\u011fdurun ba\u011f\u0131ms\u0131z iradesi, ba\u015fka nedenler, psikiyatrik s\u00fcre\u00e7ler var m\u0131?<\/li>\n<\/ul>\n\n\n\n<p class=\"wp-block-paragraph\">Bu de\u011ferlendirme her zaman somut olaya ba\u011fl\u0131d\u0131r.<\/p>\n\n\n\n<hr class=\"wp-block-separator has-alpha-channel-opacity\"\/>\n\n\n\n<p class=\"wp-block-paragraph\"><strong>\u0427\u0430\u0441\u0442\u043e \u0437\u0430\u0434\u0430\u0432\u0430\u0435\u043c\u044b\u0435 \u0432\u043e\u043f\u0440\u043e\u0441\u044b (\u0427\u0417\u0412)<\/strong><\/p>\n\n\n\n<ul class=\"wp-block-list\">\n<li><strong>\u0130ntihara y\u00f6nlendirme su\u00e7u (TCK 84) nedir?<\/strong><\/li>\n<\/ul>\n\n\n\n<ol class=\"wp-block-list\"><\/ol>\n\n\n\n<p class=\"wp-block-paragraph\">TCK 84\u2019e g\u00f6re intihara y\u00f6nlendirme su\u00e7u; bir ki\u015fiyi&nbsp;<strong>intihara azmettirmek<\/strong>,&nbsp;<strong>te\u015fvik etmek<\/strong>, ki\u015finin&nbsp;<strong>intihar karar\u0131n\u0131 kuvvetlendirmek<\/strong>&nbsp;\u0438\u043b\u0438&nbsp;<strong>intihar\u0131na herhangi bir \u015fekilde yard\u0131m etmek<\/strong>&nbsp;fiilleriyle olu\u015fur. Kanun, intihar\u0131n ger\u00e7ekle\u015fip ger\u00e7ekle\u015fmemesine g\u00f6re ceza miktar\u0131n\u0131 art\u0131r\u0131r.<\/p>\n\n\n\n<ul class=\"wp-block-list\">\n<li><strong>TCK 84 cezas\u0131 ka\u00e7 y\u0131ld\u0131r?<\/strong><\/li>\n<\/ul>\n\n\n\n<p class=\"wp-block-paragraph\">TCK 84 kapsam\u0131nda ceza aral\u0131klar\u0131 \u00f6zetle \u015f\u00f6yledir:-&nbsp;<strong>TCK 84\/1:<\/strong>&nbsp;2 y\u0131ldan 5 y\u0131la kadar hapis<\/p>\n\n\n\n<ul class=\"wp-block-list\">\n<li><strong>TCK 84\/2 (intihar ger\u00e7ekle\u015firse):<\/strong>\u00a04 y\u0131ldan 10 y\u0131la kadar hapis<\/li>\n\n\n\n<li><strong>TCK 84\/3 (alenen te\u015fvik):<\/strong>\u00a03 y\u0131ldan 8 y\u0131la kadar hapis<\/li>\n<\/ul>\n\n\n\n<p class=\"wp-block-paragraph\">Ceza miktar\u0131 somut olay\u0131n \u00f6zelliklerine (kas\u0131t, delil durumu, fiilin yo\u011funlu\u011fu, aleniyet vb.) g\u00f6re belirlenir.<\/p>\n\n\n\n<ul class=\"wp-block-list\">\n<li><strong>\u201c\u0130ntihar et\u201d demek su\u00e7 mu?<\/strong><\/li>\n<\/ul>\n\n\n\n<p class=\"wp-block-paragraph\">Tek bir c\u00fcmlenin tek ba\u015f\u0131na su\u00e7 olu\u015fturup olu\u015fturmad\u0131\u011f\u0131,&nbsp;<strong>somut olaya<\/strong>&nbsp;g\u00f6re de\u011ferlendirilir. Uygulamada kritik olan; bu s\u00f6z\u00fcn&nbsp;<strong>kas\u0131tl\u0131<\/strong>&nbsp;\u015fekilde, ma\u011fdurun intihar s\u00fcrecini&nbsp;<strong>ciddi bi\u00e7imde etkileyip etkilemedi\u011fi<\/strong>&nbsp;ve intihar\u0131&nbsp;<strong>\u00f6nemli \u00f6l\u00e7\u00fcde kolayla\u015ft\u0131rma<\/strong>&nbsp;niteli\u011fi ta\u015f\u0131y\u0131p ta\u015f\u0131mad\u0131\u011f\u0131d\u0131r. A\u0130HM kararlar\u0131nda da Yarg\u0131tay i\u00e7tihad\u0131na at\u0131fla \u201c<strong>basit tahrik\/k\u0131\u015fk\u0131rtma<\/strong>\u201dn\u0131n her zaman yeterli olmayabilece\u011fi yakla\u015f\u0131m\u0131 g\u00f6r\u00fcl\u00fcr.<\/p>\n\n\n\n<ul class=\"wp-block-list\">\n<li><strong>\u0130ntihara te\u015fvik ile intihara azmettirme aras\u0131ndaki fark nedir?<\/strong><\/li>\n<\/ul>\n\n\n\n<p class=\"wp-block-paragraph\">Genel anlat\u0131mla:-&nbsp;<strong>Azmettirme:<\/strong>&nbsp;\u0130ntihar fikrini\/karar\u0131n\u0131 ma\u011fdurda&nbsp;<strong>olu\u015fturacak<\/strong>&nbsp;bi\u00e7imde y\u00f6nlendirme.-&nbsp;<strong>Te\u015fvik:<\/strong>&nbsp;Var olan bir e\u011filimi&nbsp;<strong>peki\u015ftirme\/\u00f6zendirme<\/strong>, intihar\u0131 bir \u201c\u00e7\u0131k\u0131\u015f\u201d gibi g\u00f6stermeye \u00e7al\u0131\u015fma.Her ikisi de TCK 84 kapsam\u0131na girebilir; fark, ma\u011fdurun karar\u0131n\u0131n&nbsp;<strong>ne zaman ve nas\u0131l olu\u015ftu\u011fu<\/strong>&nbsp;ile failin etkisinin a\u011f\u0131rl\u0131\u011f\u0131nda ortaya \u00e7\u0131kar.<\/p>\n\n\n\n<ul class=\"wp-block-list\">\n<li><strong>\u201c\u0130ntihar karar\u0131n\u0131 kuvvetlendirmek\u201d ne demektir?<\/strong><\/li>\n<\/ul>\n\n\n\n<p class=\"wp-block-paragraph\">Ma\u011fdurun intihar d\u00fc\u015f\u00fcncesi\/karar\u0131 zaten varken failin s\u00f6z ve davran\u0131\u015flar\u0131yla bu karar\u0131&nbsp;<strong>daha kesin ve g\u00fc\u00e7l\u00fc<\/strong>&nbsp;hale getirmesidir. \u00d6rne\u011fin ki\u015finin \u201cyapmal\u0131y\u0131m\u201d noktas\u0131na itilmesi, vazge\u00e7me ihtimalinin k\u0131r\u0131lmas\u0131 gibi etkiler somut olayda de\u011ferlendirilebilir.<\/p>\n\n\n\n<ul class=\"wp-block-list\">\n<li><strong>\u0130ntihara yard\u0131m etmek (TCK 84) hangi davran\u0131\u015flar\u0131 kapsar?<\/strong><\/li>\n<\/ul>\n\n\n\n<p class=\"wp-block-paragraph\">\u201cYard\u0131m\u201d kavram\u0131 geni\u015ftir ve intihar\u0131&nbsp;<strong>fiilen kolayla\u015ft\u0131ran<\/strong>&nbsp;davran\u0131\u015flar\u0131 kapsayabilir. \u00d6rnek olarak (olaya g\u00f6re de\u011fi\u015fir):- \u0130ntiharda kullan\u0131lacak arac\u0131 temin etmek<\/p>\n\n\n\n<ul class=\"wp-block-list\">\n<li>Y\u00f6ntem\/yer\/plan konusunda y\u00f6nlendirme yapmak<\/li>\n\n\n\n<li>Eylemi kolayla\u015ft\u0131racak \u015fekilde ortam sa\u011flamak veya anl\u0131k destek vermek<\/li>\n<\/ul>\n\n\n\n<p class=\"wp-block-paragraph\">Burada da&nbsp;<strong>kas\u0131t<\/strong>&nbsp;\u0438&nbsp;<strong>nedensellik ba\u011f\u0131<\/strong>&nbsp;(yard\u0131m\u0131n intihara etkisi) \u00f6nemlidir.<\/p>\n\n\n\n<ul class=\"wp-block-list\">\n<li><strong>\u0130ntihar ger\u00e7ekle\u015fmezse yine de ceza verilir mi?<\/strong><\/li>\n<\/ul>\n\n\n\n<p class=\"wp-block-paragraph\">Evet. TCK 84\/1, intihar\u0131n ger\u00e7ekle\u015fmesini \u015fart ko\u015fmaz. \u0130ntihar ger\u00e7ekle\u015fmemi\u015f olsa bile&nbsp;<strong>azmettirme\/te\u015fvik\/kuvvetlendirme\/yard\u0131m<\/strong>&nbsp;fiilleri ispatlan\u0131rsa ceza g\u00fcndeme gelebilir.<\/p>\n\n\n\n<ul class=\"wp-block-list\">\n<li><strong>\u0130ntihara alenen te\u015fvik (TCK 84\/3) ne demektir?<\/strong><\/li>\n<\/ul>\n\n\n\n<p class=\"wp-block-paragraph\">\u201cAlenen te\u015fvik\u201d, belirsiz say\u0131da ki\u015fiye y\u00f6nelik olarak (\u00f6r. herkese a\u00e7\u0131k payla\u015f\u0131m, a\u00e7\u0131k topluluk, kamusal ortam) intihar\u0131&nbsp;<strong>\u00f6zendirici<\/strong>&nbsp;\u015fekilde te\u015fvik etmeyi ifade eder. Burada hedef tek bir ki\u015fi olmak zorunda de\u011fildir; \u00f6nemli olan eylemin&nbsp;<strong>kamuya a\u00e7\u0131k<\/strong>&nbsp;niteli\u011fi ve te\u015fvik i\u00e7eri\u011fidir.<\/p>\n\n\n\n<ul class=\"wp-block-list\">\n<li><strong>Sosyal medyada intihar\u0131 \u00f6ven veya te\u015fvik eden payla\u015f\u0131m yapmak su\u00e7 olur mu?<\/strong><\/li>\n<\/ul>\n\n\n\n<p class=\"wp-block-paragraph\">Payla\u015f\u0131m\u0131n i\u00e7eri\u011fi, dili, ba\u011flam\u0131, hedef kitlesi ve \u201caleniyet\u201d \u015fart\u0131 dikkate al\u0131narak TCK 84\/3 kapsam\u0131nda de\u011ferlendirme yap\u0131labilir. \u00d6zellikle \u201cintihar\u0131 \u00e7\u00f6z\u00fcm gibi g\u00f6steren\u201d ve \u00f6zendirmeye elveri\u015fli i\u00e7erikler hukuki risk ta\u015f\u0131r. Her olayda de\u011ferlendirme somuttur; ifade \u00f6zg\u00fcrl\u00fc\u011f\u00fc s\u0131n\u0131rlar\u0131 ve kast unsuru ayr\u0131ca tart\u0131\u015f\u0131l\u0131r.<\/p>\n\n\n\n<ul class=\"wp-block-list\">\n<li><strong>\u0130nternette intihara y\u00f6nlendirme i\u00e7erikleri i\u00e7in eri\u015fim engeli uygulanabilir mi?<\/strong><\/li>\n<\/ul>\n\n\n\n<p class=\"wp-block-paragraph\">\u0130nternet ortam\u0131nda TCK 84 kapsam\u0131na giren i\u00e7erikler a\u00e7\u0131s\u0131ndan&nbsp;<strong>eri\u015fimin engellenmesi<\/strong>&nbsp;s\u00fcrecinin g\u00fcndeme gelebilece\u011fi d\u00fczenlemeler vard\u0131r. \u0130nternet yay\u0131nlar\u0131na ili\u015fkin ikincil mevzuatta, eri\u015fimin engellenmesi karar\u0131n\u0131n konusu olabilecek su\u00e7lar aras\u0131nda&nbsp;<strong>TCK 84 (\u0130ntihara y\u00f6nlendirme)<\/strong>&nbsp;da say\u0131lmaktad\u0131r.<\/p>\n\n\n\n<p class=\"wp-block-paragraph\"><strong>Uygulanabilir Hukuki Ad\u0131mlar (Ma\u011fdur Yak\u0131n\u0131 \/ \u015eik\u00e2yet\u00e7i Olabilecek Ki\u015filer \u0130\u00e7in)<\/strong><\/p>\n\n\n\n<ol start=\"1\" class=\"wp-block-list\">\n<li><strong>Delilleri koruyun:<\/strong>\u00a0Mesajlar, e-postalar, sosyal medya ekran g\u00f6r\u00fcnt\u00fcleri, linkler, tan\u0131k ileti\u015fim bilgileri.<\/li>\n\n\n\n<li><strong>Savc\u0131l\u0131\u011fa su\u00e7 duyurusu haz\u0131rlay\u0131n:<\/strong>\u00a0Olay \u00f6rg\u00fcs\u00fc kronolojik ve somut delillerle anlat\u0131lmal\u0131.<\/li>\n\n\n\n<li><strong>Eri\u015fim kay\u0131tlar\u0131 \/ platform verileri:<\/strong>\u00a0Gerekirse savc\u0131l\u0131ktan ilgili platformlara m\u00fczekkere yaz\u0131lmas\u0131 talep edilebilir.<\/li>\n\n\n\n<li><strong>Uzman incelemeleri:<\/strong>\u00a0Psikiyatrik s\u00fcre\u00e7, ma\u011fdurun k\u0131r\u0131lganl\u0131\u011f\u0131, olaylar\u0131n etkisi gibi konular bilirki\u015fi\/uzman de\u011ferlendirmesi gerektirebilir.<\/li>\n\n\n\n<li><strong>Nitelendirme tart\u0131\u015fmas\u0131:<\/strong>\u00a0Olay TCK 84 m\u00fc, yoksa TCK 84\/4 nedeniyle kasten \u00f6ld\u00fcrmeye mi evrilecek? Bu ayr\u0131m stratejiyi do\u011frudan etkiler.<\/li>\n<\/ol>\n\n\n\n<hr class=\"wp-block-separator has-alpha-channel-opacity\"\/>\n\n\n\n<p class=\"wp-block-paragraph\"><strong>Sonu\u00e7 \/ \u00d6zet<\/strong><\/p>\n\n\n\n<ul class=\"wp-block-list\">\n<li><strong>TCK 84 (\u0130ntihara y\u00f6nlendirme)<\/strong>; bir ki\u015fiyi intihara\u00a0<strong>azmettirme<\/strong>,\u00a0<strong>te\u015fvik<\/strong>,\u00a0<strong>karar\u0131 kuvvetlendirme<\/strong>\u00a0\u0438\u043b\u0438\u00a0<strong>intihara yard\u0131m<\/strong>\u00a0fiillerini cezaland\u0131r\u0131r.-\u00a0<strong>Ceza aral\u0131\u011f\u0131<\/strong>: &#8211; Temel hal:\u00a0<strong>2\u20135 y\u0131l hapis<\/strong>\u00a0(TCK 84\/1)<\/li>\n\n\n\n<li>\u0130ntihar ger\u00e7ekle\u015firse:\u00a0<strong>4\u201310 y\u0131l hapis<\/strong>\u00a0(TCK 84\/2)<\/li>\n\n\n\n<li>Alenen te\u015fvik:\u00a0<strong>3\u20138 y\u0131l hapis<\/strong>\u00a0(TCK 84\/3)<\/li>\n\n\n\n<li><strong>Cebir\/tehdit ile intihara mecbur etme<\/strong>\u00a0\u0438\u043b\u0438\u00a0<strong>alg\u0131lama yetene\u011fi olmayan ki\u015fiyi intihara sevk<\/strong>\u00a0etme halinde, fail\u00a0<strong>kasten \u00f6ld\u00fcrmeden<\/strong>\u00a0sorumlu tutulabilir (TCK 84\/4).- A\u0130HM kararlar\u0131nda da Yarg\u0131tay yakla\u015f\u0131m\u0131na at\u0131fla,\u00a0<strong>basit tahrik<\/strong>\u00a0her zaman yeterli g\u00f6r\u00fclmez; failin\u00a0<strong>kas\u0131tl\u0131 bi\u00e7imde intihar\u0131 \u00f6nemli \u00f6l\u00e7\u00fcde kolayla\u015ft\u0131rmas\u0131<\/strong>\u00a0gibi \u00f6l\u00e7\u00fctler \u00f6n plana \u00e7\u0131kar.<\/li>\n<\/ul>\n\n\n\n<p class=\"wp-block-paragraph\">Daha fazla bilgi i\u00e7in <a href=\"https:\/\/batinyilmaz.av.tr\/ru\/iletisim\/\">https:\/\/batinyilmaz.av.tr\/iletisim\/<\/a> ileti\u015fim adresimizden ve <strong>0532 669 34 90<\/strong> numaral\u0131 hatt\u0131m\u0131zdan bize ula\u015fabilirsiniz.<\/p>\n\n\n\n<p class=\"wp-block-paragraph\">\u0410\u0434\u0432. \u0411\u0430\u0442\u0438\u043d \u0419\u042b\u041b\u041c\u0410\u0417<\/p>","protected":false},"excerpt":{"rendered":"<p>\u0130ntihara Y\u00f6nlendirme (TCK 84) Nedir? \u0130ntihara y\u00f6nlendirme, bir ki\u015finin ba\u015fka bir ki\u015fiyi&nbsp;intihar etmeye s\u00fcr\u00fckleyecek \u015fekilde&nbsp;etkilemesi veya intihar\u0131n ger\u00e7ekle\u015fmesini&nbsp;kolayla\u015ft\u0131rmas\u0131&nbsp;\u015feklinde ortaya \u00e7\u0131kan bir su\u00e7 tipidir. T\u00fcrk Ceza Kanunu\u2019nda&nbsp;TCK 84&nbsp;ile d\u00fczenlenir. Bu su\u00e7un temel amac\u0131, ki\u015filerin ya\u015fam hakk\u0131n\u0131 korumakt\u0131r. Kanun koyucu, ki\u015finin intihar\u0131 \u201ckendi fiili\u201d olsa bile;&nbsp;\u00fc\u00e7\u00fcnc\u00fc ki\u015filerin kas\u0131tl\u0131 ve etkili m\u00fcdahalelerini&nbsp;ayr\u0131ca cezaland\u0131r\u0131r. \u00d6nemli bir ayr\u0131m: Uygulamada ve [&hellip;]<\/p>\n","protected":false},"author":2,"featured_media":2478,"comment_status":"open","ping_status":"open","sticky":false,"template":"","format":"standard","meta":{"_joinchat":[],"footnotes":""},"categories":[61],"tags":[299,298,296],"class_list":["post-2475","post","type-post","status-publish","format-standard","has-post-thumbnail","hentry","category-ceza-hukuku","tag-intihara-yonlendirme-cezasi","tag-intihara-yonlendirme-sucu","tag-tck-84"],"_links":{"self":[{"href":"https:\/\/batinyilmaz.av.tr\/ru\/wp-json\/wp\/v2\/posts\/2475","targetHints":{"allow":["GET"]}}],"collection":[{"href":"https:\/\/batinyilmaz.av.tr\/ru\/wp-json\/wp\/v2\/posts"}],"about":[{"href":"https:\/\/batinyilmaz.av.tr\/ru\/wp-json\/wp\/v2\/types\/post"}],"author":[{"embeddable":true,"href":"https:\/\/batinyilmaz.av.tr\/ru\/wp-json\/wp\/v2\/users\/2"}],"replies":[{"embeddable":true,"href":"https:\/\/batinyilmaz.av.tr\/ru\/wp-json\/wp\/v2\/comments?post=2475"}],"version-history":[{"count":4,"href":"https:\/\/batinyilmaz.av.tr\/ru\/wp-json\/wp\/v2\/posts\/2475\/revisions"}],"predecessor-version":[{"id":2482,"href":"https:\/\/batinyilmaz.av.tr\/ru\/wp-json\/wp\/v2\/posts\/2475\/revisions\/2482"}],"wp:featuredmedia":[{"embeddable":true,"href":"https:\/\/batinyilmaz.av.tr\/ru\/wp-json\/wp\/v2\/media\/2478"}],"wp:attachment":[{"href":"https:\/\/batinyilmaz.av.tr\/ru\/wp-json\/wp\/v2\/media?parent=2475"}],"wp:term":[{"taxonomy":"category","embeddable":true,"href":"https:\/\/batinyilmaz.av.tr\/ru\/wp-json\/wp\/v2\/categories?post=2475"},{"taxonomy":"post_tag","embeddable":true,"href":"https:\/\/batinyilmaz.av.tr\/ru\/wp-json\/wp\/v2\/tags?post=2475"}],"curies":[{"name":"wp","href":"https:\/\/api.w.org\/{rel}","templated":true}]}}