{"id":2469,"date":"2025-12-17T09:06:32","date_gmt":"2025-12-17T06:06:32","guid":{"rendered":"https:\/\/batinyilmaz.av.tr\/?p=2469"},"modified":"2025-12-18T11:26:16","modified_gmt":"2025-12-18T08:26:16","slug":"tck-83-nedir","status":"publish","type":"post","link":"https:\/\/batinyilmaz.av.tr\/ru\/tck-83-nedir\/","title":{"rendered":"TCK 83 Nedir? (Kasten \u00f6ld\u00fcrmenin ihmali davran\u0131\u015fla i\u015flenmesi)"},"content":{"rendered":"<p class=\"wp-block-paragraph\"><strong>TCK 83<\/strong>, bir ki\u015finin bir ba\u015fkas\u0131n\u0131n \u00f6lmesini\u00a0<strong>aktif bir eylemle<\/strong>\u00a0sa\u011flamad\u0131\u011f\u0131; ancak\u00a0<strong>hukuken yapmak zorunda oldu\u011fu kurtarma\/\u00f6nleme davran\u0131\u015f\u0131n\u0131 yapmayarak<\/strong>\u00a0\u00f6l\u00fcm neticesine yol a\u00e7t\u0131\u011f\u0131 durumlarda, belirli \u015fartlarla\u00a0<strong>kasten \u00f6ld\u00fcrme kapsam\u0131nda<\/strong>\u00a0cezaland\u0131r\u0131labilmesini d\u00fczenler.<\/p>\n\n\n\n<p class=\"wp-block-paragraph\">Bu su\u00e7 tipi, \u00f6zellikle \u201c<strong>garant\u00f6rl\u00fck<\/strong>\u201d denilen bir hukuki konuma dayan\u0131r. Yani herkesin de\u011fil, ancak belirli ki\u015filerin (\u00f6rne\u011fin bak\u0131m y\u00fck\u00fcml\u00fcs\u00fc olanlar, s\u00f6zle\u015fmeyle koruma g\u00f6revi \u00fcstlenenler veya kendi eylemiyle tehlike yaratanlar) sorumlulu\u011fu g\u00fcndeme gelir.<\/p>\n\n\n\n<p class=\"wp-block-paragraph\"><strong>\u0130hmali Davran\u0131\u015fla Kasten \u00d6ld\u00fcrme Ne Demektir?<\/strong><\/p>\n\n\n\n<p class=\"wp-block-paragraph\">Genel olarak kasten \u00f6ld\u00fcrme su\u00e7u, bir insan\u0131n hayat\u0131na son vermeyi ifade eder. \u00c7o\u011fu olayda bu,&nbsp;<strong>icrai<\/strong>&nbsp;(aktif) bir hareketle ger\u00e7ekle\u015fir (\u00f6rne\u011fin ate\u015f etmek, b\u0131\u00e7aklamak).<\/p>\n\n\n\n<p class=\"wp-block-paragraph\">Ancak baz\u0131 durumlarda ki\u015fi, \u00f6l\u00fcm sonucunu do\u011frudan ger\u00e7ekle\u015ftirmese de:<\/p>\n\n\n\n<ul class=\"wp-block-list\">\n<li><strong>Yapmas\u0131 gereken bir \u015feyi yapmaz<\/strong>\u00a0(ihmal),<\/li>\n\n\n\n<li>Bu ihmal, hukuk d\u00fczenince aktif bir davran\u0131\u015f kadar a\u011f\u0131r g\u00f6r\u00fcl\u00fcrse,<\/li>\n\n\n\n<li>Ve \u00f6l\u00fcm neticesi bu nedenle ger\u00e7ekle\u015firse,<\/li>\n<\/ul>\n\n\n\n<p class=\"wp-block-paragraph\">TCK 83 kapsam\u0131nda sorumluluk do\u011fabilir.<\/p>\n\n\n\n<p class=\"wp-block-paragraph\"><strong>TCK 83\u2019te Aranan \u015eartlar (\u0130crai Davran\u0131\u015fa E\u015fde\u011fer \u0130hmal)<\/strong><\/p>\n\n\n\n<p class=\"wp-block-paragraph\">TCK 83\u2019\u00fcn en kritik noktas\u0131 \u015fudur:&nbsp;<strong>Her ihmal \u201ckasten \u00f6ld\u00fcrme\u201d say\u0131lmaz.<\/strong>&nbsp;Kanun, ihmalin aktif davran\u0131\u015fla e\u015fde\u011fer say\u0131labilmesi i\u00e7in belirli ko\u015fullar arar.<\/p>\n\n\n\n<p class=\"wp-block-paragraph\"><strong>1) Hukuki Y\u00fck\u00fcml\u00fcl\u00fck (Kanun veya S\u00f6zle\u015fmeden Do\u011fan)<\/strong><\/p>\n\n\n\n<p class=\"wp-block-paragraph\">Ki\u015finin, belirli bir \u201cicrai davran\u0131\u015f\u0131\u201d yapma y\u00fck\u00fcml\u00fcl\u00fc\u011f\u00fc:<\/p>\n\n\n\n<ul class=\"wp-block-list\">\n<li><strong>Kanundan<\/strong>\u00a0kaynaklanabilir (\u00f6r. ebeveynin \u00e7ocu\u011fa bak\u0131m y\u00fck\u00fcml\u00fcl\u00fc\u011f\u00fc gibi),<\/li>\n\n\n\n<li><strong>S\u00f6zle\u015fmeden<\/strong>\u00a0kaynaklanabilir (\u00f6r. bak\u0131m s\u00f6zle\u015fmesi, \u00f6zel g\u00fcvenlik\/koruma g\u00f6revi, hastane bak\u0131m hizmeti vb.).<\/li>\n<\/ul>\n\n\n\n<p class=\"wp-block-paragraph\">Bu durumda ki\u015fi \u201cben yapmad\u0131m, sadece izlemi\u015fim\u201d diyerek sorumluluktan kolayca \u00e7\u0131kamayabilir; \u00e7\u00fcnk\u00fc hukuk, belirli ki\u015filerden&nbsp;<strong>aktif m\u00fcdahale<\/strong>&nbsp;bekler.<\/p>\n\n\n\n<p class=\"wp-block-paragraph\"><strong>2) \u00d6nceden Tehlikeli Durum Yaratma (\u00d6ngelen Davran\u0131\u015f)<\/strong><\/p>\n\n\n\n<p class=\"wp-block-paragraph\">Ki\u015fi, daha \u00f6nce yapt\u0131\u011f\u0131 bir davran\u0131\u015fla ba\u015fkalar\u0131n\u0131n hayat\u0131n\u0131 tehlikeye sokan bir durum yaratm\u0131\u015fsa, bu tehlikeyi gidermek i\u00e7in ayr\u0131ca y\u00fck\u00fcml\u00fcl\u00fck alt\u0131na girebilir.<\/p>\n\n\n\n<p class=\"wp-block-paragraph\">\u00d6rnek mant\u0131k: \u201cTehlikeyi sen do\u011furdun; sonu\u00e7lar\u0131n\u0131 \u00f6nlemek i\u00e7in gerekli ad\u0131m\u0131 atman beklenir.\u201d<\/p>\n\n\n\n<p class=\"wp-block-paragraph\"><strong>Cezas\u0131 Nedir? (TCK 83\/3)<\/strong><\/p>\n\n\n\n<p class=\"wp-block-paragraph\">TCK 83\/3\u2019e g\u00f6re, y\u00fck\u00fcml\u00fcl\u00fc\u011f\u00fcn ihlaliyle \u00f6l\u00fcm meydana gelmi\u015fse cezalar, kasten \u00f6ld\u00fcrmenin temel cezas\u0131ndan farkl\u0131 aral\u0131klarda belirlenir:<\/p>\n\n\n\n<ul class=\"wp-block-list\">\n<li><strong>A\u011f\u0131rla\u015ft\u0131r\u0131lm\u0131\u015f m\u00fcebbet yerine:<\/strong>\u00a020 y\u0131ldan 25 y\u0131la kadar hapis<\/li>\n\n\n\n<li><strong>M\u00fcebbet yerine:<\/strong>\u00a015 y\u0131ldan 20 y\u0131la kadar hapis<\/li>\n\n\n\n<li><strong>Di\u011fer hallerde:<\/strong>\u00a010 y\u0131ldan 15 y\u0131la kadar hapis<\/li>\n<\/ul>\n\n\n\n<p class=\"wp-block-paragraph\">Ayr\u0131ca kanun, mahkemenin baz\u0131 durumlarda&nbsp;<strong>indirim yapmayabilece\u011fini<\/strong>&nbsp;de a\u00e7\u0131k\u00e7a belirtir. Bu, somut olay\u0131n a\u011f\u0131rl\u0131\u011f\u0131na g\u00f6re cezan\u0131n daha a\u011f\u0131r belirlenebilmesi ihtimalini art\u0131r\u0131r.<\/p>\n\n\n\n<p class=\"wp-block-paragraph\"><strong>Bu Su\u00e7ta \u201cGarant\u00f6r\u201d Ne Demektir?<\/strong><\/p>\n\n\n\n<p class=\"wp-block-paragraph\">Uygulamada ve doktrinde \u201c<strong>garant\u00f6r<\/strong>\u201d, bir ki\u015finin ba\u015fkas\u0131n\u0131n ya\u015fam\u0131n\u0131 koruma konusunda hukuken \u00f6zel bir sorumluluk ta\u015f\u0131d\u0131\u011f\u0131 anlam\u0131na gelir.<\/p>\n\n\n\n<p class=\"wp-block-paragraph\">Garant\u00f6rl\u00fck \u00e7o\u011funlukla \u015fu kaynaklardan do\u011far:<\/p>\n\n\n\n<ol start=\"1\" class=\"wp-block-list\">\n<li><strong>Kanun<\/strong>\u00a0(aile i\u00e7i bak\u0131m-y\u00fck\u00fcml\u00fcl\u00fck ili\u015fkileri gibi),<\/li>\n\n\n\n<li><strong>S\u00f6zle\u015fme<\/strong>\u00a0(bak\u0131m, g\u00f6zetim, koruma, sa\u011fl\u0131k hizmeti sunumu vb.),<\/li>\n\n\n\n<li><strong>\u00d6n gelen tehlikeli davran\u0131\u015f<\/strong>\u00a0(ki\u015finin bizzat tehlike yaratmas\u0131).<\/li>\n<\/ol>\n\n\n\n<p class=\"wp-block-paragraph\"><strong>TCK 83 Hangi Durumlarda G\u00fcndeme Gelebilir?<\/strong><\/p>\n\n\n\n<p class=\"wp-block-paragraph\">Her olay kendi i\u00e7inde de\u011ferlendirilir; ancak TCK 83 \u00e7o\u011funlukla \u015fu t\u00fcr senaryolarda tart\u0131\u015f\u0131l\u0131r:<\/p>\n\n\n\n<ul class=\"wp-block-list\">\n<li>Bak\u0131m y\u00fck\u00fcml\u00fcs\u00fc olunan ki\u015finin kaderine terk edilmesi,<\/li>\n\n\n\n<li>Sa\u011fl\u0131k\/bak\u0131m hizmeti sorumlulu\u011fu olan ki\u015filerin kritik m\u00fcdahaleyi bilerek yapmamas\u0131,<\/li>\n\n\n\n<li>Tehlikeli bir duruma sebep olan ki\u015finin sonras\u0131nda m\u00fcdahale etmemesi,<\/li>\n\n\n\n<li>Koruma\/g\u00f6zetim g\u00f6revi olan ki\u015finin bilin\u00e7li \u015fekilde \u00f6nlem almamas\u0131.<\/li>\n<\/ul>\n\n\n\n<p class=\"wp-block-paragraph\">Bu alan, \u00e7o\u011fu zaman&nbsp;<strong>taksirle \u00f6ld\u00fcrme (TCK 85)<\/strong>&nbsp;ile de kar\u0131\u015ft\u0131r\u0131l\u0131r. Ayr\u0131m\u0131n merkezinde, failin&nbsp;<strong>kast\u0131<\/strong>&nbsp;(\u00f6l\u00fcm sonucunu bilerek ve isteyerek\/olas\u0131 g\u00f6rerek) bulunup bulunmad\u0131\u011f\u0131 yer al\u0131r.<\/p>\n\n\n\n<p class=\"wp-block-paragraph\"><strong>\u0427\u0430\u0441\u0442\u043e \u0437\u0430\u0434\u0430\u0432\u0430\u0435\u043c\u044b\u0435 \u0432\u043e\u043f\u0440\u043e\u0441\u044b (\u0427\u0417\u0412)<\/strong><\/p>\n\n\n\n<p class=\"wp-block-paragraph\"><strong>1) Her \u201cyard\u0131m etmeme\u201d TCK 83 kapsam\u0131na girer mi?<\/strong><\/p>\n\n\n\n<p class=\"wp-block-paragraph\">Hay\u0131r. Her yard\u0131m etmeme fiili TCK 83 de\u011fildir. TCK 83 i\u00e7in ki\u015finin,&nbsp;<strong>hukuken belirli bir icrai davran\u0131\u015f\u0131 yapma y\u00fck\u00fcml\u00fcl\u00fc\u011f\u00fc<\/strong>&nbsp;olmas\u0131 ve ihmalin&nbsp;<strong>icrai davran\u0131\u015fa e\u015fde\u011fer<\/strong>&nbsp;say\u0131labilmesi gerekir. Aksi halde farkl\u0131 su\u00e7 tipleri (\u00f6rne\u011fin yard\u0131m\/bildirim y\u00fck\u00fcml\u00fcl\u00fc\u011f\u00fcn\u00fcn ihlali gibi) g\u00fcndeme gelebilir.<\/p>\n\n\n\n<p class=\"wp-block-paragraph\"><strong>2) TCK 83 ile TCK 85 (taksirle \u00f6ld\u00fcrme) aras\u0131ndaki fark nedir?<\/strong><\/p>\n\n\n\n<p class=\"wp-block-paragraph\">En temel fark&nbsp;<strong>kast\/taksir ayr\u0131m\u0131d\u0131r<\/strong>:<\/p>\n\n\n\n<ul class=\"wp-block-list\">\n<li>TCK 83: \u00d6l\u00fcm neticesi bak\u0131m\u0131ndan\u00a0<strong>kasten<\/strong>\u00a0hareket (do\u011frudan kast veya olas\u0131 kast tart\u0131\u015fmalar\u0131 dahil),<\/li>\n\n\n\n<li>TCK 85: \u00d6l\u00fcm neticesi bak\u0131m\u0131ndan\u00a0<strong>taksir<\/strong>\u00a0(dikkat ve \u00f6zen y\u00fck\u00fcml\u00fcl\u00fc\u011f\u00fcne ayk\u0131r\u0131l\u0131k).<\/li>\n<\/ul>\n\n\n\n<p class=\"wp-block-paragraph\">Somut olayda failin zihinsel tutumu, delillerle (mesajlar, davran\u0131\u015f \u00f6ncesi-sonras\u0131 hareketler, risk bilgisi, m\u00fcdahale imkanlar\u0131 vb.) de\u011ferlendirilir.<\/p>\n\n\n\n<p class=\"wp-block-paragraph\"><strong>3) \u201cS\u00f6zle\u015fmeden do\u011fan y\u00fck\u00fcml\u00fcl\u00fck\u201d neye \u00f6rnek olabilir?<\/strong><\/p>\n\n\n\n<p class=\"wp-block-paragraph\">Bak\u0131m s\u00f6zle\u015fmeleri, \u00f6zel koruma-g\u00f6zetim hizmetleri, sa\u011fl\u0131k\/bak\u0131m hizmeti sunumu, i\u015f g\u00fcvenli\u011fi kapsam\u0131nda i\u015fverenin\/i\u015fveren vekilinin somut koruma y\u00fck\u00fcml\u00fcl\u00fckleri gibi ili\u015fkilere \u00f6rnek verilebilir. Burada \u00f6nemli olan, s\u00f6zle\u015fmenin ki\u015fiye belirli bir \u201cicrai davran\u0131\u015f\u201d borcu y\u00fcklemesidir.<\/p>\n\n\n\n<p class=\"wp-block-paragraph\"><strong>4) \u0130hmal \u201cicrai davran\u0131\u015fa e\u015fde\u011fer\u201d say\u0131lmazsa ne olur?<\/strong><\/p>\n\n\n\n<p class=\"wp-block-paragraph\">Bu durumda ki\u015fi yine sorumluluk ta\u015f\u0131yabilir; ancak su\u00e7 vasf\u0131 TCK 83 yerine ba\u015fka bir su\u00e7 (\u00f6r. taksirle \u00f6ld\u00fcrme veya yard\u0131m y\u00fck\u00fcml\u00fcl\u00fc\u011f\u00fcn\u00fcn ihlali) olarak de\u011ferlendirilir. Nitelendirme, olay\u0131n t\u00fcm \u015fartlar\u0131na g\u00f6re yap\u0131l\u0131r.<\/p>\n\n\n\n<p class=\"wp-block-paragraph\"><strong>5) TCK 83\u2019te ceza indirimi zorunlu mu?<\/strong><\/p>\n\n\n\n<p class=\"wp-block-paragraph\">Hay\u0131r. Kanun, belirli hapis aral\u0131klar\u0131n\u0131 \u00f6ng\u00f6r\u00fcr ve ayr\u0131ca \u201c<strong>cezada indirim de yap\u0131lmayabilir<\/strong>\u201d diyerek mahkemeye somut olay\u0131n a\u011f\u0131rl\u0131\u011f\u0131na g\u00f6re takdir alan\u0131 b\u0131rak\u0131r.<\/p>\n\n\n\n<p class=\"wp-block-paragraph\"><strong>6) Bu su\u00e7 \u015fik\u00e2yete tabi mi?<\/strong><\/p>\n\n\n\n<p class=\"wp-block-paragraph\">Hay\u0131r. Kasten \u00f6ld\u00fcrme ve TCK 83 kapsam\u0131ndaki ihmali \u00f6ld\u00fcrme iddialar\u0131, niteli\u011fi gere\u011fi genellikle&nbsp;<strong>resen<\/strong>&nbsp;soru\u015fturulur.<\/p>\n\n\n\n<p class=\"wp-block-paragraph\"><strong>Uygulamada Delil ve De\u011ferlendirme Kriterleri<\/strong><\/p>\n\n\n\n<p class=\"wp-block-paragraph\">TCK 83 bak\u0131m\u0131ndan dosyalarda genellikle \u015fu sorular\u0131n cevab\u0131 aran\u0131r:<\/p>\n\n\n\n<ul class=\"wp-block-list\">\n<li>Failin\u00a0<strong>hukuki y\u00fck\u00fcml\u00fcl\u00fc\u011f\u00fc<\/strong>\u00a0var m\u0131 (kanun\/s\u00f6zle\u015fme\/\u00f6n gelen tehlike)?<\/li>\n\n\n\n<li>Failin\u00a0<strong>m\u00fcdahale imk\u00e2n\u0131<\/strong>\u00a0var m\u0131yd\u0131 (fiilen yapabilir miydi)?<\/li>\n\n\n\n<li>\u0130hmal ile \u00f6l\u00fcm aras\u0131nda\u00a0<strong>nedensellik ba\u011f\u0131<\/strong>\u00a0kurulabiliyor mu?<\/li>\n\n\n\n<li>Failin \u00f6l\u00fcm neticesine ili\u015fkin\u00a0<strong>kast\u0131<\/strong>\u00a0(do\u011frudan\/olas\u0131) var m\u0131?<\/li>\n\n\n\n<li>Olay\u0131n \u015fartlar\u0131 i\u00e7inde ihmal, ger\u00e7ekten\u00a0<strong>icrai davran\u0131\u015fa e\u015fde\u011fer<\/strong>\u00a0mi?<\/li>\n<\/ul>\n\n\n\n<p class=\"wp-block-paragraph\"><strong>Bilgilendirme Notu<\/strong><\/p>\n\n\n\n<p class=\"wp-block-paragraph\">Bu i\u00e7erik genel bilgilendirme ama\u00e7l\u0131d\u0131r. Somut olay\u0131n niteli\u011fine g\u00f6re TCK 83, TCK 85 veya ba\u015fka su\u00e7 tipleri g\u00fcndeme gelebilir. Olay\u0131n dosyas\u0131na, delillere ve y\u00fck\u00fcml\u00fcl\u00fck ili\u015fkisine g\u00f6re bir ceza hukuku uzman\u0131 taraf\u0131ndan de\u011ferlendirme yap\u0131lmas\u0131 \u00f6nemlidir.<\/p>\n\n\n\n<p class=\"wp-block-paragraph\"><strong>Sonu\u00e7 \/ \u00d6zet<\/strong><\/p>\n\n\n\n<ul class=\"wp-block-list\">\n<li><strong>TCK 83<\/strong>, \u201caktif \u00f6ld\u00fcrme\u201d yerine,\u00a0<strong>y\u00fck\u00fcml\u00fc olunan bir kurtarma\/\u00f6nleme davran\u0131\u015f\u0131n\u0131 yapmayarak<\/strong>\u00a0\u00f6l\u00fcme sebep olmay\u0131, belirli \u015fartlarla\u00a0<strong>kasten \u00f6ld\u00fcrme kapsam\u0131nda<\/strong>\u00a0ele al\u0131r.<\/li>\n\n\n\n<li>Uygulaman\u0131n merkezinde:\u00a0<strong>garant\u00f6rl\u00fck (hukuki y\u00fck\u00fcml\u00fcl\u00fck)<\/strong>, ihmalin\u00a0<strong>icrai davran\u0131\u015fa e\u015fde\u011ferli\u011fi<\/strong>,\u00a0<strong>nedensellik ba\u011f\u0131<\/strong>\u00a0\u0438\u00a0<strong>kast<\/strong>\u00a0bulunur.- Ceza aral\u0131klar\u0131, olay\u0131n t\u00fcr\u00fcne g\u00f6re\u00a0<strong>10\u201315 y\u0131l<\/strong>,\u00a0<strong>15\u201320 y\u0131l<\/strong>\u00a0\u0438\u043b\u0438\u00a0<strong>20\u201325 y\u0131l<\/strong>\u00a0hapis \u015feklinde d\u00fczenlenmi\u015ftir (TCK 83\/3).<\/li>\n<\/ul>\n\n\n\n<p class=\"wp-block-paragraph\">Daha fazla bilgi i\u00e7in <a href=\"https:\/\/batinyilmaz.av.tr\/ru\/iletisim\/\">https:\/\/batinyilmaz.av.tr\/iletisim\/<\/a> ileti\u015fim adresimizden bize ula\u015fabilirsiniz. <\/p>\n\n\n\n<p class=\"wp-block-paragraph\">\u0410\u0434\u0432. \u0411\u0430\u0442\u0438\u043d \u0419\u042b\u041b\u041c\u0410\u0417<\/p>","protected":false},"excerpt":{"rendered":"<p>TCK 83, bir ki\u015finin bir ba\u015fkas\u0131n\u0131n \u00f6lmesini\u00a0aktif bir eylemle\u00a0sa\u011flamad\u0131\u011f\u0131; ancak\u00a0hukuken yapmak zorunda oldu\u011fu kurtarma\/\u00f6nleme davran\u0131\u015f\u0131n\u0131 yapmayarak\u00a0\u00f6l\u00fcm neticesine yol a\u00e7t\u0131\u011f\u0131 durumlarda, belirli \u015fartlarla\u00a0kasten \u00f6ld\u00fcrme kapsam\u0131nda\u00a0cezaland\u0131r\u0131labilmesini d\u00fczenler. Bu su\u00e7 tipi, \u00f6zellikle \u201cgarant\u00f6rl\u00fck\u201d denilen bir hukuki konuma dayan\u0131r. Yani herkesin de\u011fil, ancak belirli ki\u015filerin (\u00f6rne\u011fin bak\u0131m y\u00fck\u00fcml\u00fcs\u00fc olanlar, s\u00f6zle\u015fmeyle koruma g\u00f6revi \u00fcstlenenler veya kendi eylemiyle tehlike yaratanlar) sorumlulu\u011fu [&hellip;]<\/p>\n","protected":false},"author":2,"featured_media":2470,"comment_status":"open","ping_status":"open","sticky":false,"template":"","format":"standard","meta":{"_joinchat":[],"footnotes":""},"categories":[61],"tags":[293,292],"class_list":["post-2469","post","type-post","status-publish","format-standard","has-post-thumbnail","hentry","category-ceza-hukuku","tag-ihmali-davranisla-kasten-oldurme","tag-tck-83-nedir-2"],"_links":{"self":[{"href":"https:\/\/batinyilmaz.av.tr\/ru\/wp-json\/wp\/v2\/posts\/2469","targetHints":{"allow":["GET"]}}],"collection":[{"href":"https:\/\/batinyilmaz.av.tr\/ru\/wp-json\/wp\/v2\/posts"}],"about":[{"href":"https:\/\/batinyilmaz.av.tr\/ru\/wp-json\/wp\/v2\/types\/post"}],"author":[{"embeddable":true,"href":"https:\/\/batinyilmaz.av.tr\/ru\/wp-json\/wp\/v2\/users\/2"}],"replies":[{"embeddable":true,"href":"https:\/\/batinyilmaz.av.tr\/ru\/wp-json\/wp\/v2\/comments?post=2469"}],"version-history":[{"count":2,"href":"https:\/\/batinyilmaz.av.tr\/ru\/wp-json\/wp\/v2\/posts\/2469\/revisions"}],"predecessor-version":[{"id":2472,"href":"https:\/\/batinyilmaz.av.tr\/ru\/wp-json\/wp\/v2\/posts\/2469\/revisions\/2472"}],"wp:featuredmedia":[{"embeddable":true,"href":"https:\/\/batinyilmaz.av.tr\/ru\/wp-json\/wp\/v2\/media\/2470"}],"wp:attachment":[{"href":"https:\/\/batinyilmaz.av.tr\/ru\/wp-json\/wp\/v2\/media?parent=2469"}],"wp:term":[{"taxonomy":"category","embeddable":true,"href":"https:\/\/batinyilmaz.av.tr\/ru\/wp-json\/wp\/v2\/categories?post=2469"},{"taxonomy":"post_tag","embeddable":true,"href":"https:\/\/batinyilmaz.av.tr\/ru\/wp-json\/wp\/v2\/tags?post=2469"}],"curies":[{"name":"wp","href":"https:\/\/api.w.org\/{rel}","templated":true}]}}