{"id":2454,"date":"2025-12-15T13:53:17","date_gmt":"2025-12-15T10:53:17","guid":{"rendered":"https:\/\/batinyilmaz.av.tr\/?p=2454"},"modified":"2026-08-05T13:14:48","modified_gmt":"2026-08-05T10:14:48","slug":"turk-vatandasligi-basvurusunda-18-yasina-girmek","status":"publish","type":"post","link":"https:\/\/batinyilmaz.av.tr\/ru\/turk-vatandasligi-basvurusunda-18-yasina-girmek\/","title":{"rendered":"T\u00dcRK VATANDA\u015eLI\u011eI BA\u015eVURUSU SIRASINDA 18 YA\u015eINA G\u0130RMEK (2026 G\u00dcNCEL HUKUK\u0130 ANAL\u0130Z)"},"content":{"rendered":"<div id=\"ez-toc-container\" class=\"ez-toc-v2_0_85 counter-hierarchy ez-toc-counter ez-toc-grey ez-toc-container-direction\">\n<div class=\"ez-toc-title-container\">\n<p class=\"ez-toc-title\" style=\"cursor:inherit\">\u0417\u0430\u0433\u043e\u043b\u043e\u0432\u043a\u0438<\/p>\n<span class=\"ez-toc-title-toggle\"><a href=\"#\" class=\"ez-toc-pull-right ez-toc-btn ez-toc-btn-xs ez-toc-btn-default ez-toc-toggle\" aria-label=\"Toggle Table of Content\"><span class=\"ez-toc-js-icon-con\"><span class=\"\"><span class=\"eztoc-hide\" style=\"display:none;\">\u041f\u0435\u0440\u0435\u043a\u043b\u044e\u0447\u0430\u0442\u0435\u043b\u044c<\/span><span class=\"ez-toc-icon-toggle-span\"><svg style=\"fill: #999;color:#999\" xmlns=\"http:\/\/www.w3.org\/2000\/svg\" class=\"list-377408\" width=\"20px\" height=\"20px\" viewbox=\"0 0 24 24\" fill=\"none\"><path d=\"M6 6H4v2h2V6zm14 0H8v2h12V6zM4 11h2v2H4v-2zm16 0H8v2h12v-2zM4 16h2v2H4v-2zm16 0H8v2h12v-2z\" fill=\"currentColor\"><\/path><\/svg><svg style=\"fill: #999;color:#999\" class=\"arrow-unsorted-368013\" xmlns=\"http:\/\/www.w3.org\/2000\/svg\" width=\"10px\" height=\"10px\" viewbox=\"0 0 24 24\" version=\"1.2\" baseprofile=\"tiny\"><path d=\"M18.2 9.3l-6.2-6.3-6.2 6.3c-.2.2-.3.4-.3.7s.1.5.3.7c.2.2.4.3.7.3h11c.3 0 .5-.1.7-.3.2-.2.3-.5.3-.7s-.1-.5-.3-.7zM5.8 14.7l6.2 6.3 6.2-6.3c.2-.2.3-.5.3-.7s-.1-.5-.3-.7c-.2-.2-.4-.3-.7-.3h-11c-.3 0-.5.1-.7.3-.2.2-.3.5-.3.7s.1.5.3.7z\"\/><\/svg><\/span><\/span><\/span><\/a><\/span><\/div>\n<nav><ul class='ez-toc-list ez-toc-list-level-1' ><ul class='ez-toc-list-level-2' ><li class='ez-toc-heading-level-2'><a class=\"ez-toc-link ez-toc-heading-1\" href=\"https:\/\/batinyilmaz.av.tr\/ru\/turk-vatandasligi-basvurusunda-18-yasina-girmek\/#UYGULAMADA_EN_SIK_GORULEN_DURUM\" >UYGULAMADA EN SIK G\u00d6R\u00dcLEN DURUM<\/a><\/li><\/ul><\/li><li class='ez-toc-page-1 ez-toc-heading-level-1'><a class=\"ez-toc-link ez-toc-heading-2\" href=\"https:\/\/batinyilmaz.av.tr\/ru\/turk-vatandasligi-basvurusunda-18-yasina-girmek\/#SIKCA_SORULAN_SORULAR_SSS\" >SIK\u00c7A SORULAN SORULAR (SSS)<\/a><ul class='ez-toc-list-level-2' ><li class='ez-toc-heading-level-2'><a class=\"ez-toc-link ez-toc-heading-3\" href=\"https:\/\/batinyilmaz.av.tr\/ru\/turk-vatandasligi-basvurusunda-18-yasina-girmek\/#1_Vatandaslik_basvurusu_sirasinda_18_yasina_girersem_ne_olur\" >1. Vatanda\u015fl\u0131k ba\u015fvurusu s\u0131ras\u0131nda 18 ya\u015f\u0131na girersem ne olur?<\/a><\/li><li class='ez-toc-page-1 ez-toc-heading-level-2'><a class=\"ez-toc-link ez-toc-heading-4\" href=\"https:\/\/batinyilmaz.av.tr\/ru\/turk-vatandasligi-basvurusunda-18-yasina-girmek\/#2_18_yasina_giren_kisi_yeniden_basvuru_yapmak_zorunda_mi\" >2. 18 ya\u015f\u0131na giren ki\u015fi yeniden ba\u015fvuru yapmak zorunda m\u0131?<\/a><\/li><li class='ez-toc-page-1 ez-toc-heading-level-2'><a class=\"ez-toc-link ez-toc-heading-5\" href=\"https:\/\/batinyilmaz.av.tr\/ru\/turk-vatandasligi-basvurusunda-18-yasina-girmek\/#3_Basvurum_neden_reddedildi\" >3. Ba\u015fvurum neden reddedildi?<\/a><\/li><li class='ez-toc-page-1 ez-toc-heading-level-2'><a class=\"ez-toc-link ez-toc-heading-6\" href=\"https:\/\/batinyilmaz.av.tr\/ru\/turk-vatandasligi-basvurusunda-18-yasina-girmek\/#4_Ret_kararina_karsi_dava_acilabilir_mi\" >4. Ret karar\u0131na kar\u015f\u0131 dava a\u00e7\u0131labilir mi?<\/a><\/li><li class='ez-toc-page-1 ez-toc-heading-level-2'><a class=\"ez-toc-link ez-toc-heading-7\" href=\"https:\/\/batinyilmaz.av.tr\/ru\/turk-vatandasligi-basvurusunda-18-yasina-girmek\/#5_Dosya_yillarca_beklerse_ne_olur\" >5. Dosya y\u0131llarca beklerse ne olur?<\/a><\/li><li class='ez-toc-page-1 ez-toc-heading-level-2'><a class=\"ez-toc-link ez-toc-heading-8\" href=\"https:\/\/batinyilmaz.av.tr\/ru\/turk-vatandasligi-basvurusunda-18-yasina-girmek\/#6_Basvuru_tarihi_mi_onemli_karar_tarihi_mi\" >6. Ba\u015fvuru tarihi mi \u00f6nemli karar tarihi mi?<\/a><\/li><li class='ez-toc-page-1 ez-toc-heading-level-2'><a class=\"ez-toc-link ez-toc-heading-9\" href=\"https:\/\/batinyilmaz.av.tr\/ru\/turk-vatandasligi-basvurusunda-18-yasina-girmek\/#7_Her_dosya_ayni_sekilde_mi_degerlendirilir\" >7. Her dosya ayn\u0131 \u015fekilde mi de\u011ferlendirilir?<\/a><\/li><li class='ez-toc-page-1 ez-toc-heading-level-2'><a class=\"ez-toc-link ez-toc-heading-10\" href=\"https:\/\/batinyilmaz.av.tr\/ru\/turk-vatandasligi-basvurusunda-18-yasina-girmek\/#8_Vatandaslik_sureci_ne_kadar_surer\" >8. Vatanda\u015fl\u0131k s\u00fcreci ne kadar s\u00fcrer?<\/a><\/li><li class='ez-toc-page-1 ez-toc-heading-level-2'><a class=\"ez-toc-link ez-toc-heading-11\" href=\"https:\/\/batinyilmaz.av.tr\/ru\/turk-vatandasligi-basvurusunda-18-yasina-girmek\/#SONUC\" >SONU\u00c7<\/a><\/li><\/ul><\/li><li class='ez-toc-page-1 ez-toc-heading-level-1'><a class=\"ez-toc-link ez-toc-heading-12\" href=\"https:\/\/batinyilmaz.av.tr\/ru\/turk-vatandasligi-basvurusunda-18-yasina-girmek\/#%F0%9F%93%A9_BIZE_ULASIN\" >\ud83d\udce9 B\u0130ZE ULA\u015eIN<\/a><\/li><\/ul><\/nav><\/div>\n\n<p class=\"wp-block-paragraph\">T\u00fcrkiye\u2019de yabanc\u0131lar\u0131n vatanda\u015fl\u0131k kazanma s\u00fcre\u00e7leri belirli \u015fartlara ve usule tabidir. Ancak uygulamada \u00f6zellikle aile yan\u0131nda ba\u015fvuru yapan \u00e7ocuklar\u0131n <strong>T\u00fcrk vatanda\u015fl\u0131\u011f\u0131 ba\u015fvurusu s\u0131ras\u0131nda 18 ya\u015f\u0131na girmesi<\/strong> halinde hukuki durumlar\u0131n\u0131n ne olaca\u011f\u0131 s\u0131k\u00e7a tart\u0131\u015fma konusu olmaktad\u0131r. Bekleme s\u00fcrecinin uzunlu\u011fu, idari i\u015flemlerin zaman almas\u0131 veya ba\u015fvurunun de\u011ferlendirme a\u015famas\u0131nda bulunmas\u0131 gibi nedenlerle, dosyas\u0131 devam eden bir\u00e7ok yabanc\u0131 \u00e7ocuk bu s\u00fcre\u00e7te re\u015fit olabilir. Peki bu durumda ba\u015fvuru ge\u00e7erlili\u011fini korur mu? Yeniden mi ba\u015fvuru yapmak gerekir?<\/p>\n\n\n\n<hr class=\"wp-block-separator has-alpha-channel-opacity\"\/>\n\n\n\n<p class=\"wp-block-paragraph\"><strong>18 Ya\u015f\u0131ndan K\u00fc\u00e7\u00fcklerin Ba\u015fvurusu Nas\u0131l \u0130\u015fler?<\/strong><\/p>\n\n\n\n<p class=\"wp-block-paragraph\">\u00c7ocuklar genellikle anne veya baban\u0131n vatanda\u015fl\u0131k ba\u015fvurusuna 18 ya\u015f\u0131n\u0131 doldurmadan dahil edilebilir. Bu durumda \u00e7ocu\u011fun ba\u015fvurusu ba\u011f\u0131ml\u0131 (ba\u011fl\u0131) stat\u00fcde de\u011ferlendirilir ve ebeveynle birlikte i\u015flemler y\u00fcr\u00fct\u00fcl\u00fcr. Ancak bekleyen vatanda\u015fl\u0131k dosyas\u0131 s\u00fcrecinde \u00e7ocuk <strong>18 ya\u015f\u0131na girerse<\/strong>, art\u0131k hukuken re\u015fit kabul edilir. Bu itibarla; Vatanda\u015fl\u0131k ba\u015fvurular\u0131nda \u00e7ocuklar genellikle ebeveynlerinin ba\u015fvurusuna ba\u011fl\u0131 olarak de\u011ferlendirilir. Bu durumda \u00e7ocuk:<\/p>\n\n\n\n<ul class=\"wp-block-list\">\n<li>ba\u011f\u0131ms\u0131z ba\u015fvuru sahibi de\u011fildir<\/li>\n\n\n\n<li>dosya ebeveyn \u00fczerinden y\u00fcr\u00fct\u00fcl\u00fcr<\/li>\n\n\n\n<li>karar aile b\u00fct\u00fcnl\u00fc\u011f\u00fc i\u00e7inde verilir<\/li>\n<\/ul>\n\n\n\n<p class=\"wp-block-paragraph\">Ancak ba\u015fvuru s\u00fcrecinin uzun s\u00fcrmesi nedeniyle, dosya sonu\u00e7lanmadan \u00e7ocuk <strong>18 ya\u015f\u0131na ula\u015fabilir<\/strong>.Her ne kadar T\u00fcrk Vatanda\u015fl\u0131\u011f\u0131 kazan\u0131m\u0131 i\u00e7in ba\u015fvuru tarihindeki ya\u015f \u00fczerinden hesaplama yap\u0131lmas\u0131 gerekmekteyse de; son zamanlarda, ba\u015fvuru a\u015famas\u0131nda hen\u00fcz re\u015fit olmamas\u0131na ra\u011fmen ba\u015fvuru s\u0131ras\u0131nda re\u015fit olan ki\u015filerin dosyas\u0131n\u0131 anne \u2013 baba\u2019dan ay\u0131rd\u0131klar\u0131 ve ilgili ki\u015filere ayr\u0131ca T\u00fcrk Vatanda\u015fl\u0131\u011f\u0131 ba\u015fvuru dosyas\u0131 a\u00e7\u0131ld\u0131 bilinmektedir. Bu durumda da, T\u00fcrk Vatanda\u015fl\u0131\u011f\u0131 ba\u015fvurusu ya s\u00fcr\u00fcncemede b\u0131rak\u0131lmakta ya da reddedilmektedir.<\/p>\n\n\n\n<hr class=\"wp-block-separator has-alpha-channel-opacity\"\/>\n\n\n\n<p class=\"wp-block-paragraph\"><strong>Ba\u015fvuru Devam Ederken 18 Ya\u015f\u0131na Girmek Ba\u015fvuruyu Ge\u00e7ersiz K\u0131lar m\u0131?<\/strong><\/p>\n\n\n\n<p class=\"wp-block-paragraph\">En \u00e7ok tart\u0131\u015f\u0131lan konu budur. Bir ki\u015fi ba\u015fvuru yap\u0131ld\u0131\u011f\u0131nda \u00e7ocuk ise, ancak s\u00fcre\u00e7 devam ederken 18 ya\u015f\u0131na girerse:<\/p>\n\n\n\n<p class=\"wp-block-paragraph\">Bu durumda idare \u00e7o\u011fu zaman ba\u015fvuruyu \u201cba\u011fl\u0131 stat\u00fc\u201d kapsam\u0131nda de\u011ferlendirmez.<\/p>\n\n\n\n<p class=\"wp-block-paragraph\">Bu durumda: dosya ayr\u0131labilir, yeni ba\u015fvuru istenebilir veya do\u011frudan ret karar\u0131 verilebilir.<\/p>\n\n\n\n<p class=\"wp-block-paragraph\">Kural olarak, ba\u015fvuru a\u015famas\u0131nda re\u015fit olan ki\u015finin ebeveyne ba\u011fl\u0131 ba\u015fvuru hakk\u0131 sona erer. Bu nedenle <strong>T\u00fcrk vatanda\u015fl\u0131\u011f\u0131 ba\u015fvuru s\u0131ras\u0131nda 18 ya\u015f\u0131na girmek<\/strong>, dosyan\u0131n devam\u0131 i\u00e7in yeni bir i\u015flem ihtiyac\u0131 do\u011furur. Uygulamada, <strong>18 ya\u015f\u0131na girdi\u011fi i\u00e7in vatanda\u015fl\u0131k ba\u015fvurusu reddedilenler<\/strong> \u00e7o\u011funlukla ayr\u0131 ve bireysel bir ba\u015fvuru yapmak zorunda kalmaktad\u0131r.<\/p>\n\n\n\n<h2 class=\"wp-block-heading\"><span class=\"ez-toc-section\" id=\"UYGULAMADA_EN_SIK_GORULEN_DURUM\"><\/span>UYGULAMADA EN SIK G\u00d6R\u00dcLEN DURUM<span class=\"ez-toc-section-end\"><\/span><\/h2>\n\n\n\n<p class=\"wp-block-paragraph\">Son y\u0131llarda \u00e7ok say\u0131da dosyada \u015fu durum g\u00f6r\u00fclmektedir:<\/p>\n\n\n\n<ul class=\"wp-block-list\">\n<li>Ba\u015fvuru \u00e7ocukken yap\u0131l\u0131r<\/li>\n\n\n\n<li>Dosya 2\u20134 y\u0131l bekler<\/li>\n\n\n\n<li>Ki\u015fi 18 ya\u015f\u0131na girer<\/li>\n\n\n\n<li>\u0130dare ba\u015fvuruyu reddeder<\/li>\n<\/ul>\n\n\n\n<p class=\"wp-block-paragraph\">Bu ki\u015filer genellikle:<\/p>\n\n\n\n<p class=\"wp-block-paragraph\">\ud83d\udc49 \u201c18 ya\u015f\u0131na girdi\u011fi i\u00e7in vatanda\u015fl\u0131k ba\u015fvurusu reddedilenler\u201d<\/p>\n\n\n\n<p class=\"wp-block-paragraph\">grubunu olu\u015fturur.<\/p>\n\n\n\n<p class=\"wp-block-paragraph\"><strong>18 Ya\u015f\u0131na Girenler Ne Yapmal\u0131?<\/strong><\/p>\n\n\n\n<p class=\"wp-block-paragraph\">Ba\u015fvuru s\u00fcrecinde re\u015fit olan ki\u015filer i\u00e7in izlenebilecek ad\u0131mlar \u015funlard\u0131r:<\/p>\n\n\n\n<ol start=\"1\" class=\"wp-block-list\">\n<li><strong>Yeni ve bireysel vatanda\u015fl\u0131k ba\u015fvurusu yap\u0131lmas\u0131<\/strong><br>Her ne suretle olursa olsun ba\u015fvuru devam ederken re\u015fit olan ki\u015filere, aileden ba\u011f\u0131ms\u0131z ayr\u0131ca dosya a\u00e7\u0131l\u0131r.<\/li>\n\n\n\n<li>Bu a\u015famada T\u00fcrk Vatanda\u015fl\u0131\u011f\u0131 ba\u015fvuru dosyalar\u0131n\u0131n uzun y\u0131llar bekledi\u011fi bilinmektedir. Bu durumun ya\u015fanmas\u0131 halinde, ya\u015fan\u0131lan \u015fehirde bulunulan N\u00fcfus M\u00fcd\u00fcrl\u00fc\u011f\u00fc\u2019ne durumu detayl\u0131ca a\u00e7\u0131klayan dilek\u00e7e verilmesi gerekmektedir.<\/li>\n\n\n\n<li>Ankara N\u00fcfus ve Vatanda\u015fl\u0131k \u0130\u015fleri Genel M\u00fcd\u00fcrl\u00fc\u011f\u00fc\u2019nden ilgili ki\u015finin ba\u015fvuru dosyas\u0131 takip edilmelidir.<\/li>\n\n\n\n<li>Dosya hakk\u0131nda ret karar\u0131 verilmesi halinde vakit kaybetmeden idari i\u015flemin iptali talepli dava a\u00e7\u0131lmas\u0131 gerekmektedir.<\/li>\n<\/ol>\n\n\n\n<figure class=\"wp-block-table\"><table class=\"has-fixed-layout\"><thead><tr><th>A\u015fama<\/th><th>\u0417\u0430\u043a\u043b\u044e\u0447\u0435\u043d\u0438\u0435<\/th><\/tr><\/thead><tbody><tr><td>\u00c7ocukken ba\u015fvuru<\/td><td>Ba\u011fl\u0131 stat\u00fc<\/td><\/tr><tr><td>S\u00fcre\u00e7 devam ederken 18 ya\u015f<\/td><td>Stat\u00fc de\u011fi\u015fimi<\/td><\/tr><tr><td>\u0130dare de\u011ferlendirmesi<\/td><td>Takdir yetkisi<\/td><\/tr><tr><td>Ret karar\u0131<\/td><td>Dava yolu a\u00e7\u0131k<\/td><\/tr><\/tbody><\/table><\/figure>\n\n\n\n<hr class=\"wp-block-separator has-alpha-channel-opacity\"\/>\n\n\n\n<p class=\"wp-block-paragraph\">Bu t\u00fcr vatanda\u015fl\u0131k ve idare hukuku s\u00fcre\u00e7leri, uzmanl\u0131k gerektiren teknik alanlard\u0131r. S\u00fcrecin do\u011fru y\u00f6netilmesi i\u00e7in <strong><a href=\"https:\/\/batinyilmaz.av.tr\/ru\/beylikduzu-avukat\/\" data-type=\"page\" data-id=\"2871\">Beylikd\u00fcz\u00fc avukat<\/a><\/strong> deste\u011fi al\u0131nmas\u0131, olas\u0131 hak kay\u0131plar\u0131n\u0131n \u00f6nlenmesi a\u00e7\u0131s\u0131ndan \u00f6nem ta\u015f\u0131yabilir.<\/p>\n\n\n\n<h1 class=\"wp-block-heading\"><span class=\"ez-toc-section\" id=\"SIKCA_SORULAN_SORULAR_SSS\"><\/span>SIK\u00c7A SORULAN SORULAR (SSS)<span class=\"ez-toc-section-end\"><\/span><\/h1>\n\n\n\n<h2 class=\"wp-block-heading\"><span class=\"ez-toc-section\" id=\"1_Vatandaslik_basvurusu_sirasinda_18_yasina_girersem_ne_olur\"><\/span>1. Vatanda\u015fl\u0131k ba\u015fvurusu s\u0131ras\u0131nda 18 ya\u015f\u0131na girersem ne olur?<span class=\"ez-toc-section-end\"><\/span><\/h2>\n\n\n\n<p class=\"wp-block-paragraph\">Ba\u011fl\u0131 ba\u015fvuru stat\u00fcs\u00fc sona erebilir ve dosya bireysel de\u011ferlendirmeye al\u0131nabilir.<\/p>\n\n\n\n<hr class=\"wp-block-separator has-alpha-channel-opacity\"\/>\n\n\n\n<h2 class=\"wp-block-heading\"><span class=\"ez-toc-section\" id=\"2_18_yasina_giren_kisi_yeniden_basvuru_yapmak_zorunda_mi\"><\/span>2. 18 ya\u015f\u0131na giren ki\u015fi yeniden ba\u015fvuru yapmak zorunda m\u0131?<span class=\"ez-toc-section-end\"><\/span><\/h2>\n\n\n\n<p class=\"wp-block-paragraph\">\u00c7o\u011fu durumda evet, bireysel ba\u015fvuru gerekir.<\/p>\n\n\n\n<hr class=\"wp-block-separator has-alpha-channel-opacity\"\/>\n\n\n\n<h2 class=\"wp-block-heading\"><span class=\"ez-toc-section\" id=\"3_Basvurum_neden_reddedildi\"><\/span>3. Ba\u015fvurum neden reddedildi?<span class=\"ez-toc-section-end\"><\/span><\/h2>\n\n\n\n<p class=\"wp-block-paragraph\">En yayg\u0131n nedenlerden biri, ba\u015fvuru s\u0131ras\u0131nda re\u015fit olunmas\u0131d\u0131r.<\/p>\n\n\n\n<hr class=\"wp-block-separator has-alpha-channel-opacity\"\/>\n\n\n\n<h2 class=\"wp-block-heading\"><span class=\"ez-toc-section\" id=\"4_Ret_kararina_karsi_dava_acilabilir_mi\"><\/span>4. Ret karar\u0131na kar\u015f\u0131 dava a\u00e7\u0131labilir mi?<span class=\"ez-toc-section-end\"><\/span><\/h2>\n\n\n\n<p class=\"wp-block-paragraph\">Evet, idari i\u015flemin iptali davas\u0131 a\u00e7\u0131labilir.<\/p>\n\n\n\n<hr class=\"wp-block-separator has-alpha-channel-opacity\"\/>\n\n\n\n<h2 class=\"wp-block-heading\"><span class=\"ez-toc-section\" id=\"5_Dosya_yillarca_beklerse_ne_olur\"><\/span>5. Dosya y\u0131llarca beklerse ne olur?<span class=\"ez-toc-section-end\"><\/span><\/h2>\n\n\n\n<p class=\"wp-block-paragraph\">\u0130dari gecikme hukuki tart\u0131\u015fma konusu olabilir.<\/p>\n\n\n\n<hr class=\"wp-block-separator has-alpha-channel-opacity\"\/>\n\n\n\n<h2 class=\"wp-block-heading\"><span class=\"ez-toc-section\" id=\"6_Basvuru_tarihi_mi_onemli_karar_tarihi_mi\"><\/span>6. Ba\u015fvuru tarihi mi \u00f6nemli karar tarihi mi?<span class=\"ez-toc-section-end\"><\/span><\/h2>\n\n\n\n<p class=\"wp-block-paragraph\">Uygulamada \u00e7o\u011funlukla karar tarihi esas al\u0131nmaktad\u0131r.<\/p>\n\n\n\n<hr class=\"wp-block-separator has-alpha-channel-opacity\"\/>\n\n\n\n<h2 class=\"wp-block-heading\"><span class=\"ez-toc-section\" id=\"7_Her_dosya_ayni_sekilde_mi_degerlendirilir\"><\/span>7. Her dosya ayn\u0131 \u015fekilde mi de\u011ferlendirilir?<span class=\"ez-toc-section-end\"><\/span><\/h2>\n\n\n\n<p class=\"wp-block-paragraph\">Hay\u0131r, her dosya kendi \u015fartlar\u0131nda incelenir.<\/p>\n\n\n\n<hr class=\"wp-block-separator has-alpha-channel-opacity\"\/>\n\n\n\n<h2 class=\"wp-block-heading\"><span class=\"ez-toc-section\" id=\"8_Vatandaslik_sureci_ne_kadar_surer\"><\/span>8. Vatanda\u015fl\u0131k s\u00fcreci ne kadar s\u00fcrer?<span class=\"ez-toc-section-end\"><\/span><\/h2>\n\n\n\n<p class=\"wp-block-paragraph\">Dosyaya g\u00f6re de\u011fi\u015fmekle birlikte birka\u00e7 y\u0131l s\u00fcrebilir.<\/p>\n\n\n\n<h2 class=\"wp-block-heading\"><span class=\"ez-toc-section\" id=\"SONUC\"><\/span>SONU\u00c7<span class=\"ez-toc-section-end\"><\/span><\/h2>\n\n\n\n<p class=\"wp-block-paragraph\">T\u00fcrk vatanda\u015fl\u0131\u011f\u0131 s\u00fcrecinde aile ba\u015fvurular\u0131nda \u00e7ocuklar\u0131n durumu \u00f6nemlidir. <strong>T\u00fcrk vatanda\u015fl\u0131\u011f\u0131 ba\u015fvurusu s\u0131ras\u0131nda 18 ya\u015f\u0131na girmek<\/strong>, bekleyen vatanda\u015fl\u0131k dosyas\u0131n\u0131n mevcut \u015fekliyle devam etmesine \u00e7o\u011fu zaman engel olur. Bu nedenle s\u00fcre\u00e7 uzam\u0131\u015fsa veya re\u015fit olma ihtimali varsa durumun \u00f6nceden de\u011ferlendirilmesi b\u00fcy\u00fck \u00f6nem ta\u015f\u0131r. Ba\u015fvuru devam ederken re\u015fit olmas\u0131 sebebiyle T\u00fcrk Vatanda\u015fl\u0131\u011f\u0131 ba\u015fvurusu reddedilenler idari i\u015flemin iptali talepli dava a\u00e7mas\u0131 gerekmektedir.\u00a0Bu i\u00e7erik yaln\u0131zca bilgilendirme ama\u00e7l\u0131d\u0131r. Her somut olay kendi \u00f6zel ko\u015fullar\u0131 i\u00e7inde de\u011ferlendirilmelidir. Konu ile ilgili kanun maddelerine <a href=\"https:\/\/www.mevzuat.gov.tr\/\" target=\"_blank\" rel=\"noopener\">Mevzuat Bilgi Sistemi<\/a> \u00fczerinden ula\u015fabilirsiniz.<\/p>\n\n\n\n<hr class=\"wp-block-separator has-alpha-channel-opacity\"\/>\n\n\n\n<h1 class=\"wp-block-heading\"><span class=\"ez-toc-section\" id=\"%F0%9F%93%A9_BIZE_ULASIN\"><\/span>\ud83d\udce9 B\u0130ZE ULA\u015eIN<span class=\"ez-toc-section-end\"><\/span><\/h1>\n\n\n\n<p class=\"wp-block-paragraph\">T\u00fcrk vatanda\u015fl\u0131\u011f\u0131, idare hukuku ve yabanc\u0131lar hukuku s\u00fcre\u00e7leri hakk\u0131nda detayl\u0131 de\u011ferlendirme yap\u0131lmas\u0131 i\u00e7in ileti\u015fim kanallar\u0131(<a href=\"https:\/\/batinyilmaz.av.tr\/ru\/iletisim\/\">www.batinyilmaz.av.tr\/iletisim<\/a>\/)\u00fczerinden bilgi talep edilebilir.<\/p>\n\n\n\n<p class=\"wp-block-paragraph\">\u0130dari i\u015flemin iptaline y\u00f6nelik tek bir dava hakk\u0131 bulundu\u011fundan, s\u00fcrecin profesyonel ekiplerce ve titizlikle y\u00fcr\u00fct\u00fclmesi gerekmektedir. Aksi halde daimi olarak hak kayb\u0131 ya\u015fanabilir.&nbsp; A\u015fa\u011f\u0131da, T\u00fcrk Vatanda\u015fl\u0131\u011f\u0131 devam ederken re\u015fit olan ba\u015fvurucunun, T\u00fcrk Vatanda\u015fl\u0131\u011f\u0131 ba\u015fvurusunun reddine y\u00f6nelik karar\u0131n iptal edilmesi talebimizle Ankara 9. \u0130dare Mahkemesi\u2019ne a\u00e7m\u0131\u015f oldu\u011fumuz davan\u0131n karar\u0131 \u00f6rnek olarak belirtilmi\u015ftir.<\/p>\n\n\n\n<figure class=\"wp-block-image size-large\"><img decoding=\"async\" width=\"1024\" height=\"1024\" src=\"https:\/\/batinyilmaz.av.tr\/wp-content\/uploads\/2025\/12\/BELGE-1-1-1024x1024.jpg\" alt=\"\" class=\"wp-image-2455\" srcset=\"https:\/\/batinyilmaz.av.tr\/wp-content\/uploads\/2025\/12\/BELGE-1-1-1024x1024.jpg 1024w, https:\/\/batinyilmaz.av.tr\/wp-content\/uploads\/2025\/12\/BELGE-1-1-300x300.jpg 300w, https:\/\/batinyilmaz.av.tr\/wp-content\/uploads\/2025\/12\/BELGE-1-1-150x150.jpg 150w\" sizes=\"(max-width: 1024px) 100vw, 1024px\" \/><\/figure>\n\n\n\n<figure class=\"wp-block-image size-large\"><img decoding=\"async\" width=\"1024\" height=\"1024\" src=\"https:\/\/batinyilmaz.av.tr\/wp-content\/uploads\/2025\/12\/Yeni-Microsoft-Office-Word-Belgesi-2-1_page-0002-1024x1024.jpg\" alt=\"\" class=\"wp-image-2456\" srcset=\"https:\/\/batinyilmaz.av.tr\/wp-content\/uploads\/2025\/12\/Yeni-Microsoft-Office-Word-Belgesi-2-1_page-0002-1024x1024.jpg 1024w, https:\/\/batinyilmaz.av.tr\/wp-content\/uploads\/2025\/12\/Yeni-Microsoft-Office-Word-Belgesi-2-1_page-0002-300x300.jpg 300w, https:\/\/batinyilmaz.av.tr\/wp-content\/uploads\/2025\/12\/Yeni-Microsoft-Office-Word-Belgesi-2-1_page-0002-150x150.jpg 150w\" sizes=\"(max-width: 1024px) 100vw, 1024px\" \/><\/figure>\n\n\n\n<figure class=\"wp-block-image size-large\"><img decoding=\"async\" width=\"1024\" height=\"1024\" src=\"https:\/\/batinyilmaz.av.tr\/wp-content\/uploads\/2025\/12\/Yeni-Microsoft-Office-Word-Belgesi-2-1_page-0003-1024x1024.jpg\" alt=\"\" class=\"wp-image-2457\" srcset=\"https:\/\/batinyilmaz.av.tr\/wp-content\/uploads\/2025\/12\/Yeni-Microsoft-Office-Word-Belgesi-2-1_page-0003-1024x1024.jpg 1024w, https:\/\/batinyilmaz.av.tr\/wp-content\/uploads\/2025\/12\/Yeni-Microsoft-Office-Word-Belgesi-2-1_page-0003-300x300.jpg 300w, https:\/\/batinyilmaz.av.tr\/wp-content\/uploads\/2025\/12\/Yeni-Microsoft-Office-Word-Belgesi-2-1_page-0003-150x150.jpg 150w\" sizes=\"(max-width: 1024px) 100vw, 1024px\" \/><\/figure>\n\n\n\n<figure class=\"wp-block-image size-large\"><img decoding=\"async\" width=\"1024\" height=\"1024\" src=\"https:\/\/batinyilmaz.av.tr\/wp-content\/uploads\/2025\/12\/Yeni-Microsoft-Office-Word-Belgesi-2-1_page-0004-1024x1024.jpg\" alt=\"\" class=\"wp-image-2458\" srcset=\"https:\/\/batinyilmaz.av.tr\/wp-content\/uploads\/2025\/12\/Yeni-Microsoft-Office-Word-Belgesi-2-1_page-0004-1024x1024.jpg 1024w, https:\/\/batinyilmaz.av.tr\/wp-content\/uploads\/2025\/12\/Yeni-Microsoft-Office-Word-Belgesi-2-1_page-0004-300x300.jpg 300w, https:\/\/batinyilmaz.av.tr\/wp-content\/uploads\/2025\/12\/Yeni-Microsoft-Office-Word-Belgesi-2-1_page-0004-150x150.jpg 150w\" sizes=\"(max-width: 1024px) 100vw, 1024px\" \/><\/figure>\n\n\n\n<p class=\"wp-block-paragraph\">Daha fazla bilgi i\u00e7in <a href=\"https:\/\/batinyilmaz.av.tr\/ru\/iletisim\/\">https:\/\/batinyilmaz.av.tr\/iletisim\/<\/a> adresimize ve 0532 669 34 90 telefonumuza mesaj iletebilirsiniz.<\/p>","protected":false},"excerpt":{"rendered":"<p>T\u00fcrkiye\u2019de yabanc\u0131lar\u0131n vatanda\u015fl\u0131k kazanma s\u00fcre\u00e7leri belirli \u015fartlara ve usule tabidir. Ancak uygulamada \u00f6zellikle aile yan\u0131nda ba\u015fvuru yapan \u00e7ocuklar\u0131n T\u00fcrk vatanda\u015fl\u0131\u011f\u0131 ba\u015fvurusu s\u0131ras\u0131nda 18 ya\u015f\u0131na girmesi halinde hukuki durumlar\u0131n\u0131n ne olaca\u011f\u0131 s\u0131k\u00e7a tart\u0131\u015fma konusu olmaktad\u0131r. Bekleme s\u00fcrecinin uzunlu\u011fu, idari i\u015flemlerin zaman almas\u0131 veya ba\u015fvurunun de\u011ferlendirme a\u015famas\u0131nda bulunmas\u0131 gibi nedenlerle, dosyas\u0131 devam eden bir\u00e7ok yabanc\u0131 \u00e7ocuk bu [&hellip;]<\/p>\n","protected":false},"author":2,"featured_media":2459,"comment_status":"open","ping_status":"open","sticky":false,"template":"","format":"standard","meta":{"_joinchat":[],"footnotes":""},"categories":[121],"tags":[282,284],"class_list":["post-2454","post","type-post","status-publish","format-standard","has-post-thumbnail","hentry","category-yabancilar-hukuku","tag-turk-vatandasligi-basvurusu","tag-turk-vatandasligi-basvurusunda-hukuki-durum"],"_links":{"self":[{"href":"https:\/\/batinyilmaz.av.tr\/ru\/wp-json\/wp\/v2\/posts\/2454","targetHints":{"allow":["GET"]}}],"collection":[{"href":"https:\/\/batinyilmaz.av.tr\/ru\/wp-json\/wp\/v2\/posts"}],"about":[{"href":"https:\/\/batinyilmaz.av.tr\/ru\/wp-json\/wp\/v2\/types\/post"}],"author":[{"embeddable":true,"href":"https:\/\/batinyilmaz.av.tr\/ru\/wp-json\/wp\/v2\/users\/2"}],"replies":[{"embeddable":true,"href":"https:\/\/batinyilmaz.av.tr\/ru\/wp-json\/wp\/v2\/comments?post=2454"}],"version-history":[{"count":3,"href":"https:\/\/batinyilmaz.av.tr\/ru\/wp-json\/wp\/v2\/posts\/2454\/revisions"}],"predecessor-version":[{"id":2885,"href":"https:\/\/batinyilmaz.av.tr\/ru\/wp-json\/wp\/v2\/posts\/2454\/revisions\/2885"}],"wp:featuredmedia":[{"embeddable":true,"href":"https:\/\/batinyilmaz.av.tr\/ru\/wp-json\/wp\/v2\/media\/2459"}],"wp:attachment":[{"href":"https:\/\/batinyilmaz.av.tr\/ru\/wp-json\/wp\/v2\/media?parent=2454"}],"wp:term":[{"taxonomy":"category","embeddable":true,"href":"https:\/\/batinyilmaz.av.tr\/ru\/wp-json\/wp\/v2\/categories?post=2454"},{"taxonomy":"post_tag","embeddable":true,"href":"https:\/\/batinyilmaz.av.tr\/ru\/wp-json\/wp\/v2\/tags?post=2454"}],"curies":[{"name":"wp","href":"https:\/\/api.w.org\/{rel}","templated":true}]}}