{"id":2436,"date":"2025-12-09T16:10:28","date_gmt":"2025-12-09T13:10:28","guid":{"rendered":"https:\/\/batinyilmaz.av.tr\/?p=2436"},"modified":"2026-08-05T13:15:07","modified_gmt":"2026-08-05T10:15:07","slug":"gocmen-kacakciligi-sucu-nedir-cezasi-unsurlari-ve-beraat-karari-emsalleri","status":"publish","type":"post","link":"https:\/\/batinyilmaz.av.tr\/ru\/gocmen-kacakciligi-sucu-nedir-cezasi-unsurlari-ve-beraat-karari-emsalleri\/","title":{"rendered":"G\u00f6\u00e7men Ka\u00e7ak\u00e7\u0131l\u0131\u011f\u0131 Su\u00e7u Nedir? Cezas\u0131, Unsurlar\u0131 ve Beraat Karar\u0131 Emsalleri"},"content":{"rendered":"<p class=\"wp-block-paragraph\"><strong>G\u00f6\u00e7men Ka\u00e7ak\u00e7\u0131l\u0131\u011f\u0131 Su\u00e7u<\/strong>, T\u00fcrk Ceza Kanunu madde 79 kapsam\u0131nda d\u00fczenlenmi\u015f olup, do\u011frudan veya dolayl\u0131 \u015fekilde maddi menfaat elde etmek amac\u0131yla yabanc\u0131lar\u0131n yasad\u0131\u015f\u0131 yollarla \u00fclkeye sokulmas\u0131 veya \u00fclkede kalmas\u0131na imk\u00e2n sa\u011flanmas\u0131 ile olu\u015fur. Ayn\u0131 \u015fekilde T\u00fcrk vatanda\u015f\u0131 veya yabanc\u0131n\u0131n yurt d\u0131\u015f\u0131na \u00e7\u0131kmas\u0131na imk\u00e2n sa\u011flanmas\u0131 da su\u00e7 kapsam\u0131ndad\u0131r. Kanun, su\u00e7a te\u015febb\u00fcs a\u015famas\u0131nda kal\u0131nsa bile eylemi tamamlanm\u0131\u015f gibi de\u011ferlendirir ve buna g\u00f6re ceza h\u00fckmedilir.<\/p>\n\n\n\n<p class=\"wp-block-paragraph\">Bu yaz\u0131da <strong>G\u00f6\u00e7men Ka\u00e7ak\u00e7\u0131l\u0131\u011f\u0131 Su\u00e7u<\/strong>, cezalar\u0131, su\u00e7un unsurlar\u0131 ve <strong>G\u00f6\u00e7men Ka\u00e7ak\u00e7\u0131l\u0131\u011f\u0131 beraat karar\u0131<\/strong> verilmesine yol a\u00e7an durumlar ile <strong>emsal Yarg\u0131tay kararlar\u0131<\/strong> hakk\u0131nda detayl\u0131 bilgiler yer almaktad\u0131r.<\/p>\n\n\n\n<hr class=\"wp-block-separator has-alpha-channel-opacity\"\/>\n\n\n\n<p class=\"wp-block-paragraph\"><strong>TCK Madde 79 \u2013 G\u00f6\u00e7men Ka\u00e7ak\u00e7\u0131l\u0131\u011f\u0131 Su\u00e7unun Yasal \u00c7er\u00e7evesi<\/strong><\/p>\n\n\n\n<p class=\"wp-block-paragraph\">TCK 79\u2019a g\u00f6re;<\/p>\n\n\n\n<p class=\"wp-block-paragraph\"><strong>Do\u011frudan veya dolayl\u0131 maddi menfaat elde etmek amac\u0131yla, yasal olmayan yollarla bir yabanc\u0131y\u0131 \u00fclkeye sokan, \u00fclkede kalmas\u0131na imk\u00e2n sa\u011flayan veya T\u00fcrk vatanda\u015f\u0131\/yabanc\u0131n\u0131n yurt d\u0131\u015f\u0131na \u00e7\u0131kmas\u0131na imk\u00e2n sa\u011flayan ki\u015fi 5 y\u0131ldan 8 y\u0131la kadar hapis cezas\u0131 ve 1000 g\u00fcnden 10.000 g\u00fcne kadar adli para cezas\u0131 ile cezaland\u0131r\u0131l\u0131r.<\/strong><br><em>Su\u00e7 te\u015febb\u00fcs a\u015famas\u0131nda kalsa dahi tamamlanm\u0131\u015f say\u0131l\u0131r.<\/em><\/p>\n\n\n\n<p class=\"wp-block-paragraph\">Mevzuata son d\u00f6nemde yap\u0131lan de\u011fi\u015fiklikler ile ceza alt s\u0131n\u0131r\u0131 3 y\u0131ldan <strong>5 y\u0131la \u00e7\u0131kar\u0131lm\u0131\u015ft\u0131r.<\/strong><\/p>\n\n\n\n<p class=\"wp-block-paragraph\">Ek ceza art\u0131r\u0131mlar\u0131:<\/p>\n\n\n\n<ul class=\"wp-block-list\">\n<li>Su\u00e7 ma\u011fdurun hayat\u0131n\u0131 tehlikeye sokar veya onur k\u0131r\u0131c\u0131 \u015fekilde i\u015flenirse ceza <strong>1\/2 oran\u0131ndan 2\/3 oran\u0131na kadar art\u0131r\u0131l\u0131r.<\/strong><\/li>\n\n\n\n<li>Su\u00e7un birden fazla ki\u015fi taraf\u0131ndan i\u015flenmesi halinde ceza <strong>yar\u0131s\u0131na kadar art\u0131r\u0131l\u0131r.<\/strong><\/li>\n\n\n\n<li>\u00d6rg\u00fctl\u00fc \u015fekilde i\u015flenmesi halinde ceza <strong>yar\u0131s\u0131ndan bir kat\u0131na kadar art\u0131r\u0131l\u0131r.<\/strong><\/li>\n\n\n\n<li>Su\u00e7un t\u00fczel ki\u015fi faaliyeti kapsam\u0131nda i\u015flenmesi halinde <strong>t\u00fczel ki\u015filere \u00f6zg\u00fc g\u00fcvenlik tedbirleri uygulan\u0131r.<\/strong><\/li>\n<\/ul>\n\n\n\n<hr class=\"wp-block-separator has-alpha-channel-opacity\"\/>\n\n\n\n<p class=\"wp-block-paragraph\"><strong>G\u00f6\u00e7men Ka\u00e7ak\u00e7\u0131l\u0131\u011f\u0131 Su\u00e7unun Unsurlar\u0131<\/strong><\/p>\n\n\n\n<p class=\"wp-block-paragraph\">G\u00f6\u00e7men ka\u00e7ak\u00e7\u0131l\u0131\u011f\u0131n\u0131n olu\u015fmas\u0131 i\u00e7in a\u015fa\u011f\u0131daki \u015fartlar aran\u0131r:<\/p>\n\n\n\n<p class=\"wp-block-paragraph\"><strong>\u2714 Maddi menfaat amac\u0131<\/strong><\/p>\n\n\n\n<p class=\"wp-block-paragraph\">Failin amac\u0131n\u0131n do\u011frudan veya dolayl\u0131 bi\u00e7imde ekonomik kazan\u00e7 sa\u011flamaya y\u00f6nelik olmas\u0131 gerekir.<\/p>\n\n\n\n<p class=\"wp-block-paragraph\"><strong>\u2714 Yasal olmayan yol ile ger\u00e7ekle\u015ftirilme<\/strong><\/p>\n\n\n\n<p class=\"wp-block-paragraph\">Eylem, mevzuata ayk\u0131r\u0131 ve hukuka ayk\u0131r\u0131 \u015fekilde yap\u0131lmal\u0131d\u0131r.<\/p>\n\n\n\n<p class=\"wp-block-paragraph\"><strong>\u2714 Fiilin konusu<\/strong><\/p>\n\n\n\n<ul class=\"wp-block-list\">\n<li>Yabanc\u0131n\u0131n \u00fclkeye sokulmas\u0131 veya \u00fclkede kalmas\u0131na imk\u00e2n sa\u011flanmas\u0131,<\/li>\n\n\n\n<li>T\u00fcrk vatanda\u015f\u0131 veya yabanc\u0131n\u0131n yurt d\u0131\u015f\u0131na \u00e7\u0131kar\u0131lmas\u0131n\u0131n sa\u011flanmas\u0131.<\/li>\n<\/ul>\n\n\n\n<p class=\"wp-block-paragraph\">Bu \u00fc\u00e7 unsur birlikte de\u011ferlendirildi\u011finde su\u00e7un yap\u0131s\u0131 ortaya \u00e7\u0131kmaktad\u0131r.<\/p>\n\n\n\n<hr class=\"wp-block-separator has-alpha-channel-opacity\"\/>\n\n\n\n<p class=\"wp-block-paragraph\"><strong>G\u00f6\u00e7men Ka\u00e7ak\u00e7\u0131l\u0131\u011f\u0131 Su\u00e7unun Cezas\u0131<\/strong><\/p>\n\n\n\n<ul class=\"wp-block-list\">\n<li><strong>5 \u2013 8 y\u0131l aras\u0131 hapis cezas\u0131<\/strong><\/li>\n\n\n\n<li><strong>1000 \u2013 10.000 g\u00fcn adli para cezas\u0131<\/strong><\/li>\n\n\n\n<li>Su\u00e7 te\u015febb\u00fcste kalsa dahi <strong>tamamlanm\u0131\u015f say\u0131l\u0131r<\/strong><\/li>\n\n\n\n<li>Hayati tehlike veya onur k\u0131r\u0131c\u0131 muamele varsa <strong>ceza art\u0131r\u0131l\u0131r<\/strong><\/li>\n\n\n\n<li>Birden fazla ki\u015fiyle i\u015flenirse <strong>ceza yar\u0131s\u0131na kadar art\u0131r\u0131l\u0131r<\/strong><\/li>\n\n\n\n<li>\u00d6rg\u00fctl\u00fc i\u015flenirse <strong>1 kata kadar art\u0131r\u0131l\u0131r<\/strong><\/li>\n\n\n\n<li>T\u00fczel ki\u015fi kapsam\u0131nda i\u015flenirse <strong>g\u00fcvenlik tedbirleri uygulan\u0131r<\/strong><\/li>\n<\/ul>\n\n\n\n<hr class=\"wp-block-separator has-alpha-channel-opacity\"\/>\n\n\n\n<p class=\"wp-block-paragraph\"><strong>\u0130\u015ftirak ve Te\u015febb\u00fcs<\/strong><\/p>\n\n\n\n<p class=\"wp-block-paragraph\">TCK 37 \u2013 m\u00fc\u015fterek faillik,<br>TCK 38 \u2013 azmettirme,<br>TCK 39 \u2013 yard\u0131m etmeyi d\u00fczenler.<\/p>\n\n\n\n<p class=\"wp-block-paragraph\">G\u00f6\u00e7men ka\u00e7ak\u00e7\u0131l\u0131\u011f\u0131, niteli\u011fi gere\u011fi <strong>te\u015febb\u00fcs su\u00e7u<\/strong> olarak kabul edilir. Eylem ba\u015flam\u0131\u015fsa, tamamlanm\u0131\u015f gibi de\u011ferlendirilir ve cezaland\u0131rma buna g\u00f6re yap\u0131l\u0131r.<\/p>\n\n\n\n<hr class=\"wp-block-separator has-alpha-channel-opacity\"\/>\n\n\n\n<p class=\"wp-block-paragraph\"><strong>G\u00f6\u00e7men Ka\u00e7ak\u00e7\u0131l\u0131\u011f\u0131 Beraat Karar\u0131 Hangi Hallerde Verilir?<\/strong><\/p>\n\n\n\n<p class=\"wp-block-paragraph\"><strong>G\u00f6\u00e7men Ka\u00e7ak\u00e7\u0131l\u0131\u011f\u0131 beraat karar\u0131<\/strong>, su\u00e7un unsurlar\u0131n\u0131n olu\u015fmamas\u0131 durumunda m\u00fcmk\u00fcnd\u00fcr. \u00d6rne\u011fin:<\/p>\n\n\n\n<ul class=\"wp-block-list\">\n<li>Maddi menfaat elde etme kast\u0131 bulunmamas\u0131,<\/li>\n\n\n\n<li>Eylemin hukuka uygun olmas\u0131,<\/li>\n\n\n\n<li>Su\u00e7un icra hareketlerinin ba\u015flamam\u0131\u015f olmas\u0131,<\/li>\n\n\n\n<li>Delillerle su\u00e7un sabit olmamas\u0131.<\/li>\n<\/ul>\n\n\n\n<p class=\"wp-block-paragraph\">Yarg\u0131lama s\u00fcrecinde, yaln\u0131zca san\u0131\u011f\u0131n beyan\u0131 yeterli g\u00f6r\u00fclmez. Delillerin de\u011ferlendirilmesi ve su\u00e7un unsurlar\u0131n\u0131n somut olaya uygun \u015fekilde incelenmesi gerekir.<\/p>\n\n\n\n<hr class=\"wp-block-separator has-alpha-channel-opacity\"\/>\n\n\n\n<p class=\"wp-block-paragraph\"><strong>G\u00f6\u00e7men Ka\u00e7ak\u00e7\u0131l\u0131\u011f\u0131 Emsal Karar<\/strong><\/p>\n\n\n\n<p class=\"wp-block-paragraph\"><strong>Yarg\u0131tay 4. Ceza Dairesi, E. 2021\/27636 K. 2022\/17663 T. 21.09.2022<\/strong><\/p>\n\n\n\n<p class=\"wp-block-paragraph\">Yarg\u0131tay, san\u0131\u011f\u0131n <strong>\u201cyard\u0131m amac\u0131yla g\u00f6\u00e7menleri araca ald\u0131\u011f\u0131n\u0131\u201d<\/strong> savundu\u011fu olayda yeterli delil bulunmadan menfaat sa\u011flad\u0131\u011f\u0131 kabul edilerek verilen mahk\u00fbmiyet karar\u0131n\u0131 <strong>bozmu\u015ftur<\/strong>. Gerek\u00e7e olarak, \u00e7eli\u015fkilerin giderilmeden karar verilmesini <strong>hukuka ayk\u0131r\u0131 bulmu\u015ftur<\/strong>.<\/p>\n\n\n\n<p class=\"wp-block-paragraph\">Bu karar, <strong>G\u00f6\u00e7men Ka\u00e7ak\u00e7\u0131l\u0131\u011f\u0131 emsal karar<\/strong> niteli\u011finde olup benzer dosyalarda beraat de\u011ferlendirmesinde \u00f6nemli bir i\u00e7tihatt\u0131r.<\/p>\n\n\n\n<hr class=\"wp-block-separator has-alpha-channel-opacity\"\/>\n\n\n\n<p class=\"wp-block-paragraph\"><strong>\u0417\u0430\u043a\u043b\u044e\u0447\u0435\u043d\u0438\u0435<\/strong><\/p>\n\n\n\n<p class=\"wp-block-paragraph\"><strong>G\u00f6\u00e7men Ka\u00e7ak\u00e7\u0131l\u0131\u011f\u0131 Su\u00e7u<\/strong>, ciddi yapt\u0131r\u0131mlar i\u00e7eren ve delil de\u011ferlendirmesi hassas \u015fekilde y\u00fcr\u00fct\u00fclmesi gereken bir ceza hukuku konusudur. Her olay kendi ko\u015fullar\u0131nda de\u011ferlendirilmeli, maddi menfaat kast\u0131 ve fiilin hukuka ayk\u0131r\u0131l\u0131\u011f\u0131 net \u015fekilde ortaya konmal\u0131d\u0131r.<\/p>\n\n\n\n<p class=\"wp-block-paragraph\"><strong>G\u00f6\u00e7men Ka\u00e7ak\u00e7\u0131l\u0131\u011f\u0131 beraat karar\u0131<\/strong>, uygun \u015fartlar olu\u015ftu\u011funda ve su\u00e7un unsurlar\u0131 kan\u0131tlanamad\u0131\u011f\u0131nda m\u00fcmk\u00fcnd\u00fcr. Yarg\u0131tay kararlar\u0131 bu konuda yol g\u00f6sterici niteliktedir.<\/p>\n\n\n\n<p class=\"wp-block-paragraph\"><strong>G\u00f6\u00e7men Ka\u00e7ak\u00e7\u0131l\u0131\u011f\u0131 Su\u00e7unda Savunma Stratejileri<\/strong><\/p>\n\n\n\n<p class=\"wp-block-paragraph\">G\u00f6\u00e7men ka\u00e7ak\u00e7\u0131l\u0131\u011f\u0131 dosyalar\u0131nda savunma, olay\u0131n olu\u015f \u015fekli, deliller, ileti\u015fim kay\u0131tlar\u0131, maddi menfaat olup olmad\u0131\u011f\u0131 ve \u015f\u00fcphelinin kast\u0131 \u00fczerinden detayl\u0131 \u015fekilde y\u00fcr\u00fct\u00fclmelidir. Etkili savunmada g\u00f6z \u00f6n\u00fcnde bulundurulmas\u0131 gereken temel noktalar:<\/p>\n\n\n\n<ul class=\"wp-block-list\">\n<li><strong>Maddi menfaat kast\u0131n\u0131n bulunmad\u0131\u011f\u0131n\u0131n ispat\u0131<\/strong><\/li>\n\n\n\n<li>\u015e\u00fcphelinin eyleminin <strong>yard\u0131m, insani gerek\u00e7e veya zorunluluk hali<\/strong> kapsam\u0131nda oldu\u011funun ortaya konmas\u0131<\/li>\n\n\n\n<li>Su\u00e7un icra hareketlerinin <strong>ba\u015flamad\u0131\u011f\u0131na<\/strong> ili\u015fkin delillerin sunulmas\u0131<\/li>\n\n\n\n<li>Arama, el koyma, yakalama gibi i\u015flemlerde <strong>usul hatas\u0131<\/strong> varsa ortaya \u00e7\u0131kar\u0131lmas\u0131<\/li>\n\n\n\n<li>Tan\u0131k beyanlar\u0131n\u0131n \u00e7eli\u015fkilerinin tespiti<\/li>\n\n\n\n<li>Telefon\/konum kay\u0131tlar\u0131, mesajlar, kamera g\u00f6r\u00fcnt\u00fcleri ile olay\u0131n ger\u00e7ek ak\u0131\u015f\u0131n\u0131n g\u00f6sterilmesi<\/li>\n\n\n\n<li>Fail ile g\u00f6\u00e7menler aras\u0131nda <strong>menfaat ili\u015fkisi olmad\u0131\u011f\u0131na<\/strong> dair maddi delillerin sunulmas\u0131<\/li>\n<\/ul>\n\n\n\n<p class=\"wp-block-paragraph\">Her vakada dosya \u00f6zelinde strateji belirlenmeli, savunma hukuka uygun ve delillere dayal\u0131 y\u00fcr\u00fct\u00fclmelidir.<\/p>\n\n\n\n<hr class=\"wp-block-separator has-alpha-channel-opacity\"\/>\n\n\n\n<p class=\"wp-block-paragraph\"><strong>M\u00fcvekkil Bilgilendirme Rehberi<\/strong><\/p>\n\n\n\n<p class=\"wp-block-paragraph\">G\u00f6\u00e7men ka\u00e7ak\u00e7\u0131l\u0131\u011f\u0131 su\u00e7lamas\u0131 ile kar\u015f\u0131la\u015fan ki\u015filer i\u00e7in s\u00fcre\u00e7 olduk\u00e7a hassas ilerler. M\u00fcvekkillerin dikkat etmesi gereken noktalar \u015funlard\u0131r:<\/p>\n\n\n\n<ol start=\"1\" class=\"wp-block-list\">\n<li><strong>\u0130fade a\u015famas\u0131nda avukatla birlikte hareket edilmelidir.<\/strong><br>Kontrols\u00fcz ifade, s\u00fcre\u00e7te geri d\u00f6n\u00fc\u015f\u00fc zor sonu\u00e7lara yol a\u00e7abilir.<\/li>\n\n\n\n<li><strong>Maddi menfaat sa\u011flanmad\u0131ysa bu durum mutlaka delillendirilmelidir.<\/strong><br>\u00d6deme kayd\u0131 olmamas\u0131, tan\u0131k anlat\u0131mlar\u0131, konum verileri \u00f6nemli rol oynar.<\/li>\n\n\n\n<li><strong>Yard\u0131m ama\u00e7l\u0131 ta\u015f\u0131mada kast\u0131n farkl\u0131 oldu\u011fu vurgulanmal\u0131d\u0131r.<\/strong><br>\u00d6rne\u011fin acil ihtiya\u00e7, ma\u011fduriyet veya insani yard\u0131m amac\u0131 olabilir.<\/li>\n\n\n\n<li><strong>Dosya detaylar\u0131 \u015feffaf \u015fekilde avukata aktar\u0131lmal\u0131d\u0131r.<\/strong><br>Gizlenen bir detay savunma stratejisini zay\u0131flatabilir.<\/li>\n\n\n\n<li><strong>G\u00f6\u00e7menlerin beyanlar\u0131 ve etkin pi\u015fmanl\u0131k durumlar\u0131 ciddiye al\u0131nmal\u0131d\u0131r.<\/strong><\/li>\n\n\n\n<li><strong>Yarg\u0131tay i\u00e7tihatlar\u0131 savunmada \u00f6nemli bir referanst\u0131r.<\/strong><br>Emsal kararlar, beraat ihtimalini g\u00fc\u00e7lendirebilir.<\/li>\n<\/ol>\n\n\n\n<hr class=\"wp-block-separator has-alpha-channel-opacity\"\/>\n\n\n\n<p class=\"wp-block-paragraph\"><strong>G\u00f6\u00e7men Ka\u00e7ak\u00e7\u0131l\u0131\u011f\u0131 Su\u00e7u \u2013 S\u0131k\u00e7a Sorulan Sorular (SSS)<\/strong><\/p>\n\n\n\n<p class=\"wp-block-paragraph\"><strong>1. G\u00f6\u00e7men Ka\u00e7ak\u00e7\u0131l\u0131\u011f\u0131 Su\u00e7u i\u00e7in hapis cezas\u0131 var m\u0131?<\/strong><\/p>\n\n\n\n<p class=\"wp-block-paragraph\">Evet. Su\u00e7un cezas\u0131 <strong>5 y\u0131ldan 8 y\u0131la kadar hapis<\/strong> \u0438 <strong>1000 ila 10.000 g\u00fcn adli para cezas\u0131d\u0131r.<\/strong> Su\u00e7 te\u015febb\u00fcs a\u015famas\u0131nda kalsa bile tamamlanm\u0131\u015f say\u0131l\u0131r.<\/p>\n\n\n\n<p class=\"wp-block-paragraph\"><strong>2. G\u00f6\u00e7men Ka\u00e7ak\u00e7\u0131l\u0131\u011f\u0131 Su\u00e7unda beraat karar\u0131 hangi durumlarda verilir?<\/strong><\/p>\n\n\n\n<p class=\"wp-block-paragraph\">Maddi menfaat kast\u0131 yoksa, su\u00e7un unsurlar\u0131 olu\u015fmam\u0131\u015fsa, deliller yetersizse veya eylem hukuka uygunsa <strong>G\u00f6\u00e7men Ka\u00e7ak\u00e7\u0131l\u0131\u011f\u0131 beraat karar\u0131<\/strong> verilebilir.<\/p>\n\n\n\n<p class=\"wp-block-paragraph\"><strong>3. G\u00f6\u00e7men ka\u00e7ak\u00e7\u0131l\u0131\u011f\u0131 su\u00e7u i\u015flendi\u011fi iddias\u0131yla g\u00f6zalt\u0131na al\u0131nd\u0131m, s\u00fcre\u00e7 nas\u0131l i\u015fler?<\/strong><\/p>\n\n\n\n<p class=\"wp-block-paragraph\">Soru\u015fturma a\u015famas\u0131 ba\u015flar, ifade al\u0131n\u0131r ve savc\u0131l\u0131k tutuklama veya adli kontrol talep edebilir. Bu a\u015famada alan\u0131nda uzman<strong>bir avukatla birlikte hareket edilmesi \u00f6nemlidir.<\/strong><\/p>\n\n\n\n<p class=\"wp-block-paragraph\"><strong>4. Yaln\u0131zca arac\u0131mla g\u00f6\u00e7men ta\u015f\u0131d\u0131\u011f\u0131m gerek\u00e7esiyle su\u00e7lan\u0131yorum, bu su\u00e7 mudur?<\/strong><\/p>\n\n\n\n<p class=\"wp-block-paragraph\">Maddi menfaat kar\u015f\u0131l\u0131\u011f\u0131 yap\u0131ld\u0131ysa su\u00e7 olu\u015fur. Ancak insani yard\u0131m, zorunluluk hali veya menfaat ili\u015fkisinin bulunmad\u0131\u011f\u0131 durumlarda beraat karar\u0131 verilmelidir.<\/p>\n\n\n\n<p class=\"wp-block-paragraph\"><strong>5. Menfaat olmadan sadece yard\u0131mc\u0131 oldum, yine de ceza al\u0131r m\u0131y\u0131m?<\/strong><\/p>\n\n\n\n<p class=\"wp-block-paragraph\">Maddi menfaat kast\u0131n\u0131n olmamas\u0131 cezaland\u0131rmay\u0131 do\u011frudan ortadan kald\u0131rabilir. Ancak bunun <strong>delillerle desteklenmesi gerekir.<\/strong><\/p>\n\n\n\n<p class=\"wp-block-paragraph\"><strong>6. Bu su\u00e7ta te\u015febb\u00fcs cezas\u0131 nas\u0131l uygulan\u0131r?<\/strong><\/p>\n\n\n\n<p class=\"wp-block-paragraph\">G\u00f6\u00e7men ka\u00e7ak\u00e7\u0131l\u0131\u011f\u0131 te\u015febb\u00fcs su\u00e7u niteli\u011findedir. Eylem ba\u015flanm\u0131\u015fsa, tam olarak ger\u00e7ekle\u015fmemi\u015f olsa bile <strong>tamamlanm\u0131\u015f gibi cezaland\u0131r\u0131l\u0131r.<\/strong><\/p>\n\n\n\n<p class=\"wp-block-paragraph\"><strong>7. G\u00f6\u00e7men Ka\u00e7ak\u00e7\u0131l\u0131\u011f\u0131 Emsal Karar\u0131 savunmada kullan\u0131labilir mi?<\/strong><\/p>\n\n\n\n<p class=\"wp-block-paragraph\">Evet. \u00d6zellikle Yarg\u0131tay\u2019\u0131n <strong>E.2021\/27636 \u2013 K.2022\/17663 say\u0131l\u0131 karar\u0131<\/strong>, menfaat kast\u0131 ispatlanmad\u0131\u011f\u0131nda mahk\u00fbmiyet karar\u0131n\u0131n bozulabilece\u011fini g\u00f6stermektedir.<\/p>\n\n\n\n<p class=\"wp-block-paragraph\"><strong>Hukuki S\u00fcre\u00e7 Hakk\u0131nda Bilgilendirme<\/strong><\/p>\n\n\n\n<p class=\"wp-block-paragraph\">G\u00f6\u00e7men Ka\u00e7ak\u00e7\u0131l\u0131\u011f\u0131 Su\u00e7u, ciddi cezai yapt\u0131r\u0131mlar i\u00e7eren ve dikkatle takip edilmesi gereken bir yarg\u0131lama s\u00fcrecini bar\u0131nd\u0131rmaktad\u0131r. Her olay kendi ko\u015fullar\u0131 i\u00e7inde de\u011ferlendirilir ve dosyaya g\u00f6re hukuki yol analiz edilir.<\/p>\n\n\n\n<p class=\"wp-block-paragraph\">Bu t\u00fcr soru\u015fturma veya kovu\u015fturma s\u00fcre\u00e7lerinde mevzuat\u0131n do\u011fru uygulanmas\u0131, delillerin toplanmas\u0131 ve de\u011ferlendirilmesi \u00f6nem ta\u015f\u0131maktad\u0131r. Konu hakk\u0131nda ayr\u0131nt\u0131l\u0131 bilgi almak veya hukuki s\u00fcrece ili\u015fkin g\u00f6r\u00fc\u015f talep etmek isteyen ki\u015filer, ileti\u015fim kanallar\u0131n\u0131 kullanarak b\u00fcromuza ula\u015fabilirler.<\/p>\n\n\n\n<p class=\"wp-block-paragraph\">\ud83d\udcde. +90 (532) 669 34 90<\/p>\n\n\n\n<p class=\"wp-block-paragraph\">\ud83d\udce9<a href=\"mailto:av.batinyilmaz@gmail.com\">av.batinyilmaz@gmail.com<\/a>\u00a0<\/p>\n\n\n\n<p class=\"wp-block-paragraph\">\u00a0<a href=\"https:\/\/batinyilmaz.av.tr\/ru\/iletisim\/\">https:\/\/batinyilmaz.av.tr\/iletisim\/<\/a><br><\/p>\n\n\n\n<p class=\"wp-block-paragraph\"><em>Bu i\u00e7erik genel bilgilendirme amac\u0131 ta\u015f\u0131maktad\u0131r. Somut olaylar ancak dosya kapsam\u0131 incelenerek de\u011ferlendirilebilir.<\/em><\/p>\n\n\n\n<p class=\"wp-block-paragraph\"><em>\u0410\u0434\u0432. \u0411\u0430\u0442\u0438\u043d \u0419\u042b\u041b\u041c\u0410\u0417<\/em><\/p>","protected":false},"excerpt":{"rendered":"<p>G\u00f6\u00e7men Ka\u00e7ak\u00e7\u0131l\u0131\u011f\u0131 Su\u00e7u, T\u00fcrk Ceza Kanunu madde 79 kapsam\u0131nda d\u00fczenlenmi\u015f olup, do\u011frudan veya dolayl\u0131 \u015fekilde maddi menfaat elde etmek amac\u0131yla yabanc\u0131lar\u0131n yasad\u0131\u015f\u0131 yollarla \u00fclkeye sokulmas\u0131 veya \u00fclkede kalmas\u0131na imk\u00e2n sa\u011flanmas\u0131 ile olu\u015fur. Ayn\u0131 \u015fekilde T\u00fcrk vatanda\u015f\u0131 veya yabanc\u0131n\u0131n yurt d\u0131\u015f\u0131na \u00e7\u0131kmas\u0131na imk\u00e2n sa\u011flanmas\u0131 da su\u00e7 kapsam\u0131ndad\u0131r. Kanun, su\u00e7a te\u015febb\u00fcs a\u015famas\u0131nda kal\u0131nsa bile eylemi tamamlanm\u0131\u015f gibi [&hellip;]<\/p>\n","protected":false},"author":2,"featured_media":2437,"comment_status":"open","ping_status":"open","sticky":false,"template":"","format":"standard","meta":{"_joinchat":[],"footnotes":""},"categories":[61],"tags":[],"class_list":["post-2436","post","type-post","status-publish","format-standard","has-post-thumbnail","hentry","category-ceza-hukuku"],"_links":{"self":[{"href":"https:\/\/batinyilmaz.av.tr\/ru\/wp-json\/wp\/v2\/posts\/2436","targetHints":{"allow":["GET"]}}],"collection":[{"href":"https:\/\/batinyilmaz.av.tr\/ru\/wp-json\/wp\/v2\/posts"}],"about":[{"href":"https:\/\/batinyilmaz.av.tr\/ru\/wp-json\/wp\/v2\/types\/post"}],"author":[{"embeddable":true,"href":"https:\/\/batinyilmaz.av.tr\/ru\/wp-json\/wp\/v2\/users\/2"}],"replies":[{"embeddable":true,"href":"https:\/\/batinyilmaz.av.tr\/ru\/wp-json\/wp\/v2\/comments?post=2436"}],"version-history":[{"count":1,"href":"https:\/\/batinyilmaz.av.tr\/ru\/wp-json\/wp\/v2\/posts\/2436\/revisions"}],"predecessor-version":[{"id":2438,"href":"https:\/\/batinyilmaz.av.tr\/ru\/wp-json\/wp\/v2\/posts\/2436\/revisions\/2438"}],"wp:featuredmedia":[{"embeddable":true,"href":"https:\/\/batinyilmaz.av.tr\/ru\/wp-json\/wp\/v2\/media\/2437"}],"wp:attachment":[{"href":"https:\/\/batinyilmaz.av.tr\/ru\/wp-json\/wp\/v2\/media?parent=2436"}],"wp:term":[{"taxonomy":"category","embeddable":true,"href":"https:\/\/batinyilmaz.av.tr\/ru\/wp-json\/wp\/v2\/categories?post=2436"},{"taxonomy":"post_tag","embeddable":true,"href":"https:\/\/batinyilmaz.av.tr\/ru\/wp-json\/wp\/v2\/tags?post=2436"}],"curies":[{"name":"wp","href":"https:\/\/api.w.org\/{rel}","templated":true}]}}