{"id":2421,"date":"2025-12-09T11:16:59","date_gmt":"2025-12-09T08:16:59","guid":{"rendered":"https:\/\/batinyilmaz.av.tr\/?p=2421"},"modified":"2026-08-05T13:15:14","modified_gmt":"2026-08-05T10:15:14","slug":"turk-ceza-hukuku-kapsaminda-kirmizi-bulten-ve-interpol-aranmalarinin-kaldirilmasi","status":"publish","type":"post","link":"https:\/\/batinyilmaz.av.tr\/ru\/turk-ceza-hukuku-kapsaminda-kirmizi-bulten-ve-interpol-aranmalarinin-kaldirilmasi\/","title":{"rendered":"T\u00fcrk Ceza Hukuku Kapsam\u0131nda K\u0131rm\u0131z\u0131 B\u00fclten ve Interpol Aranmalar\u0131n\u0131n Kald\u0131r\u0131lmas\u0131"},"content":{"rendered":"<p class=\"wp-block-paragraph\">Uluslararas\u0131 su\u00e7la m\u00fccadelede \u00f6nemli bir rol oynayan Interpol, \u00fcye \u00fclkeler aras\u0131nda bilgi payla\u015f\u0131m\u0131 ve su\u00e7lular\u0131n yakalanmas\u0131 i\u00e7in k\u00f6pr\u00fc g\u00f6revi g\u00f6rmektedir. Ancak, Interpol taraf\u0131ndan \u00e7\u0131kar\u0131lan k\u0131rm\u0131z\u0131 b\u00fcltenler ve bu kapsamda yap\u0131lan aramalar, bireylerin temel hak ve \u00f6zg\u00fcrl\u00fcklerini etkileyebilecek ciddi sonu\u00e7lar do\u011furabilir. Bu nedenle <strong>K\u0131rm\u0131z\u0131 B\u00fclten Karar\u0131 Nas\u0131l Kald\u0131r\u0131l\u0131r?<\/strong>,<strong>Interpol Aranmas\u0131 Kald\u0131rma<\/strong>, <strong>RedNotice<\/strong> gibi kavramlar \u00f6zellikle son y\u0131llarda hukuki yard\u0131m almak isteyen ki\u015filer taraf\u0131ndan s\u0131k\u00e7a ara\u015ft\u0131r\u0131lmaktad\u0131r.<\/p>\n\n\n\n<p class=\"wp-block-paragraph\">T\u00fcrk Ceza Hukuku mevzuat\u0131 ve ilgili uluslararas\u0131 anla\u015fmalar \u00e7er\u00e7evesinde, T\u00fcrkiye\u2019de bulunan ceza mahkemeleri taraf\u0131ndan verilen Interpol ve k\u0131rm\u0131z\u0131 b\u00fclten kararlar\u0131n\u0131n kald\u0131r\u0131lmas\u0131 s\u00fcreci, hem hukuki hem de teknik birtak\u0131m prosed\u00fcrleri gerektirir.<br>Bu makalede, k\u0131rm\u0131z\u0131 b\u00fclten kald\u0131rma, Interpol kald\u0131rma, Interpol sorgulama, su\u00e7lular\u0131n iadesi, iade anla\u015fmalar\u0131 ve k\u0131rm\u0131z\u0131 b\u00fclten sorgulama anahtar kelimeleri ba\u011flam\u0131nda, s\u00f6z konusu s\u00fcrecin nas\u0131l i\u015fledi\u011fi ayr\u0131nt\u0131l\u0131 bir \u015fekilde ele al\u0131nacakt\u0131r. Ek olarak, k\u0131rm\u0131z\u0131 b\u00fcltenin kald\u0131r\u0131lmas\u0131 i\u00e7in izlenmesi gereken hukuki stratejiler ve uygulamada kar\u015f\u0131la\u015f\u0131lan sorunlar da a\u00e7\u0131klanmaktad\u0131r.<\/p>\n\n\n\n<hr class=\"wp-block-separator has-alpha-channel-opacity\"\/>\n\n\n\n<p class=\"wp-block-paragraph\"><strong>1. Interpol ve K\u0131rm\u0131z\u0131 B\u00fcltenin Tan\u0131m\u0131<\/strong><\/p>\n\n\n\n<p class=\"wp-block-paragraph\">Interpol (Uluslararas\u0131 Kriminal Polis Te\u015fkilat\u0131), 1923 y\u0131l\u0131nda kurulmu\u015f olup, 194 \u00fcye \u00fclkeyle uluslararas\u0131 polis i\u015fbirli\u011fini kolayla\u015ft\u0131rmay\u0131 ama\u00e7lar. Interpol, su\u00e7 isnat eden veya ceza uygulayan bir kurum de\u011fildir; bunun yerine, \u00fcye \u00fclkelerin talepleri do\u011frultusunda su\u00e7lular\u0131n aranmas\u0131n\u0131 ve yakalanmas\u0131n\u0131 koordine eder. Bu ba\u011flamda, k\u0131rm\u0131z\u0131 b\u00fclten, bir \u00fclkenin adli makamlar\u0131nca aranan bir \u015f\u00fcphelinin veya h\u00fck\u00fcml\u00fcn\u00fcn uluslararas\u0131 d\u00fczeyde yakalanmas\u0131 ve su\u00e7lular\u0131n iadesi amac\u0131yla Interpol taraf\u0131ndan yay\u0131mlanan bir bildirimdir. K\u0131rm\u0131z\u0131 b\u00fclten (RedNotice), ki\u015finin kimlik bilgileri, su\u00e7 t\u00fcr\u00fc ve iade talebine ili\u015fkin detaylar\u0131 i\u00e7erir ve \u00fcye \u00fclkelere bu ki\u015finin yakalanmas\u0131 i\u00e7in \u00e7a\u011fr\u0131da bulunur. Bu nedenle, k\u0131rm\u0131z\u0131 b\u00fclten uygulamas\u0131 genellikle <strong>Interpol Aranmas\u0131 Kald\u0131rma<\/strong> s\u00fcre\u00e7lerinin temelini olu\u015fturmaktad\u0131r.<\/p>\n\n\n\n<p class=\"wp-block-paragraph\">T\u00fcrkiye\u2019de k\u0131rm\u0131z\u0131 b\u00fclten sorgulama, genellikle Emniyet Genel M\u00fcd\u00fcrl\u00fc\u011f\u00fc Interpol-Europol Daire Ba\u015fkanl\u0131\u011f\u0131 \u00fczerinden yap\u0131l\u0131r. Bu s\u00fcre\u00e7, ki\u015finin hakk\u0131nda bir b\u00fclten olup olmad\u0131\u011f\u0131n\u0131 \u00f6\u011frenmek i\u00e7in resmi makamlara ba\u015fvurmas\u0131n\u0131 gerektirir. Ancak, bu sorgulama, do\u011frudan bireyler taraf\u0131ndan de\u011fil, genellikle bir avukat arac\u0131l\u0131\u011f\u0131yla daha etkili bir \u015fekilde ger\u00e7ekle\u015ftirilir. Bu a\u015famada, avukat\u0131n Interpol veri taban\u0131na eri\u015fimi ve uluslararas\u0131 yaz\u0131\u015fma tekniklerine hakim olmas\u0131 b\u00fcy\u00fck avantaj sa\u011flar.<\/p>\n\n\n\n<hr class=\"wp-block-separator has-alpha-channel-opacity\"\/>\n\n\n\n<p class=\"wp-block-paragraph\"><strong>2. K\u0131rm\u0131z\u0131 B\u00fcltenin Hukuki Dayana\u011f\u0131 ve T\u00fcrkiye\u2019deki Uygulama<\/strong><\/p>\n\n\n\n<p class=\"wp-block-paragraph\">T\u00fcrk Ceza Hukuku\u2019nda k\u0131rm\u0131z\u0131 b\u00fclten talepleri, genellikle T\u00fcrk Ceza Kanunu (TCK) ve 6706 say\u0131l\u0131 Cezai Konularda Uluslararas\u0131 Adli \u0130\u015f Birli\u011fi Kanunu \u00e7er\u00e7evesinde d\u00fczenlenir. T\u00fcrkiye, iade anla\u015fmalar\u0131 kapsam\u0131nda, Su\u00e7lular\u0131n \u0130adesine Dair Avrupa S\u00f6zle\u015fmesi (S\u0130DAS) gibi uluslararas\u0131 anla\u015fmalara taraf olup, bu anla\u015fmalar k\u0131rm\u0131z\u0131 b\u00fclten s\u00fcre\u00e7lerini \u015fekillendirir. T\u00fcrkiye\u2019de bir k\u0131rm\u0131z\u0131 b\u00fclten talebi, soru\u015fturma a\u015famas\u0131nda Cumhuriyet Ba\u015fsavc\u0131l\u0131\u011f\u0131, kovu\u015fturma a\u015famas\u0131nda yetkili mahkeme veya h\u00fck\u00fcml\u00fcler i\u00e7in infaz makamlar\u0131 taraf\u0131ndan ba\u015flat\u0131l\u0131r. Bu talepler, Adalet Bakanl\u0131\u011f\u0131 arac\u0131l\u0131\u011f\u0131yla Interpol Genel Sekreterli\u011fi\u2019ne iletilir. Bu s\u00fcre\u00e7 ise, mahkeme taraf\u0131ndan duru\u015fma s\u0131ras\u0131nda verilen k\u0131rm\u0131z\u0131 b\u00fclten ya da iade karar\u0131n\u0131 ba\u011fl\u0131 bulunulan Cumhuriyet Ba\u015fsavc\u0131l\u0131\u011f\u0131 Bakanl\u0131k Muhabere B\u00fcrosu&#8217;na, Cezai Konularda Uluslararas\u0131 Adli \u0130\u015f Birli\u011fi B\u00fcrosu&#8217;na ve Yakalama B\u00fcrosu&#8217;na ayr\u0131 ayr\u0131 bildirilir.<\/p>\n\n\n\n<p class=\"wp-block-paragraph\">K\u0131rm\u0131z\u0131 b\u00fcltenin \u00e7\u0131kar\u0131lmas\u0131 i\u00e7in aranan temel \u015fartlar \u015funlard\u0131r:<\/p>\n\n\n\n<ul class=\"wp-block-list\">\n<li>Su\u00e7un, talep eden \u00fclke ve T\u00fcrkiye hukuku a\u00e7\u0131s\u0131ndan en az bir y\u0131l h\u00fcrriyeti ba\u011flay\u0131c\u0131 cezay\u0131 gerektirmesi,<\/li>\n\n\n\n<li>Ge\u00e7erli bir yakalama karar\u0131 veya mahkeme h\u00fckm\u00fcn\u00fcn bulunmas\u0131,<\/li>\n\n\n\n<li>Talebin, Interpol Ana T\u00fcz\u00fc\u011f\u00fc\u2019nde yasaklanan siyasi, askeri, dini veya \u0131rki karakterli su\u00e7larla ilgili olmamas\u0131.<\/li>\n<\/ul>\n\n\n\n<p class=\"wp-block-paragraph\">Bu hususta su\u00e7lular\u0131n iadesine y\u00f6nelik talepname \u00f6rne\u011fi a\u015fa\u011f\u0131da belirtilmi\u015ftir. Ayr\u0131ca bu s\u00fcre\u00e7, \u00e7o\u011fu zaman ki\u015finin <strong>RedNotice kald\u0131rma<\/strong> talebini g\u00fcndeme getiren hukuki s\u00fcrecin ba\u015flang\u0131\u00e7 noktas\u0131d\u0131r.<\/p>\n\n\n\n<hr class=\"wp-block-separator has-alpha-channel-opacity\"\/>\n\n\n\n<p class=\"wp-block-paragraph\"><strong>3. K\u0131rm\u0131z\u0131 B\u00fclten Kald\u0131rma S\u00fcreci<\/strong><\/p>\n\n\n\n<p class=\"wp-block-paragraph\">K\u0131rm\u0131z\u0131 b\u00fclten kald\u0131rma, bireyin uluslararas\u0131 alanda aranmas\u0131n\u0131 sona erdirmek i\u00e7in kritik bir hukuki s\u00fcre\u00e7tir. Bu s\u00fcre\u00e7, hem Interpol Dosyalar\u0131n\u0131n Kontrol Komisyonu\u2019na (CCF) yap\u0131lan ba\u015fvuruyla hem de i\u00e7 hukuk yollar\u0131yla y\u00fcr\u00fct\u00fclebilir. A\u015fa\u011f\u0131da, bu s\u00fcrecin temel ad\u0131mlar\u0131 a\u00e7\u0131klanm\u0131\u015ft\u0131r:<\/p>\n\n\n\n<hr class=\"wp-block-separator has-alpha-channel-opacity\"\/>\n\n\n\n<p class=\"wp-block-paragraph\"><strong>a. Interpol\u2019e Ba\u015fvuru<\/strong><\/p>\n\n\n\n<p class=\"wp-block-paragraph\">Interpol kald\u0131rma s\u00fcreci, genellikle CCF\u2019ye yap\u0131lan bir ba\u015fvuruyla ba\u015flar. Bu ba\u015fvuru, bizzat ilgili ki\u015fi veya yetkili bir avukat taraf\u0131ndan \u0130ngilizce, Frans\u0131zca, Arap\u00e7a veya \u0130spanyolca dillerinde haz\u0131rlanmal\u0131d\u0131r. CCF ba\u015fvurusu, uluslararas\u0131 hukukun s\u0131n\u0131rlar\u0131 i\u00e7erisinde <strong>Interpol Aranmas\u0131 Kald\u0131rma<\/strong> taleplerinin de\u011ferlendirildi\u011fi tek resm\u00ee mekanizmad\u0131r.<\/p>\n\n\n\n<p class=\"wp-block-paragraph\">Ba\u015fvuruda, k\u0131rm\u0131z\u0131 b\u00fcltenin kald\u0131r\u0131lmas\u0131 i\u00e7in \u015fu gerek\u00e7eler ileri s\u00fcr\u00fclebilir:<\/p>\n\n\n\n<ul class=\"wp-block-list\">\n<li>K\u0131rm\u0131z\u0131 b\u00fcltenin dayana\u011f\u0131 olan su\u00e7un, Interpol kurallar\u0131na ayk\u0131r\u0131 (\u00f6rne\u011fin, siyasi nitelikte) olmas\u0131,<\/li>\n\n\n\n<li>\u0130lgili ki\u015finin iadesi halinde insan haklar\u0131 ihlallerine (\u00f6rne\u011fin, adil yarg\u0131lanmama veya k\u00f6t\u00fc muamele) maruz kalma riski,<\/li>\n\n\n\n<li>Su\u00e7lamalar\u0131n as\u0131ls\u0131z olmas\u0131 veya delillerin yetersizli\u011fi.<\/li>\n<\/ul>\n\n\n\n<p class=\"wp-block-paragraph\">Ba\u015fvuru, k\u0131rm\u0131z\u0131 b\u00fcltenin dayanak belgelerinin incelenmesini ve ki\u015finin savunmas\u0131n\u0131n de\u011ferlendirilmesini i\u00e7erir. K\u0131rm\u0131z\u0131 b\u00fclten sorgulama i\u015flemi, bu a\u015famada hangi \u00fclkenin talebiyle araman\u0131n ba\u015flat\u0131ld\u0131\u011f\u0131n\u0131 anlamak i\u00e7in \u00f6nemli bir ad\u0131md\u0131r. CCF, ba\u015fvuruyu 6 ila 12 ay i\u00e7inde sonu\u00e7land\u0131r\u0131r ve karar\u0131n\u0131 ilgili ki\u015fiye veya avukat\u0131na bildirir. Bu bekleme s\u00fcrecinde avukat\u0131n dosyan\u0131n g\u00fcncel takibini sa\u011flamas\u0131 da \u00f6nemlidir.<\/p>\n\n\n\n<hr class=\"wp-block-separator has-alpha-channel-opacity\"\/>\n\n\n\n<p class=\"wp-block-paragraph\"><strong>b. \u0130\u00e7 Hukuk Yollar\u0131<\/strong><\/p>\n\n\n\n<p class=\"wp-block-paragraph\">Her ne kadar k\u0131rm\u0131z\u0131 b\u00fclten karar\u0131n\u0131n kald\u0131r\u0131lmas\u0131 amac\u0131yla do\u011frudan Interpol&#8217;e itiraz edilmesi m\u00fcmk\u00fcnse de; uygulamada pek bir sonu\u00e7 al\u0131namad\u0131\u011f\u0131 bilinmektedir. T\u00fcrkiye\u2019de k\u0131rm\u0131z\u0131 b\u00fclten karar\u0131n\u0131n kald\u0131r\u0131lmas\u0131 i\u00e7in karar\u0131 veren mahkemeye <strong>\u201cInterpol karar\u0131n\u0131n kald\u0131r\u0131lmas\u0131na ve varsa su\u00e7lular\u0131n iadesi ara karar\u0131n\u0131n r\u00fccu edilmesine\u201d<\/strong> y\u00f6nelik karar verilmesi talep edilir.<\/p>\n\n\n\n<p class=\"wp-block-paragraph\">Bu y\u00f6ntem, uygulamada \u00e7ok daha h\u0131zl\u0131 ve etkili sonu\u00e7lar do\u011furdu\u011fu i\u00e7in avukatlar taraf\u0131ndan s\u0131kl\u0131kla tercih edilir. Ayr\u0131ca bu y\u00f6ntem, <strong>K\u0131rm\u0131z\u0131 B\u00fclten Karar\u0131 Nas\u0131l Kald\u0131r\u0131l\u0131r?<\/strong> sorusunun pratik cevab\u0131n\u0131 olu\u015fturmaktad\u0131r.<\/p>\n\n\n\n<hr class=\"wp-block-separator has-alpha-channel-opacity\"\/>\n\n\n\n<p class=\"wp-block-paragraph\"><strong>c. Avukat Deste\u011finin Rol\u00fc \u2013 K\u0131rm\u0131z\u0131 B\u00fclten Karar\u0131 Nas\u0131l Kald\u0131r\u0131l\u0131r?<\/strong><\/p>\n\n\n\n<p class=\"wp-block-paragraph\">Interpol kald\u0131rma ve k\u0131rm\u0131z\u0131 b\u00fclten kald\u0131rma s\u00fcre\u00e7leri, karma\u015f\u0131k ve teknik detaylar i\u00e7erir. Ceza hukuku ve uluslararas\u0131 hukuk alan\u0131nda deneyimli bir avukat\u0131n deste\u011fi, ba\u015fvurunun eksiksiz haz\u0131rlanmas\u0131 ve s\u00fcrecin etkin takibi i\u00e7in kritik \u00f6neme sahiptir. Avukatlar, iade taleplerine kar\u015f\u0131 savunma haz\u0131rlarken, iade anla\u015fmalar\u0131n\u0131n sa\u011flad\u0131\u011f\u0131 korumalar\u0131 da dikkate al\u0131r. Yukar\u0131da belirtildi\u011fi \u00fczere, Interpol ve k\u0131rm\u0131z\u0131 b\u00fclten arama kararlar\u0131n\u0131n uluslararas\u0131 kurumlara ba\u015fvuru yap\u0131larak kald\u0131r\u0131lmas\u0131 pek olanakl\u0131 de\u011fildir. Bu sebeple, mevcut dava dosyas\u0131n\u0131n durumu g\u00f6zetilerek, k\u0131rm\u0131z\u0131 b\u00fclten karar\u0131 veren mahkemeye m\u00fcracaat ederek karar\u0131n kald\u0131r\u0131lmas\u0131n\u0131n talep edilmesi daha i\u015flevsel ve yararl\u0131d\u0131r. A\u015fa\u011f\u0131da itiraz\u0131m\u0131z neticesinde k\u0131rm\u0131z\u0131 b\u00fcltenin kald\u0131r\u0131lmas\u0131na y\u00f6nelik 21. A\u011f\u0131r Ceza Mahkemesi karar\u0131 sunulmu\u015ftur.<\/p>\n\n\n\n<figure class=\"wp-block-image size-large\"><img decoding=\"async\" width=\"1024\" height=\"1024\" src=\"https:\/\/batinyilmaz.av.tr\/wp-content\/uploads\/2025\/12\/kirmizi-bulten-1-1024x1024.jpg\" alt=\"\" class=\"wp-image-2424\" srcset=\"https:\/\/batinyilmaz.av.tr\/wp-content\/uploads\/2025\/12\/kirmizi-bulten-1-1024x1024.jpg 1024w, https:\/\/batinyilmaz.av.tr\/wp-content\/uploads\/2025\/12\/kirmizi-bulten-1-300x300.jpg 300w, https:\/\/batinyilmaz.av.tr\/wp-content\/uploads\/2025\/12\/kirmizi-bulten-1-150x150.jpg 150w\" sizes=\"(max-width: 1024px) 100vw, 1024px\" \/><\/figure>\n\n\n\n<p class=\"wp-block-paragraph\">Bu a\u015fama ayn\u0131 zamanda <strong>Interpol Aranmas\u0131 Kald\u0131rma<\/strong> s\u00fcrecinin en kritik b\u00f6l\u00fcm\u00fcn\u00fc olu\u015fturur.<\/p>\n\n\n\n<hr class=\"wp-block-separator has-alpha-channel-opacity\"\/>\n\n\n\n<p class=\"wp-block-paragraph\"><strong>6. Sonu\u00e7 ve \u00d6neriler<\/strong><\/p>\n\n\n\n<p class=\"wp-block-paragraph\">T\u00fcrk Ceza Hukuku ve uluslararas\u0131 hukuk \u00e7er\u00e7evesinde, k\u0131rm\u0131z\u0131 b\u00fclten kald\u0131rma ve Interpol kald\u0131rma s\u00fcre\u00e7leri, bireylerin haklar\u0131n\u0131 koruma ve haks\u0131z aranmalara kar\u015f\u0131 m\u00fccadele etme a\u00e7\u0131s\u0131ndan hayati \u00f6neme sahiptir. K\u0131rm\u0131z\u0131 b\u00fclten sorgulama ve Interpol sorgulama, bu s\u00fcre\u00e7lerin ilk ad\u0131m\u0131 olarak, ki\u015finin durumunu netle\u015ftirmek i\u00e7in kritik bir ara\u00e7t\u0131r. Su\u00e7lular\u0131n iadesi ve iade anla\u015fmalar\u0131 ise, k\u0131rm\u0131z\u0131 b\u00fcltenlerin uygulanmas\u0131nda belirleyici bir rol oynar.<\/p>\n\n\n\n<p class=\"wp-block-paragraph\">Bu s\u00fcre\u00e7te, bireylerin deneyimli bir ceza avukat\u0131yla \u00e7al\u0131\u015fmalar\u0131, hem Interpol\u2019e yap\u0131lacak ba\u015fvurular\u0131n etkinli\u011fini art\u0131r\u0131r hem de i\u00e7 hukuk yollar\u0131n\u0131n do\u011fru bir \u015fekilde kullan\u0131lmas\u0131n\u0131 sa\u011flar. Ayr\u0131ca, T\u00fcrkiye\u2019nin taraf oldu\u011fu uluslararas\u0131 anla\u015fmalar\u0131n sa\u011flad\u0131\u011f\u0131 korumalar, k\u0131rm\u0131z\u0131 b\u00fcltenlerin k\u00f6t\u00fcye kullan\u0131m\u0131na kar\u015f\u0131 \u00f6nemli bir g\u00fcvence sunar. Sonu\u00e7 olarak, k\u0131rm\u0131z\u0131 b\u00fclten ve Interpol aramalar\u0131na kar\u015f\u0131 hukuki m\u00fccadele, titiz bir haz\u0131rl\u0131k ve profesyonel bir yakla\u015f\u0131m gerektirir. Bu \u00e7er\u00e7evede, <strong>K\u0131rm\u0131z\u0131 B\u00fclten Karar\u0131 Nas\u0131l Kald\u0131r\u0131l\u0131r?<\/strong> sorusuna verilecek en do\u011fru yan\u0131t, profesyonel hukuki destek al\u0131nmas\u0131d\u0131r.<\/p>\n\n\n\n<hr class=\"wp-block-separator has-alpha-channel-opacity\"\/>\n\n\n\n<p class=\"wp-block-paragraph\"><strong>NOT<\/strong><\/p>\n\n\n\n<p class=\"wp-block-paragraph\">Ofisimiz, h\u00e2lihaz\u0131rda yurt d\u0131\u015f\u0131nda bulunan T\u00fcrk vatanda\u015flar\u0131n\u0131n, T\u00fcrk makamlar\u0131 taraf\u0131ndan verilen <strong>\u201ck\u0131rm\u0131z\u0131 b\u00fclten \u2013 Interpol \u2013 iade talebi\u201d<\/strong> kararlar\u0131 hususunda hizmet vermekte olup, T\u00fcrkiye&#8217;de bulunan yabanc\u0131 uyruklu ki\u015filerin kendi \u00fclkeleri taraf\u0131ndan talep edilmesi ve k\u0131rm\u0131z\u0131 b\u00fcltenle aranmas\u0131na y\u00f6nelik dosyalarda avukatl\u0131k hizmet vermemektedir.<\/p>\n\n\n\n<hr class=\"wp-block-separator has-alpha-channel-opacity\"\/>\n\n\n\n<p class=\"wp-block-paragraph\"><strong>\u0410\u0434\u0432. \u0411\u0430\u0442\u0438\u043d \u0419\u042b\u041b\u041c\u0410\u0417<\/strong><\/p>","protected":false},"excerpt":{"rendered":"<p>Uluslararas\u0131 su\u00e7la m\u00fccadelede \u00f6nemli bir rol oynayan Interpol, \u00fcye \u00fclkeler aras\u0131nda bilgi payla\u015f\u0131m\u0131 ve su\u00e7lular\u0131n yakalanmas\u0131 i\u00e7in k\u00f6pr\u00fc g\u00f6revi g\u00f6rmektedir. Ancak, Interpol taraf\u0131ndan \u00e7\u0131kar\u0131lan k\u0131rm\u0131z\u0131 b\u00fcltenler ve bu kapsamda yap\u0131lan aramalar, bireylerin temel hak ve \u00f6zg\u00fcrl\u00fcklerini etkileyebilecek ciddi sonu\u00e7lar do\u011furabilir. Bu nedenle K\u0131rm\u0131z\u0131 B\u00fclten Karar\u0131 Nas\u0131l Kald\u0131r\u0131l\u0131r?,Interpol Aranmas\u0131 Kald\u0131rma, RedNotice gibi kavramlar \u00f6zellikle son y\u0131llarda [&hellip;]<\/p>\n","protected":false},"author":2,"featured_media":2423,"comment_status":"open","ping_status":"open","sticky":false,"template":"","format":"standard","meta":{"_joinchat":[],"footnotes":""},"categories":[61],"tags":[275,276,277],"class_list":["post-2421","post","type-post","status-publish","format-standard","has-post-thumbnail","hentry","category-ceza-hukuku","tag-interpol-ve-kirmizi-bulten","tag-kirmizi-bulten-kaldirma-sureci","tag-kirmizi-bulten-karari-nasil-kaldirilir"],"_links":{"self":[{"href":"https:\/\/batinyilmaz.av.tr\/ru\/wp-json\/wp\/v2\/posts\/2421","targetHints":{"allow":["GET"]}}],"collection":[{"href":"https:\/\/batinyilmaz.av.tr\/ru\/wp-json\/wp\/v2\/posts"}],"about":[{"href":"https:\/\/batinyilmaz.av.tr\/ru\/wp-json\/wp\/v2\/types\/post"}],"author":[{"embeddable":true,"href":"https:\/\/batinyilmaz.av.tr\/ru\/wp-json\/wp\/v2\/users\/2"}],"replies":[{"embeddable":true,"href":"https:\/\/batinyilmaz.av.tr\/ru\/wp-json\/wp\/v2\/comments?post=2421"}],"version-history":[{"count":1,"href":"https:\/\/batinyilmaz.av.tr\/ru\/wp-json\/wp\/v2\/posts\/2421\/revisions"}],"predecessor-version":[{"id":2425,"href":"https:\/\/batinyilmaz.av.tr\/ru\/wp-json\/wp\/v2\/posts\/2421\/revisions\/2425"}],"wp:featuredmedia":[{"embeddable":true,"href":"https:\/\/batinyilmaz.av.tr\/ru\/wp-json\/wp\/v2\/media\/2423"}],"wp:attachment":[{"href":"https:\/\/batinyilmaz.av.tr\/ru\/wp-json\/wp\/v2\/media?parent=2421"}],"wp:term":[{"taxonomy":"category","embeddable":true,"href":"https:\/\/batinyilmaz.av.tr\/ru\/wp-json\/wp\/v2\/categories?post=2421"},{"taxonomy":"post_tag","embeddable":true,"href":"https:\/\/batinyilmaz.av.tr\/ru\/wp-json\/wp\/v2\/tags?post=2421"}],"curies":[{"name":"wp","href":"https:\/\/api.w.org\/{rel}","templated":true}]}}