{"id":2285,"date":"2025-11-20T22:30:18","date_gmt":"2025-11-20T19:30:18","guid":{"rendered":"https:\/\/batinyilmaz.av.tr\/?p=2285"},"modified":"2025-11-24T11:31:26","modified_gmt":"2025-11-24T08:31:26","slug":"otomatik-taslak-2","status":"publish","type":"post","link":"https:\/\/batinyilmaz.av.tr\/ru\/otomatik-taslak-2\/","title":{"rendered":"Sonradan T\u00fcrk Vatanda\u015fl\u0131\u011f\u0131 Kazananlar\u0131n Askerlik Durumu"},"content":{"rendered":"<p class=\"wp-block-paragraph\"><\/p>\n\n\n\n<p class=\"wp-block-paragraph\">Yabanc\u0131 as\u0131ll\u0131 sonradan T\u00fcrk vatanda\u015f\u0131 olan ki\u015filerin askerlik y\u00fck\u00fcml\u00fcl\u00fc\u011f\u00fc, yoklama mesajlar\u0131, erteleme i\u015flemleri ve hukuki s\u00fcre\u00e7ler hakk\u0131nda detayl\u0131 rehber.<\/p>\n\n\n\n<hr class=\"wp-block-separator has-alpha-channel-opacity\"\/>\n\n\n\n<p class=\"wp-block-paragraph\"><strong>Yabanc\u0131 As\u0131ll\u0131 Sonradan T\u00fcrk Vatanda\u015f\u0131 Askerlik Durumu: Mesaj\u0131n Amac\u0131 ve Erteleme \u0130\u015flemleri<\/strong><\/p>\n\n\n\n<p class=\"wp-block-paragraph\">T\u00fcrkiye\u2019de sonradan vatanda\u015fl\u0131k kazanan yabanc\u0131 uyruklu ki\u015filere son d\u00f6nemde <strong>\u201cSn. X\u2026 yoklama ka\u00e7a\u011f\u0131 olarak takibiniz yap\u0131lmaktad\u0131r. Askerlik i\u015flemlerinizi e-Devlet veya askerlik \u015fubesinden tamamlaman\u0131z gerekmektedir.\u201d<\/strong> i\u00e7erikli SMS\u2019ler g\u00f6nderilmektedir. Bu uyar\u0131 mesaj\u0131 bir\u00e7ok ki\u015fi i\u00e7in endi\u015fe yaratsa da, asl\u0131nda askerlik y\u00fck\u00fcml\u00fcl\u00fc\u011f\u00fcn\u00fcn hat\u0131rlat\u0131lmas\u0131na y\u00f6nelik rutin bir bilgilendirme niteli\u011fi ta\u015f\u0131r.<\/p>\n\n\n\n<p class=\"wp-block-paragraph\">Bu kapsaml\u0131 rehberde; <strong>mesaj\u0131n g\u00f6nderilme amac\u0131<\/strong>, <strong>sonradan T\u00fcrk vatanda\u015f\u0131 olan ki\u015filerin askerlik durumu<\/strong>, <strong>yoklama ve erteleme i\u015flemlerinin nas\u0131l yap\u0131laca\u011f\u0131<\/strong>, <strong>kar\u015f\u0131la\u015f\u0131labilecek hukuki sonu\u00e7lar<\/strong> \u0438 <strong>pratik \u00f6neriler<\/strong> ayr\u0131nt\u0131l\u0131 \u015fekilde ele al\u0131nmaktad\u0131r.<\/p>\n\n\n\n<hr class=\"wp-block-separator has-alpha-channel-opacity\"\/>\n\n\n\n<p class=\"wp-block-paragraph\"><strong>Neden Bu Mesaj G\u00f6nderiliyor? <\/strong><\/p>\n\n\n\n<p class=\"wp-block-paragraph\">Sonradan T\u00fcrk vatanda\u015fl\u0131\u011f\u0131na ge\u00e7en erkek bireyler, kanunen <strong>askerlik y\u00fck\u00fcml\u00fcl\u00fc\u011f\u00fc alt\u0131ndad\u0131r<\/strong>. Milli Savunma Bakanl\u0131\u011f\u0131 (MSB), askerlik \u00e7a\u011f\u0131na girmi\u015f veya girmek \u00fczere olan ki\u015filerin yoklama s\u00fcre\u00e7lerini takip eder.<\/p>\n\n\n\n<p class=\"wp-block-paragraph\">Bu SMS\u2019in g\u00f6nderilme ama\u00e7lar\u0131 \u015funlard\u0131r:<\/p>\n\n\n\n<p class=\"wp-block-paragraph\"><strong>1. Yoklama Y\u00fck\u00fcml\u00fcl\u00fc\u011f\u00fcn\u00fc Hat\u0131rlatmak <\/strong><\/p>\n\n\n\n<p class=\"wp-block-paragraph\">Yoklama; ki\u015finin sa\u011fl\u0131k muayenesinin yap\u0131lmas\u0131, e\u011fitim durumunun ve askerlik stat\u00fcs\u00fcn\u00fcn belirlenmesi i\u015flemidir.<br>Vatanda\u015fl\u0131\u011fa yeni ge\u00e7en ki\u015filerin b\u00fcy\u00fck b\u00f6l\u00fcm\u00fc bu y\u00fck\u00fcml\u00fcl\u00fc\u011f\u00fc bilmiyor olabilir. Bu nedenle MSB bilgilendirme ama\u00e7l\u0131 SMS yollamaktad\u0131r.<\/p>\n\n\n\n<p class=\"wp-block-paragraph\"><strong>2. Ka\u00e7ak veya Sakl\u0131 Durumunun \u00d6n\u00fcne Ge\u00e7mek <\/strong><\/p>\n\n\n\n<p class=\"wp-block-paragraph\">Askerlik i\u015flemi yap\u0131lmad\u0131\u011f\u0131nda ki\u015fi sistemde:<\/p>\n\n\n\n<ul class=\"wp-block-list\">\n<li><strong>Yoklama ka\u00e7a\u011f\u0131<\/strong>,<\/li>\n\n\n\n<li><strong>Bakaya<\/strong>,<\/li>\n\n\n\n<li><strong>Sakl\u0131<\/strong><\/li>\n<\/ul>\n\n\n\n<p class=\"wp-block-paragraph\">gibi kategorilere d\u00fc\u015febilir. Bu durum idari para cezas\u0131, tebligat ve zorunlu ba\u015fvuru gibi sonu\u00e7lar do\u011furur. SMS\u2019ler, ki\u015filerin bu duruma d\u00fc\u015fmeden i\u015flemlerini tamamlamalar\u0131 i\u00e7in \u00f6nleyici bir ad\u0131m niteli\u011findedir.<\/p>\n\n\n\n<p class=\"wp-block-paragraph\"><strong>3. E-Devlet \u00dczerinden \u0130\u015flemlere Te\u015fvik <\/strong><\/p>\n\n\n\n<p class=\"wp-block-paragraph\">Bir\u00e7ok i\u015flem art\u0131k e-Devlet \u00fczerinden yap\u0131labildi\u011fi i\u00e7in, SMS\u2019te do\u011frudan bu i\u015flem kanal\u0131na y\u00f6nlendirme yap\u0131l\u0131r. B\u00f6ylece askerlik \u015fubelerinde olu\u015fabilecek yo\u011funluk azalt\u0131l\u0131r.<\/p>\n\n\n\n<hr class=\"wp-block-separator has-alpha-channel-opacity\"\/>\n\n\n\n<p class=\"wp-block-paragraph\"><strong>Sonradan T\u00fcrk Vatanda\u015f\u0131 Olanlar\u0131n Askerlik Y\u00fck\u00fcml\u00fcl\u00fc\u011f\u00fc <\/strong><\/p>\n\n\n\n<p class=\"wp-block-paragraph\">T\u00fcrk Vatanda\u015fl\u0131\u011f\u0131 Kanunu ve Askeralma Kanunu uyar\u0131nca, <strong>erkek vatanda\u015flar askerlik hizmetiyle y\u00fck\u00fcml\u00fcd\u00fcr<\/strong>. Sonradan T\u00fcrk vatanda\u015f\u0131 olan ki\u015filerin askerlik durumu belirlenirken \u00e7e\u015fitli kriterler de\u011ferlendirilir.<\/p>\n\n\n\n<p class=\"wp-block-paragraph\"><strong>1. Vatanda\u015fl\u0131k Kazanma Ya\u015f\u0131 <\/strong><\/p>\n\n\n\n<p class=\"wp-block-paragraph\">Ki\u015finin vatanda\u015fl\u0131\u011fa ge\u00e7i\u015f yapt\u0131\u011f\u0131 ya\u015f \u00f6nemlidir:<\/p>\n\n\n\n<ul class=\"wp-block-list\">\n<li><strong>22 ya\u015f\u0131ndan k\u00fc\u00e7\u00fck<\/strong> olarak vatanda\u015fl\u0131k kazanm\u0131\u015fsa \u2192 T\u00fcrkiye\u2019de askerlik yapmakla y\u00fck\u00fcml\u00fcd\u00fcr.<\/li>\n\n\n\n<li><strong>22 ya\u015f\u0131ndan b\u00fcy\u00fck<\/strong> bir ya\u015fta vatanda\u015fl\u0131k elde etmi\u015fse \u2192 Yurtd\u0131\u015f\u0131nda ya\u015fama durumu, e\u011fitim seviyesi ve varsa daha \u00f6nce yapt\u0131\u011f\u0131 askerlik hizmeti dikkate al\u0131narak muafiyet veya bedelli stat\u00fcs\u00fc de\u011ferlendirilebilir.<\/li>\n<\/ul>\n\n\n\n<p class=\"wp-block-paragraph\"><strong>2. Daha \u00d6nce Yap\u0131lan Askerlik <\/strong><\/p>\n\n\n\n<p class=\"wp-block-paragraph\">Sonradan vatanda\u015f olan ki\u015finin kendi \u00fclkesinde askerlik yapm\u0131\u015f olmas\u0131 halinde:<\/p>\n\n\n\n<ul class=\"wp-block-list\">\n<li>Bu hizmet <strong>e\u015fde\u011fer g\u00f6r\u00fcl\u00fcrse<\/strong>, T\u00fcrkiye\u2019de askerlikten muaf tutulabilir.<\/li>\n\n\n\n<li>E\u015fde\u011fer g\u00f6r\u00fclmeyen s\u00fcre olmas\u0131 durumunda <strong>tamamlama<\/strong> \u0438\u043b\u0438 <strong>bedelli<\/strong> gibi alternatifler g\u00fcndeme gelebilir.<\/li>\n<\/ul>\n\n\n\n<p class=\"wp-block-paragraph\"><strong>3. \u00c7ifte Vatanda\u015fl\u0131k Durumu <\/strong><\/p>\n\n\n\n<p class=\"wp-block-paragraph\">Hem T\u00fcrk hem ba\u015fka bir \u00fclke vatanda\u015f\u0131 olan erkek bireyler i\u00e7in de askerlik y\u00fck\u00fcml\u00fcl\u00fc\u011f\u00fc ge\u00e7erlidir. Ancak ki\u015finin di\u011fer \u00fclkedeki askerlik ge\u00e7mi\u015fi T\u00fcrkiye\u2019deki stat\u00fcy\u00fc etkileyebilir.<\/p>\n\n\n\n<p class=\"wp-block-paragraph\"><strong>4. Yurtd\u0131\u015f\u0131nda Ya\u015fayanlar\u0131n Durumu <\/strong><\/p>\n\n\n\n<p class=\"wp-block-paragraph\">Yurtd\u0131\u015f\u0131nda ikamet edenlerin askerlik hizmetini:<\/p>\n\n\n\n<ul class=\"wp-block-list\">\n<li><strong>D\u00f6vizle bedelli askerlik<\/strong>,<\/li>\n\n\n\n<li><strong>Erteleme<\/strong>,<\/li>\n\n\n\n<li><strong>Muafiyet<\/strong>,<\/li>\n<\/ul>\n\n\n\n<p class=\"wp-block-paragraph\">kapsamlar\u0131nda de\u011ferlendirme hakk\u0131 vard\u0131r.<\/p>\n\n\n\n<hr class=\"wp-block-separator has-alpha-channel-opacity\"\/>\n\n\n\n<p class=\"wp-block-paragraph\"><strong>G\u00f6nderilen Yoklama Mesaj\u0131 Ne Anlama Geliyor? <\/strong><\/p>\n\n\n\n<p class=\"wp-block-paragraph\">Son d\u00f6nemde bir\u00e7ok ki\u015finin ald\u0131\u011f\u0131 mesaj\u0131n i\u00e7eri\u011finde:<\/p>\n\n\n\n<p class=\"wp-block-paragraph\"><strong>\u201cYoklama ka\u00e7a\u011f\u0131 olarak takibiniz yap\u0131lmaktad\u0131r. Askerlik i\u015flemlerinizi tamamlay\u0131n\u0131z.\u201d<\/strong><\/p>\n\n\n\n<p class=\"wp-block-paragraph\">ifadeleri yer almaktad\u0131r. Bu mesaj, ki\u015finin sistemde yoklama i\u015flemini hen\u00fcz yapmad\u0131\u011f\u0131n\u0131 g\u00f6stermektedir.<\/p>\n\n\n\n<p class=\"wp-block-paragraph\"><strong>Mesaj\u0131n Hukuki Niteli\u011fi <\/strong><\/p>\n\n\n\n<p class=\"wp-block-paragraph\">Mesaj bir <strong>tebligat de\u011fildir<\/strong>, ancak \u00f6nemli bir uyar\u0131d\u0131r. Ki\u015finin e-Devlet\u2019e girerek askerlik durumunu kontrol etmesi gerekir.<\/p>\n\n\n\n<p class=\"wp-block-paragraph\"><strong>Mesaj\u0131 Alan Ne Yapmal\u0131? <\/strong><\/p>\n\n\n\n<ul class=\"wp-block-list\">\n<li>E-Devlet \u2192 \u201cAskerlik Durumu Sorgulama\u201d<\/li>\n\n\n\n<li>E-Devlet \u2192 \u201cYoklama Ba\u015fvurusu\u201d<\/li>\n\n\n\n<li>En yak\u0131n askerlik \u015fubesi<\/li>\n<\/ul>\n\n\n\n<p class=\"wp-block-paragraph\">Herhangi bir kanuni yapt\u0131r\u0131mla kar\u015f\u0131la\u015fmadan \u00f6nce bu ad\u0131mlardan biriyle i\u015flem yap\u0131lmal\u0131d\u0131r.<\/p>\n\n\n\n<hr class=\"wp-block-separator has-alpha-channel-opacity\"\/>\n\n\n\n<p class=\"wp-block-paragraph\"><strong>Askerlik Yoklamas\u0131 Nas\u0131l Yap\u0131l\u0131r? <\/strong><\/p>\n\n\n\n<p class=\"wp-block-paragraph\">Askerlik yoklama i\u015flemi e-Devlet \u00fczerinden olduk\u00e7a kolay \u015fekilde tamamlanabilir.<\/p>\n\n\n\n<p class=\"wp-block-paragraph\"><strong>E-Devlet \u00dczerinden Yoklama Ad\u0131mlar\u0131 <\/strong><\/p>\n\n\n\n<ol start=\"1\" class=\"wp-block-list\">\n<li>e-Devlet\u2019e giri\u015f yap\u0131n.<\/li>\n\n\n\n<li><strong>\u201cAskerlik Yoklamas\u0131 Ba\u015fvurusu\u201d<\/strong> hizmetini arat\u0131n.<\/li>\n\n\n\n<li>Ki\u015fisel bilgileriniz do\u011fruland\u0131ktan sonra sa\u011fl\u0131k muayene y\u00f6nlendirmesi yap\u0131l\u0131r.<\/li>\n\n\n\n<li>Aile hekimine giderek muayene i\u015flemini tamamlay\u0131n.<\/li>\n\n\n\n<li>Sonu\u00e7 e-Devlet\u2019e otomatik olarak yans\u0131r.<\/li>\n<\/ol>\n\n\n\n<p class=\"wp-block-paragraph\">Yoklama tamamland\u0131ktan sonra ki\u015finin askerlik stat\u00fcs\u00fc belirlenir:<\/p>\n\n\n\n<ul class=\"wp-block-list\">\n<li>Tecil (erteleme)<\/li>\n\n\n\n<li>Bedelli<\/li>\n\n\n\n<li>Muafiyet<\/li>\n\n\n\n<li>Ertesi y\u0131l s\u0131n\u0131fland\u0131rma<\/li>\n<\/ul>\n\n\n\n<p class=\"wp-block-paragraph\">gibi sonu\u00e7lar \u00e7\u0131kar.<\/p>\n\n\n\n<hr class=\"wp-block-separator has-alpha-channel-opacity\"\/>\n\n\n\n<p class=\"wp-block-paragraph\"><strong>Askerlik Ertelemesi (Tecil) Nas\u0131l Yap\u0131l\u0131r? <\/strong><\/p>\n\n\n\n<p class=\"wp-block-paragraph\">Sonradan T\u00fcrk vatanda\u015f\u0131 olan ki\u015filer de di\u011fer T\u00fcrk vatanda\u015flar\u0131yla ayn\u0131 \u015fekilde erteleme hakk\u0131ndan yararlanabilir.<\/p>\n\n\n\n<p class=\"wp-block-paragraph\"><strong>Erteleme Sebepleri <\/strong><\/p>\n\n\n\n<ol start=\"1\" class=\"wp-block-list\">\n<li><strong>E\u011fitim nedeniyle tecil<\/strong>\n<ul class=\"wp-block-list\">\n<li>Lise<\/li>\n\n\n\n<li>\u00dcniversite<\/li>\n\n\n\n<li>Y\u00fcksek lisans<\/li>\n\n\n\n<li>Doktora<\/li>\n<\/ul>\n<\/li>\n\n\n\n<li><strong>Yurtd\u0131\u015f\u0131nda \u00e7al\u0131\u015fma veya ikamet<\/strong><\/li>\n\n\n\n<li><strong>Sa\u011fl\u0131k nedeniyle ge\u00e7ici erteleme<\/strong><\/li>\n\n\n\n<li><strong>Ailevi veya sosyal nedenlere ba\u011fl\u0131 ertelemeler<\/strong><\/li>\n<\/ol>\n\n\n\n<p class=\"wp-block-paragraph\"><strong>Tecil \u0130\u015flemi Nas\u0131l Yap\u0131l\u0131r? <\/strong><\/p>\n\n\n\n<p class=\"wp-block-paragraph\">Erteleme talebi:<\/p>\n\n\n\n<ul class=\"wp-block-list\">\n<li><strong>e-Devlet \u00fczerinden<\/strong>,<\/li>\n\n\n\n<li><strong>Askerlik \u015fubesi arac\u0131l\u0131\u011f\u0131yla<\/strong>,<\/li>\n\n\n\n<li><strong>Yurtd\u0131\u015f\u0131 konsolosluklar\u0131<\/strong> \u00fczerinden<\/li>\n<\/ul>\n\n\n\n<p class=\"wp-block-paragraph\">yap\u0131labilir.<\/p>\n\n\n\n<p class=\"wp-block-paragraph\"><strong>S\u00fcreler (H3)<\/strong><\/p>\n\n\n\n<ul class=\"wp-block-list\">\n<li>\u00dcniversite lisans \u00f6\u011frencileri: <strong>31 ya\u015f\u0131na kadar<\/strong><\/li>\n\n\n\n<li>Y\u00fcksek lisans: <strong>33 ya\u015f\u0131na kadar<\/strong><\/li>\n\n\n\n<li>Doktora: <strong>35 ya\u015f\u0131na kadar<\/strong><\/li>\n\n\n\n<li>Yurtd\u0131\u015f\u0131 i\u015f\u00e7i stat\u00fcs\u00fc: Y\u0131ll\u0131k veya \u00e7ok y\u0131ll\u0131 erteleme imk\u00e2nlar\u0131<\/li>\n<\/ul>\n\n\n\n<hr class=\"wp-block-separator has-alpha-channel-opacity\"\/>\n\n\n\n<p class=\"wp-block-paragraph\"><strong>Yoklama Ka\u00e7a\u011f\u0131 veya Bakaya Durumunda Ne Olur? <\/strong><\/p>\n\n\n\n<p class=\"wp-block-paragraph\">\u0130\u015flemler yap\u0131lmad\u0131\u011f\u0131nda ki\u015fi sistemde yoklama ka\u00e7a\u011f\u0131 olarak g\u00f6r\u00fcn\u00fcr. Bu durumun sonu\u00e7lar\u0131 \u015funlard\u0131r:<\/p>\n\n\n\n<ul class=\"wp-block-list\">\n<li>\u0130dari para cezas\u0131<\/li>\n\n\n\n<li>Polis \u00e7evirmelerinde i\u015flem<\/li>\n\n\n\n<li>Askerlik i\u015flemlerinin zorunlu ba\u015flat\u0131lmas\u0131<\/li>\n\n\n\n<li>Baz\u0131 kamu hizmetlerinden yararlanamama<\/li>\n<\/ul>\n\n\n\n<p class=\"wp-block-paragraph\"><strong>Erken ba\u015fvuru<\/strong>, bu t\u00fcr yapt\u0131r\u0131mlar\u0131n \u00f6n\u00fcne ge\u00e7er.<\/p>\n\n\n\n<hr class=\"wp-block-separator has-alpha-channel-opacity\"\/>\n\n\n\n<p class=\"wp-block-paragraph\"><strong>Hukuki Destek ve Profesyonel Dan\u0131\u015fmanl\u0131k <\/strong><\/p>\n\n\n\n<p class=\"wp-block-paragraph\">Sonradan T\u00fcrk vatanda\u015fl\u0131\u011f\u0131 kazanan ki\u015filer, askerlik hukuku konusunda s\u0131k\u00e7a belirsizlik ya\u015famaktad\u0131r. \u00d6zellikle:<\/p>\n\n\n\n<ul class=\"wp-block-list\">\n<li>Yurtd\u0131\u015f\u0131 askerlik hizmetinin tan\u0131nmas\u0131<\/li>\n\n\n\n<li>Muafiyet talepleri<\/li>\n\n\n\n<li>Bedelli ba\u015fvurular\u0131<\/li>\n\n\n\n<li>Ceza ve yoklama ka\u00e7a\u011f\u0131 i\u015flemleri<\/li>\n\n\n\n<li>Yurt d\u0131\u015f\u0131nda ya\u015fayanlar\u0131n haklar\u0131<\/li>\n<\/ul>\n\n\n\n<p class=\"wp-block-paragraph\">gibi durumlarda profesyonel hukuki destek almak, s\u00fcrecin do\u011fru ve h\u0131zl\u0131 ilerlemesini sa\u011flar.<\/p>\n\n\n\n<hr class=\"wp-block-separator has-alpha-channel-opacity\"\/>\n\n\n\n<p class=\"wp-block-paragraph\"><strong>Sonu\u00e7: Mesaj\u0131 Ald\u0131ysan\u0131z \u0130\u015flemleri Geciktirmeyin <\/strong><\/p>\n\n\n\n<p class=\"wp-block-paragraph\"><strong>Yabanc\u0131 as\u0131ll\u0131 sonradan T\u00fcrk vatanda\u015f\u0131 askerlik durumu<\/strong>, bir\u00e7ok ki\u015finin tam olarak bilmedi\u011fi \u00f6zel d\u00fczenlemelere sahiptir. G\u00f6nderilen yoklama mesaj\u0131, ki\u015finin askerlik y\u00fck\u00fcml\u00fcl\u00fc\u011f\u00fcn\u00fcn ba\u015flam\u0131\u015f olabilece\u011fini g\u00f6steren bir uyar\u0131d\u0131r. Bu nedenle mesaj\u0131 ald\u0131\u011f\u0131n\u0131zda mutlaka <strong>e-Devlet \u00fczerinden askerlik durumunuzu kontrol etmeli<\/strong>, gerekiyorsa <strong>yoklama veya tecil i\u015flemlerinizi<\/strong> zaman\u0131nda tamamlamal\u0131s\u0131n\u0131z. Konu ile ilgili https:\/\/batinyilmaz.av.tr\/18-yasindan-kucukken-turk-vatandasligini-kazananlarin-askerlik-yukumlulugu-ve-muafiyet-durumu\/ linki \u00fczerinden, 18 ya\u015f\u0131ndan \u00f6nce T\u00fcrk Vatanda\u015fl\u0131\u011f\u0131 kazananlar\u0131n hukuki durumu hakk\u0131ndaki yaz\u0131m\u0131z\u0131 okuyabilirsiniz.<\/p>\n\n\n\n<p class=\"wp-block-paragraph\">Sorunsuz bir s\u00fcre\u00e7 i\u00e7in mevzuat\u0131 bilmek ve gerekti\u011finde uzman deste\u011fi almak, olas\u0131 yapt\u0131r\u0131mlar\u0131n \u00f6n\u00fcne ge\u00e7ecektir.<\/p>\n\n\n\n<p class=\"wp-block-paragraph\">\u0410\u0434\u0432. \u0411\u0430\u0442\u0438\u043d \u0419\u042b\u041b\u041c\u0410\u0417<\/p>\n\n\n\n<p class=\"wp-block-paragraph\"><\/p>","protected":false},"excerpt":{"rendered":"<p>Yabanc\u0131 as\u0131ll\u0131 sonradan T\u00fcrk vatanda\u015f\u0131 olan ki\u015filerin askerlik y\u00fck\u00fcml\u00fcl\u00fc\u011f\u00fc, yoklama mesajlar\u0131, erteleme i\u015flemleri ve hukuki s\u00fcre\u00e7ler hakk\u0131nda detayl\u0131 rehber. Yabanc\u0131 As\u0131ll\u0131 Sonradan T\u00fcrk Vatanda\u015f\u0131 Askerlik Durumu: Mesaj\u0131n Amac\u0131 ve Erteleme \u0130\u015flemleri T\u00fcrkiye\u2019de sonradan vatanda\u015fl\u0131k kazanan yabanc\u0131 uyruklu ki\u015filere son d\u00f6nemde \u201cSn. X\u2026 yoklama ka\u00e7a\u011f\u0131 olarak takibiniz yap\u0131lmaktad\u0131r. Askerlik i\u015flemlerinizi e-Devlet veya askerlik \u015fubesinden tamamlaman\u0131z gerekmektedir.\u201d [&hellip;]<\/p>\n","protected":false},"author":2,"featured_media":2333,"comment_status":"open","ping_status":"open","sticky":false,"template":"","format":"standard","meta":{"_joinchat":[],"footnotes":""},"categories":[121],"tags":[],"class_list":["post-2285","post","type-post","status-publish","format-standard","has-post-thumbnail","hentry","category-yabancilar-hukuku"],"_links":{"self":[{"href":"https:\/\/batinyilmaz.av.tr\/ru\/wp-json\/wp\/v2\/posts\/2285","targetHints":{"allow":["GET"]}}],"collection":[{"href":"https:\/\/batinyilmaz.av.tr\/ru\/wp-json\/wp\/v2\/posts"}],"about":[{"href":"https:\/\/batinyilmaz.av.tr\/ru\/wp-json\/wp\/v2\/types\/post"}],"author":[{"embeddable":true,"href":"https:\/\/batinyilmaz.av.tr\/ru\/wp-json\/wp\/v2\/users\/2"}],"replies":[{"embeddable":true,"href":"https:\/\/batinyilmaz.av.tr\/ru\/wp-json\/wp\/v2\/comments?post=2285"}],"version-history":[{"count":1,"href":"https:\/\/batinyilmaz.av.tr\/ru\/wp-json\/wp\/v2\/posts\/2285\/revisions"}],"predecessor-version":[{"id":2286,"href":"https:\/\/batinyilmaz.av.tr\/ru\/wp-json\/wp\/v2\/posts\/2285\/revisions\/2286"}],"wp:featuredmedia":[{"embeddable":true,"href":"https:\/\/batinyilmaz.av.tr\/ru\/wp-json\/wp\/v2\/media\/2333"}],"wp:attachment":[{"href":"https:\/\/batinyilmaz.av.tr\/ru\/wp-json\/wp\/v2\/media?parent=2285"}],"wp:term":[{"taxonomy":"category","embeddable":true,"href":"https:\/\/batinyilmaz.av.tr\/ru\/wp-json\/wp\/v2\/categories?post=2285"},{"taxonomy":"post_tag","embeddable":true,"href":"https:\/\/batinyilmaz.av.tr\/ru\/wp-json\/wp\/v2\/tags?post=2285"}],"curies":[{"name":"wp","href":"https:\/\/api.w.org\/{rel}","templated":true}]}}