{"id":1220,"date":"2025-10-15T20:02:40","date_gmt":"2025-10-15T17:02:40","guid":{"rendered":"https:\/\/batinyilmaz.av.tr\/?p=1220"},"modified":"2025-11-19T03:08:59","modified_gmt":"2025-11-19T00:08:59","slug":"18-yasindan-kucukken-turk-vatandasligini-kazananlarin-askerlik-yukumlulugu-ve-muafiyet-durumu","status":"publish","type":"post","link":"https:\/\/batinyilmaz.av.tr\/ru\/18-yasindan-kucukken-turk-vatandasligini-kazananlarin-askerlik-yukumlulugu-ve-muafiyet-durumu\/","title":{"rendered":"18 Ya\u015f\u0131ndan K\u00fc\u00e7\u00fckken T\u00fcrk Vatanda\u015fl\u0131\u011f\u0131n\u0131 Kazananlar\u0131n Askerlik Y\u00fck\u00fcml\u00fcl\u00fc\u011f\u00fc ve Muafiyet Durumu"},"content":{"rendered":"<div id=\"ez-toc-container\" class=\"ez-toc-v2_0_85 counter-hierarchy ez-toc-counter ez-toc-grey ez-toc-container-direction\">\n<div class=\"ez-toc-title-container\">\n<p class=\"ez-toc-title\" style=\"cursor:inherit\">\u0417\u0430\u0433\u043e\u043b\u043e\u0432\u043a\u0438<\/p>\n<span class=\"ez-toc-title-toggle\"><a href=\"#\" class=\"ez-toc-pull-right ez-toc-btn ez-toc-btn-xs ez-toc-btn-default ez-toc-toggle\" aria-label=\"Toggle Table of Content\"><span class=\"ez-toc-js-icon-con\"><span class=\"\"><span class=\"eztoc-hide\" style=\"display:none;\">\u041f\u0435\u0440\u0435\u043a\u043b\u044e\u0447\u0430\u0442\u0435\u043b\u044c<\/span><span class=\"ez-toc-icon-toggle-span\"><svg style=\"fill: #999;color:#999\" xmlns=\"http:\/\/www.w3.org\/2000\/svg\" class=\"list-377408\" width=\"20px\" height=\"20px\" viewbox=\"0 0 24 24\" fill=\"none\"><path d=\"M6 6H4v2h2V6zm14 0H8v2h12V6zM4 11h2v2H4v-2zm16 0H8v2h12v-2zM4 16h2v2H4v-2zm16 0H8v2h12v-2z\" fill=\"currentColor\"><\/path><\/svg><svg style=\"fill: #999;color:#999\" class=\"arrow-unsorted-368013\" xmlns=\"http:\/\/www.w3.org\/2000\/svg\" width=\"10px\" height=\"10px\" viewbox=\"0 0 24 24\" version=\"1.2\" baseprofile=\"tiny\"><path d=\"M18.2 9.3l-6.2-6.3-6.2 6.3c-.2.2-.3.4-.3.7s.1.5.3.7c.2.2.4.3.7.3h11c.3 0 .5-.1.7-.3.2-.2.3-.5.3-.7s-.1-.5-.3-.7zM5.8 14.7l6.2 6.3 6.2-6.3c.2-.2.3-.5.3-.7s-.1-.5-.3-.7c-.2-.2-.4-.3-.7-.3h-11c-.3 0-.5.1-.7.3-.2.2-.3.5-.3.7s.1.5.3.7z\"\/><\/svg><\/span><\/span><\/span><\/a><\/span><\/div>\n<nav><ul class='ez-toc-list ez-toc-list-level-1' ><li class='ez-toc-page-1 ez-toc-heading-level-2'><a class=\"ez-toc-link ez-toc-heading-1\" href=\"https:\/\/batinyilmaz.av.tr\/ru\/18-yasindan-kucukken-turk-vatandasligini-kazananlarin-askerlik-yukumlulugu-ve-muafiyet-durumu\/#Turk_Vatandasligi_Kazanimi_ve_Askerlik_Yukumlulugu\" >T\u00fcrk Vatanda\u015fl\u0131\u011f\u0131 Kazan\u0131m\u0131 ve Askerlik Y\u00fck\u00fcml\u00fcl\u00fc\u011f\u00fc<\/a><\/li><li class='ez-toc-page-1 ez-toc-heading-level-2'><a class=\"ez-toc-link ez-toc-heading-2\" href=\"https:\/\/batinyilmaz.av.tr\/ru\/18-yasindan-kucukken-turk-vatandasligini-kazananlarin-askerlik-yukumlulugu-ve-muafiyet-durumu\/#18_Yasindan_Kucukken_Vatandas_Olanlar_Icin_Onemli_Kriter_Kazanim_Zamani\" >18 Ya\u015f\u0131ndan K\u00fc\u00e7\u00fckken Vatanda\u015f Olanlar \u0130\u00e7in \u00d6nemli Kriter: Kazan\u0131m Zaman\u0131<\/a><\/li><li class='ez-toc-page-1 ez-toc-heading-level-2'><a class=\"ez-toc-link ez-toc-heading-3\" href=\"https:\/\/batinyilmaz.av.tr\/ru\/18-yasindan-kucukken-turk-vatandasligini-kazananlarin-askerlik-yukumlulugu-ve-muafiyet-durumu\/#Muafiyet_Erteleme_ve_Dovizle_Askerlik_Secenekleri\" >Muafiyet, Erteleme ve D\u00f6vizle Askerlik Se\u00e7enekleri<\/a><ul class='ez-toc-list-level-3' ><li class='ez-toc-heading-level-3'><a class=\"ez-toc-link ez-toc-heading-4\" href=\"https:\/\/batinyilmaz.av.tr\/ru\/18-yasindan-kucukken-turk-vatandasligini-kazananlarin-askerlik-yukumlulugu-ve-muafiyet-durumu\/#Yabanci_Ulkede_Askerlik_Hizmeti_Yapmis_Olanlar\" >Yabanc\u0131 \u00dclkede Askerlik Hizmeti Yapm\u0131\u015f Olanlar<\/a><\/li><li class='ez-toc-page-1 ez-toc-heading-level-3'><a class=\"ez-toc-link ez-toc-heading-5\" href=\"https:\/\/batinyilmaz.av.tr\/ru\/18-yasindan-kucukken-turk-vatandasligini-kazananlarin-askerlik-yukumlulugu-ve-muafiyet-durumu\/#Cifte_Vatandaslik_Sahipleri\" >\u00c7ifte Vatanda\u015fl\u0131k Sahipleri<\/a><\/li><li class='ez-toc-page-1 ez-toc-heading-level-3'><a class=\"ez-toc-link ez-toc-heading-6\" href=\"https:\/\/batinyilmaz.av.tr\/ru\/18-yasindan-kucukken-turk-vatandasligini-kazananlarin-askerlik-yukumlulugu-ve-muafiyet-durumu\/#Dovizle_Askerlik\" >D\u00f6vizle Askerlik<\/a><\/li><li class='ez-toc-page-1 ez-toc-heading-level-3'><a class=\"ez-toc-link ez-toc-heading-7\" href=\"https:\/\/batinyilmaz.av.tr\/ru\/18-yasindan-kucukken-turk-vatandasligini-kazananlarin-askerlik-yukumlulugu-ve-muafiyet-durumu\/#Askerlik_Ertelemesi_Tecil\" >Askerlik Ertelemesi (Tecil)<\/a><\/li><\/ul><\/li><li class='ez-toc-page-1 ez-toc-heading-level-2'><a class=\"ez-toc-link ez-toc-heading-8\" href=\"https:\/\/batinyilmaz.av.tr\/ru\/18-yasindan-kucukken-turk-vatandasligini-kazananlarin-askerlik-yukumlulugu-ve-muafiyet-durumu\/#Kisaca\" >K\u0131saca;<\/a><\/li><li class='ez-toc-page-1 ez-toc-heading-level-2'><a class=\"ez-toc-link ez-toc-heading-9\" href=\"https:\/\/batinyilmaz.av.tr\/ru\/18-yasindan-kucukken-turk-vatandasligini-kazananlarin-askerlik-yukumlulugu-ve-muafiyet-durumu\/#Hukuki_Destek\" >Hukuki Destek<\/a><\/li><\/ul><\/nav><\/div>\n\n<p class=\"wp-block-paragraph\">T\u00fcrkiye Cumhuriyeti Anayasas\u0131 ve ilgili kanunlar uyar\u0131nca, her T\u00fcrk vatanda\u015f\u0131 erkek, belirli \u015fartlar alt\u0131nda askerlik hizmeti ile y\u00fck\u00fcml\u00fcd\u00fcr. Ancak T\u00fcrk vatanda\u015fl\u0131\u011f\u0131n\u0131 sonradan kazanan ki\u015filer a\u00e7\u0131s\u0131ndan, \u00f6zellikle 18 ya\u015f\u0131ndan \u00f6nce vatanda\u015fl\u0131k kazananlar\u0131n askerlik durumu farkl\u0131l\u0131k g\u00f6sterebilir. Bu yaz\u0131m\u0131zda, 18 ya\u015f\u0131ndan k\u00fc\u00e7\u00fckken T\u00fcrk vatanda\u015fl\u0131\u011f\u0131n\u0131 kazanan ki\u015filerin askerlik y\u00fck\u00fcml\u00fcl\u00fc\u011f\u00fc ve muafiyet halleri hakk\u0131nda detayl\u0131 bilgi verilecektir.<\/p>\n\n\n\n<h2 class=\"wp-block-heading\"><span class=\"ez-toc-section\" id=\"Turk_Vatandasligi_Kazanimi_ve_Askerlik_Yukumlulugu\"><\/span><strong>T\u00fcrk Vatanda\u015fl\u0131\u011f\u0131 Kazan\u0131m\u0131 ve Askerlik Y\u00fck\u00fcml\u00fcl\u00fc\u011f\u00fc<\/strong><span class=\"ez-toc-section-end\"><\/span><\/h2>\n\n\n\n<p class=\"wp-block-paragraph\">T\u00fcrk Vatanda\u015fl\u0131\u011f\u0131 Kanunu&#8217;na g\u00f6re, bir ki\u015fi do\u011fumla veya sonradan vatanda\u015fl\u0131k kazanabilir. Sonradan kazan\u0131m ise genellikle:<\/p>\n\n\n\n<ul class=\"wp-block-list\">\n<li>Evlat edinme,<\/li>\n\n\n\n<li>Bireysel ba\u015fvuru ve karar ile kazan\u0131m (istisnai, genel veya se\u00e7me yolu),<\/li>\n\n\n\n<li>Ana-baban\u0131n vatanda\u015fl\u0131k kazanmas\u0131yla birlikte \u00e7ocu\u011fun da vatanda\u015fl\u0131\u011f\u0131 almas\u0131,<\/li>\n<\/ul>\n\n\n\n<p class=\"wp-block-paragraph\">\u015feklinde ger\u00e7ekle\u015fir.<\/p>\n\n\n\n<p class=\"wp-block-paragraph\">Bu \u00e7er\u00e7evede, 18 ya\u015f\u0131ndan k\u00fc\u00e7\u00fckken T\u00fcrk vatanda\u015fl\u0131\u011f\u0131n\u0131 kazanan bir ki\u015finin askerlik y\u00fck\u00fcml\u00fcl\u00fc\u011f\u00fc, di\u011fer T\u00fcrk vatanda\u015flar\u0131yla e\u015fde\u011fer olarak de\u011ferlendirilir. Ancak y\u00fck\u00fcml\u00fcl\u00fc\u011f\u00fcn fiili uygulanmas\u0131nda baz\u0131 istisnai durumlar s\u00f6z konusudur.<\/p>\n\n\n\n<h2 class=\"wp-block-heading\"><span class=\"ez-toc-section\" id=\"18_Yasindan_Kucukken_Vatandas_Olanlar_Icin_Onemli_Kriter_Kazanim_Zamani\"><\/span><strong>18 Ya\u015f\u0131ndan K\u00fc\u00e7\u00fckken Vatanda\u015f Olanlar \u0130\u00e7in \u00d6nemli Kriter: Kazan\u0131m Zaman\u0131<\/strong><span class=\"ez-toc-section-end\"><\/span><\/h2>\n\n\n\n<p class=\"wp-block-paragraph\">Askerlik y\u00fck\u00fcml\u00fcl\u00fc\u011f\u00fcn\u00fcn belirlenmesinde en \u00f6nemli kriter, vatanda\u015fl\u0131\u011f\u0131n kazan\u0131ld\u0131\u011f\u0131 tarihte bireyin ka\u00e7 ya\u015f\u0131nda oldu\u011fudur. E\u011fer ki\u015fi:<\/p>\n\n\n\n<p class=\"wp-block-paragraph\">18 ya\u015f\u0131ndan \u00f6nce T\u00fcrk vatanda\u015fl\u0131\u011f\u0131n\u0131 kazanm\u0131\u015fsa, T\u00fcrk vatanda\u015f\u0131 olan ya\u015f\u0131tlar\u0131 gibi askerlik hizmetiyle y\u00fck\u00fcml\u00fcd\u00fcr.<\/p>\n\n\n\n<p class=\"wp-block-paragraph\">Ancak ki\u015finin yurt d\u0131\u015f\u0131nda ikamet etmesi, \u00e7ifte vatanda\u015fl\u0131\u011f\u0131 olmas\u0131, veya askerlik hizmetini yabanc\u0131 \u00fclkede yerine getirmesi gibi durumlar, y\u00fck\u00fcml\u00fcl\u00fc\u011fe istisnalar getirebilir.<\/p>\n\n\n\n<h2 class=\"wp-block-heading\"><span class=\"ez-toc-section\" id=\"Muafiyet_Erteleme_ve_Dovizle_Askerlik_Secenekleri\"><\/span>Muafiyet, Erteleme ve D\u00f6vizle Askerlik Se\u00e7enekleri<span class=\"ez-toc-section-end\"><\/span><\/h2>\n\n\n\n<h3 class=\"wp-block-heading\"><span class=\"ez-toc-section\" id=\"Yabanci_Ulkede_Askerlik_Hizmeti_Yapmis_Olanlar\"><\/span>Yabanc\u0131 \u00dclkede Askerlik Hizmeti Yapm\u0131\u015f Olanlar<span class=\"ez-toc-section-end\"><\/span><\/h3>\n\n\n\n<p class=\"wp-block-paragraph\">T\u00fcrk vatanda\u015fl\u0131\u011f\u0131n\u0131 sonradan kazanan ve daha \u00f6nce ba\u015fka bir \u00fclke ad\u0131na askerlik hizmetini tamamlam\u0131\u015f olan bireyler, bu durumu belgeledikleri takdirde askerlikten muaf tutulabilirler. Bu uygulama, 7179 say\u0131l\u0131 Askeralma Kanunu\u2019nun ilgili maddeleri kapsam\u0131nda de\u011ferlendirilir.<\/p>\n\n\n\n<h3 class=\"wp-block-heading\"><span class=\"ez-toc-section\" id=\"Cifte_Vatandaslik_Sahipleri\"><\/span>\u00c7ifte Vatanda\u015fl\u0131k Sahipleri<span class=\"ez-toc-section-end\"><\/span><\/h3>\n\n\n\n<p class=\"wp-block-paragraph\">\u00c7ifte vatanda\u015f olan bireyler, baz\u0131 durumlarda yabanc\u0131 \u00fclkedeki askerlik y\u00fck\u00fcml\u00fcl\u00fcklerini yerine getirmeleri halinde T\u00fcrkiye\u2019de askerlikten muaf tutulabilir. Ancak bu durumun ge\u00e7erli olabilmesi i\u00e7in:<\/p>\n\n\n\n<ul class=\"wp-block-list\">\n<li>Askerlik hizmetinin resmi olarak tamamlanm\u0131\u015f olmas\u0131,<\/li>\n\n\n\n<li>S\u00f6z konusu hizmetin belgelenmesi,<\/li>\n<\/ul>\n\n\n\n<p class=\"wp-block-paragraph\">T\u00fcrkiye Cumhuriyeti konsolosluklar\u0131 arac\u0131l\u0131\u011f\u0131yla Milli Savunma Bakanl\u0131\u011f\u0131&#8217;na ba\u015fvurulmas\u0131 gerekmektedir<\/p>\n\n\n\n<h3 class=\"wp-block-heading\"><span class=\"ez-toc-section\" id=\"Dovizle_Askerlik\"><\/span><strong>D\u00f6vizle Askerlik<\/strong><span class=\"ez-toc-section-end\"><\/span><\/h3>\n\n\n\n<p class=\"wp-block-paragraph\">Yurt d\u0131\u015f\u0131nda en az 3 y\u0131l s\u00fcreyle \u00e7al\u0131\u015fan ve belirli d\u00f6viz miktar\u0131n\u0131 \u00f6deyen vatanda\u015flar i\u00e7in d\u00f6vizle askerlik uygulamas\u0131 mevcuttur. Bu y\u00f6ntemle askerlik hizmeti, k\u0131sa s\u00fcreli bir temel e\u011fitimle tamamlanm\u0131\u015f say\u0131labilir.<\/p>\n\n\n\n<h3 class=\"wp-block-heading\"><span class=\"ez-toc-section\" id=\"Askerlik_Ertelemesi_Tecil\"><\/span><strong>Askerlik Ertelemesi (Tecil)<\/strong><span class=\"ez-toc-section-end\"><\/span><\/h3>\n\n\n\n<p class=\"wp-block-paragraph\">E\u011fitim, sa\u011fl\u0131k veya yurt d\u0131\u015f\u0131nda ikamet gibi nedenlerle askerlik ertelemeleri (tecil) m\u00fcmk\u00fcnd\u00fcr. 18 ya\u015f\u0131ndan k\u00fc\u00e7\u00fckken vatanda\u015f olan ancak hen\u00fcz askerli\u011fe \u00e7a\u011fr\u0131lmam\u0131\u015f bireyler, belirli ko\u015fullar\u0131 ta\u015f\u0131d\u0131klar\u0131 takdirde askerliklerini ileri bir tarihe erteleyebilirler.<\/p>\n\n\n\n<h2 class=\"wp-block-heading\"><span class=\"ez-toc-section\" id=\"Kisaca\"><\/span>K\u0131saca;<span class=\"ez-toc-section-end\"><\/span><\/h2>\n\n\n\n<p class=\"wp-block-paragraph\">18 ya\u015f\u0131ndan k\u00fc\u00e7\u00fckken T\u00fcrk vatanda\u015fl\u0131\u011f\u0131n\u0131 kazanan ki\u015filer, kanunen askerlik y\u00fck\u00fcml\u00fcs\u00fc say\u0131l\u0131rlar. Ancak vatanda\u015fl\u0131\u011f\u0131n kazan\u0131lma \u015fekli, kazan\u0131m zaman\u0131, bireyin ya\u015fad\u0131\u011f\u0131 \u00fclke, askerlik hizmeti durumu ve di\u011fer \u00f6zel ko\u015fullar, bu y\u00fck\u00fcml\u00fcl\u00fc\u011f\u00fcn uygulanmas\u0131nda farkl\u0131l\u0131k yaratabilir. \u00d6zellikle \u00e7ifte vatanda\u015fl\u0131k, yabanc\u0131 \u00fclkede askerlik yapm\u0131\u015f olma ve d\u00f6vizle askerlik gibi istisnai durumlar, bireyin askerlikten muaf tutulmas\u0131na veya k\u0131smen yerine getirmesine olanak tan\u0131maktad\u0131r.<\/p>\n\n\n\n<h2 class=\"wp-block-heading\"><span class=\"ez-toc-section\" id=\"Hukuki_Destek\"><\/span><strong>Hukuki Destek<\/strong><span class=\"ez-toc-section-end\"><\/span><\/h2>\n\n\n\n<p class=\"wp-block-paragraph\">Askerlik y\u00fck\u00fcml\u00fcl\u00fc\u011f\u00fc ve muafiyet durumlar\u0131, ki\u015fiye \u00f6zg\u00fc durumlara g\u00f6re farkl\u0131l\u0131k g\u00f6sterebilir. T\u00fcrk vatanda\u015fl\u0131\u011f\u0131n\u0131 sonradan kazanan bireylerin askerlik s\u00fcreci hakk\u0131nda detayl\u0131 ve ki\u015fisel de\u011ferlendirme yap\u0131lmas\u0131 \u00f6nem arz etmektedir. Bu nedenle, ilgili ki\u015filer hukuki haklar\u0131n\u0131 do\u011fru kullanabilmek ad\u0131na bir avukata dan\u0131\u015fmal\u0131 ve s\u00fcreci profesyonel destekle y\u00fcr\u00fctmelidir.<\/p>\n\n\n\n<p class=\"has-text-align-right wp-block-paragraph\"><strong>\u0410\u0434\u0432. \u0411\u0430\u0442\u0438\u043d \u0419\u042b\u041b\u041c\u0410\u0417<\/strong><\/p>","protected":false},"excerpt":{"rendered":"<p>T\u00fcrkiye Cumhuriyeti Anayasas\u0131 ve ilgili kanunlar uyar\u0131nca, her T\u00fcrk vatanda\u015f\u0131 erkek, belirli \u015fartlar alt\u0131nda askerlik hizmeti ile y\u00fck\u00fcml\u00fcd\u00fcr. Ancak T\u00fcrk vatanda\u015fl\u0131\u011f\u0131n\u0131 sonradan kazanan ki\u015filer a\u00e7\u0131s\u0131ndan, \u00f6zellikle 18 ya\u015f\u0131ndan \u00f6nce vatanda\u015fl\u0131k kazananlar\u0131n askerlik durumu farkl\u0131l\u0131k g\u00f6sterebilir. Bu yaz\u0131m\u0131zda, 18 ya\u015f\u0131ndan k\u00fc\u00e7\u00fckken T\u00fcrk vatanda\u015fl\u0131\u011f\u0131n\u0131 kazanan ki\u015filerin askerlik y\u00fck\u00fcml\u00fcl\u00fc\u011f\u00fc ve muafiyet halleri hakk\u0131nda detayl\u0131 bilgi verilecektir. T\u00fcrk Vatanda\u015fl\u0131\u011f\u0131 [&hellip;]<\/p>\n","protected":false},"author":1,"featured_media":2203,"comment_status":"open","ping_status":"open","sticky":false,"template":"","format":"standard","meta":{"_joinchat":[],"footnotes":""},"categories":[121],"tags":[],"class_list":["post-1220","post","type-post","status-publish","format-standard","has-post-thumbnail","hentry","category-yabancilar-hukuku"],"_links":{"self":[{"href":"https:\/\/batinyilmaz.av.tr\/ru\/wp-json\/wp\/v2\/posts\/1220","targetHints":{"allow":["GET"]}}],"collection":[{"href":"https:\/\/batinyilmaz.av.tr\/ru\/wp-json\/wp\/v2\/posts"}],"about":[{"href":"https:\/\/batinyilmaz.av.tr\/ru\/wp-json\/wp\/v2\/types\/post"}],"author":[{"embeddable":true,"href":"https:\/\/batinyilmaz.av.tr\/ru\/wp-json\/wp\/v2\/users\/1"}],"replies":[{"embeddable":true,"href":"https:\/\/batinyilmaz.av.tr\/ru\/wp-json\/wp\/v2\/comments?post=1220"}],"version-history":[{"count":0,"href":"https:\/\/batinyilmaz.av.tr\/ru\/wp-json\/wp\/v2\/posts\/1220\/revisions"}],"wp:featuredmedia":[{"embeddable":true,"href":"https:\/\/batinyilmaz.av.tr\/ru\/wp-json\/wp\/v2\/media\/2203"}],"wp:attachment":[{"href":"https:\/\/batinyilmaz.av.tr\/ru\/wp-json\/wp\/v2\/media?parent=1220"}],"wp:term":[{"taxonomy":"category","embeddable":true,"href":"https:\/\/batinyilmaz.av.tr\/ru\/wp-json\/wp\/v2\/categories?post=1220"},{"taxonomy":"post_tag","embeddable":true,"href":"https:\/\/batinyilmaz.av.tr\/ru\/wp-json\/wp\/v2\/tags?post=1220"}],"curies":[{"name":"wp","href":"https:\/\/api.w.org\/{rel}","templated":true}]}}