{"id":404,"count":1,"description":"","link":"https:\/\/batinyilmaz.av.tr\/fa\/tag\/siyasi-haklarin-kullanilmasinin-engellenmesi\/","name":"siyasi haklar\u0131n kullan\u0131lmas\u0131n\u0131n engellenmesi","slug":"siyasi-haklarin-kullanilmasinin-engellenmesi","taxonomy":"post_tag","meta":[],"_links":{"self":[{"href":"https:\/\/batinyilmaz.av.tr\/fa\/wp-json\/wp\/v2\/tags\/404","targetHints":{"allow":["GET"]}}],"collection":[{"href":"https:\/\/batinyilmaz.av.tr\/fa\/wp-json\/wp\/v2\/tags"}],"about":[{"href":"https:\/\/batinyilmaz.av.tr\/fa\/wp-json\/wp\/v2\/taxonomies\/post_tag"}],"wp:post_type":[{"href":"https:\/\/batinyilmaz.av.tr\/fa\/wp-json\/wp\/v2\/posts?tags=404"}],"curies":[{"name":"wp","href":"https:\/\/api.w.org\/{rel}","templated":true}]}}