{"id":2762,"date":"2026-03-11T14:10:04","date_gmt":"2026-03-11T11:10:04","guid":{"rendered":"https:\/\/batinyilmaz.av.tr\/?p=2762"},"modified":"2026-03-11T14:10:05","modified_gmt":"2026-03-11T11:10:05","slug":"konut-dokunulmazliginin-ihlali-tck-116-nedir","status":"publish","type":"post","link":"https:\/\/batinyilmaz.av.tr\/fa\/konut-dokunulmazliginin-ihlali-tck-116-nedir\/","title":{"rendered":"Konut Dokunulmazl\u0131\u011f\u0131n\u0131n \u0130hlali (TCK 116) Nedir?"},"content":{"rendered":"<div id=\"ez-toc-container\" class=\"ez-toc-v2_0_85 counter-hierarchy ez-toc-counter ez-toc-grey ez-toc-container-direction\">\n<div class=\"ez-toc-title-container\">\n<p class=\"ez-toc-title\" style=\"cursor:inherit\">\u0633\u0631\u0628\u0631\u06af\u200c\u0647\u0627<\/p>\n<span class=\"ez-toc-title-toggle\"><a href=\"#\" class=\"ez-toc-pull-right ez-toc-btn ez-toc-btn-xs ez-toc-btn-default ez-toc-toggle\" aria-label=\"\u062a\u063a\u06cc\u06cc\u0631 \u0648\u0636\u0639\u06cc\u062a \u0641\u0647\u0631\u0633\u062a \u0645\u0637\u0627\u0644\u0628\"><span class=\"ez-toc-js-icon-con\"><span class=\"\"><span class=\"eztoc-hide\" style=\"display:none;\">\u062aoggle<\/span><span class=\"ez-toc-icon-toggle-span\"><svg style=\"fill: #999;color:#999\" xmlns=\"http:\/\/www.w3.org\/2000\/svg\" class=\"list-377408\" width=\"20px\" height=\"20px\" viewbox=\"0 0 24 24\" fill=\"none\"><path d=\"M6 6H4v2h2V6zm14 0H8v2h12V6zM4 11h2v2H4v-2zm16 0H8v2h12v-2zM4 16h2v2H4v-2zm16 0H8v2h12v-2z\" fill=\"currentColor\"><\/path><\/svg><svg style=\"fill: #999;color:#999\" class=\"arrow-unsorted-368013\" xmlns=\"http:\/\/www.w3.org\/2000\/svg\" width=\"10px\" height=\"10px\" viewbox=\"0 0 24 24\" version=\"1.2\" baseprofile=\"tiny\"><path d=\"M18.2 9.3l-6.2-6.3-6.2 6.3c-.2.2-.3.4-.3.7s.1.5.3.7c.2.2.4.3.7.3h11c.3 0 .5-.1.7-.3.2-.2.3-.5.3-.7s-.1-.5-.3-.7zM5.8 14.7l6.2 6.3 6.2-6.3c.2-.2.3-.5.3-.7s-.1-.5-.3-.7c-.2-.2-.4-.3-.7-.3h-11c-.3 0-.5.1-.7.3-.2.2-.3.5-.3.7s.1.5.3.7z\"\/><\/svg><\/span><\/span><\/span><\/a><\/span><\/div>\n<nav><ul class='ez-toc-list ez-toc-list-level-1' ><li class='ez-toc-page-1 ez-toc-heading-level-2'><a class=\"ez-toc-link ez-toc-heading-1\" href=\"https:\/\/batinyilmaz.av.tr\/fa\/konut-dokunulmazliginin-ihlali-tck-116-nedir\/#TCK_116_Kapsaminda_Konut_Dokunulmazliginin_Ihlali_Sucu\" >TCK 116 Kapsam\u0131nda Konut Dokunulmazl\u0131\u011f\u0131n\u0131n \u0130hlali Su\u00e7u<\/a><\/li><li class='ez-toc-page-1 ez-toc-heading-level-2'><a class=\"ez-toc-link ez-toc-heading-2\" href=\"https:\/\/batinyilmaz.av.tr\/fa\/konut-dokunulmazliginin-ihlali-tck-116-nedir\/#Eklenti_Sayilabilecek_Yerler\" >Eklenti Say\u0131labilecek Yerler<\/a><\/li><li class='ez-toc-page-1 ez-toc-heading-level-2'><a class=\"ez-toc-link ez-toc-heading-3\" href=\"https:\/\/batinyilmaz.av.tr\/fa\/konut-dokunulmazliginin-ihlali-tck-116-nedir\/#Konut_Dokunulmazliginin_Ihlali_Sucunun_Unsurlari\" >Konut Dokunulmazl\u0131\u011f\u0131n\u0131n \u0130hlali Su\u00e7unun Unsurlar\u0131<\/a><\/li><li class='ez-toc-page-1 ez-toc-heading-level-2'><a class=\"ez-toc-link ez-toc-heading-4\" href=\"https:\/\/batinyilmaz.av.tr\/fa\/konut-dokunulmazliginin-ihlali-tck-116-nedir\/#Isyeri_Hangi_Durumlarda_Kapsama_Girer\" >\u0130\u015fyeri Hangi Durumlarda Kapsama Girer?<\/a><\/li><li class='ez-toc-page-1 ez-toc-heading-level-2'><a class=\"ez-toc-link ez-toc-heading-5\" href=\"https:\/\/batinyilmaz.av.tr\/fa\/konut-dokunulmazliginin-ihlali-tck-116-nedir\/#Konut_Dokunulmazliginin_Ihlali_Cezasi\" >Konut Dokunulmazl\u0131\u011f\u0131n\u0131n \u0130hlali Cezas\u0131<\/a><\/li><li class='ez-toc-page-1 ez-toc-heading-level-2'><a class=\"ez-toc-link ez-toc-heading-6\" href=\"https:\/\/batinyilmaz.av.tr\/fa\/konut-dokunulmazliginin-ihlali-tck-116-nedir\/#Gece_Vakti_Islenmesi_Neden_Daha_Agirdir\" >Gece Vakti \u0130\u015flenmesi Neden Daha A\u011f\u0131rd\u0131r?<\/a><\/li><li class='ez-toc-page-1 ez-toc-heading-level-2'><a class=\"ez-toc-link ez-toc-heading-7\" href=\"https:\/\/batinyilmaz.av.tr\/fa\/konut-dokunulmazliginin-ihlali-tck-116-nedir\/#Sikca_Sorulan_Sorular\" >\u0633\u0648\u0627\u0644\u0627\u062a \u0645\u062a\u062f\u0627\u0648\u0644<\/a><\/li><\/ul><\/nav><\/div>\n\n<p class=\"wp-block-paragraph\">Konut dokunulmazl\u0131\u011f\u0131n\u0131n ihlali, bir ki\u015finin evine, evinin eklentilerine ya da baz\u0131 durumlarda i\u015fyerine&nbsp;<strong>r\u0131zas\u0131 olmadan girilmesi<\/strong>&nbsp;\u06cc\u0627&nbsp;<strong>izinle girildikten sonra \u00e7\u0131k\u0131lmas\u0131 istenmesine ra\u011fmen i\u00e7eride kal\u0131nmas\u0131<\/strong>&nbsp;halinde olu\u015fan bir su\u00e7tur. Bu su\u00e7, T\u00fcrk Ceza Kanunu\u2019nun 116. maddesinde d\u00fczenlenmi\u015ftir.<\/p>\n\n\n\n<p class=\"wp-block-paragraph\">Burada korunan de\u011fer yaln\u0131zca m\u00fclkiyet hakk\u0131 de\u011fildir. As\u0131l korunan hukuki yarar, ki\u015finin&nbsp;<strong>\u00f6zel ya\u015fam alan\u0131<\/strong>,&nbsp;<strong>huzuru<\/strong>,&nbsp;<strong>g\u00fcvenli\u011fi<\/strong>&nbsp;ve konutunda serbest\u00e7e ya\u015fama hakk\u0131d\u0131r. Bu nedenle bazen kap\u0131y\u0131 k\u0131rmadan ya da mala zarar vermeden de su\u00e7 olu\u015fabilir. \u00c7\u00fcnk\u00fc \u00f6nemli olan, ki\u015finin \u00f6zel alan\u0131na&nbsp;<strong>hukuka ayk\u0131r\u0131 \u015fekilde girilmesi veya i\u00e7eride kal\u0131nmas\u0131d\u0131r<\/strong>.<\/p>\n\n\n\n<h2 class=\"wp-block-heading\"><span class=\"ez-toc-section\" id=\"TCK_116_Kapsaminda_Konut_Dokunulmazliginin_Ihlali_Sucu\"><\/span><strong>TCK 116 Kapsam\u0131nda Konut Dokunulmazl\u0131\u011f\u0131n\u0131n \u0130hlali Su\u00e7u<\/strong><span class=\"ez-toc-section-end\"><\/span><\/h2>\n\n\n\n<p class=\"wp-block-paragraph\">T\u00fcrk Ceza Kanunu\u2019na g\u00f6re bu su\u00e7 farkl\u0131 \u015fekillerde ortaya \u00e7\u0131kabilir. Su\u00e7un olu\u015fup olu\u015fmad\u0131\u011f\u0131 de\u011ferlendirilirken olay\u0131n niteli\u011fi, r\u0131za durumu, girilen yerin konut veya eklenti olup olmad\u0131\u011f\u0131 ve fiilin hangi \u015fartlarda i\u015flendi\u011fi dikkate al\u0131n\u0131r.<\/p>\n\n\n\n<p class=\"wp-block-paragraph\"><strong>R\u0131zaya Ayk\u0131r\u0131 Olarak Konuta Girmek<\/strong><\/p>\n\n\n\n<p class=\"wp-block-paragraph\">Bir ki\u015finin evine onun izni olmadan girmek, su\u00e7un en temel halidir. Burada \u201ckonut\u201d ifadesi, ki\u015finin s\u00fcrekli veya ge\u00e7ici olarak ya\u015fad\u0131\u011f\u0131 ve \u00f6zel hayat\u0131n\u0131 s\u00fcrd\u00fcrd\u00fc\u011f\u00fc alan\u0131 ifade eder.<\/p>\n\n\n\n<p class=\"wp-block-paragraph\">\u0628\u0631\u0627\u06cc \u0645\u062b\u0627\u0644:<\/p>\n\n\n\n<ul class=\"wp-block-list\">\n<li>Eve kap\u0131y\u0131 zorlayarak girmek,<\/li>\n\n\n\n<li>Ev sahibinin istememesine ra\u011fmen i\u00e7eri girmek,<\/li>\n\n\n\n<li>\u00d6zel kullan\u0131m alan\u0131 olan m\u00fc\u015ftemilat veya depoya izinsiz girmek<br>konut dokunulmazl\u0131\u011f\u0131n\u0131n ihlali kapsam\u0131nda de\u011ferlendirilebilir.<\/li>\n<\/ul>\n\n\n\n<p class=\"wp-block-paragraph\"><strong>R\u0131za ile Girip Sonradan \u00c7\u0131kmamak<\/strong><\/p>\n\n\n\n<p class=\"wp-block-paragraph\">Su\u00e7 sadece izinsiz giri\u015fle olu\u015fmaz. Ki\u015fi eve ba\u015flang\u0131\u00e7ta izinle girmi\u015f olabilir. Ancak sonradan ev sahibi veya konutu kullanan ki\u015fi taraf\u0131ndan \u00e7\u0131kmas\u0131 istenmesine ra\u011fmen i\u00e7eride kalmaya devam ederse, bu durumda da su\u00e7 olu\u015fabilir.<\/p>\n\n\n\n<p class=\"wp-block-paragraph\">Bu y\u00f6n\u00fcyle bak\u0131ld\u0131\u011f\u0131nda, ilk giri\u015fin hukuka uygun olmas\u0131 her zaman yeterli de\u011fildir. R\u0131za geri al\u0131nd\u0131\u011f\u0131nda, i\u00e7eride kalmaya devam etmek hukuka ayk\u0131r\u0131 hale gelir.<\/p>\n\n\n\n<p class=\"wp-block-paragraph\"><strong>Konutun Eklentileri de Koruma Alt\u0131ndad\u0131r<\/strong><\/p>\n\n\n\n<p class=\"wp-block-paragraph\">Kanun yaln\u0131zca evin i\u00e7 k\u0131sm\u0131n\u0131 de\u011fil, konutun eklentilerini de korur. Eklenti; konutun kullan\u0131m\u0131n\u0131 tamamlayan ve onunla ba\u011flant\u0131l\u0131 olan alanlar\u0131 ifade eder.<\/p>\n\n\n\n<h2 class=\"wp-block-heading\"><span class=\"ez-toc-section\" id=\"Eklenti_Sayilabilecek_Yerler\"><\/span><strong>Eklenti Say\u0131labilecek Yerler<\/strong><span class=\"ez-toc-section-end\"><\/span><\/h2>\n\n\n\n<p class=\"wp-block-paragraph\">Somut olaya g\u00f6re \u015fu alanlar eklenti kabul edilebilir:<\/p>\n\n\n\n<ul class=\"wp-block-list\">\n<li>bah\u00e7e<\/li>\n\n\n\n<li>garaj<\/li>\n\n\n\n<li>depo<\/li>\n\n\n\n<li>k\u00f6m\u00fcrl\u00fck<\/li>\n\n\n\n<li>avlu<\/li>\n\n\n\n<li>m\u00fc\u015ftemilat<\/li>\n<\/ul>\n\n\n\n<p class=\"wp-block-paragraph\">Bu nedenle yaln\u0131zca dairenin i\u00e7ine girmek de\u011fil, konutla ba\u011flant\u0131l\u0131 korunan alanlara izinsiz girmek de su\u00e7 olu\u015fturabilir.<\/p>\n\n\n\n<h2 class=\"wp-block-heading\"><span class=\"ez-toc-section\" id=\"Konut_Dokunulmazliginin_Ihlali_Sucunun_Unsurlari\"><\/span><strong>Konut Dokunulmazl\u0131\u011f\u0131n\u0131n \u0130hlali Su\u00e7unun Unsurlar\u0131<\/strong><span class=\"ez-toc-section-end\"><\/span><\/h2>\n\n\n\n<p class=\"wp-block-paragraph\">Bir olay\u0131n ger\u00e7ekten&nbsp;<strong>konut dokunulmazl\u0131\u011f\u0131n\u0131n ihlali su\u00e7u<\/strong>&nbsp;say\u0131labilmesi i\u00e7in baz\u0131 hukuki unsurlar\u0131n birlikte de\u011ferlendirilmesi gerekir.<\/p>\n\n\n\n<p class=\"wp-block-paragraph\"><strong>Korunan Yerin Konut veya Eklenti Olmas\u0131<\/strong><\/p>\n\n\n\n<p class=\"wp-block-paragraph\">\u00d6ncelikle girilen yerin hukuken korunan bir alan olmas\u0131 gerekir. Bu alan \u00e7o\u011funlukla konut veya konutun eklentisidir. Baz\u0131 durumlarda i\u015fyerleri de bu kapsamda korunur.<\/p>\n\n\n\n<p class=\"wp-block-paragraph\"><strong>Konut Nedir?<\/strong><\/p>\n\n\n\n<p class=\"wp-block-paragraph\">Ceza hukuku bak\u0131m\u0131ndan konut, ki\u015finin bar\u0131nd\u0131\u011f\u0131, ya\u015fad\u0131\u011f\u0131 ve \u00f6zel hayat\u0131n\u0131 s\u00fcrd\u00fcrd\u00fc\u011f\u00fc yerdir. Bu yerin mutlaka tapuda mesken olmas\u0131 gerekmez. Yazl\u0131k, kiral\u0131k daire, \u00f6\u011frenci evi veya fiilen bar\u0131nma amac\u0131yla kullan\u0131lan ba\u015fka bir yer de somut olayda konut say\u0131labilir.<\/p>\n\n\n\n<h2 class=\"wp-block-heading\"><span class=\"ez-toc-section\" id=\"Isyeri_Hangi_Durumlarda_Kapsama_Girer\"><\/span><strong>\u0130\u015fyeri Hangi Durumlarda Kapsama Girer?<\/strong><span class=\"ez-toc-section-end\"><\/span><\/h2>\n\n\n\n<p class=\"wp-block-paragraph\">TCK 116\/2\u2019ye g\u00f6re, herkesin serbest\u00e7e girebildi\u011fi alanlardan farkl\u0131 olarak,&nbsp;<strong>a\u00e7\u0131k bir r\u0131zaya gerek duyulmaks\u0131z\u0131n girilmesi mutat olmayan i\u015fyerleri ve eklentileri<\/strong>&nbsp;de koruma alt\u0131ndad\u0131r. Yani baz\u0131 kapal\u0131, \u00f6zel veya s\u0131n\u0131rl\u0131 eri\u015fimli i\u015fyerleri bak\u0131m\u0131ndan da ayn\u0131 su\u00e7 g\u00fcndeme gelebilir.<\/p>\n\n\n\n<p class=\"wp-block-paragraph\"><strong>R\u0131zan\u0131n Bulunmamas\u0131<\/strong><\/p>\n\n\n\n<p class=\"wp-block-paragraph\">Su\u00e7un merkezinde r\u0131za unsuru vard\u0131r. E\u011fer ge\u00e7erli bir r\u0131za varsa, \u00e7o\u011fu durumda su\u00e7 olu\u015fmaz. Ancak bu r\u0131zan\u0131n a\u00e7\u0131k, ger\u00e7ek ve hukuken ge\u00e7erli olmas\u0131 gerekir.<\/p>\n\n\n\n<p class=\"wp-block-paragraph\">R\u0131za:<\/p>\n\n\n\n<ul class=\"wp-block-list\">\n<li>ba\u015ftan hi\u00e7 verilmemi\u015f olabilir,<\/li>\n\n\n\n<li>sonradan\u00a0 geri \u00e7ekilmi\u015f olabilir,<\/li>\n\n\n\n<li>hile ile al\u0131nm\u0131\u015f olabilir.<\/li>\n<\/ul>\n\n\n\n<p class=\"wp-block-paragraph\">Yarg\u0131tay kararlar\u0131nda da hileyle sakatlanan r\u0131zan\u0131n ge\u00e7erli say\u0131lmayabilece\u011fi kabul edilmektedir.<\/p>\n\n\n\n<p class=\"wp-block-paragraph\"><strong>Ortak Kullan\u0131lan Konutlarda R\u0131za<\/strong><\/p>\n\n\n\n<p class=\"wp-block-paragraph\">Kanuna g\u00f6re, evlilik birli\u011finde aile bireylerinden birinin veya ortak kullan\u0131lan konut ya da i\u015fyerinde kullan\u0131c\u0131lardan birinin r\u0131zas\u0131 varsa, baz\u0131 durumlarda su\u00e7 olu\u015fmayabilir. Ancak burada \u00f6nemli bir s\u0131n\u0131rlama vard\u0131r: R\u0131za&nbsp;<strong>me\u015fru bir amaca y\u00f6nelik olmal\u0131d\u0131r<\/strong>.<\/p>\n\n\n\n<p class=\"wp-block-paragraph\"><strong>Me\u015fru Ama\u00e7 Neden \u00d6nemlidir?<\/strong><\/p>\n\n\n\n<p class=\"wp-block-paragraph\">Bir ki\u015finin ortak kullan\u0131lan eve \u00fc\u00e7\u00fcnc\u00fc ki\u015fiyi, di\u011fer kullan\u0131c\u0131ya zarar vermek, bask\u0131 kurmak veya hukuka ayk\u0131r\u0131 bir ama\u00e7la \u00e7a\u011f\u0131rmas\u0131 halinde verilen r\u0131zan\u0131n hukuken koruma sa\u011flamamas\u0131 g\u00fcndeme gelebilir. Bu nedenle ortak kullan\u0131mda verilen her r\u0131za otomatik olarak ge\u00e7erli kabul edilmez.<\/p>\n\n\n\n<h2 class=\"wp-block-heading\"><span class=\"ez-toc-section\" id=\"Konut_Dokunulmazliginin_Ihlali_Cezasi\"><\/span><strong>Konut Dokunulmazl\u0131\u011f\u0131n\u0131n \u0130hlali Cezas\u0131<\/strong><span class=\"ez-toc-section-end\"><\/span><\/h2>\n\n\n\n<p class=\"wp-block-paragraph\">Konut dokunulmazl\u0131\u011f\u0131n\u0131n ihlali cezas\u0131, su\u00e7un temel haline ya da nitelikli haline g\u00f6re de\u011fi\u015fir.<\/p>\n\n\n\n<p class=\"wp-block-paragraph\"><strong>Temel Ceza<\/strong><\/p>\n\n\n\n<p class=\"wp-block-paragraph\">Bir kimsenin konutuna veya konutun eklentisine r\u0131zaya ayk\u0131r\u0131 olarak giren ya da r\u0131za ile girdikten sonra \u00e7\u0131kmayan ki\u015fi,&nbsp;<strong>alt\u0131 aydan iki y\u0131la kadar hapis cezas\u0131<\/strong>&nbsp;ile cezaland\u0131r\u0131l\u0131r.<\/p>\n\n\n\n<p class=\"wp-block-paragraph\"><strong>\u0130\u015fyeri Bak\u0131m\u0131ndan Ceza<\/strong><\/p>\n\n\n\n<p class=\"wp-block-paragraph\">Fiilin, a\u00e7\u0131k r\u0131zaya gerek olmaks\u0131z\u0131n girilmesi mutat olmayan i\u015fyerleri veya i\u015fyeri eklentileri hakk\u0131nda i\u015flenmesi halinde, fail hakk\u0131nda&nbsp;<strong>alt\u0131 aydan bir y\u0131la kadar hapis veya adli para cezas\u0131<\/strong>&nbsp;\u0642\u0627\u0628\u0644 \u0627\u062c\u0631\u0627\u0633\u062a.<\/p>\n\n\n\n<p class=\"wp-block-paragraph\"><strong>Nitelikli Hal: Cebir, Tehdit veya Gece Vakti<\/strong><\/p>\n\n\n\n<p class=\"wp-block-paragraph\">Kanunun 4. f\u0131kras\u0131nda daha a\u011f\u0131r cezay\u0131 gerektiren durumlar d\u00fczenlenmi\u015ftir. E\u011fer fiil:<\/p>\n\n\n\n<ul class=\"wp-block-list\">\n<li><strong>cebir kullan\u0131larak<\/strong>,<\/li>\n\n\n\n<li><strong>tehdit kullan\u0131larak<\/strong>,<\/li>\n\n\n\n<li>\u06cc\u0627\u00a0<strong>gece vakti<\/strong>\u00a0i\u015flenmi\u015fse,<\/li>\n<\/ul>\n\n\n\n<p class=\"wp-block-paragraph\">ceza&nbsp;<strong>bir y\u0131ldan \u00fc\u00e7 y\u0131la kadar hapis<\/strong>&nbsp;\u0627\u0639\u0645\u0627\u0644 \u0645\u06cc\u200c\u0634\u0648\u062f.<\/p>\n\n\n\n<h2 class=\"wp-block-heading\"><span class=\"ez-toc-section\" id=\"Gece_Vakti_Islenmesi_Neden_Daha_Agirdir\"><\/span><strong>Gece Vakti \u0130\u015flenmesi Neden Daha A\u011f\u0131rd\u0131r?<\/strong><span class=\"ez-toc-section-end\"><\/span><\/h2>\n\n\n\n<p class=\"wp-block-paragraph\">Gece vakti i\u015flenen ihlaller, ki\u015finin konut g\u00fcvenli\u011fini ve \u00f6zel alan hissini daha yo\u011fun \u015fekilde sarsar. Bu nedenle kanun koyucu, gece vakti i\u015flenen fiilleri daha a\u011f\u0131r yapt\u0131r\u0131ma ba\u011flam\u0131\u015ft\u0131r.<\/p>\n\n\n\n<p class=\"wp-block-paragraph\"><strong>Cebir ve Tehdit Hangi A\u015famada \u00d6nemlidir?<\/strong><\/p>\n\n\n\n<p class=\"wp-block-paragraph\">Yarg\u0131tay uygulamas\u0131na g\u00f6re cebir veya tehdidin, konuta girerken ya da i\u00e7eride kalmaya devam etmek i\u00e7in kullan\u0131lmas\u0131 gerekir. Bu ba\u011flant\u0131 kurulmadan her olay otomatik olarak nitelikli hal say\u0131lmaz.<\/p>\n\n\n\n<p class=\"wp-block-paragraph\"><strong>Konut Dokunulmazl\u0131\u011f\u0131n\u0131n \u0130hlali \u015eik\u00e2yete Tabi midir?<\/strong><\/p>\n\n\n\n<p class=\"wp-block-paragraph\">Evet. Su\u00e7un temel hali kural olarak&nbsp;<strong>\u015fik\u00e2yete ba\u011fl\u0131d\u0131r<\/strong>. Yani soru\u015fturma ve kovu\u015fturma s\u00fcreci \u00e7o\u011fu durumda ma\u011fdurun \u015fik\u00e2yeti \u00fczerine ba\u015flar.<\/p>\n\n\n\n<p class=\"wp-block-paragraph\"><strong>\u015eik\u00e2yet Neden \u00d6nemlidir?<\/strong><\/p>\n\n\n\n<p class=\"wp-block-paragraph\">Kanunda a\u00e7\u0131k\u00e7a belirtildi\u011fi \u00fczere, temel halde ma\u011fdurun \u015fik\u00e2yeti aran\u0131r. Bu nedenle olay ya\u015fayan ki\u015finin zaman kaybetmeden hukuki yollara ba\u015fvurmas\u0131 \u00f6nemlidir.<\/p>\n\n\n\n<p class=\"wp-block-paragraph\"><strong>Hangi Durumlarda Olay Daha A\u011f\u0131r Sonu\u00e7 Do\u011furur?<\/strong><\/p>\n\n\n\n<p class=\"wp-block-paragraph\">E\u011fer olayda tehdit, yaralama, mala zarar verme veya ba\u015fka bir su\u00e7 da varsa, dosya yaln\u0131zca TCK 116 \u00e7er\u00e7evesinde de\u011fil, ba\u015fka su\u00e7lar y\u00f6n\u00fcnden de de\u011ferlendirilebilir. Bu nedenle somut olay\u0131n b\u00fct\u00fcn\u00fcne bakmak gerekir.<\/p>\n\n\n\n<h2 class=\"wp-block-heading\"><span class=\"ez-toc-section\" id=\"Sikca_Sorulan_Sorular\"><\/span><strong>\u0633\u0648\u0627\u0644\u0627\u062a \u0645\u062a\u062f\u0627\u0648\u0644<\/strong><span class=\"ez-toc-section-end\"><\/span><\/h2>\n\n\n\n<p class=\"wp-block-paragraph\"><strong>1)Konut dokunulmazl\u0131\u011f\u0131n\u0131n ihlali nedir?<\/strong><\/p>\n\n\n\n<p class=\"wp-block-paragraph\">Bir ki\u015finin evine, eklentisine veya baz\u0131 durumlarda i\u015fyerine r\u0131zas\u0131 d\u0131\u015f\u0131nda girilmesi ya da izinle girildikten sonra \u00e7\u0131k\u0131lmamas\u0131d\u0131r.<\/p>\n\n\n\n<p class=\"wp-block-paragraph\"><strong>2) Konut dokunulmazl\u0131\u011f\u0131n\u0131n ihlali cezas\u0131 nedir?<\/strong><\/p>\n\n\n\n<p class=\"wp-block-paragraph\">Temel halde ceza alt\u0131 aydan iki y\u0131la kadar hapistir. Fiil cebir, tehdit veya gece vakti i\u015flenmi\u015fse ceza bir y\u0131ldan \u00fc\u00e7 y\u0131la kadar hapis olabilir.<\/p>\n\n\n\n<p class=\"wp-block-paragraph\"><strong>3) Eve davet edilen ki\u015fi \u00e7\u0131kmazsa su\u00e7 olu\u015fur mu?<\/strong><\/p>\n\n\n\n<p class=\"wp-block-paragraph\">Evet. \u0130lk giri\u015f izinli olsa bile, \u00e7\u0131kmas\u0131 istenmesine ra\u011fmen kalmaya devam edilirse su\u00e7 olu\u015fabilir.<\/p>\n\n\n\n<p class=\"wp-block-paragraph\"><strong>4) Bah\u00e7eye veya garaja girmek de bu su\u00e7a girer mi?<\/strong><\/p>\n\n\n\n<p class=\"wp-block-paragraph\">Evet, somut olaya g\u00f6re konutun eklentisi say\u0131lan alanlara izinsiz girmek de bu su\u00e7u olu\u015fturabilir.<\/p>\n\n\n\n<p class=\"wp-block-paragraph\"><strong>5) Ortak evde bir ki\u015finin izni yeterli olur mu?<\/strong><\/p>\n\n\n\n<p class=\"wp-block-paragraph\">Baz\u0131 durumlarda &nbsp;evet. Ancak bunun i\u00e7in verilen r\u0131zan\u0131n&nbsp;<strong>me\u015fru bir amaca y\u00f6nelik olmas\u0131<\/strong>&nbsp;\u0644\u0627\u0632\u0645 \u0627\u0633\u062a.<\/p>\n\n\n\n<p class=\"wp-block-paragraph\"><strong>6) Gece vakti i\u015flenirse ceza artar m\u0131?<\/strong><\/p>\n\n\n\n<p class=\"wp-block-paragraph\">Evet. Gece vakti i\u015flenmesi, TCK 116\/4 kapsam\u0131nda cezay\u0131 a\u011f\u0131rla\u015ft\u0131ran bir nitelikli haldir.<\/p>\n\n\n\n<p class=\"wp-block-paragraph\"><strong>7) Bu su\u00e7 \u015fik\u00e2yete ba\u011fl\u0131 m\u0131?<\/strong><\/p>\n\n\n\n<p class=\"wp-block-paragraph\">Evet, temel hali kural olarak \u015fik\u00e2yete ba\u011fl\u0131d\u0131r.<\/p>\n\n\n\n<p class=\"wp-block-paragraph\"><strong>8) Tapu sahibi olmak tek ba\u015f\u0131na yeterli midir?<\/strong><\/p>\n\n\n\n<p class=\"wp-block-paragraph\">Hay\u0131r. Ceza hukukunda fiili kullan\u0131m, \u00f6zel hayat alan\u0131 ve r\u0131za unsuru da ayr\u0131ca de\u011ferlendirilir.<\/p>\n\n\n\n<p class=\"wp-block-paragraph\"><strong>\u0646\u062a\u06cc\u062c\u0647\u200c\u06af\u06cc\u0631\u06cc<\/strong><\/p>\n\n\n\n<p class=\"wp-block-paragraph\">Konut dokunulmazl\u0131\u011f\u0131n\u0131n ihlali, ki\u015finin \u00f6zel ya\u015fam alan\u0131n\u0131 koruyan \u00f6nemli bir su\u00e7 tipidir. R\u0131zaya ayk\u0131r\u0131 giri\u015f, izinle girip \u00e7\u0131kmama, konut eklentilerine hukuka ayk\u0131r\u0131 \u015fekilde girme ve gece vakti ya da tehdit kullan\u0131larak i\u015flenen fiiller bu kapsamda ciddi hukuki sonu\u00e7lar do\u011furabilir.<\/p>\n\n\n\n<p class=\"wp-block-paragraph\">Bu nedenle somut bir olayda, konutun niteli\u011fi, r\u0131zan\u0131n varl\u0131\u011f\u0131, r\u0131zan\u0131n geri al\u0131n\u0131p al\u0131nmad\u0131\u011f\u0131, olay\u0131n gece vakti ger\u00e7ekle\u015fip ger\u00e7ekle\u015fmedi\u011fi ve ba\u015fka su\u00e7larla ba\u011flant\u0131s\u0131 dikkatle de\u011ferlendirilmelidir.<\/p>\n\n\n\n<p class=\"wp-block-paragraph\">\u0628\u0631\u0627\u06cc \u0627\u0637\u0644\u0627\u0639\u0627\u062a \u0628\u06cc\u0634\u062a\u0631 <strong>0532 669 34 90<\/strong> \u0648 <a href=\"https:\/\/batinyilmaz.av.tr\/fa\/%d8%aa%d9%85%d8%a7%d8%b3\/\">https:\/\/batinyilmaz.av.tr\/iletisim\/<\/a> adreslerimizden bizimle ileti\u015fime ge\u00e7ebilirsiniz.<\/p>\n\n\n\n<p class=\"wp-block-paragraph\"><strong>\u0628\u0627\u062a\u06cc\u0646 \u06cc\u0644\u0645\u0627\u0632\u060c \u0648\u06a9\u06cc\u0644<\/strong><\/p>","protected":false},"excerpt":{"rendered":"<p>Konut dokunulmazl\u0131\u011f\u0131n\u0131n ihlali, bir ki\u015finin evine, evinin eklentilerine ya da baz\u0131 durumlarda i\u015fyerine&nbsp;r\u0131zas\u0131 olmadan girilmesi&nbsp;veya&nbsp;izinle girildikten sonra \u00e7\u0131k\u0131lmas\u0131 istenmesine ra\u011fmen i\u00e7eride kal\u0131nmas\u0131&nbsp;halinde olu\u015fan bir su\u00e7tur. Bu su\u00e7, T\u00fcrk Ceza Kanunu\u2019nun 116. maddesinde d\u00fczenlenmi\u015ftir. Burada korunan de\u011fer yaln\u0131zca m\u00fclkiyet hakk\u0131 de\u011fildir. As\u0131l korunan hukuki yarar, ki\u015finin&nbsp;\u00f6zel ya\u015fam alan\u0131,&nbsp;huzuru,&nbsp;g\u00fcvenli\u011fi&nbsp;ve konutunda serbest\u00e7e ya\u015fama hakk\u0131d\u0131r. Bu nedenle bazen kap\u0131y\u0131 [&hellip;]<\/p>\n","protected":false},"author":2,"featured_media":2763,"comment_status":"open","ping_status":"open","sticky":false,"template":"","format":"standard","meta":{"_joinchat":[],"footnotes":""},"categories":[61],"tags":[409,410],"class_list":["post-2762","post","type-post","status-publish","format-standard","has-post-thumbnail","hentry","category-ceza-hukuku","tag-konut-dokunulmazliginin-ihlali","tag-tck-116"],"_links":{"self":[{"href":"https:\/\/batinyilmaz.av.tr\/fa\/wp-json\/wp\/v2\/posts\/2762","targetHints":{"allow":["GET"]}}],"collection":[{"href":"https:\/\/batinyilmaz.av.tr\/fa\/wp-json\/wp\/v2\/posts"}],"about":[{"href":"https:\/\/batinyilmaz.av.tr\/fa\/wp-json\/wp\/v2\/types\/post"}],"author":[{"embeddable":true,"href":"https:\/\/batinyilmaz.av.tr\/fa\/wp-json\/wp\/v2\/users\/2"}],"replies":[{"embeddable":true,"href":"https:\/\/batinyilmaz.av.tr\/fa\/wp-json\/wp\/v2\/comments?post=2762"}],"version-history":[{"count":1,"href":"https:\/\/batinyilmaz.av.tr\/fa\/wp-json\/wp\/v2\/posts\/2762\/revisions"}],"predecessor-version":[{"id":2764,"href":"https:\/\/batinyilmaz.av.tr\/fa\/wp-json\/wp\/v2\/posts\/2762\/revisions\/2764"}],"wp:featuredmedia":[{"embeddable":true,"href":"https:\/\/batinyilmaz.av.tr\/fa\/wp-json\/wp\/v2\/media\/2763"}],"wp:attachment":[{"href":"https:\/\/batinyilmaz.av.tr\/fa\/wp-json\/wp\/v2\/media?parent=2762"}],"wp:term":[{"taxonomy":"category","embeddable":true,"href":"https:\/\/batinyilmaz.av.tr\/fa\/wp-json\/wp\/v2\/categories?post=2762"},{"taxonomy":"post_tag","embeddable":true,"href":"https:\/\/batinyilmaz.av.tr\/fa\/wp-json\/wp\/v2\/tags?post=2762"}],"curies":[{"name":"wp","href":"https:\/\/api.w.org\/{rel}","templated":true}]}}