{"id":2756,"date":"2026-03-09T12:28:08","date_gmt":"2026-03-09T09:28:08","guid":{"rendered":"https:\/\/batinyilmaz.av.tr\/?p=2756"},"modified":"2026-03-09T12:28:10","modified_gmt":"2026-03-09T09:28:10","slug":"siyasi-haklarin-kullanilmasinin-engellenmesi-tck-114-nedir","status":"publish","type":"post","link":"https:\/\/batinyilmaz.av.tr\/fa\/siyasi-haklarin-kullanilmasinin-engellenmesi-tck-114-nedir\/","title":{"rendered":"Siyasi Haklar\u0131n Kullan\u0131lmas\u0131n\u0131n Engellenmesi (TCK 114) Nedir?"},"content":{"rendered":"<div id=\"ez-toc-container\" class=\"ez-toc-v2_0_85 counter-hierarchy ez-toc-counter ez-toc-grey ez-toc-container-direction\">\n<div class=\"ez-toc-title-container\">\n<p class=\"ez-toc-title\" style=\"cursor:inherit\">\u0633\u0631\u0628\u0631\u06af\u200c\u0647\u0627<\/p>\n<span class=\"ez-toc-title-toggle\"><a href=\"#\" class=\"ez-toc-pull-right ez-toc-btn ez-toc-btn-xs ez-toc-btn-default ez-toc-toggle\" aria-label=\"\u062a\u063a\u06cc\u06cc\u0631 \u0648\u0636\u0639\u06cc\u062a \u0641\u0647\u0631\u0633\u062a \u0645\u0637\u0627\u0644\u0628\"><span class=\"ez-toc-js-icon-con\"><span class=\"\"><span class=\"eztoc-hide\" style=\"display:none;\">\u062aoggle<\/span><span class=\"ez-toc-icon-toggle-span\"><svg style=\"fill: #999;color:#999\" xmlns=\"http:\/\/www.w3.org\/2000\/svg\" class=\"list-377408\" width=\"20px\" height=\"20px\" viewbox=\"0 0 24 24\" fill=\"none\"><path d=\"M6 6H4v2h2V6zm14 0H8v2h12V6zM4 11h2v2H4v-2zm16 0H8v2h12v-2zM4 16h2v2H4v-2zm16 0H8v2h12v-2z\" fill=\"currentColor\"><\/path><\/svg><svg style=\"fill: #999;color:#999\" class=\"arrow-unsorted-368013\" xmlns=\"http:\/\/www.w3.org\/2000\/svg\" width=\"10px\" height=\"10px\" viewbox=\"0 0 24 24\" version=\"1.2\" baseprofile=\"tiny\"><path d=\"M18.2 9.3l-6.2-6.3-6.2 6.3c-.2.2-.3.4-.3.7s.1.5.3.7c.2.2.4.3.7.3h11c.3 0 .5-.1.7-.3.2-.2.3-.5.3-.7s-.1-.5-.3-.7zM5.8 14.7l6.2 6.3 6.2-6.3c.2-.2.3-.5.3-.7s-.1-.5-.3-.7c-.2-.2-.4-.3-.7-.3h-11c-.3 0-.5.1-.7.3-.2.2-.3.5-.3.7s.1.5.3.7z\"\/><\/svg><\/span><\/span><\/span><\/a><\/span><\/div>\n<nav><ul class='ez-toc-list ez-toc-list-level-1' ><li class='ez-toc-page-1 ez-toc-heading-level-2'><a class=\"ez-toc-link ez-toc-heading-1\" href=\"https:\/\/batinyilmaz.av.tr\/fa\/siyasi-haklarin-kullanilmasinin-engellenmesi-tck-114-nedir\/#TCK_1141_Bireysel_Siyasi_Haklara_Zorlama_Sucu\" >TCK 114\/1: Bireysel Siyasi Haklara Zorlama Su\u00e7u<\/a><\/li><li class='ez-toc-page-1 ez-toc-heading-level-2'><a class=\"ez-toc-link ez-toc-heading-2\" href=\"https:\/\/batinyilmaz.av.tr\/fa\/siyasi-haklarin-kullanilmasinin-engellenmesi-tck-114-nedir\/#TCK_1142_Siyasi_Parti_Faaliyetlerinin_Engellenmesi_Sucu\" >TCK 114\/2: Siyasi Parti Faaliyetlerinin Engellenmesi Su\u00e7u<\/a><\/li><li class='ez-toc-page-1 ez-toc-heading-level-2'><a class=\"ez-toc-link ez-toc-heading-3\" href=\"https:\/\/batinyilmaz.av.tr\/fa\/siyasi-haklarin-kullanilmasinin-engellenmesi-tck-114-nedir\/#Siyasi_Haklarin_Kullanilmasinin_Engellenmesi_Sucunun_Cezasi\" >Siyasi Haklar\u0131n Kullan\u0131lmas\u0131n\u0131n Engellenmesi Su\u00e7unun Cezas\u0131<\/a><\/li><li class='ez-toc-page-1 ez-toc-heading-level-2'><a class=\"ez-toc-link ez-toc-heading-4\" href=\"https:\/\/batinyilmaz.av.tr\/fa\/siyasi-haklarin-kullanilmasinin-engellenmesi-tck-114-nedir\/#Sikca_Sorulan_Sorular_SSS\" >\u067e\u0631\u0633\u0634\u200c\u0647\u0627\u06cc \u0645\u062a\u062f\u0627\u0648\u0644 (\u0633\u0624\u0627\u0644\u0627\u062a \u0645\u062a\u062f\u0627\u0648\u0644)<\/a><\/li><li class='ez-toc-page-1 ez-toc-heading-level-2'><a class=\"ez-toc-link ez-toc-heading-5\" href=\"https:\/\/batinyilmaz.av.tr\/fa\/siyasi-haklarin-kullanilmasinin-engellenmesi-tck-114-nedir\/#Sonuc_Ozet\" >Sonu\u00e7 \/ \u00d6zet<\/a><\/li><\/ul><\/nav><\/div>\n\n<p class=\"wp-block-paragraph\"><strong>Siyasi haklar\u0131n kullan\u0131lmas\u0131n\u0131n engellenmesi<\/strong>, ki\u015filerin siyasete kat\u0131l\u0131m \u00f6zg\u00fcrl\u00fc\u011f\u00fcn\u00fc koruyan ve iki farkl\u0131 durumu cezaland\u0131ran bir su\u00e7 tipidir:<\/p>\n\n\n\n<ul class=\"wp-block-list\">\n<li><strong>TCK 114\/1:<\/strong>\u00a0Bir ki\u015fiyi, siyasi partiyle ilgili tercihleri veya se\u00e7imle gelen g\u00f6revlere ili\u015fkin iradesi konusunda\u00a0<strong>cebir veya tehditle zorlamak<\/strong><\/li>\n\n\n\n<li><strong>TCK 114\/2:<\/strong>\u00a0Bir siyasi partinin faaliyetlerinin\u00a0<strong>cebir, tehdit veya ba\u015fka hukuka ayk\u0131r\u0131 bir davran\u0131\u015fla engellenmesi<\/strong><\/li>\n<\/ul>\n\n\n\n<p class=\"wp-block-paragraph\">Yarg\u0131tay, m.114\u2019\u00fcn iki f\u0131kras\u0131n\u0131n&nbsp;<strong>farkl\u0131 yap\u0131da<\/strong>&nbsp;oldu\u011funu a\u00e7\u0131k \u015fekilde vurgular:<\/p>\n\n\n\n<ul class=\"wp-block-list\">\n<li><strong>114\/1\u2019de<\/strong>\u00a0\u201czorlamak amac\u0131yla cebir\/tehdit\u201d yeterli olabilir (engelleme sonucunun ger\u00e7ekle\u015fmesi \u015fart olmayabilir)<\/li>\n\n\n\n<li><strong>114\/2\u2019de<\/strong>\u00a0ise \u201cparti faaliyeti ger\u00e7ekten engellenmi\u015f olmal\u0131\u201d yakla\u015f\u0131m\u0131 \u00f6ne \u00e7\u0131kar<\/li>\n<\/ul>\n\n\n\n<hr class=\"wp-block-separator has-alpha-channel-opacity\"\/>\n\n\n\n<h2 class=\"wp-block-heading\"><span class=\"ez-toc-section\" id=\"TCK_1141_Bireysel_Siyasi_Haklara_Zorlama_Sucu\"><\/span><strong>TCK 114\/1: Bireysel Siyasi Haklara Zorlama Su\u00e7u<\/strong><span class=\"ez-toc-section-end\"><\/span><\/h2>\n\n\n\n<p class=\"wp-block-paragraph\"><strong>TCK 114\/1 Hangi Davran\u0131\u015flar\u0131 Kapsar?<\/strong><\/p>\n\n\n\n<p class=\"wp-block-paragraph\">Kanun, iki ana grubu korur:<\/p>\n\n\n\n<p class=\"wp-block-paragraph\"><strong>(a) Siyasi partiyle ilgili bireysel tercihler<\/strong><\/p>\n\n\n\n<p class=\"wp-block-paragraph\">Bir ki\u015fiye kar\u015f\u0131,&nbsp;<strong>zorlamak amac\u0131yla<\/strong>:<\/p>\n\n\n\n<ul class=\"wp-block-list\">\n<li>Siyasi partiye\u00a0<strong>\u00fcye olmaya veya olmamaya<\/strong><\/li>\n\n\n\n<li>Partinin faaliyetlerine\u00a0<strong>kat\u0131lmaya veya kat\u0131lmamaya<\/strong><\/li>\n\n\n\n<li>Partiden veya parti y\u00f6netimindeki g\u00f6revinden\u00a0<strong>ayr\u0131lmaya<\/strong><\/li>\n<\/ul>\n\n\n\n<p class=\"wp-block-paragraph\">y\u00f6nelik&nbsp;<strong>cebir veya tehdit<\/strong>&nbsp;kullan\u0131lmas\u0131.<\/p>\n\n\n\n<p class=\"wp-block-paragraph\"><strong>(b) Se\u00e7imle gelinen kamu g\u00f6revine ili\u015fkin zorlama<\/strong><\/p>\n\n\n\n<p class=\"wp-block-paragraph\">Bir ki\u015fiyi,&nbsp;<strong>se\u00e7im yoluyla gelinen bir kamu g\u00f6revine<\/strong>:<\/p>\n\n\n\n<ul class=\"wp-block-list\">\n<li><strong>Aday olmamaya<\/strong><\/li>\n\n\n\n<li>Se\u00e7ildiyse\u00a0<strong>g\u00f6revden ayr\u0131lmaya<\/strong><\/li>\n<\/ul>\n\n\n\n<p class=\"wp-block-paragraph\">zorlamak amac\u0131yla&nbsp;<strong>cebir veya tehdit<\/strong>&nbsp;kullan\u0131lmas\u0131.<\/p>\n\n\n\n<p class=\"wp-block-paragraph\"><strong>114\/1\u2019de \u201cEngellenme Sonucu\u201d Gerekir mi?<\/strong><\/p>\n\n\n\n<p class=\"wp-block-paragraph\">Uygulamada en kritik noktalardan biri budur. Yarg\u0131tay 4. Ceza Dairesi kararlar\u0131nda, 114\/1 bak\u0131m\u0131ndan:<\/p>\n\n\n\n<ul class=\"wp-block-list\">\n<li>Failin cebir\/tehdidi\u00a0<strong>zorlamak amac\u0131yla<\/strong>\u00a0kullanmas\u0131 yeterli g\u00f6r\u00fclebilir.<\/li>\n\n\n\n<li>Ayr\u0131ca ma\u011fdurun ger\u00e7ekten partiye \u00fcye olmamas\u0131, g\u00f6revden ayr\u0131lmas\u0131 vb. sonucu do\u011fmas\u0131\u00a0<strong>aranmayabilir<\/strong>.<\/li>\n<\/ul>\n\n\n\n<p class=\"wp-block-paragraph\">Bu y\u00f6n\u00fcyle 114\/1, fiilin \u201czorlamaya y\u00f6nelik cebir\/tehdit\u201d a\u015famas\u0131nda tamamlanan bir yap\u0131da de\u011ferlendirilebilmektedir (i\u00e7tihattaki ifadeyle \u201cfailin bu ama\u00e7la cebir ve tehdide ba\u015fvurmas\u0131 yeterli\u2026\u201d).<\/p>\n\n\n\n<hr class=\"wp-block-separator has-alpha-channel-opacity\"\/>\n\n\n\n<h2 class=\"wp-block-heading\"><span class=\"ez-toc-section\" id=\"TCK_1142_Siyasi_Parti_Faaliyetlerinin_Engellenmesi_Sucu\"><\/span><strong>TCK 114\/2: Siyasi Parti Faaliyetlerinin Engellenmesi Su\u00e7u<\/strong><span class=\"ez-toc-section-end\"><\/span><\/h2>\n\n\n\n<p class=\"wp-block-paragraph\"><strong>TCK 114\/2 Neyi Korur?<\/strong><\/p>\n\n\n\n<p class=\"wp-block-paragraph\">Bu f\u0131kra, bireyin tekil tercihinden ziyade, daha geni\u015f bi\u00e7imde&nbsp;<strong>siyasi partinin faaliyet \u00f6zg\u00fcrl\u00fc\u011f\u00fcn\u00fc<\/strong>&nbsp;ve siyasal hayat\u0131n i\u015fleyi\u015fini korur.<\/p>\n\n\n\n<p class=\"wp-block-paragraph\"><strong>\u201cSiyasi Partinin Faaliyeti\u201d Ne Demektir?<\/strong><\/p>\n\n\n\n<p class=\"wp-block-paragraph\">Yarg\u0131tay\u2019a g\u00f6re siyasi parti faaliyeti, siyasi partilerin mevzuata ve parti t\u00fcz\u00fc\u011f\u00fcne uygun bi\u00e7imde y\u00fcr\u00fctt\u00fc\u011f\u00fc faaliyetlerin tamam\u0131n\u0131 kapsayabilir. (Elbette somut olay\u0131n niteli\u011fi belirleyicidir.)<\/p>\n\n\n\n<p class=\"wp-block-paragraph\"><strong>114\/2\u2019de Engelleme Sonucunun Ger\u00e7ekle\u015fmesi Gerekir mi?<\/strong><\/p>\n\n\n\n<p class=\"wp-block-paragraph\">Yarg\u0131tay kararlar\u0131nda 114\/2 i\u00e7in \u015fu ayr\u0131m \u00f6zellikle yap\u0131l\u0131r:<\/p>\n\n\n\n<ul class=\"wp-block-list\">\n<li><strong>114\/1\u2019den farkl\u0131 olarak<\/strong>, 114\/2\u2019de \u201cfaaliyetin engellenmesi\u201d neticesinin ger\u00e7ekle\u015fmesi aran\u0131r.<\/li>\n<\/ul>\n\n\n\n<p class=\"wp-block-paragraph\">Yani sadece gerginlik \u00e7\u0131karma\/rahats\u0131z etme de\u011fil; parti faaliyetinin ger\u00e7ekten aksamas\u0131, yap\u0131lamamas\u0131, durmas\u0131 veya fiilen engellenmesi \u00f6nem kazan\u0131r.<\/p>\n\n\n\n<p class=\"wp-block-paragraph\"><strong>TCK 114\u2019te \u201cCebir\u201d, \u201cTehdit\u201d ve \u201cHukuka Ayk\u0131r\u0131 Davran\u0131\u015f\u201d Ne Anlama Gelir?<\/strong><\/p>\n\n\n\n<p class=\"wp-block-paragraph\"><strong>Cebir<\/strong><\/p>\n\n\n\n<p class=\"wp-block-paragraph\">Fiziksel g\u00fc\u00e7 kullan\u0131m\u0131yla ki\u015finin iradesini bask\u0131 alt\u0131na alarak bir davran\u0131\u015fa zorlamak (itmek, darp etmek, zorla g\u00f6t\u00fcrmek vb.).<\/p>\n\n\n\n<p class=\"wp-block-paragraph\"><strong>Tehdit<\/strong><\/p>\n\n\n\n<p class=\"wp-block-paragraph\">Ki\u015fiye y\u00f6nelik bir k\u00f6t\u00fcl\u00fck yapaca\u011f\u0131n\u0131 bildirerek korkutma ve bu yolla iradesini bask\u0131 alt\u0131na alma.<\/p>\n\n\n\n<p class=\"wp-block-paragraph\"><strong>Hukuka ayk\u0131r\u0131 ba\u015fka bir davran\u0131\u015f (\u00f6zellikle 114\/2\u2019de)<\/strong><\/p>\n\n\n\n<p class=\"wp-block-paragraph\">Cebir\/tehdit d\u0131\u015f\u0131ndaki, ancak parti faaliyetini fiilen engelleyen hukuka ayk\u0131r\u0131 eylemler.<br>\u00d6rne\u011fin toplant\u0131 salonuna hukuka ayk\u0131r\u0131 \u015fekilde giri\u015f-\u00e7\u0131k\u0131\u015f\u0131 kapatma, organizasyonu bilerek sabote eden eylemler gibi (somut olaya g\u00f6re de\u011fi\u015fir).<\/p>\n\n\n\n<hr class=\"wp-block-separator has-alpha-channel-opacity\"\/>\n\n\n\n<h2 class=\"wp-block-heading\"><span class=\"ez-toc-section\" id=\"Siyasi_Haklarin_Kullanilmasinin_Engellenmesi_Sucunun_Cezasi\"><\/span><strong>Siyasi Haklar\u0131n Kullan\u0131lmas\u0131n\u0131n Engellenmesi Su\u00e7unun Cezas\u0131<\/strong><span class=\"ez-toc-section-end\"><\/span><\/h2>\n\n\n\n<p class=\"wp-block-paragraph\"><strong>TCK 114\/1 cezas\u0131<\/strong><\/p>\n\n\n\n<ul class=\"wp-block-list\">\n<li><strong>1 y\u0131ldan 3 y\u0131la kadar hapis<\/strong><\/li>\n<\/ul>\n\n\n\n<p class=\"wp-block-paragraph\"><strong>TCK 114\/2 cezas\u0131<\/strong><\/p>\n\n\n\n<ul class=\"wp-block-list\">\n<li><strong>2 y\u0131ldan 5 y\u0131la kadar hapis<\/strong><\/li>\n<\/ul>\n\n\n\n<p class=\"wp-block-paragraph\"><em>Ceza miktar\u0131 yan\u0131nda; olay\u0131n i\u015fleni\u015f bi\u00e7imi, fail say\u0131s\u0131, kullan\u0131lan ara\u00e7lar ve ba\u015fka su\u00e7lar\u0131n olu\u015fup olu\u015fmad\u0131\u011f\u0131 (\u00f6r. yaralama, ki\u015fiyi h\u00fcrriyetinden yoksun k\u0131lma, tehdit) ayr\u0131ca de\u011ferlendirilir.<\/em><\/p>\n\n\n\n<hr class=\"wp-block-separator has-alpha-channel-opacity\"\/>\n\n\n\n<h2 class=\"wp-block-heading\"><span class=\"ez-toc-section\" id=\"Sikca_Sorulan_Sorular_SSS\"><\/span><strong>\u067e\u0631\u0633\u0634\u200c\u0647\u0627\u06cc \u0645\u062a\u062f\u0627\u0648\u0644 (\u0633\u0624\u0627\u0644\u0627\u062a \u0645\u062a\u062f\u0627\u0648\u0644)<\/strong><span class=\"ez-toc-section-end\"><\/span><\/h2>\n\n\n\n<p class=\"wp-block-paragraph\"><strong>1)Siyasi haklar\u0131n kullan\u0131lmas\u0131n\u0131n engellenmesi (TCK 114) nedir?<\/strong><\/p>\n\n\n\n<p class=\"wp-block-paragraph\">TCK 114; bireyin siyasi parti \u00fcyeli\u011fi\/kat\u0131l\u0131m\u0131 veya se\u00e7imle gelinen g\u00f6revlere adayl\u0131k\/ayr\u0131lma iradesinin&nbsp;<strong>cebir\/tehdit ile zorlanmas\u0131n\u0131<\/strong>&nbsp;(114\/1) ve siyasi partinin faaliyetlerinin&nbsp;<strong>engellenmesini<\/strong>&nbsp;(114\/2) cezaland\u0131r\u0131r.<\/p>\n\n\n\n<p class=\"wp-block-paragraph\"><strong>2)TCK 114\/1 ile TCK 114\/2 aras\u0131ndaki fark nedir?<\/strong><\/p>\n\n\n\n<ul class=\"wp-block-list\">\n<li><strong>114\/1:<\/strong>\u00a0Ki\u015fiye kar\u015f\u0131\u00a0<strong>zorlamak amac\u0131yla cebir\/tehdit<\/strong>\u00a0(\u00e7o\u011fu uygulamada netice aranmadan)<\/li>\n\n\n\n<li><strong>114\/2:<\/strong>\u00a0Partinin faaliyeti\u00a0<strong>fiilen engellenmi\u015f olmal\u0131<\/strong>; ayr\u0131ca cebir\/tehdit veya hukuka ayk\u0131r\u0131 davran\u0131\u015f yeterlidir.<\/li>\n<\/ul>\n\n\n\n<p class=\"wp-block-paragraph\"><strong>3)TCK 114 cezas\u0131 ka\u00e7 y\u0131ld\u0131r?<\/strong><\/p>\n\n\n\n<ul class=\"wp-block-list\">\n<li><strong>114\/1:<\/strong>\u00a01\u20133 y\u0131l hapis<\/li>\n\n\n\n<li><strong>114\/2:<\/strong>\u00a02\u20135 y\u0131l hapis<\/li>\n<\/ul>\n\n\n\n<p class=\"wp-block-paragraph\"><strong>4)Parti faaliyeti nedir, her siyasi etkinlik bu kapsama girer mi?<\/strong><\/p>\n\n\n\n<p class=\"wp-block-paragraph\">Yarg\u0131tay kararlar\u0131nda \u201cparti faaliyeti\u201d, siyasi partilerin mevzuata ve t\u00fcz\u00fc\u011fe uygun y\u00fcr\u00fctt\u00fc\u011f\u00fc faaliyetler olarak ele al\u0131n\u0131r. Ancak her olayda \u201cfaaliyet\u201d say\u0131l\u0131p say\u0131lmayaca\u011f\u0131 ve \u201cengelleme\u201d olup olmad\u0131\u011f\u0131 somut delillere g\u00f6re belirlenir.<\/p>\n\n\n\n<p class=\"wp-block-paragraph\"><strong>5)Sand\u0131\u011fa y\u00f6nelik engellemeler TCK 114 kapsam\u0131nda m\u0131d\u0131r?<\/strong><\/p>\n\n\n\n<p class=\"wp-block-paragraph\">Yarg\u0131tay\u2019\u0131n bir karar\u0131nda, sand\u0131\u011fa y\u00f6nelik engelleyici hareketlerin her durumda TCK 114 kapsam\u0131nda de\u011ferlendirilmedi\u011fine y\u00f6nelik a\u00e7\u0131klamalar bulunmaktad\u0131r; olay\u0131n do\u011frudan \u201cparti i\u00e7 faaliyeti\u201d mi yoksa \u201cse\u00e7im\/sand\u0131k d\u00fczeni\u201dne mi ili\u015fkin oldu\u011fu \u00f6nem ta\u015f\u0131r. (Somut olay\u0131n niteli\u011fine g\u00f6re farkl\u0131 kanun h\u00fck\u00fcmleri g\u00fcndeme gelebilir.)<\/p>\n\n\n\n<hr class=\"wp-block-separator has-alpha-channel-opacity\"\/>\n\n\n\n<h2 class=\"wp-block-heading\"><span class=\"ez-toc-section\" id=\"Sonuc_Ozet\"><\/span><strong>Sonu\u00e7 \/ \u00d6zet<\/strong><span class=\"ez-toc-section-end\"><\/span><\/h2>\n\n\n\n<p class=\"wp-block-paragraph\">TCK 114, siyasal hayata kat\u0131l\u0131m \u00f6zg\u00fcrl\u00fc\u011f\u00fcn\u00fc koruyan temel ceza normlar\u0131ndan biridir.<\/p>\n\n\n\n<ul class=\"wp-block-list\">\n<li><strong>TCK 114\/1<\/strong>, ki\u015fiyi siyasi parti \u00fcyeli\u011fi\/kat\u0131l\u0131m\u0131 ya da se\u00e7imle gelinen g\u00f6revlere ili\u015fkin iradesi konusunda\u00a0<strong>cebir veya tehditle zorlamay\u0131<\/strong>\u00a0cezaland\u0131r\u0131r (1\u20133 y\u0131l).<\/li>\n\n\n\n<li><strong>TCK 114\/2<\/strong>, bir siyasi partinin faaliyetlerinin\u00a0<strong>cebir, tehdit veya ba\u015fka hukuka ayk\u0131r\u0131 davran\u0131\u015fla engellenmesini<\/strong>\u00a0cezaland\u0131r\u0131r (2\u20135 y\u0131l).<\/li>\n\n\n\n<li>Yarg\u0131tay uygulamas\u0131nda\u00a0<strong>114\/1\u2019de zorlamaya y\u00f6nelik cebir\/tehdit yeterli g\u00f6r\u00fcl\u00fcrken, 114\/2\u2019de faaliyetin ger\u00e7ekten engellenmesi<\/strong>\u00a0vurgulan\u0131r.\u00a0<strong>Bu ayr\u0131m, su\u00e7 vasf\u0131n\u0131n do\u011fru belirlenmesi a\u00e7\u0131s\u0131ndan kritik \u00f6nemdedir.<\/strong><\/li>\n<\/ul>\n\n\n\n<p class=\"wp-block-paragraph\"><strong>\u0628\u0627\u062a\u06cc\u0646 \u06cc\u0644\u0645\u0627\u0632\u060c \u0648\u06a9\u06cc\u0644<\/strong><\/p>","protected":false},"excerpt":{"rendered":"<p>Siyasi haklar\u0131n kullan\u0131lmas\u0131n\u0131n engellenmesi, ki\u015filerin siyasete kat\u0131l\u0131m \u00f6zg\u00fcrl\u00fc\u011f\u00fcn\u00fc koruyan ve iki farkl\u0131 durumu cezaland\u0131ran bir su\u00e7 tipidir: Yarg\u0131tay, m.114\u2019\u00fcn iki f\u0131kras\u0131n\u0131n&nbsp;farkl\u0131 yap\u0131da&nbsp;oldu\u011funu a\u00e7\u0131k \u015fekilde vurgular: TCK 114\/1: Bireysel Siyasi Haklara Zorlama Su\u00e7u TCK 114\/1 Hangi Davran\u0131\u015flar\u0131 Kapsar? Kanun, iki ana grubu korur: (a) Siyasi partiyle ilgili bireysel tercihler Bir ki\u015fiye kar\u015f\u0131,&nbsp;zorlamak amac\u0131yla: y\u00f6nelik&nbsp;cebir veya tehdit&nbsp;kullan\u0131lmas\u0131. [&hellip;]<\/p>\n","protected":false},"author":2,"featured_media":2649,"comment_status":"open","ping_status":"open","sticky":false,"template":"","format":"standard","meta":{"_joinchat":[],"footnotes":""},"categories":[61],"tags":[404,403],"class_list":["post-2756","post","type-post","status-publish","format-standard","has-post-thumbnail","hentry","category-ceza-hukuku","tag-siyasi-haklarin-kullanilmasinin-engellenmesi","tag-tck-114"],"_links":{"self":[{"href":"https:\/\/batinyilmaz.av.tr\/fa\/wp-json\/wp\/v2\/posts\/2756","targetHints":{"allow":["GET"]}}],"collection":[{"href":"https:\/\/batinyilmaz.av.tr\/fa\/wp-json\/wp\/v2\/posts"}],"about":[{"href":"https:\/\/batinyilmaz.av.tr\/fa\/wp-json\/wp\/v2\/types\/post"}],"author":[{"embeddable":true,"href":"https:\/\/batinyilmaz.av.tr\/fa\/wp-json\/wp\/v2\/users\/2"}],"replies":[{"embeddable":true,"href":"https:\/\/batinyilmaz.av.tr\/fa\/wp-json\/wp\/v2\/comments?post=2756"}],"version-history":[{"count":1,"href":"https:\/\/batinyilmaz.av.tr\/fa\/wp-json\/wp\/v2\/posts\/2756\/revisions"}],"predecessor-version":[{"id":2757,"href":"https:\/\/batinyilmaz.av.tr\/fa\/wp-json\/wp\/v2\/posts\/2756\/revisions\/2757"}],"wp:featuredmedia":[{"embeddable":true,"href":"https:\/\/batinyilmaz.av.tr\/fa\/wp-json\/wp\/v2\/media\/2649"}],"wp:attachment":[{"href":"https:\/\/batinyilmaz.av.tr\/fa\/wp-json\/wp\/v2\/media?parent=2756"}],"wp:term":[{"taxonomy":"category","embeddable":true,"href":"https:\/\/batinyilmaz.av.tr\/fa\/wp-json\/wp\/v2\/categories?post=2756"},{"taxonomy":"post_tag","embeddable":true,"href":"https:\/\/batinyilmaz.av.tr\/fa\/wp-json\/wp\/v2\/tags?post=2756"}],"curies":[{"name":"wp","href":"https:\/\/api.w.org\/{rel}","templated":true}]}}