{"id":2751,"date":"2026-03-06T14:07:34","date_gmt":"2026-03-06T11:07:34","guid":{"rendered":"https:\/\/batinyilmaz.av.tr\/?p=2751"},"modified":"2026-03-06T14:22:34","modified_gmt":"2026-03-06T11:22:34","slug":"kamu-hizmetlerinden-yararlanma-hakkinin-engellenmesi-tck-113-nedir","status":"publish","type":"post","link":"https:\/\/batinyilmaz.av.tr\/fa\/kamu-hizmetlerinden-yararlanma-hakkinin-engellenmesi-tck-113-nedir\/","title":{"rendered":"Kamu Hizmetlerinden Yararlanma Hakk\u0131n\u0131n Engellenmesi (TCK 113) Nedir?"},"content":{"rendered":"<div id=\"ez-toc-container\" class=\"ez-toc-v2_0_85 counter-hierarchy ez-toc-counter ez-toc-grey ez-toc-container-direction\">\n<div class=\"ez-toc-title-container\">\n<p class=\"ez-toc-title\" style=\"cursor:inherit\">\u0633\u0631\u0628\u0631\u06af\u200c\u0647\u0627<\/p>\n<span class=\"ez-toc-title-toggle\"><a href=\"#\" class=\"ez-toc-pull-right ez-toc-btn ez-toc-btn-xs ez-toc-btn-default ez-toc-toggle\" aria-label=\"\u062a\u063a\u06cc\u06cc\u0631 \u0648\u0636\u0639\u06cc\u062a \u0641\u0647\u0631\u0633\u062a \u0645\u0637\u0627\u0644\u0628\"><span class=\"ez-toc-js-icon-con\"><span class=\"\"><span class=\"eztoc-hide\" style=\"display:none;\">\u062aoggle<\/span><span class=\"ez-toc-icon-toggle-span\"><svg style=\"fill: #999;color:#999\" xmlns=\"http:\/\/www.w3.org\/2000\/svg\" class=\"list-377408\" width=\"20px\" height=\"20px\" viewbox=\"0 0 24 24\" fill=\"none\"><path d=\"M6 6H4v2h2V6zm14 0H8v2h12V6zM4 11h2v2H4v-2zm16 0H8v2h12v-2zM4 16h2v2H4v-2zm16 0H8v2h12v-2z\" fill=\"currentColor\"><\/path><\/svg><svg style=\"fill: #999;color:#999\" class=\"arrow-unsorted-368013\" xmlns=\"http:\/\/www.w3.org\/2000\/svg\" width=\"10px\" height=\"10px\" viewbox=\"0 0 24 24\" version=\"1.2\" baseprofile=\"tiny\"><path d=\"M18.2 9.3l-6.2-6.3-6.2 6.3c-.2.2-.3.4-.3.7s.1.5.3.7c.2.2.4.3.7.3h11c.3 0 .5-.1.7-.3.2-.2.3-.5.3-.7s-.1-.5-.3-.7zM5.8 14.7l6.2 6.3 6.2-6.3c.2-.2.3-.5.3-.7s-.1-.5-.3-.7c-.2-.2-.4-.3-.7-.3h-11c-.3 0-.5.1-.7.3-.2.2-.3.5-.3.7s.1.5.3.7z\"\/><\/svg><\/span><\/span><\/span><\/a><\/span><\/div>\n<nav><ul class='ez-toc-list ez-toc-list-level-1' ><li class='ez-toc-page-1 ez-toc-heading-level-2'><a class=\"ez-toc-link ez-toc-heading-1\" href=\"https:\/\/batinyilmaz.av.tr\/fa\/kamu-hizmetlerinden-yararlanma-hakkinin-engellenmesi-tck-113-nedir\/#TCK_113_Hangi_Durumlarda_Uygulanir\" >TCK 113 Hangi Durumlarda Uygulan\u0131r?<\/a><\/li><li class='ez-toc-page-1 ez-toc-heading-level-2'><a class=\"ez-toc-link ez-toc-heading-2\" href=\"https:\/\/batinyilmaz.av.tr\/fa\/kamu-hizmetlerinden-yararlanma-hakkinin-engellenmesi-tck-113-nedir\/#Kamu_Hizmetinden_Yararlanmanin_Engellenmesi_TCK_1131-b\" >Kamu Hizmetinden Yararlanman\u0131n Engellenmesi (TCK 113\/1-b)<\/a><\/li><li class='ez-toc-page-1 ez-toc-heading-level-2'><a class=\"ez-toc-link ez-toc-heading-3\" href=\"https:\/\/batinyilmaz.av.tr\/fa\/kamu-hizmetlerinden-yararlanma-hakkinin-engellenmesi-tck-113-nedir\/#Sucun_Unsurlari\" >Su\u00e7un Unsurlar\u0131<\/a><\/li><li class='ez-toc-page-1 ez-toc-heading-level-2'><a class=\"ez-toc-link ez-toc-heading-4\" href=\"https:\/\/batinyilmaz.av.tr\/fa\/kamu-hizmetlerinden-yararlanma-hakkinin-engellenmesi-tck-113-nedir\/#Cezasi_Nedir\" >Cezas\u0131 Nedir?<\/a><\/li><li class='ez-toc-page-1 ez-toc-heading-level-2'><a class=\"ez-toc-link ez-toc-heading-5\" href=\"https:\/\/batinyilmaz.av.tr\/fa\/kamu-hizmetlerinden-yararlanma-hakkinin-engellenmesi-tck-113-nedir\/#Sikca_Sorulan_Sorular_SSS\" >\u067e\u0631\u0633\u0634\u200c\u0647\u0627\u06cc \u0645\u062a\u062f\u0627\u0648\u0644 (\u0633\u0624\u0627\u0644\u0627\u062a \u0645\u062a\u062f\u0627\u0648\u0644)<\/a><\/li><li class='ez-toc-page-1 ez-toc-heading-level-2'><a class=\"ez-toc-link ez-toc-heading-6\" href=\"https:\/\/batinyilmaz.av.tr\/fa\/kamu-hizmetlerinden-yararlanma-hakkinin-engellenmesi-tck-113-nedir\/#Sonuc_Ozet\" >Sonu\u00e7 \/ \u00d6zet<\/a><\/li><\/ul><\/nav><\/div>\n\n<p class=\"wp-block-paragraph\"><strong>Kamu hizmetlerinden yararlanma hakk\u0131n\u0131n engellenmesi<\/strong>, bir ki\u015finin veya toplumun&nbsp;<strong>devletin sundu\u011fu ya da kamu g\u00fcc\u00fcyle izin verilmi\u015f hizmetlerden faydalanmas\u0131n\u0131n<\/strong>&nbsp;\u06cc\u0627&nbsp;<strong>kamu faaliyetinin y\u00fcr\u00fct\u00fclmesinin<\/strong>,&nbsp;<strong>cebir<\/strong>,&nbsp;<strong>tehdit<\/strong>&nbsp;\u06cc\u0627&nbsp;<strong>ba\u015fka bir hukuka ayk\u0131r\u0131 davran\u0131\u015fla<\/strong>&nbsp;engellenmesi durumunda olu\u015fan su\u00e7tur.<\/p>\n\n\n\n<p class=\"wp-block-paragraph\">Buradaki temel nokta \u015fudur:<\/p>\n\n\n\n<ul class=\"wp-block-list\">\n<li>Engellenen \u015fey \u201c\u00f6zel bir hizmet\u201d de\u011fil,<\/li>\n\n\n\n<li><strong>kamu faaliyeti<\/strong>\u00a0\u06cc\u0627\u00a0<strong>kamu hizmeti niteli\u011findeki bir hizmetten yararlanma<\/strong>\u0627\u0633\u062a.<\/li>\n<\/ul>\n\n\n\n<p class=\"wp-block-paragraph\">Bu y\u00fczden TCK 113, bireysel bir menfaatten \u00f6te,&nbsp;<strong>kamu d\u00fczenini ve kamu hizmetinin s\u00fcreklili\u011fini<\/strong>&nbsp;korur.<\/p>\n\n\n\n<hr class=\"wp-block-separator has-alpha-channel-opacity\"\/>\n\n\n\n<h2 class=\"wp-block-heading\"><span class=\"ez-toc-section\" id=\"TCK_113_Hangi_Durumlarda_Uygulanir\"><\/span><strong>TCK 113 Hangi Durumlarda Uygulan\u0131r?<\/strong><span class=\"ez-toc-section-end\"><\/span><\/h2>\n\n\n\n<p class=\"wp-block-paragraph\"><strong>Kamu Faaliyetinin Y\u00fcr\u00fct\u00fclmesinin Engellenmesi (TCK 113\/1-a)<\/strong><\/p>\n\n\n\n<p class=\"wp-block-paragraph\">Bir kamu kurumunun y\u00fcr\u00fctt\u00fc\u011f\u00fc faaliyetin yap\u0131lmas\u0131n\u0131&nbsp;<strong>fiilen engellemek<\/strong>&nbsp;bu kapsama girebilir.<\/p>\n\n\n\n<p class=\"wp-block-paragraph\">\u00d6rnek senaryolar (genel anlat\u0131m):<\/p>\n\n\n\n<ul class=\"wp-block-list\">\n<li>Bir kurumun hizmet binas\u0131na girilmesini zorla engelleyip i\u015flemleri durdurmak,<\/li>\n\n\n\n<li>Kamu g\u00f6revlilerinin hizmeti y\u00fcr\u00fctmesini cebir\/tehditle akamete u\u011fratmak,<\/li>\n\n\n\n<li>Bir kamu faaliyetini bir s\u00fcreli\u011fine de olsa durduracak \u015fekilde hukuka ayk\u0131r\u0131 m\u00fcdahalede bulunmak.<\/li>\n<\/ul>\n\n\n\n<p class=\"wp-block-paragraph\"><em>\u0130\u00e7tihat yakla\u015f\u0131m\u0131: Yarg\u0131tay\u2019a g\u00f6re eylemin kamu kurumunun faaliyetini&nbsp;<strong>engellemeye\/ara verdirme<\/strong>&nbsp;amac\u0131na y\u00f6nelmesi \u00f6nemlidir. (Bkz. 4. CD 2024\/16129 K.)<\/em><\/p>\n\n\n\n<h2 class=\"wp-block-heading\"><span class=\"ez-toc-section\" id=\"Kamu_Hizmetinden_Yararlanmanin_Engellenmesi_TCK_1131-b\"><\/span><strong>Kamu Hizmetinden Yararlanman\u0131n Engellenmesi (TCK 113\/1-b)<\/strong><span class=\"ez-toc-section-end\"><\/span><\/h2>\n\n\n\n<p class=\"wp-block-paragraph\">Kamu kurumlar\u0131nda sunulan hizmetlerden veya&nbsp;<strong>kamu makamlar\u0131n\u0131n iznine dayal\u0131 sunulan hizmetlerden<\/strong>&nbsp;yararlanmay\u0131 engellemek de su\u00e7 kapsam\u0131ndad\u0131r.<\/p>\n\n\n\n<p class=\"wp-block-paragraph\">\u00d6rnek senaryolar:<\/p>\n\n\n\n<ul class=\"wp-block-list\">\n<li>Vatanda\u015flar\u0131n kamu kurumunda hizmet almas\u0131n\u0131 cebir\/tehditle engellemek,<\/li>\n\n\n\n<li>\u0130zinle \u00a0sunulan \u00a0kamusal nitelikli hizmetlere \u00a0eri\u015fimi \u00a0hukuka \u00a0ayk\u0131r\u0131 \u00a0bi\u00e7imde \u00a0kesmek.<\/li>\n<\/ul>\n\n\n\n<hr class=\"wp-block-separator has-alpha-channel-opacity\"\/>\n\n\n\n<h2 class=\"wp-block-heading\"><span class=\"ez-toc-section\" id=\"Sucun_Unsurlari\"><\/span><strong>Su\u00e7un Unsurlar\u0131<\/strong><span class=\"ez-toc-section-end\"><\/span><\/h2>\n\n\n\n<p class=\"wp-block-paragraph\"><strong>1) Failin Hareketi: Cebir, Tehdit veya Hukuka Ayk\u0131r\u0131 Ba\u015fka Davran\u0131\u015f<\/strong><\/p>\n\n\n\n<p class=\"wp-block-paragraph\">TCK 113 \u00fc\u00e7 t\u00fcr hareketle i\u015flenebilir:<\/p>\n\n\n\n<p class=\"wp-block-paragraph\"><strong>Cebir (Zor Kullanma)<\/strong><\/p>\n\n\n\n<p class=\"wp-block-paragraph\">Bir ki\u015fiye fiziksel g\u00fc\u00e7 uygulanmas\u0131 veya fiziksel g\u00fc\u00e7 tehdidiyle fiilen engelleme.<\/p>\n\n\n\n<p class=\"wp-block-paragraph\"><strong>Tehdit<\/strong><\/p>\n\n\n\n<p class=\"wp-block-paragraph\">Ki\u015fiyi korkutacak, iradesini bask\u0131layacak \u015fekilde zarar verilece\u011finin bildirilmesi.<\/p>\n\n\n\n<p class=\"wp-block-paragraph\"><strong>Hukuka Ayk\u0131r\u0131 Ba\u015fka Davran\u0131\u015f<\/strong><\/p>\n\n\n\n<p class=\"wp-block-paragraph\">Her olayda \u201ccebir\/tehdit\u201d bulunmayabilir. \u00d6rne\u011fin fiziksel sald\u0131r\u0131 olmadan da&nbsp;<strong>hukuka ayk\u0131r\u0131 bi\u00e7imde barikat kurmak<\/strong>, giri\u015f \u00e7\u0131k\u0131\u015f\u0131 kesmek, kilitlemek vb. davran\u0131\u015flar tart\u0131\u015fma konusu olabilir. (Somut olay\u0131n \u00f6zellikleri belirleyicidir.)<\/p>\n\n\n\n<p class=\"wp-block-paragraph\"><strong>2) Konu: Kamu Faaliyeti veya Kamu Hizmeti<\/strong><\/p>\n\n\n\n<p class=\"wp-block-paragraph\">Engellenen faaliyet\/hizmet mutlaka&nbsp;<strong>kamu faaliyeti<\/strong>&nbsp;\u06cc\u0627&nbsp;<strong>kamu kurumu\/kamu niteli\u011finde hizmet<\/strong>&nbsp;\u0628\u0627\u06cc\u062f \u0628\u0627\u0634\u062f.<\/p>\n\n\n\n<p class=\"wp-block-paragraph\"><strong>3) Netice: \u201cEngelleme\u201d<\/strong><\/p>\n\n\n\n<p class=\"wp-block-paragraph\">Su\u00e7, ad\u0131ndan da anla\u015f\u0131laca\u011f\u0131 \u00fczere,&nbsp;<strong>engelleme<\/strong>&nbsp;ile tamamlan\u0131r. Uygulamada engellemenin d\u00fczeyi, s\u00fcresi ve etkisi de\u011ferlendirilir.<\/p>\n\n\n\n<hr class=\"wp-block-separator has-alpha-channel-opacity\"\/>\n\n\n\n<h2 class=\"wp-block-heading\"><span class=\"ez-toc-section\" id=\"Cezasi_Nedir\"><\/span><strong>Cezas\u0131 Nedir?<\/strong><span class=\"ez-toc-section-end\"><\/span><\/h2>\n\n\n\n<p class=\"wp-block-paragraph\"><strong>TCK 113\/1 Cezas\u0131<\/strong><\/p>\n\n\n\n<p class=\"wp-block-paragraph\">Su\u00e7un temel hali i\u00e7in:<\/p>\n\n\n\n<ul class=\"wp-block-list\">\n<li><strong>2 y\u0131ldan 5 y\u0131la kadar hapis cezas\u0131<\/strong>\u00a0\u00f6ng\u00f6r\u00fclm\u00fc\u015ft\u00fcr.<\/li>\n<\/ul>\n\n\n\n<p class=\"wp-block-paragraph\"><strong>Sa\u011fl\u0131k Hizmeti Engellenirse Ceza Artar (TCK 113\/2)<\/strong><\/p>\n\n\n\n<p class=\"wp-block-paragraph\">E\u011fer su\u00e7un konusu&nbsp;<strong>sa\u011fl\u0131k hizmeti<\/strong>&nbsp;ise:<\/p>\n\n\n\n<ul class=\"wp-block-list\">\n<li>Verilecek ceza\u00a0<strong>alt\u0131da biri oran\u0131na kadar art\u0131r\u0131l\u0131r.<\/strong><\/li>\n<\/ul>\n\n\n\n<p class=\"wp-block-paragraph\">Bu h\u00fck\u00fcm, \u00f6zellikle&nbsp;<strong>hastane, acil servis, 112 hizmetleri, kamu\/\u00f6zel sa\u011fl\u0131k kurumlar\u0131nda sunulan hizmete eri\u015fim<\/strong>&nbsp;gibi alanlarda eylemlerin daha a\u011f\u0131r sonu\u00e7 do\u011furmas\u0131 ihtimaline kar\u015f\u0131 getirilen bir korumad\u0131r.<\/p>\n\n\n\n<p class=\"wp-block-paragraph\"><strong>TCK 113 ile TCK 265 Aras\u0131ndaki Fark<\/strong><\/p>\n\n\n\n<p class=\"wp-block-paragraph\"><strong>TCK 113: Kamu hizmetinin\/ faaliyetinin engellenmesi<\/strong><\/p>\n\n\n\n<ul class=\"wp-block-list\">\n<li>Odak:\u00a0<strong>kamu hizmetinin s\u00fcreklili\u011fi<\/strong>, kamu faaliyeti veya hizmete eri\u015fimin engellenmesi.<\/li>\n<\/ul>\n\n\n\n<p class=\"wp-block-paragraph\"><strong>TCK 265: G\u00f6revi yapt\u0131rmamak i\u00e7in direnme<\/strong><\/p>\n\n\n\n<ul class=\"wp-block-list\">\n<li>Odak:\u00a0<strong>kamu g\u00f6revlisinin g\u00f6revini yapmas\u0131n\u0131n<\/strong>\u00a0cebir\/tehdit ile engellenmesi.<\/li>\n<\/ul>\n\n\n\n<p class=\"wp-block-paragraph\">Bir olayda hem kamu hizmeti aks\u0131yor hem de kamu g\u00f6revlisine cebir\/tehdit uygulan\u0131yorsa,&nbsp;<strong>somut olay\u0131n hukuki niteli\u011fine g\u00f6re<\/strong>&nbsp;farkl\u0131 su\u00e7lar g\u00fcndeme gelebilir.<\/p>\n\n\n\n<hr class=\"wp-block-separator has-alpha-channel-opacity\"\/>\n\n\n\n<h2 class=\"wp-block-heading\"><span class=\"ez-toc-section\" id=\"Sikca_Sorulan_Sorular_SSS\"><\/span><strong>\u067e\u0631\u0633\u0634\u200c\u0647\u0627\u06cc \u0645\u062a\u062f\u0627\u0648\u0644 (\u0633\u0624\u0627\u0644\u0627\u062a \u0645\u062a\u062f\u0627\u0648\u0644)<\/strong><span class=\"ez-toc-section-end\"><\/span><\/h2>\n\n\n\n<p class=\"wp-block-paragraph\"><strong>1)Kamu hizmetlerinden yararlanma hakk\u0131n\u0131n engellenmesi su\u00e7u nedir?<\/strong><\/p>\n\n\n\n<p class=\"wp-block-paragraph\"><strong>Cebir, tehdit veya hukuka ayk\u0131r\u0131 ba\u015fka davran\u0131\u015fla<\/strong>&nbsp;kamu faaliyetinin y\u00fcr\u00fct\u00fclmesine veya kamu hizmetinden yararlan\u0131lmas\u0131na&nbsp;<strong>engel olunmas\u0131<\/strong>d\u0131r (TCK 113).<\/p>\n\n\n\n<p class=\"wp-block-paragraph\"><strong>2) TCK 113 cezas\u0131 ka\u00e7 y\u0131l?<\/strong><\/p>\n\n\n\n<p class=\"wp-block-paragraph\">Temel ceza&nbsp;<strong>2 y\u0131ldan 5 y\u0131la kadar hapis<\/strong>tir (TCK 113\/1).<\/p>\n\n\n\n<p class=\"wp-block-paragraph\"><strong>3) Sa\u011fl\u0131k hizmeti engellenirse ceza artar m\u0131?<\/strong><\/p>\n\n\n\n<p class=\"wp-block-paragraph\">Evet. Su\u00e7un konusu&nbsp;<strong>sa\u011fl\u0131k hizmeti<\/strong>&nbsp;ise ceza&nbsp;<strong>alt\u0131da bir oran\u0131na kadar art\u0131r\u0131l\u0131r<\/strong>&nbsp;(TCK 113\/2).<\/p>\n\n\n\n<p class=\"wp-block-paragraph\"><strong>4) \u201cHukuka ayk\u0131r\u0131 ba\u015fka davran\u0131\u015f\u201d ne demek?<\/strong><\/p>\n\n\n\n<p class=\"wp-block-paragraph\">Cebir veya tehdit olmasa bile, kamu hizmetini\/hizmete eri\u015fimi engelleyen&nbsp;<strong>ba\u015fka hukuka ayk\u0131r\u0131 eylemler<\/strong>&nbsp;(somut olaya g\u00f6re) bu kapsamda de\u011ferlendirilebilir. Her olayda \u201cengelleme\u201d neticesi ve ama\u00e7 ba\u011flant\u0131s\u0131 ayr\u0131ca incelenir.<\/p>\n\n\n\n<p class=\"wp-block-paragraph\"><strong>5) Bu su\u00e7un olu\u015fmas\u0131 i\u00e7in kamu hizmetinin tamamen durmas\u0131 m\u0131 gerekir?<\/strong><\/p>\n\n\n\n<p class=\"wp-block-paragraph\">Her somut olayda de\u011ferlendirilir. Yarg\u0131tay uygulamas\u0131nda \u00f6nemli olan, eylemin\u00a0<strong>kamu kurumunun faaliyetini engellemeye veya faaliyete bir s\u00fcreli\u011fine de olsa ara verdirmeye<\/strong>\u00a0elveri\u015fli ve bu ama\u00e7la yap\u0131lm\u0131\u015f olmas\u0131d\u0131r. <\/p>\n\n\n\n<p class=\"wp-block-paragraph\"><strong>6) \u015eikayete tabi mi?<\/strong><\/p>\n\n\n\n<p class=\"wp-block-paragraph\">TCK 113 kural olarak&nbsp;<strong>kamu d\u00fczenine ili\u015fkin<\/strong>&nbsp;nitelikte de\u011ferlendirildi\u011finden uygulamada \u00e7o\u011funlukla&nbsp;<strong>resen soru\u015fturulan<\/strong>&nbsp;su\u00e7lar aras\u0131nda yer al\u0131r. Ancak dosyan\u0131n niteli\u011fi ve ek su\u00e7lar (hakaret vb.) bak\u0131m\u0131ndan \u015fikayet \u015fart\u0131 farkl\u0131l\u0131k g\u00f6sterebilir. Somut olay analizi gerekir.<\/p>\n\n\n\n<hr class=\"wp-block-separator has-alpha-channel-opacity\"\/>\n\n\n\n<h2 class=\"wp-block-heading\"><span class=\"ez-toc-section\" id=\"Sonuc_Ozet\"><\/span><strong>Sonu\u00e7 \/ \u00d6zet<\/strong><span class=\"ez-toc-section-end\"><\/span><\/h2>\n\n\n\n<ul class=\"wp-block-list\">\n<li><strong>TCK 113<\/strong>, kamu faaliyetinin veya kamu hizmetine eri\u015fimin\u00a0<strong>cebir, tehdit veya hukuka ayk\u0131r\u0131 ba\u015fka davran\u0131\u015fla engellenmesini<\/strong>\u00a0su\u00e7 sayar.<\/li>\n\n\n\n<li><strong>Ceza 2\u20135 y\u0131l hapis<\/strong>tir.<\/li>\n\n\n\n<li>\u062c\u0631\u0645\u00a0<strong>sa\u011fl\u0131k hizmeti<\/strong>\u00a0ile ilgiliyse ceza\u00a0<strong>alt\u0131da bir oran\u0131na kadar art\u0131r\u0131labilir<\/strong>\u00a0(TCK 113\/2).<\/li>\n\n\n\n<li>Yarg\u0131tay\u2019a g\u00f6re su\u00e7un olu\u015fmas\u0131 i\u00e7in eylemin, kamu kurumunun faaliyetini\u00a0<strong>engellemeye\/ara verdirme amac\u0131na<\/strong>\u00a0y\u00f6nelmesi \u00f6nemlidir;\u00a0<strong>ba\u015fka ama\u00e7larla<\/strong>\u00a0yap\u0131lan her eylemde otomatik olarak TCK 113 uygulanmayabilir.<\/li>\n<\/ul>\n\n\n\n<hr class=\"wp-block-separator has-alpha-channel-opacity\"\/>\n\n\n\n<p class=\"wp-block-paragraph\">\u0628\u0631\u0627\u06cc \u0627\u0637\u0644\u0627\u0639\u0627\u062a \u0628\u06cc\u0634\u062a\u0631 <strong>0532 669 34 90<\/strong> \u0648 <a href=\"https:\/\/batinyilmaz.av.tr\/fa\/%d8%aa%d9%85%d8%a7%d8%b3\/\">https:\/\/batinyilmaz.av.tr\/iletisim\/<\/a> adreslerimizden bizimle ileti\u015fime ge\u00e7ebilirsiniz.<\/p>\n\n\n\n<p class=\"wp-block-paragraph\"><strong>\u0628\u0627\u062a\u06cc\u0646 \u06cc\u0644\u0645\u0627\u0632\u060c \u0648\u06a9\u06cc\u0644 <\/strong><\/p>","protected":false},"excerpt":{"rendered":"<p>Kamu hizmetlerinden yararlanma hakk\u0131n\u0131n engellenmesi, bir ki\u015finin veya toplumun&nbsp;devletin sundu\u011fu ya da kamu g\u00fcc\u00fcyle izin verilmi\u015f hizmetlerden faydalanmas\u0131n\u0131n&nbsp;veya&nbsp;kamu faaliyetinin y\u00fcr\u00fct\u00fclmesinin,&nbsp;cebir,&nbsp;tehdit&nbsp;ya da&nbsp;ba\u015fka bir hukuka ayk\u0131r\u0131 davran\u0131\u015fla&nbsp;engellenmesi durumunda olu\u015fan su\u00e7tur. Buradaki temel nokta \u015fudur: Bu y\u00fczden TCK 113, bireysel bir menfaatten \u00f6te,&nbsp;kamu d\u00fczenini ve kamu hizmetinin s\u00fcreklili\u011fini&nbsp;korur. TCK 113 Hangi Durumlarda Uygulan\u0131r? Kamu Faaliyetinin Y\u00fcr\u00fct\u00fclmesinin Engellenmesi (TCK [&hellip;]<\/p>\n","protected":false},"author":2,"featured_media":2752,"comment_status":"open","ping_status":"open","sticky":false,"template":"","format":"standard","meta":{"_joinchat":[],"footnotes":""},"categories":[61],"tags":[401,402],"class_list":["post-2751","post","type-post","status-publish","format-standard","has-post-thumbnail","hentry","category-ceza-hukuku","tag-kamu-hizmetlerinden-yararlanma-hakkinin-engellenmesi","tag-tck-113"],"_links":{"self":[{"href":"https:\/\/batinyilmaz.av.tr\/fa\/wp-json\/wp\/v2\/posts\/2751","targetHints":{"allow":["GET"]}}],"collection":[{"href":"https:\/\/batinyilmaz.av.tr\/fa\/wp-json\/wp\/v2\/posts"}],"about":[{"href":"https:\/\/batinyilmaz.av.tr\/fa\/wp-json\/wp\/v2\/types\/post"}],"author":[{"embeddable":true,"href":"https:\/\/batinyilmaz.av.tr\/fa\/wp-json\/wp\/v2\/users\/2"}],"replies":[{"embeddable":true,"href":"https:\/\/batinyilmaz.av.tr\/fa\/wp-json\/wp\/v2\/comments?post=2751"}],"version-history":[{"count":2,"href":"https:\/\/batinyilmaz.av.tr\/fa\/wp-json\/wp\/v2\/posts\/2751\/revisions"}],"predecessor-version":[{"id":2755,"href":"https:\/\/batinyilmaz.av.tr\/fa\/wp-json\/wp\/v2\/posts\/2751\/revisions\/2755"}],"wp:featuredmedia":[{"embeddable":true,"href":"https:\/\/batinyilmaz.av.tr\/fa\/wp-json\/wp\/v2\/media\/2752"}],"wp:attachment":[{"href":"https:\/\/batinyilmaz.av.tr\/fa\/wp-json\/wp\/v2\/media?parent=2751"}],"wp:term":[{"taxonomy":"category","embeddable":true,"href":"https:\/\/batinyilmaz.av.tr\/fa\/wp-json\/wp\/v2\/categories?post=2751"},{"taxonomy":"post_tag","embeddable":true,"href":"https:\/\/batinyilmaz.av.tr\/fa\/wp-json\/wp\/v2\/tags?post=2751"}],"curies":[{"name":"wp","href":"https:\/\/api.w.org\/{rel}","templated":true}]}}