{"id":2726,"date":"2026-02-20T15:17:51","date_gmt":"2026-02-20T12:17:51","guid":{"rendered":"https:\/\/batinyilmaz.av.tr\/?p=2726"},"modified":"2026-08-05T13:13:15","modified_gmt":"2026-08-05T10:13:15","slug":"kentsel-donusumde-kira-yardimi","status":"publish","type":"post","link":"https:\/\/batinyilmaz.av.tr\/fa\/kentsel-donusumde-kira-yardimi\/","title":{"rendered":"Kentsel D\u00f6n\u00fc\u015f\u00fcm Kira Yard\u0131m\u0131 2026 Ne Kadar? (Ba\u015fvuru \u015eartlar\u0131 + E-Devlet)"},"content":{"rendered":"<div id=\"ez-toc-container\" class=\"ez-toc-v2_0_85 counter-hierarchy ez-toc-counter ez-toc-grey ez-toc-container-direction\">\n<div class=\"ez-toc-title-container\">\n<p class=\"ez-toc-title\" style=\"cursor:inherit\">\u0633\u0631\u0628\u0631\u06af\u200c\u0647\u0627<\/p>\n<span class=\"ez-toc-title-toggle\"><a href=\"#\" class=\"ez-toc-pull-right ez-toc-btn ez-toc-btn-xs ez-toc-btn-default ez-toc-toggle\" aria-label=\"\u062a\u063a\u06cc\u06cc\u0631 \u0648\u0636\u0639\u06cc\u062a \u0641\u0647\u0631\u0633\u062a \u0645\u0637\u0627\u0644\u0628\"><span class=\"ez-toc-js-icon-con\"><span class=\"\"><span class=\"eztoc-hide\" style=\"display:none;\">\u062aoggle<\/span><span class=\"ez-toc-icon-toggle-span\"><svg style=\"fill: #999;color:#999\" xmlns=\"http:\/\/www.w3.org\/2000\/svg\" class=\"list-377408\" width=\"20px\" height=\"20px\" viewbox=\"0 0 24 24\" fill=\"none\"><path d=\"M6 6H4v2h2V6zm14 0H8v2h12V6zM4 11h2v2H4v-2zm16 0H8v2h12v-2zM4 16h2v2H4v-2zm16 0H8v2h12v-2z\" fill=\"currentColor\"><\/path><\/svg><svg style=\"fill: #999;color:#999\" class=\"arrow-unsorted-368013\" xmlns=\"http:\/\/www.w3.org\/2000\/svg\" width=\"10px\" height=\"10px\" viewbox=\"0 0 24 24\" version=\"1.2\" baseprofile=\"tiny\"><path d=\"M18.2 9.3l-6.2-6.3-6.2 6.3c-.2.2-.3.4-.3.7s.1.5.3.7c.2.2.4.3.7.3h11c.3 0 .5-.1.7-.3.2-.2.3-.5.3-.7s-.1-.5-.3-.7zM5.8 14.7l6.2 6.3 6.2-6.3c.2-.2.3-.5.3-.7s-.1-.5-.3-.7c-.2-.2-.4-.3-.7-.3h-11c-.3 0-.5.1-.7.3-.2.2-.3.5-.3.7s.1.5.3.7z\"\/><\/svg><\/span><\/span><\/span><\/a><\/span><\/div>\n<nav><ul class='ez-toc-list ez-toc-list-level-1' ><li class='ez-toc-page-1 ez-toc-heading-level-2'><a class=\"ez-toc-link ez-toc-heading-1\" href=\"https:\/\/batinyilmaz.av.tr\/fa\/kentsel-donusumde-kira-yardimi\/#Kentsel_Donusum_Kira_Yardimi_Basvurusu_Gerekli_Evraklar_ve_Isyeri_Kira_Yardimi\" >\u062f\u0631\u062e\u0648\u0627\u0633\u062a \u06a9\u0645\u06a9\u200c\u0647\u0632\u06cc\u0646\u0647 \u0627\u062c\u0627\u0631\u0647 \u0628\u0631\u0627\u06cc \u0627\u062d\u06cc\u0627\u06cc \u0634\u0647\u0631\u06cc\u060c \u0645\u062f\u0627\u0631\u06a9 \u0645\u0648\u0631\u062f \u0646\u06cc\u0627\u0632 \u0648 \u06a9\u0645\u06a9\u200c\u0647\u0632\u06cc\u0646\u0647 \u0627\u062c\u0627\u0631\u0647 \u0627\u0645\u0627\u06a9\u0646 \u062a\u062c\u0627\u0631\u06cc<\/a><\/li><li class='ez-toc-page-1 ez-toc-heading-level-2'><a class=\"ez-toc-link ez-toc-heading-2\" href=\"https:\/\/batinyilmaz.av.tr\/fa\/kentsel-donusumde-kira-yardimi\/#Kentsel_Donusumde_Kira_Yardimi_2026_Nedir\" >\u0637\u0631\u062d \u06a9\u0645\u06a9\u200c\u0647\u0632\u06cc\u0646\u0647 \u0627\u062c\u0627\u0631\u0647 \u06f2\u06f0\u06f2\u06f6 \u0628\u0631\u0627\u06cc \u0627\u062d\u06cc\u0627\u06cc \u0634\u0647\u0631\u06cc \u0686\u06cc\u0633\u062a\u061f<\/a><\/li><li class='ez-toc-page-1 ez-toc-heading-level-2'><a class=\"ez-toc-link ez-toc-heading-3\" href=\"https:\/\/batinyilmaz.av.tr\/fa\/kentsel-donusumde-kira-yardimi\/#Kentsel_Donusum_Kira_Yardimi_2026\" >Kentsel D\u00f6n\u00fc\u015f\u00fcm Kira Yard\u0131m\u0131 2026<\/a><\/li><li class='ez-toc-page-1 ez-toc-heading-level-2'><a class=\"ez-toc-link ez-toc-heading-4\" href=\"https:\/\/batinyilmaz.av.tr\/fa\/kentsel-donusumde-kira-yardimi\/#Kira_Yardimi_Kac_Ay_Verilir\" >\u06a9\u0645\u06a9\u200c\u0647\u0632\u06cc\u0646\u0647 \u0627\u062c\u0627\u0631\u0647 \u0628\u0647 \u0645\u062f\u062a \u0686\u0646\u062f \u0645\u0627\u0647 \u067e\u0631\u062f\u0627\u062e\u062a \u0645\u06cc\u200c\u0634\u0648\u062f\u061f<\/a><\/li><li class='ez-toc-page-1 ez-toc-heading-level-2'><a class=\"ez-toc-link ez-toc-heading-5\" href=\"https:\/\/batinyilmaz.av.tr\/fa\/kentsel-donusumde-kira-yardimi\/#Kentsel_Donusum_Kira_Yardimi_Ne_Zaman_Baslar\" >\u0637\u0631\u062d \u06a9\u0645\u06a9\u200c\u0647\u0632\u06cc\u0646\u0647 \u0627\u062c\u0627\u0631\u0647 \u0628\u0631\u0627\u06cc \u0627\u062d\u06cc\u0627\u06cc \u0634\u0647\u0631\u06cc \u0686\u0647 \u0632\u0645\u0627\u0646\u06cc \u0622\u063a\u0627\u0632 \u0645\u06cc\u200c\u0634\u0648\u062f\u061f<\/a><\/li><li class='ez-toc-page-1 ez-toc-heading-level-2'><a class=\"ez-toc-link ez-toc-heading-6\" href=\"https:\/\/batinyilmaz.av.tr\/fa\/kentsel-donusumde-kira-yardimi\/#Kentsel_Donusum_Kira_Yardimi_Basvurusu_Nasil_Yapilir\" >\u0686\u06af\u0648\u0646\u0647 \u0628\u0631\u0627\u06cc \u06a9\u0645\u06a9\u200c\u0647\u0632\u06cc\u0646\u0647 \u0627\u062c\u0627\u0631\u0647 \u0627\u062d\u06cc\u0627\u06cc \u0634\u0647\u0631\u06cc \u062f\u0631\u062e\u0648\u0627\u0633\u062a \u062f\u0647\u0645\u061f<\/a><\/li><li class='ez-toc-page-1 ez-toc-heading-level-2'><a class=\"ez-toc-link ez-toc-heading-7\" href=\"https:\/\/batinyilmaz.av.tr\/fa\/kentsel-donusumde-kira-yardimi\/#Gerekli_Evraklar\" >Gerekli Evraklar<\/a><\/li><li class='ez-toc-page-1 ez-toc-heading-level-2'><a class=\"ez-toc-link ez-toc-heading-8\" href=\"https:\/\/batinyilmaz.av.tr\/fa\/kentsel-donusumde-kira-yardimi\/#Kentsel_Donusumde_Isyeri_Kira_Yardimi\" >\u06a9\u0645\u06a9\u200c\u0647\u0632\u06cc\u0646\u0647 \u0627\u062c\u0627\u0631\u0647 \u0628\u0631\u0627\u06cc \u0627\u0645\u0627\u06a9\u0646 \u062a\u062c\u0627\u0631\u06cc \u062f\u0631 \u0627\u062d\u06cc\u0627\u06cc \u0634\u0647\u0631\u06cc<\/a><\/li><li class='ez-toc-page-1 ez-toc-heading-level-2'><a class=\"ez-toc-link ez-toc-heading-9\" href=\"https:\/\/batinyilmaz.av.tr\/fa\/kentsel-donusumde-kira-yardimi\/#Kentsel_Donusum_Surecinde_Avukat_Destegi_Neden_Onemlidir\" >\u0686\u0631\u0627 \u062d\u0645\u0627\u06cc\u062a \u062d\u0642\u0648\u0642\u06cc \u062f\u0631 \u0641\u0631\u0627\u06cc\u0646\u062f \u0627\u062d\u06cc\u0627\u06cc \u0634\u0647\u0631\u06cc \u0645\u0647\u0645 \u0627\u0633\u062a\u061f<\/a><\/li><li class='ez-toc-page-1 ez-toc-heading-level-2'><a class=\"ez-toc-link ez-toc-heading-10\" href=\"https:\/\/batinyilmaz.av.tr\/fa\/kentsel-donusumde-kira-yardimi\/#SIK_SORULAN_SORULAR_SSS\" >\u0633\u0648\u0627\u0644\u0627\u062a \u0645\u062a\u062f\u0627\u0648\u0644 (FAQ)<\/a><\/li><li class='ez-toc-page-1 ez-toc-heading-level-2'><a class=\"ez-toc-link ez-toc-heading-11\" href=\"https:\/\/batinyilmaz.av.tr\/fa\/kentsel-donusumde-kira-yardimi\/#Sik_Sorulan_Sorular\" >\u0633\u0624\u0627\u0644\u0627\u062a \u0645\u062a\u062f\u0627\u0648\u0644<\/a><ul class='ez-toc-list-level-3' ><li class='ez-toc-heading-level-3'><a class=\"ez-toc-link ez-toc-heading-12\" href=\"https:\/\/batinyilmaz.av.tr\/fa\/kentsel-donusumde-kira-yardimi\/#Kentsel_donusum_kira_yardimi_2026_ne_kadar\" >Kentsel d\u00f6n\u00fc\u015f\u00fcm kira yard\u0131m\u0131 2026 ne kadar?<\/a><\/li><li class='ez-toc-page-1 ez-toc-heading-level-3'><a class=\"ez-toc-link ez-toc-heading-13\" href=\"https:\/\/batinyilmaz.av.tr\/fa\/kentsel-donusumde-kira-yardimi\/#Kira_yardimi_basvurusu_nereden_yapilir\" >Kira yard\u0131m\u0131 ba\u015fvurusu nereden yap\u0131l\u0131r?<\/a><\/li><li class='ez-toc-page-1 ez-toc-heading-level-3'><a class=\"ez-toc-link ez-toc-heading-14\" href=\"https:\/\/batinyilmaz.av.tr\/fa\/kentsel-donusumde-kira-yardimi\/#Kira_yardimi_kac_ay_verilir\" >Kira yard\u0131m\u0131 ka\u00e7 ay verilir?<\/a><\/li><li class='ez-toc-page-1 ez-toc-heading-level-3'><a class=\"ez-toc-link ez-toc-heading-15\" href=\"https:\/\/batinyilmaz.av.tr\/fa\/kentsel-donusumde-kira-yardimi\/#Kiraci_kira_yardimi_alabilir_mi\" >Kirac\u0131 kira yard\u0131m\u0131 alabilir mi?<\/a><\/li><\/ul><\/li><\/ul><\/nav><\/div>\n\n<h2 class=\"wp-block-heading\"><span class=\"ez-toc-section\" id=\"Kentsel_Donusum_Kira_Yardimi_Basvurusu_Gerekli_Evraklar_ve_Isyeri_Kira_Yardimi\"><\/span><strong>\u062f\u0631\u062e\u0648\u0627\u0633\u062a \u06a9\u0645\u06a9\u200c\u0647\u0632\u06cc\u0646\u0647 \u0627\u062c\u0627\u0631\u0647 \u0628\u0631\u0627\u06cc \u0627\u062d\u06cc\u0627\u06cc \u0634\u0647\u0631\u06cc\u060c \u0645\u062f\u0627\u0631\u06a9 \u0645\u0648\u0631\u062f \u0646\u06cc\u0627\u0632 \u0648 \u06a9\u0645\u06a9\u200c\u0647\u0632\u06cc\u0646\u0647 \u0627\u062c\u0627\u0631\u0647 \u0627\u0645\u0627\u06a9\u0646 \u062a\u062c\u0627\u0631\u06cc<\/strong><span class=\"ez-toc-section-end\"><\/span><\/h2>\n\n\n\n<p class=\"wp-block-paragraph\">Kentsel d\u00f6n\u00fc\u015f\u00fcm kira yard\u0131m\u0131, riskli yap\u0131 kapsam\u0131nda evleri y\u0131k\u0131lan veya d\u00f6n\u00fc\u015f\u00fcme giren vatanda\u015flara devlet taraf\u0131ndan verilen maddi destektir. 2026 y\u0131l\u0131 itibar\u0131yla kira yard\u0131m\u0131 tutarlar\u0131 \u015fehir ve hak sahipli\u011fi durumuna g\u00f6re de\u011fi\u015fiklik g\u00f6stermektedir. Bu destek, d\u00f6n\u00fc\u015f\u00fcm s\u00fcrecinde bar\u0131nma veya ticari faaliyetin devam\u0131n\u0131 sa\u011flamak amac\u0131yla verilmektedir.<\/p>\n\n\n\n<p class=\"wp-block-paragraph\">\u062f\u0631 \u0627\u06cc\u0646 \u0645\u0642\u0627\u0644\u0647 <strong>\u062f\u0631\u062e\u0648\u0627\u0633\u062a \u06a9\u0645\u06a9\u200c\u0647\u0632\u06cc\u0646\u0647 \u0627\u062c\u0627\u0631\u0647 \u0628\u0631\u0627\u06cc \u0627\u062d\u06cc\u0627\u06cc \u0634\u0647\u0631\u06cc<\/strong>, <strong>\u0645\u062f\u0627\u0631\u06a9 \u0645\u0648\u0631\u062f \u0646\u06cc\u0627\u0632<\/strong>, <strong>\u0645\u0628\u0644\u063a \u06a9\u0645\u06a9 \u0627\u062c\u0627\u0631\u0647<\/strong>, <strong>\u06a9\u0645\u06a9\u200c\u0647\u0632\u06cc\u0646\u0647 \u0627\u062c\u0627\u0631\u0647 \u0628\u0647 \u0645\u062f\u062a \u0686\u0646\u062f \u0645\u0627\u0647 \u067e\u0631\u062f\u0627\u062e\u062a \u0645\u06cc\u200c\u0634\u0648\u062f\u061f<\/strong>, <strong>\u06a9\u0645\u06a9\u200c\u0647\u0632\u06cc\u0646\u0647 \u0627\u062c\u0627\u0631\u0647 \u0628\u0631\u0627\u06cc \u0627\u0645\u0627\u06a9\u0646 \u062a\u062c\u0627\u0631\u06cc \u062f\u0631 \u0627\u062d\u06cc\u0627\u06cc \u0634\u0647\u0631\u06cc<\/strong> \u0648 \u062c\u0646\u0628\u0647 \u0642\u0627\u0646\u0648\u0646\u06cc \u0641\u0631\u0622\u06cc\u0646\u062f <strong>\u0648\u06a9\u06cc\u0644 \u0634\u0647\u0631\u0633\u0627\u0632\u06cc<\/strong> \u0648 <strong>\u0648\u06a9\u06cc\u0644 \u0627\u062d\u06cc\u0627\u06cc \u0634\u0647\u0631\u06cc<\/strong> \u0627\u0632 \u062f\u06cc\u062f\u06af\u0627\u0647 <strong>\u0628\u0627 \u0627\u0637\u0644\u0627\u0639\u0627\u062a \u0642\u0637\u0639\u06cc \u0648 \u0631\u0648\u0634\u0646<\/strong> \u062a\u0648\u0636\u06cc\u062d \u062f\u0627\u062f\u0647 \u0645\u06cc\u200c\u0634\u0648\u062f.<\/p>\n\n\n\n<hr class=\"wp-block-separator has-alpha-channel-opacity\"\/>\n\n\n\n<h2 class=\"wp-block-heading\"><span class=\"ez-toc-section\" id=\"Kentsel_Donusumde_Kira_Yardimi_2026_Nedir\"><\/span><strong>\u0637\u0631\u062d \u06a9\u0645\u06a9\u200c\u0647\u0632\u06cc\u0646\u0647 \u0627\u062c\u0627\u0631\u0647 \u06f2\u06f0\u06f2\u06f6 \u0628\u0631\u0627\u06cc \u0627\u062d\u06cc\u0627\u06cc \u0634\u0647\u0631\u06cc \u0686\u06cc\u0633\u062a\u061f<\/strong><span class=\"ez-toc-section-end\"><\/span><\/h2>\n\n\n\n<p class=\"wp-block-paragraph\">\u06a9\u0645\u06a9\u200c\u0647\u0632\u06cc\u0646\u0647 \u0627\u062c\u0627\u0631\u0647 \u062f\u0631 \u0627\u062d\u06cc\u0627\u06cc \u0634\u0647\u0631\u06cc\u061b \u0628\u0631\u0627\u06cc \u06a9\u0633\u0627\u0646\u06cc \u06a9\u0647 \u067e\u0633 \u0627\u0632 \u0634\u0646\u0627\u0633\u0627\u06cc\u06cc \u06cc\u06a9 \u0633\u0627\u062e\u062a\u0645\u0627\u0646 \u067e\u0631\u062e\u0637\u0631\u060c \u0645\u0644\u06a9 \u062e\u0648\u062f \u0631\u0627 \u062a\u062e\u0644\u06cc\u0647 \u0645\u06cc\u200c\u06a9\u0646\u0646\u062f:<br>\u2022 Ev sahiplerine<br>\u2022 Kirac\u0131lara<br>\u2022 S\u0131n\u0131rl\u0131 ayni hak sahiplerine<br>\u2022 \u0130\u015fyeri sahipleri ve kirac\u0131lar\u0131na<br>ayl\u0131k olarak veya tek seferlik destek \u015feklinde \u00f6denen geri istenmeyen bir kamu deste\u011fidir.<\/p>\n\n\n\n<hr class=\"wp-block-separator has-alpha-channel-opacity\"\/>\n\n\n\n<h2 class=\"wp-block-heading\"><span class=\"ez-toc-section\" id=\"Kentsel_Donusum_Kira_Yardimi_2026\"><\/span><strong>Kentsel D\u00f6n\u00fc\u015f\u00fcm Kira Yard\u0131m\u0131 2026<\/strong><span class=\"ez-toc-section-end\"><\/span><\/h2>\n\n\n\n<p class=\"wp-block-paragraph\">\ud83d\udccc <strong>2026 Y\u0131l\u0131 Ayl\u0131k Kira Yard\u0131m\u0131 Tutarlar\u0131<\/strong><\/p>\n\n\n\n<figure class=\"wp-block-table\"><table class=\"has-fixed-layout\"><thead><tr><td><strong>\u0634\u0647\u0631\u0633\u062a\u0627\u0646 \/ \u0645\u0646\u0637\u0642\u0647<\/strong><\/td><td><strong>\u06a9\u0645\u06a9\u200c\u0647\u0632\u06cc\u0646\u0647 \u0627\u062c\u0627\u0631\u0647 \u0645\u0627\u0647\u0627\u0646\u0647<\/strong><\/td><\/tr><\/thead><tbody><tr><td>\u0627\u0633\u062a\u0627\u0646\u0628\u0648\u0644<\/td><td>9.000 TL \u2013 10.500 TL<\/td><\/tr><tr><td>\u0622\u0646\u06a9\u0627\u0631\u0627\u060c \u0627\u0632\u0645\u06cc\u0631\u060c \u0622\u0646\u062a\u0627\u0644\u06cc\u0627\u060c \u0628\u0648\u0631\u0633\u0627<\/td><td>7.500 TL \u2013 8.500 TL<\/td><\/tr><tr><td>\u0633\u0627\u06cc\u0631 \u0634\u0647\u0631\u0647\u0627\u06cc \u0628\u0632\u0631\u06af<\/td><td>6.500 TL \u2013 7.500 TL<\/td><\/tr><tr><td>\u0627\u0633\u062a\u0627\u0646\u200c\u0647\u0627\u06cc \u062f\u06cc\u06af\u0631<\/td><td>5.500 TL \u2013 6.000 TL<\/td><\/tr><\/tbody><\/table><\/figure>\n\n\n\n<p class=\"wp-block-paragraph\">\u2714 \u00d6demeler her ay yap\u0131l\u0131r (ev sahipleri\/malikler i\u00e7in)<br>\u2714 \u0628\u0647 \u062d\u0633\u0627\u0628 \u0628\u0627\u0646\u06a9\u06cc \u0648\u0627\u0631\u06cc\u0632 \u0634\u062f<br>\u2714 \u0628\u062f\u0648\u0646 \u0628\u0627\u0632\u067e\u0631\u062f\u0627\u062e\u062a<\/p>\n\n\n\n<p class=\"wp-block-paragraph\">\ud83d\udccc 2026 g\u00fcncel kira yard\u0131m\u0131 tutarlar\u0131 her y\u0131l de\u011fi\u015fmektedir. En g\u00fcncel rakamlar resmi a\u00e7\u0131klamalara g\u00f6re g\u00fcncellenmektedir.<\/p>\n\n\n\n<hr class=\"wp-block-separator has-alpha-channel-opacity\"\/>\n\n\n\n<h2 class=\"wp-block-heading\"><span class=\"ez-toc-section\" id=\"Kira_Yardimi_Kac_Ay_Verilir\"><\/span><strong>\u06a9\u0645\u06a9\u200c\u0647\u0632\u06cc\u0646\u0647 \u0627\u062c\u0627\u0631\u0647 \u0628\u0647 \u0645\u062f\u062a \u0686\u0646\u062f \u0645\u0627\u0647 \u067e\u0631\u062f\u0627\u062e\u062a \u0645\u06cc\u200c\u0634\u0648\u062f\u061f<\/strong><span class=\"ez-toc-section-end\"><\/span><\/h2>\n\n\n\n<p class=\"wp-block-paragraph\"><strong>\ud83c\udfe0<\/strong><strong> KONUTLAR<\/strong><\/p>\n\n\n\n<figure class=\"wp-block-table\"><table class=\"has-fixed-layout\"><thead><tr><td><strong>\u062f\u0627\u0631\u0646\u062f\u0647 \u062d\u0642\u0648\u0642<\/strong><\/td><td><strong>\u0645\u062f\u062a \u0632\u0645\u0627\u0646<\/strong><\/td><\/tr><\/thead><tbody><tr><td>\u0645\u0627\u0644\u06a9 \u062e\u0627\u0646\u0647<\/td><td>\u06f1\u06f8 \u0645\u0627\u0647<\/td><\/tr><tr><td>\u0645\u0633\u062a\u0623\u062c\u0631<\/td><td>Tek seferlik ta\u015f\u0131nma deste\u011fi<\/td><\/tr><tr><td>\u062f\u0627\u0631\u0646\u062f\u0647 \u062d\u0642 \u0645\u062d\u062f\u0648\u062f \u062f\u0631 \u0639\u06cc\u0646<\/td><td>\u06f1\u06f8 \u0645\u0627\u0647<\/td><\/tr><\/tbody><\/table><\/figure>\n\n\n\n<hr class=\"wp-block-separator has-alpha-channel-opacity\"\/>\n\n\n\n<p class=\"wp-block-paragraph\"><strong>\ud83c\udfe2<\/strong><strong> \u0130\u015eYERLER\u0130<\/strong><\/p>\n\n\n\n<figure class=\"wp-block-table\"><table class=\"has-fixed-layout\"><thead><tr><td><strong>\u062f\u0627\u0631\u0646\u062f\u0647 \u062d\u0642\u0648\u0642<\/strong><\/td><td><strong>\u0645\u062f\u062a \u0632\u0645\u0627\u0646<\/strong><\/td><\/tr><\/thead><tbody><tr><td>\u0645\u0627\u0644\u06a9 \u06a9\u0633\u0628\u200c\u0648\u06a9\u0627\u0631<\/td><td>\u06f1\u06f8 \u0645\u0627\u0647<\/td><\/tr><tr><td>\u0645\u0633\u062a\u0623\u062c\u0631 \u062a\u062c\u0627\u0631\u06cc<\/td><td>Tek seferlik ta\u015f\u0131nma deste\u011fi<\/td><\/tr><tr><td>\u062f\u0631 \u0645\u062d\u0644 \u06a9\u0627\u0631\u060c \u06a9\u0645\u06a9\u200c\u0647\u0632\u06cc\u0646\u0647 \u0627\u062c\u0627\u0631\u0647 \u0648\u062c\u0648\u062f \u062f\u0627\u0631\u062f.<\/td><td><\/td><\/tr><tr><td>Faaliyetin fiilen y\u00fcr\u00fct\u00fcld\u00fc\u011f\u00fc belgelenmelidir<\/td><td><\/td><\/tr><\/tbody><\/table><\/figure>\n\n\n\n<hr class=\"wp-block-separator has-alpha-channel-opacity\"\/>\n\n\n\n<h2 class=\"wp-block-heading\"><span class=\"ez-toc-section\" id=\"Kentsel_Donusum_Kira_Yardimi_Ne_Zaman_Baslar\"><\/span><strong>\u0637\u0631\u062d \u06a9\u0645\u06a9\u200c\u0647\u0632\u06cc\u0646\u0647 \u0627\u062c\u0627\u0631\u0647 \u0628\u0631\u0627\u06cc \u0627\u062d\u06cc\u0627\u06cc \u0634\u0647\u0631\u06cc \u0686\u0647 \u0632\u0645\u0627\u0646\u06cc \u0622\u063a\u0627\u0632 \u0645\u06cc\u200c\u0634\u0648\u062f\u061f<\/strong><span class=\"ez-toc-section-end\"><\/span><\/h2>\n\n\n\n<p class=\"wp-block-paragraph\">\ud83d\udc49 Tahliye tarihinden sonra ba\u015flar.<br>\u26a0\ufe0f Geriye d\u00f6n\u00fck \u00f6deme yap\u0131lmaz<br>\u26a0\ufe0f Ge\u00e7 ba\u015fvuru = kay\u0131p aylar<\/p>\n\n\n\n<hr class=\"wp-block-separator has-alpha-channel-opacity\"\/>\n\n\n\n<h2 class=\"wp-block-heading\"><span class=\"ez-toc-section\" id=\"Kentsel_Donusum_Kira_Yardimi_Basvurusu_Nasil_Yapilir\"><\/span><strong>\u0686\u06af\u0648\u0646\u0647 \u0628\u0631\u0627\u06cc \u06a9\u0645\u06a9\u200c\u0647\u0632\u06cc\u0646\u0647 \u0627\u062c\u0627\u0631\u0647 \u0627\u062d\u06cc\u0627\u06cc \u0634\u0647\u0631\u06cc \u062f\u0631\u062e\u0648\u0627\u0633\u062a \u062f\u0647\u0645\u061f<\/strong><span class=\"ez-toc-section-end\"><\/span><\/h2>\n\n\n\n<p class=\"wp-block-paragraph\">\u015eEMAT\u0130K S\u00dcRE\u00c7 ANLATIMI:<br>1 Riskli yap\u0131 tespiti<br>\u2b07<br>2 Tahliye i\u015flemi<br>\u2b07<br>3 Kira yard\u0131m\u0131 ba\u015fvurusu<br>\u2b07<br>4 \u0130dari inceleme<br>\u2b07<br>5 Ayl\u0131k \u00f6demelerin ba\u015flamas\u0131<\/p>\n\n\n\n<p class=\"wp-block-paragraph\">\u06a9\u0627\u0631\u0628\u0631\u062f\u0647\u0627:<br>\u2022 \u00c7evre, \u015eehircilik ve \u0130klim De\u011fi\u015fikli\u011fi \u0130l M\u00fcd\u00fcrl\u00fcklerine<br>\u2022 Yetkili belediyelere<br>\u0627\u0646\u062c\u0627\u0645 \u0634\u062f.<\/p>\n\n\n\n<hr class=\"wp-block-separator has-alpha-channel-opacity\"\/>\n\n\n\n<h2 class=\"wp-block-heading\"><span class=\"ez-toc-section\" id=\"Gerekli_Evraklar\"><\/span><strong>Gerekli Evraklar<\/strong><span class=\"ez-toc-section-end\"><\/span><\/h2>\n\n\n\n<p class=\"wp-block-paragraph\">\u2022 Kimlik fotokopisi<br>\u2022 Tapu kayd\u0131 \/ kira s\u00f6zle\u015fmesi<br>\u2022 Riskli yap\u0131 tespit raporu<br>\u2022 Tahliye belgesi<br>\u2022 IBAN bilgisi<br>\u2022 \u0130\u015fyeri i\u00e7in vergi levhas\u0131 (varsa)<\/p>\n\n\n\n<p class=\"wp-block-paragraph\">Evrak eksikse \u00f6deme yap\u0131lmaz.<\/p>\n\n\n\n<hr class=\"wp-block-separator has-alpha-channel-opacity\"\/>\n\n\n\n<h2 class=\"wp-block-heading\"><span class=\"ez-toc-section\" id=\"Kentsel_Donusumde_Isyeri_Kira_Yardimi\"><\/span><strong>\u06a9\u0645\u06a9\u200c\u0647\u0632\u06cc\u0646\u0647 \u0627\u062c\u0627\u0631\u0647 \u0628\u0631\u0627\u06cc \u0627\u0645\u0627\u06a9\u0646 \u062a\u062c\u0627\u0631\u06cc \u062f\u0631 \u0627\u062d\u06cc\u0627\u06cc \u0634\u0647\u0631\u06cc<\/strong><span class=\"ez-toc-section-end\"><\/span><\/h2>\n\n\n\n<p class=\"wp-block-paragraph\">\u0628\u0631\u0627\u06cc \u06a9\u0645\u06a9\u200c\u0647\u0632\u06cc\u0646\u0647 \u0627\u062c\u0627\u0631\u0647 \u0645\u062d\u0644 \u06a9\u0633\u0628\u200c\u0648\u06a9\u0627\u0631:<br>\u2714 \u0645\u062d\u0644 \u06a9\u0627\u0631 \u0628\u0627\u06cc\u062f \u062f\u0631 \u06cc\u06a9 \u0633\u0627\u062e\u062a\u0645\u0627\u0646 \u067e\u0631\u062e\u0637\u0631 \u0648\u0627\u0642\u0639 \u0634\u062f\u0647 \u0628\u0627\u0634\u062f.<br>\u2714 \u0628\u0627\u06cc\u062f \u0645\u0633\u062a\u0646\u062f \u0634\u0648\u062f \u06a9\u0647 \u0648\u0627\u0642\u0639\u0627\u064b \u0639\u0645\u0644\u06cc\u0627\u062a\u06cc \u0627\u0633\u062a.<br>\u2714 \u062d\u062a\u0645\u0627\u064b \u062a\u062e\u0644\u06cc\u0647 \u0634\u062f\u0647 \u0627\u0633\u062a<\/p>\n\n\n\n<p class=\"wp-block-paragraph\">S\u00fcre ve bedel konutla ayn\u0131d\u0131r.<\/p>\n\n\n\n<hr class=\"wp-block-separator has-alpha-channel-opacity\"\/>\n\n\n\n<h2 class=\"wp-block-heading\"><span class=\"ez-toc-section\" id=\"Kentsel_Donusum_Surecinde_Avukat_Destegi_Neden_Onemlidir\"><\/span><strong>\u0686\u0631\u0627 \u062d\u0645\u0627\u06cc\u062a \u062d\u0642\u0648\u0642\u06cc \u062f\u0631 \u0641\u0631\u0627\u06cc\u0646\u062f \u0627\u062d\u06cc\u0627\u06cc \u0634\u0647\u0631\u06cc \u0645\u0647\u0645 \u0627\u0633\u062a\u061f<\/strong><span class=\"ez-toc-section-end\"><\/span><\/h2>\n\n\n\n<p class=\"wp-block-paragraph\">Bir kentsel d\u00f6n\u00fc\u015f\u00fcm avukat\u0131 \/ imar hukuku avukat\u0131:<br>\u2022 Kira yard\u0131m\u0131 hakk\u0131n\u0131z\u0131 hesaplar<br>\u2022 Eksik \u00f6deme ve ret kararlar\u0131na itiraz eder<br>\u2022 \u0130dari dava s\u00fcre\u00e7lerini y\u00fcr\u00fct\u00fcr<br>\u2022 Hak kay\u0131plar\u0131n\u0131 \u00f6nler<\/p>\n\n\n\n<p class=\"wp-block-paragraph\">\u00d6zellikle kira yard\u0131m\u0131 reddi veya kesilmesi halinde hukuki destek zorunludur.<\/p>\n\n\n\n<hr class=\"wp-block-separator has-alpha-channel-opacity\"\/>\n\n\n\n<h2 class=\"wp-block-heading\"><span class=\"ez-toc-section\" id=\"SIK_SORULAN_SORULAR_SSS\"><\/span><strong>\u0633\u0648\u0627\u0644\u0627\u062a \u0645\u062a\u062f\u0627\u0648\u0644 (FAQ)<\/strong><span class=\"ez-toc-section-end\"><\/span><\/h2>\n\n\n\n<p class=\"wp-block-paragraph\"><strong>1)Kira yard\u0131m\u0131 tek sefer mi?<\/strong><br>Hay\u0131r. Ayl\u0131k ve belirli s\u00fcre boyunca verilir.<\/p>\n\n\n\n<p class=\"wp-block-paragraph\"><strong>2)Kirac\u0131 da kira yard\u0131m\u0131 alabilir mi?<\/strong><br>Evet, tek seferlik ta\u015f\u0131nma deste\u011fi olarak.<\/p>\n\n\n\n<p class=\"wp-block-paragraph\"><strong>3)\u0130\u015fyeri kira yard\u0131m\u0131 var m\u0131?<\/strong><br>Evet, \u015fartlar sa\u011flan\u0131rsa verilir.<\/p>\n\n\n\n<p class=\"wp-block-paragraph\"><strong>4)Kira yard\u0131m\u0131 geri \u00f6denir mi?<\/strong><br>Hay\u0131r. Tamamen geri \u00f6demesizdir.<\/p>\n\n\n\n<p class=\"wp-block-paragraph\"><strong>5)Ge\u00e7 ba\u015fvuru yap\u0131l\u0131rsa ne olur?<\/strong><br>Ge\u00e7en aylar yanar, geriye d\u00f6n\u00fck \u00f6deme yap\u0131lmaz.<\/p>\n\n\n\n<hr class=\"wp-block-separator has-alpha-channel-opacity\"\/>\n\n\n\n<p class=\"wp-block-paragraph\"><strong>\u0646\u062a\u06cc\u062c\u0647\u200c\u06af\u06cc\u0631\u06cc<\/strong><\/p>\n\n\n\n<p class=\"wp-block-paragraph\">\u2714 Kentsel d\u00f6n\u00fc\u015f\u00fcm kira yard\u0131m\u0131 2026 ayl\u0131k veya tek seferlik verilir<br>\u2714 \u0130stanbul i\u00e7in ayl\u0131k 9.000 TL \u2013 10.500 TL aras\u0131nda<br>\u2714 Toplam s\u00fcre 18 ay (ev sahipleri)<br>\u2714 \u0130\u015fyeri kira yard\u0131m\u0131 vard\u0131r<\/p>\n\n\n\n<h2 class=\"wp-block-heading\"><span class=\"ez-toc-section\" id=\"Sik_Sorulan_Sorular\"><\/span>\u0633\u0624\u0627\u0644\u0627\u062a \u0645\u062a\u062f\u0627\u0648\u0644<span class=\"ez-toc-section-end\"><\/span><\/h2>\n\n\n\n<h3 class=\"wp-block-heading\"><span class=\"ez-toc-section\" id=\"Kentsel_donusum_kira_yardimi_2026_ne_kadar\"><\/span>Kentsel d\u00f6n\u00fc\u015f\u00fcm kira yard\u0131m\u0131 2026 ne kadar?<span class=\"ez-toc-section-end\"><\/span><\/h3>\n\n\n\n<p class=\"wp-block-paragraph\">Kira yard\u0131m\u0131 tutar\u0131 il baz\u0131nda de\u011fi\u015fmekle birlikte her y\u0131l g\u00fcncellenmektedir ve \u0130stanbul, Ankara, \u0130zmir gibi b\u00fcy\u00fck\u015fehirlerde daha y\u00fcksek seviyededir.<\/p>\n\n\n\n<h3 class=\"wp-block-heading\"><span class=\"ez-toc-section\" id=\"Kira_yardimi_basvurusu_nereden_yapilir\"><\/span>Kira yard\u0131m\u0131 ba\u015fvurusu nereden yap\u0131l\u0131r?<span class=\"ez-toc-section-end\"><\/span><\/h3>\n\n\n\n<p class=\"wp-block-paragraph\">Ba\u015fvurular genellikle e-Devlet \u00fczerinden veya ilgili il\u00e7e belediyesi ve \u00c7evre, \u015eehircilik ve \u0130klim De\u011fi\u015fikli\u011fi Bakanl\u0131\u011f\u0131 birimleri \u00fczerinden yap\u0131l\u0131r.<\/p>\n\n\n\n<h3 class=\"wp-block-heading\"><span class=\"ez-toc-section\" id=\"Kira_yardimi_kac_ay_verilir\"><\/span>Kira yard\u0131m\u0131 ka\u00e7 ay verilir?<span class=\"ez-toc-section-end\"><\/span><\/h3>\n\n\n\n<p class=\"wp-block-paragraph\">Kira yard\u0131m\u0131 18 ay ile s\u0131n\u0131rl\u0131 olarak \u00f6denir.<\/p>\n\n\n\n<h3 class=\"wp-block-heading\"><span class=\"ez-toc-section\" id=\"Kiraci_kira_yardimi_alabilir_mi\"><\/span>Kirac\u0131 kira yard\u0131m\u0131 alabilir mi?<span class=\"ez-toc-section-end\"><\/span><\/h3>\n\n\n\n<p class=\"wp-block-paragraph\">Genellikle hak sahibi ev sahipleridir, ancak baz\u0131 \u00f6zel durumlarda kirac\u0131lar i\u00e7in de destek mekanizmalar\u0131 olabilir.<\/p>\n\n\n\n<p class=\"wp-block-paragraph\">Hak kayb\u0131 ya\u015famamak i\u00e7in s\u00fcrecin ba\u015f\u0131ndan itibaren kentsel d\u00f6n\u00fc\u015f\u00fcm avukat\u0131 ve imar hukuku avukat\u0131 deste\u011fi al\u0131nmas\u0131 b\u00fcy\u00fck \u00f6nem ta\u015f\u0131r. Daha fazla bilgi i\u00e7in <strong>0532 669 34 90<\/strong> \u0648 <strong><a href=\"https:\/\/batinyilmaz.av.tr\/fa\/%d8%aa%d9%85%d8%a7%d8%b3\/\">https:\/\/batinyilmaz.av.tr\/iletisim\/<\/a><\/strong> adreslerimizden bizimle ileti\u015fime ge\u00e7ebilirsiniz.<\/p>\n\n\n\n<p class=\"wp-block-paragraph\">\u0628\u0627\u062a\u06cc\u0646 \u06cc\u0644\u0645\u0627\u0632\u060c \u0648\u06a9\u06cc\u0644 <\/p>","protected":false},"excerpt":{"rendered":"<p>Kentsel D\u00f6n\u00fc\u015f\u00fcm Kira Yard\u0131m\u0131 Ba\u015fvurusu, Gerekli Evraklar ve \u0130\u015fyeri Kira Yard\u0131m\u0131 Kentsel d\u00f6n\u00fc\u015f\u00fcm kira yard\u0131m\u0131, riskli yap\u0131 kapsam\u0131nda evleri y\u0131k\u0131lan veya d\u00f6n\u00fc\u015f\u00fcme giren vatanda\u015flara devlet taraf\u0131ndan verilen maddi destektir. 2026 y\u0131l\u0131 itibar\u0131yla kira yard\u0131m\u0131 tutarlar\u0131 \u015fehir ve hak sahipli\u011fi durumuna g\u00f6re de\u011fi\u015fiklik g\u00f6stermektedir. Bu destek, d\u00f6n\u00fc\u015f\u00fcm s\u00fcrecinde bar\u0131nma veya ticari faaliyetin devam\u0131n\u0131 sa\u011flamak amac\u0131yla verilmektedir. [&hellip;]<\/p>\n","protected":false},"author":2,"featured_media":2727,"comment_status":"open","ping_status":"open","sticky":false,"template":"","format":"standard","meta":{"_joinchat":[],"footnotes":""},"categories":[445],"tags":[391],"class_list":["post-2726","post","type-post","status-publish","format-standard","has-post-thumbnail","hentry","category-gayrimenkul-hukuku","tag-kentsel-donusumde-kira-yardimi-2026"],"_links":{"self":[{"href":"https:\/\/batinyilmaz.av.tr\/fa\/wp-json\/wp\/v2\/posts\/2726","targetHints":{"allow":["GET"]}}],"collection":[{"href":"https:\/\/batinyilmaz.av.tr\/fa\/wp-json\/wp\/v2\/posts"}],"about":[{"href":"https:\/\/batinyilmaz.av.tr\/fa\/wp-json\/wp\/v2\/types\/post"}],"author":[{"embeddable":true,"href":"https:\/\/batinyilmaz.av.tr\/fa\/wp-json\/wp\/v2\/users\/2"}],"replies":[{"embeddable":true,"href":"https:\/\/batinyilmaz.av.tr\/fa\/wp-json\/wp\/v2\/comments?post=2726"}],"version-history":[{"count":4,"href":"https:\/\/batinyilmaz.av.tr\/fa\/wp-json\/wp\/v2\/posts\/2726\/revisions"}],"predecessor-version":[{"id":2882,"href":"https:\/\/batinyilmaz.av.tr\/fa\/wp-json\/wp\/v2\/posts\/2726\/revisions\/2882"}],"wp:featuredmedia":[{"embeddable":true,"href":"https:\/\/batinyilmaz.av.tr\/fa\/wp-json\/wp\/v2\/media\/2727"}],"wp:attachment":[{"href":"https:\/\/batinyilmaz.av.tr\/fa\/wp-json\/wp\/v2\/media?parent=2726"}],"wp:term":[{"taxonomy":"category","embeddable":true,"href":"https:\/\/batinyilmaz.av.tr\/fa\/wp-json\/wp\/v2\/categories?post=2726"},{"taxonomy":"post_tag","embeddable":true,"href":"https:\/\/batinyilmaz.av.tr\/fa\/wp-json\/wp\/v2\/tags?post=2726"}],"curies":[{"name":"wp","href":"https:\/\/api.w.org\/{rel}","templated":true}]}}