{"id":2714,"date":"2026-02-17T12:14:58","date_gmt":"2026-02-17T09:14:58","guid":{"rendered":"https:\/\/batinyilmaz.av.tr\/?p=2714"},"modified":"2026-02-17T12:15:00","modified_gmt":"2026-02-17T09:15:00","slug":"tck-106-tehdit-sucu-nedir","status":"publish","type":"post","link":"https:\/\/batinyilmaz.av.tr\/fa\/tck-106-tehdit-sucu-nedir\/","title":{"rendered":"TCK 106 Tehdit Su\u00e7u Nedir?"},"content":{"rendered":"<div id=\"ez-toc-container\" class=\"ez-toc-v2_0_85 counter-hierarchy ez-toc-counter ez-toc-grey ez-toc-container-direction\">\n<div class=\"ez-toc-title-container\">\n<p class=\"ez-toc-title\" style=\"cursor:inherit\">\u0633\u0631\u0628\u0631\u06af\u200c\u0647\u0627<\/p>\n<span class=\"ez-toc-title-toggle\"><a href=\"#\" class=\"ez-toc-pull-right ez-toc-btn ez-toc-btn-xs ez-toc-btn-default ez-toc-toggle\" aria-label=\"\u062a\u063a\u06cc\u06cc\u0631 \u0648\u0636\u0639\u06cc\u062a \u0641\u0647\u0631\u0633\u062a \u0645\u0637\u0627\u0644\u0628\"><span class=\"ez-toc-js-icon-con\"><span class=\"\"><span class=\"eztoc-hide\" style=\"display:none;\">\u062aoggle<\/span><span class=\"ez-toc-icon-toggle-span\"><svg style=\"fill: #999;color:#999\" xmlns=\"http:\/\/www.w3.org\/2000\/svg\" class=\"list-377408\" width=\"20px\" height=\"20px\" viewbox=\"0 0 24 24\" fill=\"none\"><path d=\"M6 6H4v2h2V6zm14 0H8v2h12V6zM4 11h2v2H4v-2zm16 0H8v2h12v-2zM4 16h2v2H4v-2zm16 0H8v2h12v-2z\" fill=\"currentColor\"><\/path><\/svg><svg style=\"fill: #999;color:#999\" class=\"arrow-unsorted-368013\" xmlns=\"http:\/\/www.w3.org\/2000\/svg\" width=\"10px\" height=\"10px\" viewbox=\"0 0 24 24\" version=\"1.2\" baseprofile=\"tiny\"><path d=\"M18.2 9.3l-6.2-6.3-6.2 6.3c-.2.2-.3.4-.3.7s.1.5.3.7c.2.2.4.3.7.3h11c.3 0 .5-.1.7-.3.2-.2.3-.5.3-.7s-.1-.5-.3-.7zM5.8 14.7l6.2 6.3 6.2-6.3c.2-.2.3-.5.3-.7s-.1-.5-.3-.7c-.2-.2-.4-.3-.7-.3h-11c-.3 0-.5.1-.7.3-.2.2-.3.5-.3.7s.1.5.3.7z\"\/><\/svg><\/span><\/span><\/span><\/a><\/span><\/div>\n<nav><ul class='ez-toc-list ez-toc-list-level-1' ><li class='ez-toc-page-1 ez-toc-heading-level-2'><a class=\"ez-toc-link ez-toc-heading-1\" href=\"https:\/\/batinyilmaz.av.tr\/fa\/tck-106-tehdit-sucu-nedir\/#Tehdit_Sucunda_Korunan_Hukuki_Deger_Nedir\" >Tehdit Su\u00e7unda Korunan Hukuki De\u011fer Nedir?<\/a><\/li><li class='ez-toc-page-1 ez-toc-heading-level-2'><a class=\"ez-toc-link ez-toc-heading-2\" href=\"https:\/\/batinyilmaz.av.tr\/fa\/tck-106-tehdit-sucu-nedir\/#Tehdit_Sucu_Unsurlari_Nelerdir\" >Tehdit Su\u00e7u Unsurlar\u0131 Nelerdir?<\/a><\/li><li class='ez-toc-page-1 ez-toc-heading-level-2'><a class=\"ez-toc-link ez-toc-heading-3\" href=\"https:\/\/batinyilmaz.av.tr\/fa\/tck-106-tehdit-sucu-nedir\/#Tehdit_Sucu_Cezasi_TCK_1061\" >Tehdit Su\u00e7u Cezas\u0131 (TCK 106\/1)<\/a><\/li><li class='ez-toc-page-1 ez-toc-heading-level-2'><a class=\"ez-toc-link ez-toc-heading-4\" href=\"https:\/\/batinyilmaz.av.tr\/fa\/tck-106-tehdit-sucu-nedir\/#Nitelikli_Tehdit_Sucu_TCK_1062_Ceza_Ne_Zaman_Artar\" >Nitelikli Tehdit Su\u00e7u (TCK 106\/2): Ceza Ne Zaman Artar?<\/a><\/li><li class='ez-toc-page-1 ez-toc-heading-level-2'><a class=\"ez-toc-link ez-toc-heading-5\" href=\"https:\/\/batinyilmaz.av.tr\/fa\/tck-106-tehdit-sucu-nedir\/#Tehdit_Sucunda_Sikayet_Sarti_Var_mi\" >Tehdit Su\u00e7unda \u015eik\u00e2yet \u015eart\u0131 Var m\u0131?<\/a><\/li><li class='ez-toc-page-1 ez-toc-heading-level-2'><a class=\"ez-toc-link ez-toc-heading-6\" href=\"https:\/\/batinyilmaz.av.tr\/fa\/tck-106-tehdit-sucu-nedir\/#Tehdit_Sucuna_Iliskin_Sikca_Sorulan_Sorular_SSS\" >Tehdit Su\u00e7una \u0130li\u015fkin S\u0131k\u00e7a Sorulan Sorular (SSS)<\/a><\/li><\/ul><\/nav><\/div>\n\n<p class=\"wp-block-paragraph\"><strong>TCK 106 tehdit su\u00e7u<\/strong>, bir ki\u015fiye (veya yak\u0131n\u0131na) y\u00f6nelik bir sald\u0131r\u0131 yap\u0131laca\u011f\u0131n\u0131n s\u00f6ylenmesiyle, ma\u011fdurun&nbsp;<strong>korkutulmas\u0131 ve bask\u0131 alt\u0131na al\u0131nmas\u0131<\/strong>&nbsp;\u015feklinde ortaya \u00e7\u0131kan su\u00e7 tipidir. Tehdidin amac\u0131 \u00e7o\u011fu zaman ma\u011fdur \u00fczerinde psikolojik \u00fcst\u00fcnl\u00fck kurmak, onu sindirmek veya belirli bir davran\u0131\u015fa y\u00f6neltmek olabilir.<\/p>\n\n\n\n<p class=\"wp-block-paragraph\">Tehdit su\u00e7u, uygulamada en \u00e7ok:<\/p>\n\n\n\n<ul class=\"wp-block-list\">\n<li>\u201cSeni \u00f6ld\u00fcr\u00fcr\u00fcm.\u201d<\/li>\n\n\n\n<li>\u201cSeni d\u00f6verim \/ b\u0131\u00e7aklar\u0131m.\u201d<\/li>\n\n\n\n<li>\u201cSana sald\u0131raca\u011f\u0131m.\u201d<\/li>\n\n\n\n<li>\u201cEvinizi yakar\u0131m.\u201d<br>gibi ifadelerle g\u00fcndeme gelir. (Somut olay\u0131n ko\u015fullar\u0131na g\u00f6re de\u011ferlendirme yap\u0131l\u0131r.)<\/li>\n<\/ul>\n\n\n\n<h2 class=\"wp-block-heading\"><span class=\"ez-toc-section\" id=\"Tehdit_Sucunda_Korunan_Hukuki_Deger_Nedir\"><\/span><strong>Tehdit Su\u00e7unda Korunan Hukuki De\u011fer Nedir?<\/strong><span class=\"ez-toc-section-end\"><\/span><\/h2>\n\n\n\n<p class=\"wp-block-paragraph\">Yarg\u0131tay i\u00e7tihatlar\u0131nda da vurguland\u0131\u011f\u0131 \u00fczere tehdit su\u00e7unda korunan temel de\u011ferler:<\/p>\n\n\n\n<ul class=\"wp-block-list\">\n<li><strong>Ki\u015filerin huzur ve s\u00fck\u00fbnu<\/strong><\/li>\n\n\n\n<li><strong>Ki\u015finin karar verme ve hareket etme h\u00fcrriyeti<\/strong><\/li>\n\n\n\n<li><strong>G\u00fcvenlik duygusu<\/strong><br>olarak \u00f6ne \u00e7\u0131kar.<\/li>\n<\/ul>\n\n\n\n<hr class=\"wp-block-separator has-alpha-channel-opacity\"\/>\n\n\n\n<h2 class=\"wp-block-heading\"><span class=\"ez-toc-section\" id=\"Tehdit_Sucu_Unsurlari_Nelerdir\"><\/span><strong>Tehdit Su\u00e7u Unsurlar\u0131 Nelerdir?<\/strong><span class=\"ez-toc-section-end\"><\/span><\/h2>\n\n\n\n<p class=\"wp-block-paragraph\"><strong>Tehdidin \u201cCiddi\u201d Olmas\u0131 Gerekir mi?<\/strong><\/p>\n\n\n\n<p class=\"wp-block-paragraph\">Evet. Tehdit, hayat\u0131n ola\u011fan ak\u0131\u015f\u0131 i\u00e7inde ma\u011fdurda&nbsp;<strong>korku yaratmaya elveri\u015fli<\/strong>&nbsp;ve \u201cciddi\u201d nitelikte olmal\u0131d\u0131r. Ancak \u201cciddiyet\u201d de\u011ferlendirmesi her olayda:<\/p>\n\n\n\n<ul class=\"wp-block-list\">\n<li>taraflar\u0131n ili\u015fkisi,<\/li>\n\n\n\n<li>s\u00f6zlerin s\u00f6ylendi\u011fi ortam,<\/li>\n\n\n\n<li>\u00f6nceki husumet,<\/li>\n\n\n\n<li>failin davran\u0131\u015flar\u0131,<\/li>\n\n\n\n<li>tehdidin ger\u00e7ekle\u015fme ihtimaline dair emareler<br>gibi kriterlerle birlikte ele al\u0131n\u0131r.<\/li>\n<\/ul>\n\n\n\n<p class=\"wp-block-paragraph\"><strong>Kime Y\u00f6nelik Olabilir?<\/strong><\/p>\n\n\n\n<p class=\"wp-block-paragraph\">TCK 106, tehdidin:<\/p>\n\n\n\n<ul class=\"wp-block-list\">\n<li>ma\u011fdurun\u00a0<strong>kendisine<\/strong>,<\/li>\n\n\n\n<li>ma\u011fdurun\u00a0<strong>yak\u0131n\u0131na<\/strong><br>y\u00f6nelik olmas\u0131n\u0131 da kapsar.<\/li>\n<\/ul>\n\n\n\n<hr class=\"wp-block-separator has-alpha-channel-opacity\"\/>\n\n\n\n<h2 class=\"wp-block-heading\"><span class=\"ez-toc-section\" id=\"Tehdit_Sucu_Cezasi_TCK_1061\"><\/span><strong>Tehdit Su\u00e7u Cezas\u0131 (TCK 106\/1)<\/strong><span class=\"ez-toc-section-end\"><\/span><\/h2>\n\n\n\n<p class=\"wp-block-paragraph\">TCK 106\/1 iki ana ayr\u0131m yapar:<\/p>\n\n\n\n<p class=\"wp-block-paragraph\"><strong>Hayata, V\u00fccut B\u00fct\u00fcnl\u00fc\u011f\u00fcne veya Cinsel Dokunulmazl\u0131\u011fa Y\u00f6nelik Tehdit<\/strong><\/p>\n\n\n\n<p class=\"wp-block-paragraph\">Bir kimseyi:<\/p>\n\n\n\n<ul class=\"wp-block-list\">\n<li><strong>hayat\u0131na<\/strong>\u00a0(\u00f6ld\u00fcrme vb.),<\/li>\n\n\n\n<li><strong>v\u00fccut b\u00fct\u00fcnl\u00fc\u011f\u00fcne<\/strong>\u00a0(yaralama, sald\u0131r\u0131 vb.),<\/li>\n\n\n\n<li><strong>cinsel dokunulmazl\u0131\u011f\u0131na<\/strong>\u00a0(cinsel sald\u0131r\u0131 tehdidi vb.)<br>y\u00f6nelik bir sald\u0131r\u0131 ger\u00e7ekle\u015ftirece\u011finden bahisle tehdit eden ki\u015fi,\u00a0<strong>6 aydan 2 y\u0131la kadar hapis<\/strong>\u00a0cezas\u0131 ile cezaland\u0131r\u0131l\u0131r.<\/li>\n<\/ul>\n\n\n\n<p class=\"wp-block-paragraph\"><strong>Kad\u0131na Kar\u015f\u0131 Tehditte Alt S\u0131n\u0131r Artar <\/strong><\/p>\n\n\n\n<p class=\"wp-block-paragraph\">Kanun metninde yer alan g\u00fcncel d\u00fczenlemeye g\u00f6re:&nbsp;<strong>Tehdit su\u00e7unun kad\u0131na kar\u015f\u0131 i\u015flenmesi h\u00e2linde cezan\u0131n alt s\u0131n\u0131r\u0131 9 aydan az olamaz.<\/strong><br>Bu, uygulamada \u201ckad\u0131na kar\u015f\u0131 tehdit\u201d dosyalar\u0131nda ceza alt s\u0131n\u0131r\u0131n\u0131n y\u00fckselmesi anlam\u0131na gelir.<\/p>\n\n\n\n<p class=\"wp-block-paragraph\"><strong>Malvarl\u0131\u011f\u0131na B\u00fcy\u00fck Zarar veya \u201cSair K\u00f6t\u00fcl\u00fck\u201d Tehdidi<\/strong><\/p>\n\n\n\n<p class=\"wp-block-paragraph\">Tehdit, yukar\u0131daki (hayat\/v\u00fccut\/cinsel dokunulmazl\u0131k) alanlara de\u011fil de:<\/p>\n\n\n\n<ul class=\"wp-block-list\">\n<li><strong>malvarl\u0131\u011f\u0131 itibar\u0131yla b\u00fcy\u00fck zarar<\/strong>,<\/li>\n\n\n\n<li>\u06cc\u0627\u00a0<strong>sair bir k\u00f6t\u00fcl\u00fck<\/strong><br>vaadine y\u00f6nelmi\u015fse, kanuna g\u00f6re yapt\u0131r\u0131m\u00a0<strong>(metinde belirtildi\u011fi \u015fekliyle) \u015fik\u00e2yet \u00fczerine<\/strong>\u00a0daha d\u00fc\u015f\u00fck aral\u0131kta hapis veya adli para cezas\u0131 \u015feklinde d\u00fczenlenmi\u015ftir.<\/li>\n<\/ul>\n\n\n\n<p class=\"wp-block-paragraph\"><em>Not: Uygulamada \u201c\u015fik\u00e2yete tabi olma\u201d, uzla\u015fma, soru\u015fturma usul\u00fc gibi noktalar somut olaya g\u00f6re de\u011fi\u015febildi\u011finden, olay\u0131n t\u00fcr\u00fcne g\u00f6re ayr\u0131ca de\u011ferlendirme yap\u0131lmas\u0131 gerekir.<\/em><\/p>\n\n\n\n<hr class=\"wp-block-separator has-alpha-channel-opacity\"\/>\n\n\n\n<h2 class=\"wp-block-heading\"><span class=\"ez-toc-section\" id=\"Nitelikli_Tehdit_Sucu_TCK_1062_Ceza_Ne_Zaman_Artar\"><\/span><strong>Nitelikli Tehdit Su\u00e7u (TCK 106\/2): Ceza Ne Zaman Artar?<\/strong><span class=\"ez-toc-section-end\"><\/span><\/h2>\n\n\n\n<p class=\"wp-block-paragraph\">TCK 106\/2\u2019ye g\u00f6re tehdidin a\u015fa\u011f\u0131daki \u015fekillerde i\u015flenmesi,&nbsp;<strong>nitelikli hal<\/strong>&nbsp;say\u0131l\u0131r ve ceza a\u011f\u0131rla\u015f\u0131r:<\/p>\n\n\n\n<p class=\"wp-block-paragraph\"><strong>Silahla Tehdit (TCK 106\/2-a)<\/strong><\/p>\n\n\n\n<p class=\"wp-block-paragraph\">Tehdit&nbsp;<strong>silahla<\/strong>&nbsp;i\u015flenirse nitelikli hal olu\u015fur. Silah kavram\u0131 uygulamada geni\u015f yorumlanabilir; olay\u0131n niteli\u011fine g\u00f6re de\u011ferlendirilir.<\/p>\n\n\n\n<p class=\"wp-block-paragraph\"><strong>Ki\u015finin Kendini Tan\u0131nmayacak Hale Koymas\u0131 \/ \u0130mzas\u0131z Mektup \/ \u00d6zel \u0130\u015faretler (TCK 106\/2-b)<\/strong><\/p>\n\n\n\n<p class=\"wp-block-paragraph\">Failin kimli\u011fini gizleyerek, \u00f6rne\u011fin:<\/p>\n\n\n\n<ul class=\"wp-block-list\">\n<li>y\u00fcz\u00fcn\u00fc kapatarak,<\/li>\n\n\n\n<li>imzas\u0131z mektupla,<\/li>\n\n\n\n<li>\u00f6zel i\u015faretlerle<br>tehditte bulunmas\u0131 nitelikli hal say\u0131l\u0131r.<\/li>\n<\/ul>\n\n\n\n<p class=\"wp-block-paragraph\"><strong>Birden Fazla Ki\u015fiyle Birlikte Tehdit (TCK 106\/2-c)<\/strong><\/p>\n\n\n\n<p class=\"wp-block-paragraph\">Tehdidin&nbsp;<strong>birden fazla ki\u015fi taraf\u0131ndan birlikte<\/strong>&nbsp;i\u015flenmesi, ma\u011fdur \u00fczerindeki bask\u0131y\u0131 art\u0131rd\u0131\u011f\u0131 i\u00e7in daha a\u011f\u0131r yapt\u0131r\u0131ma ba\u011flan\u0131r.<\/p>\n\n\n\n<p class=\"wp-block-paragraph\"><strong>Su\u00e7 \u00d6rg\u00fct\u00fcn\u00fcn Korkutucu G\u00fcc\u00fcnden Yararlanma (TCK 106\/2-d)<\/strong><\/p>\n\n\n\n<p class=\"wp-block-paragraph\">Var olan veya var say\u0131lan su\u00e7 \u00f6rg\u00fctlerinin \u201ckorkutucu g\u00fcc\u00fc\u201d arkas\u0131na al\u0131narak yap\u0131lan tehdit de nitelikli haldir.<\/p>\n\n\n\n<p class=\"wp-block-paragraph\"><strong>Nitelikli Halin Cezas\u0131<\/strong><\/p>\n\n\n\n<p class=\"wp-block-paragraph\">TCK 106\/2\u2019deki nitelikli hallerde kanun metnine g\u00f6re ceza&nbsp;<strong>2 y\u0131ldan 7 y\u0131la kadar hapis<\/strong>tir.<\/p>\n\n\n\n<hr class=\"wp-block-separator has-alpha-channel-opacity\"\/>\n\n\n\n<p class=\"wp-block-paragraph\"><strong>Tehdit Amac\u0131yla Ba\u015fka Su\u00e7 \u0130\u015flenirse Ne Olur? (TCK 106\/3)<\/strong><\/p>\n\n\n\n<p class=\"wp-block-paragraph\">TCK 106\/3\u2019e g\u00f6re fail,&nbsp;<strong>tehdit amac\u0131yla<\/strong>&nbsp;ayr\u0131ca:<\/p>\n\n\n\n<ul class=\"wp-block-list\">\n<li>kasten \u00f6ld\u00fcrme,<\/li>\n\n\n\n<li>kasten yaralama,<\/li>\n\n\n\n<li>malvarl\u0131\u011f\u0131na zarar verme<br>su\u00e7lar\u0131n\u0131 i\u015flerse,\u00a0<strong>tehditten ayr\u0131 olarak<\/strong>\u00a0bu su\u00e7lardan da cezaland\u0131r\u0131l\u0131r.<\/li>\n<\/ul>\n\n\n\n<p class=\"wp-block-paragraph\">Bu d\u00fczenleme, \u201ctehdit sadece s\u00f6zde kalmad\u0131, fiile d\u00f6n\u00fc\u015ft\u00fc\u201d denilen durumlarda \u00f6nemlidir.<\/p>\n\n\n\n<hr class=\"wp-block-separator has-alpha-channel-opacity\"\/>\n\n\n\n<h2 class=\"wp-block-heading\"><span class=\"ez-toc-section\" id=\"Tehdit_Sucunda_Sikayet_Sarti_Var_mi\"><\/span><strong>Tehdit Su\u00e7unda \u015eik\u00e2yet \u015eart\u0131 Var m\u0131?<\/strong><span class=\"ez-toc-section-end\"><\/span><\/h2>\n\n\n\n<p class=\"wp-block-paragraph\">TCK 106\/1\u2019de, tehdidin y\u00f6neldi\u011fi de\u011fere g\u00f6re farkl\u0131 sonu\u00e7lar g\u00fcndeme gelebilir. \u0130\u00e7tihatlarda da maddenin ilk c\u00fcmlesindeki tehdit ile ikinci c\u00fcmledeki (malvarl\u0131\u011f\u0131\/sair k\u00f6t\u00fcl\u00fck) tehdit ayr\u0131m\u0131 vurgulan\u0131r.<\/p>\n\n\n\n<p class=\"wp-block-paragraph\">Bu nedenle pratikte \u015fu ayr\u0131m \u00f6nemlidir:<\/p>\n\n\n\n<ul class=\"wp-block-list\">\n<li>Tehdit\u00a0<strong>hayat\/v\u00fccut\/cinsel dokunulmazl\u0131k<\/strong>\u00a0alan\u0131na y\u00f6neliyorsa farkl\u0131,<\/li>\n\n\n\n<li>Tehdit\u00a0<strong>malvarl\u0131\u011f\u0131\/sair k\u00f6t\u00fcl\u00fck<\/strong>\u00a0alan\u0131na y\u00f6neliyorsa \u015fik\u00e2yet ko\u015fulu ve yapt\u0131r\u0131m bak\u0131m\u0131ndan farkl\u0131 de\u011ferlendirmeler yap\u0131l\u0131r.<\/li>\n<\/ul>\n\n\n\n<p class=\"wp-block-paragraph\">Somut olayda \u201c\u015fik\u00e2yet \u015fart\u0131\u201d ve s\u00fcrelere ili\u015fkin de\u011ferlendirme i\u00e7in dosya detaylar\u0131 \u00f6nemlidir.<\/p>\n\n\n\n<hr class=\"wp-block-separator has-alpha-channel-opacity\"\/>\n\n\n\n<h2 class=\"wp-block-heading\"><span class=\"ez-toc-section\" id=\"Tehdit_Sucuna_Iliskin_Sikca_Sorulan_Sorular_SSS\"><\/span><strong>Tehdit Su\u00e7una \u0130li\u015fkin S\u0131k\u00e7a Sorulan Sorular (SSS)<\/strong><span class=\"ez-toc-section-end\"><\/span><\/h2>\n\n\n\n<p class=\"wp-block-paragraph\"><strong>1)Tehdit su\u00e7u nedir? (TCK 106)<\/strong><\/p>\n\n\n\n<p class=\"wp-block-paragraph\">TCK 106 tehdit su\u00e7u; bir ki\u015fiye (veya yak\u0131n\u0131na) y\u00f6nelik sald\u0131r\u0131 yap\u0131laca\u011f\u0131n\u0131n s\u00f6ylenmesiyle ki\u015finin korkutulmas\u0131 ve huzurunun bozulmas\u0131d\u0131r.<\/p>\n\n\n\n<p class=\"wp-block-paragraph\"><strong>2)Tehdit su\u00e7u cezas\u0131 ka\u00e7 y\u0131ld\u0131r?<\/strong><\/p>\n\n\n\n<ul class=\"wp-block-list\">\n<li>Hayat\/v\u00fccut\/cinsel dokunulmazl\u0131\u011fa y\u00f6nelik tehditte:\u00a0<strong>6 ay \u2013 2 y\u0131l hapis<\/strong><\/li>\n\n\n\n<li>Nitelikli hallerde:\u00a0<strong>2 y\u0131l \u2013 7 y\u0131l hapis<\/strong><\/li>\n\n\n\n<li>Malvarl\u0131\u011f\u0131na b\u00fcy\u00fck zarar veya sair k\u00f6t\u00fcl\u00fck tehdidinde: Kanun metninde belirtilen \u015fekilde\u00a0<strong>\u015fik\u00e2yet \u00fczerine<\/strong>\u00a0daha d\u00fc\u015f\u00fck yapt\u0131r\u0131m g\u00fcndeme gelir.<\/li>\n<\/ul>\n\n\n\n<p class=\"wp-block-paragraph\"><strong>3)Kad\u0131na kar\u015f\u0131 tehdit su\u00e7u cezas\u0131 artar m\u0131?<\/strong><\/p>\n\n\n\n<p class=\"wp-block-paragraph\">Evet. Kanuna g\u00f6re&nbsp;<strong>kad\u0131na kar\u015f\u0131 i\u015flenmesi halinde cezan\u0131n alt s\u0131n\u0131r\u0131 9 aydan az olamaz.<\/strong><\/p>\n\n\n\n<p class=\"wp-block-paragraph\"><strong>4)Silahla tehdit nitelikli hal mi?<\/strong><\/p>\n\n\n\n<p class=\"wp-block-paragraph\">\u0628\u0644\u0647.&nbsp;<strong>Silahla tehdit<\/strong>, TCK 106\/2 kapsam\u0131nda nitelikli haldir ve ceza a\u011f\u0131rla\u015f\u0131r.<\/p>\n\n\n\n<p class=\"wp-block-paragraph\"><strong>5)Tehdit mesajla\/WhatsApp ile olursa su\u00e7 olur mu?<\/strong><\/p>\n\n\n\n<p class=\"wp-block-paragraph\">Tehdit, s\u00f6zl\u00fc olabilece\u011fi gibi yaz\u0131l\u0131 mesaj, sosyal medya mesaj\u0131, e-posta gibi yollarla da i\u015flenebilir. \u00d6nemli olan i\u00e7eri\u011fin tehdit niteli\u011fi ta\u015f\u0131mas\u0131 ve somut olayda korkutmaya elveri\u015fli olmas\u0131d\u0131r.<\/p>\n\n\n\n<p class=\"wp-block-paragraph\"><strong>6)Tehdit amac\u0131yla yaralama olursa ne olur?<\/strong><\/p>\n\n\n\n<p class=\"wp-block-paragraph\">TCK 106\/3 gere\u011fi, tehdit amac\u0131yla ayr\u0131ca yaralama (veya \u00f6ld\u00fcrme \/ mala zarar) su\u00e7u i\u015flenmi\u015fse&nbsp;<strong>ayr\u0131ca<\/strong>&nbsp;o su\u00e7tan da ceza verilir.<\/p>\n\n\n\n<hr class=\"wp-block-separator has-alpha-channel-opacity\"\/>\n\n\n\n<p class=\"wp-block-paragraph\"><strong>\u0628\u0627\u062a\u06cc\u0646 \u06cc\u0644\u0645\u0627\u0632\u060c \u0648\u06a9\u06cc\u0644<\/strong><\/p>","protected":false},"excerpt":{"rendered":"<p>TCK 106 tehdit su\u00e7u, bir ki\u015fiye (veya yak\u0131n\u0131na) y\u00f6nelik bir sald\u0131r\u0131 yap\u0131laca\u011f\u0131n\u0131n s\u00f6ylenmesiyle, ma\u011fdurun&nbsp;korkutulmas\u0131 ve bask\u0131 alt\u0131na al\u0131nmas\u0131&nbsp;\u015feklinde ortaya \u00e7\u0131kan su\u00e7 tipidir. Tehdidin amac\u0131 \u00e7o\u011fu zaman ma\u011fdur \u00fczerinde psikolojik \u00fcst\u00fcnl\u00fck kurmak, onu sindirmek veya belirli bir davran\u0131\u015fa y\u00f6neltmek olabilir. Tehdit su\u00e7u, uygulamada en \u00e7ok: Tehdit Su\u00e7unda Korunan Hukuki De\u011fer Nedir? Yarg\u0131tay i\u00e7tihatlar\u0131nda da vurguland\u0131\u011f\u0131 \u00fczere [&hellip;]<\/p>\n","protected":false},"author":2,"featured_media":2715,"comment_status":"open","ping_status":"open","sticky":false,"template":"","format":"standard","meta":{"_joinchat":[],"footnotes":""},"categories":[61],"tags":[385,386],"class_list":["post-2714","post","type-post","status-publish","format-standard","has-post-thumbnail","hentry","category-ceza-hukuku","tag-tck-106","tag-tehdit-sucu-nedir"],"_links":{"self":[{"href":"https:\/\/batinyilmaz.av.tr\/fa\/wp-json\/wp\/v2\/posts\/2714","targetHints":{"allow":["GET"]}}],"collection":[{"href":"https:\/\/batinyilmaz.av.tr\/fa\/wp-json\/wp\/v2\/posts"}],"about":[{"href":"https:\/\/batinyilmaz.av.tr\/fa\/wp-json\/wp\/v2\/types\/post"}],"author":[{"embeddable":true,"href":"https:\/\/batinyilmaz.av.tr\/fa\/wp-json\/wp\/v2\/users\/2"}],"replies":[{"embeddable":true,"href":"https:\/\/batinyilmaz.av.tr\/fa\/wp-json\/wp\/v2\/comments?post=2714"}],"version-history":[{"count":1,"href":"https:\/\/batinyilmaz.av.tr\/fa\/wp-json\/wp\/v2\/posts\/2714\/revisions"}],"predecessor-version":[{"id":2716,"href":"https:\/\/batinyilmaz.av.tr\/fa\/wp-json\/wp\/v2\/posts\/2714\/revisions\/2716"}],"wp:featuredmedia":[{"embeddable":true,"href":"https:\/\/batinyilmaz.av.tr\/fa\/wp-json\/wp\/v2\/media\/2715"}],"wp:attachment":[{"href":"https:\/\/batinyilmaz.av.tr\/fa\/wp-json\/wp\/v2\/media?parent=2714"}],"wp:term":[{"taxonomy":"category","embeddable":true,"href":"https:\/\/batinyilmaz.av.tr\/fa\/wp-json\/wp\/v2\/categories?post=2714"},{"taxonomy":"post_tag","embeddable":true,"href":"https:\/\/batinyilmaz.av.tr\/fa\/wp-json\/wp\/v2\/tags?post=2714"}],"curies":[{"name":"wp","href":"https:\/\/api.w.org\/{rel}","templated":true}]}}