{"id":2698,"date":"2026-02-10T09:00:00","date_gmt":"2026-02-10T06:00:00","guid":{"rendered":"https:\/\/batinyilmaz.av.tr\/?p=2698"},"modified":"2026-02-11T16:58:30","modified_gmt":"2026-02-11T13:58:30","slug":"cocuklarin-cinsel-istismari-sucu-tck-103-nedir","status":"publish","type":"post","link":"https:\/\/batinyilmaz.av.tr\/fa\/cocuklarin-cinsel-istismari-sucu-tck-103-nedir\/","title":{"rendered":"\u00c7ocuklar\u0131n Cinsel \u0130stismar\u0131 Su\u00e7u (TCK 103) Nedir?"},"content":{"rendered":"<div id=\"ez-toc-container\" class=\"ez-toc-v2_0_85 counter-hierarchy ez-toc-counter ez-toc-grey ez-toc-container-direction\">\n<div class=\"ez-toc-title-container\">\n<p class=\"ez-toc-title\" style=\"cursor:inherit\">\u0633\u0631\u0628\u0631\u06af\u200c\u0647\u0627<\/p>\n<span class=\"ez-toc-title-toggle\"><a href=\"#\" class=\"ez-toc-pull-right ez-toc-btn ez-toc-btn-xs ez-toc-btn-default ez-toc-toggle\" aria-label=\"\u062a\u063a\u06cc\u06cc\u0631 \u0648\u0636\u0639\u06cc\u062a \u0641\u0647\u0631\u0633\u062a \u0645\u0637\u0627\u0644\u0628\"><span class=\"ez-toc-js-icon-con\"><span class=\"\"><span class=\"eztoc-hide\" style=\"display:none;\">\u062aoggle<\/span><span class=\"ez-toc-icon-toggle-span\"><svg style=\"fill: #999;color:#999\" xmlns=\"http:\/\/www.w3.org\/2000\/svg\" class=\"list-377408\" width=\"20px\" height=\"20px\" viewbox=\"0 0 24 24\" fill=\"none\"><path d=\"M6 6H4v2h2V6zm14 0H8v2h12V6zM4 11h2v2H4v-2zm16 0H8v2h12v-2zM4 16h2v2H4v-2zm16 0H8v2h12v-2z\" fill=\"currentColor\"><\/path><\/svg><svg style=\"fill: #999;color:#999\" class=\"arrow-unsorted-368013\" xmlns=\"http:\/\/www.w3.org\/2000\/svg\" width=\"10px\" height=\"10px\" viewbox=\"0 0 24 24\" version=\"1.2\" baseprofile=\"tiny\"><path d=\"M18.2 9.3l-6.2-6.3-6.2 6.3c-.2.2-.3.4-.3.7s.1.5.3.7c.2.2.4.3.7.3h11c.3 0 .5-.1.7-.3.2-.2.3-.5.3-.7s-.1-.5-.3-.7zM5.8 14.7l6.2 6.3 6.2-6.3c.2-.2.3-.5.3-.7s-.1-.5-.3-.7c-.2-.2-.4-.3-.7-.3h-11c-.3 0-.5.1-.7.3-.2.2-.3.5-.3.7s.1.5.3.7z\"\/><\/svg><\/span><\/span><\/span><\/a><\/span><\/div>\n<nav><ul class='ez-toc-list ez-toc-list-level-1' ><li class='ez-toc-page-1 ez-toc-heading-level-2'><a class=\"ez-toc-link ez-toc-heading-1\" href=\"https:\/\/batinyilmaz.av.tr\/fa\/cocuklarin-cinsel-istismari-sucu-tck-103-nedir\/#Cocuklarin_Cinsel_Istismari_Sucunun_Cezasi_Kac_Yil\" >\u00c7ocuklar\u0131n Cinsel \u0130stismar\u0131 Su\u00e7unun Cezas\u0131 Ka\u00e7 Y\u0131l?<\/a><\/li><li class='ez-toc-page-1 ez-toc-heading-level-2'><a class=\"ez-toc-link ez-toc-heading-2\" href=\"https:\/\/batinyilmaz.av.tr\/fa\/cocuklarin-cinsel-istismari-sucu-tck-103-nedir\/#Cezayi_Artiran_Nitelikli_Haller_TCK_1033\" >Cezay\u0131 Art\u0131ran Nitelikli H\u00e2ller (TCK 103\/3)<\/a><\/li><li class='ez-toc-page-1 ez-toc-heading-level-2'><a class=\"ez-toc-link ez-toc-heading-3\" href=\"https:\/\/batinyilmaz.av.tr\/fa\/cocuklarin-cinsel-istismari-sucu-tck-103-nedir\/#Sikca_Sorulan_Sorular_SSS\" >\u067e\u0631\u0633\u0634\u200c\u0647\u0627\u06cc \u0645\u062a\u062f\u0627\u0648\u0644 (\u0633\u0624\u0627\u0644\u0627\u062a \u0645\u062a\u062f\u0627\u0648\u0644)<\/a><\/li><\/ul><\/nav><\/div>\n\n<p class=\"wp-block-paragraph\"><strong>\u00c7ocuklar\u0131n cinsel istismar\u0131 su\u00e7u<\/strong>, T\u00fcrk Ceza Kanunu\u2019nun 103. maddesinde d\u00fczenlenen ve \u00e7ocu\u011fa y\u00f6nelik&nbsp;<strong>cinsel davran\u0131\u015flarla<\/strong>&nbsp;\u00e7ocu\u011fun&nbsp;<strong>cinsel dokunulmazl\u0131\u011f\u0131n\u0131n ihlal edilmesini<\/strong>&nbsp;cezaland\u0131ran su\u00e7 tipidir.<\/p>\n\n\n\n<p class=\"wp-block-paragraph\">Buradaki \u201c\u00e7ocuk\u201d kavram\u0131 genel ceza hukuku yakla\u015f\u0131m\u0131yla <strong>18 ya\u015f\u0131n\u0131 doldurmam\u0131\u015f<\/strong>&nbsp;ki\u015fileri ifade eder. Bu su\u00e7, \u00e7ocu\u011fun korunmas\u0131n\u0131 hedefleyen en a\u011f\u0131r ceza normlar\u0131ndan biridir; \u00e7\u00fcnk\u00fc \u00e7ocuklar\u0131n r\u0131za a\u00e7\u0131klama kapasitesi ve korunma ihtiyac\u0131 yeti\u015fkinlere g\u00f6re farkl\u0131 de\u011ferlendirilir.<\/p>\n\n\n\n<p class=\"wp-block-paragraph\"><strong>TCK 103\u2019te \u201ccinsel istismar\u201d ne demektir?<\/strong><\/p>\n\n\n\n<p class=\"wp-block-paragraph\">TCK 103, \u201ccinsel istismar\u201d\u0131 iki temel grupta tan\u0131mlar:<\/p>\n\n\n\n<ul class=\"wp-block-list\">\n<li><strong>15 ya\u015f\u0131n\u0131 tamamlamam\u0131\u015f<\/strong>\u00a0veya tamamlam\u0131\u015f olsa bile fiilin\u00a0<strong>hukuki anlam ve sonu\u00e7lar\u0131n\u0131 alg\u0131lama yetene\u011fi geli\u015fmemi\u015f<\/strong>\u00a0\u00e7ocuklara kar\u015f\u0131 ger\u00e7ekle\u015ftirilen\u00a0<strong>her t\u00fcrl\u00fc cinsel davran\u0131\u015f<\/strong><\/li>\n\n\n\n<li>Di\u011fer \u00e7ocuklara kar\u015f\u0131\u00a0<strong>cebir, tehdit, hile veya iradeyi etkileyen ba\u015fka bir nedenle<\/strong>\u00a0ger\u00e7ekle\u015ftirilen cinsel davran\u0131\u015flar<\/li>\n<\/ul>\n\n\n\n<p class=\"wp-block-paragraph\">Bu yap\u0131, kanunun ma\u011fdurun ya\u015f\u0131na ve \u00e7ocu\u011fun alg\u0131lama kapasitesine g\u00f6re farkl\u0131 bir koruma kurgulad\u0131\u011f\u0131n\u0131 g\u00f6sterir.<\/p>\n\n\n\n<hr class=\"wp-block-separator has-alpha-channel-opacity\"\/>\n\n\n\n<h2 class=\"wp-block-heading\"><span class=\"ez-toc-section\" id=\"Cocuklarin_Cinsel_Istismari_Sucunun_Cezasi_Kac_Yil\"><\/span><strong>\u00c7ocuklar\u0131n Cinsel \u0130stismar\u0131 Su\u00e7unun Cezas\u0131 Ka\u00e7 Y\u0131l?<\/strong><span class=\"ez-toc-section-end\"><\/span><\/h2>\n\n\n\n<p class=\"wp-block-paragraph\">TCK 103\u2019te ceza, fiilin a\u011f\u0131rl\u0131\u011f\u0131na g\u00f6re katmanl\u0131d\u0131r. Kanun metninde ayr\u0131ca baz\u0131 durumlarda&nbsp;<strong>alt s\u0131n\u0131rlar\u0131n y\u00fckseldi\u011fi<\/strong>&nbsp;(\u00f6zellikle ma\u011fdurun 12 ya\u015f alt\u0131 olmas\u0131 gibi) d\u00fczenlemeler vard\u0131r. Sizin payla\u015ft\u0131\u011f\u0131n\u0131z metinde yer alan ana ayr\u0131mlar \u015fu \u015fekilde okunur:<\/p>\n\n\n\n<p class=\"wp-block-paragraph\"><strong>Temel h\u00e2l: \u201c\u0130stismar\u201d (TCK 103\/1)<\/strong><\/p>\n\n\n\n<p class=\"wp-block-paragraph\">\u00c7ocu\u011fa y\u00f6nelik cinsel istismar fiilinin temel h\u00e2linde kanun&nbsp;<strong>uzun s\u00fcreli hapis cezalar\u0131<\/strong>&nbsp;\u00f6ng\u00f6r\u00fcr. Bu, uygulamada tutuklama, koruma tedbirleri ve infaz rejimi bak\u0131m\u0131ndan da ciddi sonu\u00e7lar do\u011furur.<\/p>\n\n\n\n<p class=\"wp-block-paragraph\"><strong>\u201cSark\u0131nt\u0131l\u0131k\u201d d\u00fczeyi (TCK 103\/1)<\/strong><\/p>\n\n\n\n<p class=\"wp-block-paragraph\">Kanun, cinsel davran\u0131\u015f\u0131n \u201c<strong>sark\u0131nt\u0131l\u0131k<\/strong>\u201d d\u00fczeyinde kalmas\u0131 h\u00e2lini daha farkl\u0131\/nispeten daha d\u00fc\u015f\u00fck ceza aral\u0131\u011f\u0131nda d\u00fczenler.<\/p>\n\n\n\n<p class=\"wp-block-paragraph\"><strong>Sark\u0131nt\u0131l\u0131k ne demek?<\/strong><\/p>\n\n\n\n<p class=\"wp-block-paragraph\">\u201cSark\u0131nt\u0131l\u0131k\u201d, uygulamada genellikle:<\/p>\n\n\n\n<ul class=\"wp-block-list\">\n<li>fiilin k\u0131sa s\u00fcreli\/ani olmas\u0131,<\/li>\n\n\n\n<li>cinsel davran\u0131\u015f\u0131n yo\u011funlu\u011funun daha d\u00fc\u015f\u00fck olmas\u0131,<\/li>\n\n\n\n<li>olay\u0131n b\u00fct\u00fcn\u00fcnde davran\u0131\u015f\u0131n a\u011f\u0131rl\u0131\u011f\u0131n\u0131n \u201ctam istismar\u201d seviyesine ula\u015fmamas\u0131 gibi \u00f6l\u00e7\u00fctlerle tart\u0131\u015f\u0131l\u0131r.<\/li>\n<\/ul>\n\n\n\n<p class=\"wp-block-paragraph\">Ancak \u015funu vurgulamak gerekir: Bu ayr\u0131m&nbsp;<strong>otomatik<\/strong>&nbsp;de\u011fildir; savc\u0131l\u0131k ve mahkeme, somut olay\u0131n \u00f6zelliklerine g\u00f6re de\u011ferlendirir.<\/p>\n\n\n\n<hr class=\"wp-block-separator has-alpha-channel-opacity\"\/>\n\n\n\n<p class=\"wp-block-paragraph\"><strong>V\u00fccuda Organ veya Cisim Sokulmas\u0131 (TCK 103\/2) \u2013 En A\u011f\u0131r Bi\u00e7imlerden Biri<\/strong><\/p>\n\n\n\n<p class=\"wp-block-paragraph\">TCK 103\/2, \u00e7ocuklar\u0131n cinsel istismar\u0131 su\u00e7unun&nbsp;<strong>nitelikli<\/strong>&nbsp;(daha a\u011f\u0131r) h\u00e2llerinden biridir.<\/p>\n\n\n\n<p class=\"wp-block-paragraph\"><strong>TCK 103\/2 neyi kapsar?<\/strong><\/p>\n\n\n\n<p class=\"wp-block-paragraph\">Fiil,&nbsp;<strong>v\u00fccuda organ veya sair bir cisim sokulmas\u0131<\/strong>&nbsp;suretiyle i\u015flenmi\u015fse:<\/p>\n\n\n\n<ul class=\"wp-block-list\">\n<li>ceza i\u00e7in kanun\u00a0<strong>y\u00fcksek bir alt s\u0131n\u0131r<\/strong>\u00a0belirler,<\/li>\n\n\n\n<li>ma\u011fdurun\u00a0<strong>12 ya\u015f\u0131n\u0131 tamamlamam\u0131\u015f<\/strong>\u00a0olmas\u0131 h\u00e2linde alt s\u0131n\u0131r daha da y\u00fckselir.<\/li>\n<\/ul>\n\n\n\n<p class=\"wp-block-paragraph\">Bu d\u00fczenleme, yasa koyucunun bu fiili \u201c\u00e7ok a\u011f\u0131r nitelikte cinsel sald\u0131r\u0131\/istismar\u201d olarak g\u00f6rd\u00fc\u011f\u00fcn\u00fc a\u00e7\u0131k\u00e7a ortaya koyar.<\/p>\n\n\n\n<p class=\"wp-block-paragraph\"><strong>Uygulamada neden \u00f6nemlidir?<\/strong><\/p>\n\n\n\n<ul class=\"wp-block-list\">\n<li>Soru\u015fturma a\u015famas\u0131nda delil toplama, adli raporlar ve \u00e7ocu\u011fun beyan\u0131n\u0131n al\u0131nmas\u0131 s\u00fcreci \u00e7ok daha hassas y\u00fcr\u00fct\u00fcl\u00fcr.<\/li>\n\n\n\n<li>Ma\u011fdur \u00e7ocuk\u00a0<strong>TCK 103\/2<\/strong>\u00a0kapsam\u0131nda dinleniyorsa, beyan ve g\u00f6r\u00fcnt\u00fcn\u00fcn kayda al\u0131nmas\u0131 konusunda ayr\u0131ca zorunluluk \u00f6ng\u00f6ren ikincil d\u00fczenlemeler vard\u0131r (a\u015fa\u011f\u0131daki \u201cMa\u011fdurun korunmas\u0131\u201d b\u00f6l\u00fcm\u00fcne bak\u0131n\u0131z).<\/li>\n<\/ul>\n\n\n\n<hr class=\"wp-block-separator has-alpha-channel-opacity\"\/>\n\n\n\n<h2 class=\"wp-block-heading\"><span class=\"ez-toc-section\" id=\"Cezayi_Artiran_Nitelikli_Haller_TCK_1033\"><\/span><strong>Cezay\u0131 Art\u0131ran Nitelikli H\u00e2ller (TCK 103\/3)<\/strong><span class=\"ez-toc-section-end\"><\/span><\/h2>\n\n\n\n<p class=\"wp-block-paragraph\">TCK 103\/3\u2019te say\u0131lan durumlar ger\u00e7ekle\u015fti\u011finde, kanun \u201c<strong>yar\u0131 oran\u0131nda art\u0131rma<\/strong>\u201d \u00f6ng\u00f6r\u00fcr. Bu, verilen temel cezan\u0131n \u00fczerine ciddi bir art\u0131\u015f demektir.<\/p>\n\n\n\n<p class=\"wp-block-paragraph\"><strong>TCK 103\/3 kapsam\u0131ndaki nitelikli h\u00e2ller<\/strong><\/p>\n\n\n\n<ul class=\"wp-block-list\">\n<li><strong>Birden fazla ki\u015fi taraf\u0131ndan birlikte<\/strong>\u00a0i\u015flenmesi<\/li>\n\n\n\n<li><strong>Toplu ya\u015fam alanlar\u0131n\u0131n sa\u011flad\u0131\u011f\u0131 kolayl\u0131ktan<\/strong>\u00a0yararlanma (\u00f6r. kurum, yurt benzeri ortamlar\u0131n ko\u015fullar\u0131)<\/li>\n\n\n\n<li><strong>Yak\u0131n akrabal\u0131k \/ \u00fcvey ba\u011f \/ evlat edinen<\/strong>\u00a0gibi aile i\u00e7i veya aile benzeri ili\u015fkiler<\/li>\n\n\n\n<li><strong>Vasi, \u00f6\u011fretici, bak\u0131c\u0131, koruyucu aile, sa\u011fl\u0131k hizmeti veren<\/strong>\u00a0ya da \u00e7ocu\u011fa kar\u015f\u0131 bak\u0131m-g\u00f6zetim y\u00fck\u00fcml\u00fcl\u00fc\u011f\u00fc bulunan ki\u015filer taraf\u0131ndan i\u015flenmesi<\/li>\n\n\n\n<li><strong>Kamu g\u00f6revi veya hizmet ili\u015fkisinin sa\u011flad\u0131\u011f\u0131 n\u00fcfuzun k\u00f6t\u00fcye kullan\u0131lmas\u0131<\/strong><\/li>\n<\/ul>\n\n\n\n<p class=\"wp-block-paragraph\">Bu ba\u015fl\u0131klar, \u00f6zellikle \u201cg\u00fcven ili\u015fkisi\u201d ve \u201cotorite ili\u015fkisi\u201d bulunan ki\u015filer a\u00e7\u0131s\u0131ndan su\u00e7un daha a\u011f\u0131r g\u00f6r\u00fclmesine dayan\u0131r.<\/p>\n\n\n\n<hr class=\"wp-block-separator has-alpha-channel-opacity\"\/>\n\n\n\n<p class=\"wp-block-paragraph\"><strong>Cebir, Tehdit veya Silah Kullan\u0131lmas\u0131 H\u00e2linde Art\u0131r\u0131m (TCK 103\/4)<\/strong><\/p>\n\n\n\n<p class=\"wp-block-paragraph\">TCK 103\/4, belirli ma\u011fdur gruplar\u0131 a\u00e7\u0131s\u0131ndan (m.103\/1\u2019deki ayr\u0131m \u00fczerinden) ayr\u0131ca bir art\u0131rma mekanizmas\u0131 kurar:<\/p>\n\n\n\n<ul class=\"wp-block-list\">\n<li>(a) bendindeki \u00e7ocuklara kar\u015f\u0131\u00a0<strong>cebir veya tehditle<\/strong>,<\/li>\n\n\n\n<li>(b)bendindeki \u00e7ocuklara kar\u015f\u0131\u00a0<strong>silah kullanmak suretiyle<\/strong><br>i\u015flenmesi h\u00e2linde ceza\u00a0<strong>yar\u0131 oran\u0131nda art\u0131r\u0131l\u0131r<\/strong>.<\/li>\n<\/ul>\n\n\n\n<p class=\"wp-block-paragraph\">Bu h\u00fck\u00fcm, failin \u00e7ocu\u011fun iradesi \u00fczerinde daha a\u011f\u0131r bask\u0131 kurdu\u011fu durumlar\u0131 ayr\u0131ca cezaland\u0131r\u0131r.<\/p>\n\n\n\n<hr class=\"wp-block-separator has-alpha-channel-opacity\"\/>\n\n\n\n<p class=\"wp-block-paragraph\"><strong>Yaralama Sonucu Do\u011farsa Ne Olur? (TCK 103\/5)<\/strong><\/p>\n\n\n\n<p class=\"wp-block-paragraph\">TCK 103\/5\u2019e g\u00f6re, istismar fiilini ger\u00e7ekle\u015ftirmek i\u00e7in kullan\u0131lan&nbsp;<strong>cebir ve \u015fiddet<\/strong>,&nbsp;<strong>kasten yaralama<\/strong>&nbsp;su\u00e7unun a\u011f\u0131r neticelerine yol a\u00e7m\u0131\u015fsa, fail hakk\u0131nda&nbsp;<strong>ayr\u0131ca kasten yaralama h\u00fck\u00fcmleri<\/strong>&nbsp;\u0627\u0639\u0645\u0627\u0644 \u0645\u06cc\u200c\u0634\u0648\u062f.<\/p>\n\n\n\n<p class=\"wp-block-paragraph\">Bu ne anlama gelir?<\/p>\n\n\n\n<ul class=\"wp-block-list\">\n<li>Baz\u0131 olaylarda mahkeme, yaln\u0131zca \u201cistismar\u201d su\u00e7undan de\u011fil, ayn\u0131 zamanda yaralama bak\u0131m\u0131ndan da de\u011ferlendirme yapar.<\/li>\n\n\n\n<li>Adli raporlar, darp-cebir izleri, kemik k\u0131r\u0131\u011f\u0131, hayati tehlike gibi bulgular ceza miktar\u0131nda kritik rol oynayabilir.<\/li>\n<\/ul>\n\n\n\n<hr class=\"wp-block-separator has-alpha-channel-opacity\"\/>\n\n\n\n<p class=\"wp-block-paragraph\"><strong>Ma\u011fdur Bitkisel Hayata Girerse veya \u00d6l\u00fcrse (TCK 103\/6)<\/strong><\/p>\n\n\n\n<p class=\"wp-block-paragraph\">TCK 103\/6, en a\u011f\u0131r neticeyi d\u00fczenler:<br>Su\u00e7 sonucu ma\u011fdurun&nbsp;<strong>bitkisel hayata girmesi<\/strong>&nbsp;\u06cc\u0627&nbsp;<strong>\u00f6l\u00fcm\u00fc<\/strong>&nbsp;h\u00e2linde fail hakk\u0131nda&nbsp;<strong>a\u011f\u0131rla\u015ft\u0131r\u0131lm\u0131\u015f m\u00fcebbet hapis cezas\u0131<\/strong>&nbsp;\u00f6ng\u00f6r\u00fcl\u00fcr.<\/p>\n\n\n\n<p class=\"wp-block-paragraph\">Bu noktada yarg\u0131lama a\u00e7\u0131s\u0131ndan en kritik konular:<\/p>\n\n\n\n<ul class=\"wp-block-list\">\n<li>Netice ile fiil aras\u0131ndaki\u00a0<strong>illiyet ba\u011f\u0131<\/strong>,<\/li>\n\n\n\n<li>Failin netice bak\u0131m\u0131ndan\u00a0<strong>kusuru<\/strong>,<\/li>\n\n\n\n<li>T\u0131bbi ve adli de\u011ferlendirmelerin b\u00fct\u00fcnl\u00fc\u011f\u00fcd\u00fcr.<\/li>\n<\/ul>\n\n\n\n<hr class=\"wp-block-separator has-alpha-channel-opacity\"\/>\n\n\n\n<h2 class=\"wp-block-heading\"><span class=\"ez-toc-section\" id=\"Sikca_Sorulan_Sorular_SSS\"><\/span><strong>\u067e\u0631\u0633\u0634\u200c\u0647\u0627\u06cc \u0645\u062a\u062f\u0627\u0648\u0644 (\u0633\u0624\u0627\u0644\u0627\u062a \u0645\u062a\u062f\u0627\u0648\u0644)<\/strong><span class=\"ez-toc-section-end\"><\/span><\/h2>\n\n\n\n<p class=\"wp-block-paragraph\"><strong>1) \u00c7ocuklar\u0131n cinsel istismar\u0131 su\u00e7u \u015fik\u00e2yete ba\u011fl\u0131 m\u0131?<\/strong><\/p>\n\n\n\n<p class=\"wp-block-paragraph\">Genel kural olarak \u00e7ocuklara y\u00f6nelik cinsel istismar iddialar\u0131, kamu d\u00fczenini yak\u0131ndan ilgilendirdi\u011finden \u00e7o\u011fu durumda&nbsp;<strong>\u015fik\u00e2yete ba\u011fl\u0131 olmadan<\/strong>&nbsp;y\u00fcr\u00fcr. Ancak TCK 103\/1\u2019de, \u201csark\u0131nt\u0131l\u0131k d\u00fczeyinde kalm\u0131\u015f su\u00e7un failinin \u00e7ocuk olmas\u0131\u201d h\u00e2linde&nbsp;<strong>\u015fik\u00e2yet \u015fart\u0131<\/strong>&nbsp;\u00f6ng\u00f6r\u00fclen \u00f6zel bir d\u00fczenleme bulunmaktad\u0131r (metninizde yer ald\u0131\u011f\u0131 \u015fekilde).<\/p>\n\n\n\n<p class=\"wp-block-paragraph\">Somut olayda hangi usul\u00fcn uygulanaca\u011f\u0131, fiilin niteli\u011fine ve fail\/ma\u011fdurun \u00f6zelliklerine g\u00f6re ayr\u0131ca de\u011ferlendirilir.<\/p>\n\n\n\n<p class=\"wp-block-paragraph\"><strong>2) Sark\u0131nt\u0131l\u0131k nedir, istismardan fark\u0131 ne?<\/strong><\/p>\n\n\n\n<p class=\"wp-block-paragraph\">\u201cSark\u0131nt\u0131l\u0131k\u201d, fiilin yo\u011funlu\u011fu ve a\u011f\u0131rl\u0131\u011f\u0131 daha d\u00fc\u015f\u00fck d\u00fczeyde kald\u0131\u011f\u0131nda kullan\u0131lan bir kavramd\u0131r. Ancak bu ayr\u0131m kesin bir \u201cliste\u201d ile de\u011fil; olay\u0131n b\u00fct\u00fcn\u00fcne g\u00f6re (s\u00fcre, temas\u0131n niteli\u011fi, tekrar, ma\u011fdurun ya\u015f\u0131, deliller vb.) yap\u0131l\u0131r.<\/p>\n\n\n\n<p class=\"wp-block-paragraph\"><strong>3) Cezay\u0131 art\u0131ran nitelikli h\u00e2ller nelerdir?<\/strong><\/p>\n\n\n\n<p class=\"wp-block-paragraph\">TCK 103\/3-4\u2019te; birden fazla fail, toplu ya\u015fam alan\u0131n\u0131n sa\u011flad\u0131\u011f\u0131 kolayl\u0131k, aile\/\u00fcvey ba\u011f, vasi-\u00f6\u011fretmen-bak\u0131c\u0131 gibi g\u00fcven ili\u015fkileri, kamu g\u00f6revi n\u00fcfuzu, cebir-tehdit-silah gibi durumlar cezan\u0131n&nbsp;<strong>yar\u0131 oran\u0131nda art\u0131r\u0131lmas\u0131na<\/strong>&nbsp;yol a\u00e7abilir.<\/p>\n\n\n\n<p class=\"wp-block-paragraph\"><strong>4) Bu su\u00e7larda uzla\u015ft\u0131rma olur mu?<\/strong><\/p>\n\n\n\n<p class=\"wp-block-paragraph\">Ceza Muhakemesi Kanunu\u2019ndaki d\u00fczenlemeler gere\u011fi, cinsel dokunulmazl\u0131\u011fa kar\u015f\u0131 su\u00e7lar bak\u0131m\u0131ndan uzla\u015ft\u0131rma uygulan\u0131p uygulanmayaca\u011f\u0131 konusu \u00f6zel kurallara tabidir. Uygulamada bu su\u00e7 tipleri uzla\u015ft\u0131rmaya konu edilmez\/edilemez yakla\u015f\u0131m\u0131 \u00f6ne \u00e7\u0131kar. Somut olay bak\u0131m\u0131ndan CMK\u2019daki g\u00fcncel d\u00fczenleme mutlaka kontrol edilmelidir.<\/p>\n\n\n\n<p class=\"wp-block-paragraph\"><strong>5) Ayn\u0131 ya\u015f grubundaki \u00e7ocuklar aras\u0131nda r\u0131zaya dayal\u0131 davran\u0131\u015flar her zaman su\u00e7 mu?<\/strong><\/p>\n\n\n\n<p class=\"wp-block-paragraph\">Bu konu, uygulamada ve doktrinde tart\u0131\u015fmal\u0131d\u0131r. Yarg\u0131tay kararlar\u0131nda da, kanuni tan\u0131m\u0131n a\u011f\u0131rl\u0131kla ma\u011fdurun ya\u015f\u0131na odaklanmas\u0131 ve failin ya\u015f\u0131na ili\u015fkin a\u00e7\u0131k bir \u00e7er\u00e7evenin s\u0131n\u0131rl\u0131 olmas\u0131 nedeniyle \u201cbelirsizlik\/tart\u0131\u015fma\u201d vurgular\u0131 g\u00f6r\u00fclebilmektedir. Bu t\u00fcr olaylarda de\u011ferlendirme, somut olay\u0131n \u00f6zelliklerine g\u00f6re yap\u0131l\u0131r ve mutlaka uzman hukuki dan\u0131\u015fmanl\u0131k gerekir.<\/p>\n\n\n\n<p class=\"wp-block-paragraph\">\u0628\u0631\u0627\u06cc \u0627\u0637\u0644\u0627\u0639\u0627\u062a \u0628\u06cc\u0634\u062a\u0631 <strong>0532 669 34 90<\/strong> \u0648 <a href=\"https:\/\/batinyilmaz.av.tr\/fa\/%d8%aa%d9%85%d8%a7%d8%b3\/\">https:\/\/batinyilmaz.av.tr\/iletisim\/<\/a> adreslerimizden bizimle ileti\u015fime ge\u00e7ebilirsiniz. <\/p>\n\n\n\n<p class=\"wp-block-paragraph\"><strong>\u0628\u0627\u062a\u06cc\u0646 \u06cc\u0644\u0645\u0627\u0632\u060c \u0648\u06a9\u06cc\u0644 <\/strong><\/p>","protected":false},"excerpt":{"rendered":"<p>\u00c7ocuklar\u0131n cinsel istismar\u0131 su\u00e7u, T\u00fcrk Ceza Kanunu\u2019nun 103. maddesinde d\u00fczenlenen ve \u00e7ocu\u011fa y\u00f6nelik&nbsp;cinsel davran\u0131\u015flarla&nbsp;\u00e7ocu\u011fun&nbsp;cinsel dokunulmazl\u0131\u011f\u0131n\u0131n ihlal edilmesini&nbsp;cezaland\u0131ran su\u00e7 tipidir. Buradaki \u201c\u00e7ocuk\u201d kavram\u0131 genel ceza hukuku yakla\u015f\u0131m\u0131yla 18 ya\u015f\u0131n\u0131 doldurmam\u0131\u015f&nbsp;ki\u015fileri ifade eder. Bu su\u00e7, \u00e7ocu\u011fun korunmas\u0131n\u0131 hedefleyen en a\u011f\u0131r ceza normlar\u0131ndan biridir; \u00e7\u00fcnk\u00fc \u00e7ocuklar\u0131n r\u0131za a\u00e7\u0131klama kapasitesi ve korunma ihtiyac\u0131 yeti\u015fkinlere g\u00f6re farkl\u0131 de\u011ferlendirilir. TCK 103\u2019te [&hellip;]<\/p>\n","protected":false},"author":2,"featured_media":2649,"comment_status":"open","ping_status":"open","sticky":false,"template":"","format":"standard","meta":{"_joinchat":[],"footnotes":""},"categories":[61],"tags":[381,380],"class_list":["post-2698","post","type-post","status-publish","format-standard","has-post-thumbnail","hentry","category-ceza-hukuku","tag-cocuklarin-cinsel-istismari-sucu-2","tag-tck-103"],"_links":{"self":[{"href":"https:\/\/batinyilmaz.av.tr\/fa\/wp-json\/wp\/v2\/posts\/2698","targetHints":{"allow":["GET"]}}],"collection":[{"href":"https:\/\/batinyilmaz.av.tr\/fa\/wp-json\/wp\/v2\/posts"}],"about":[{"href":"https:\/\/batinyilmaz.av.tr\/fa\/wp-json\/wp\/v2\/types\/post"}],"author":[{"embeddable":true,"href":"https:\/\/batinyilmaz.av.tr\/fa\/wp-json\/wp\/v2\/users\/2"}],"replies":[{"embeddable":true,"href":"https:\/\/batinyilmaz.av.tr\/fa\/wp-json\/wp\/v2\/comments?post=2698"}],"version-history":[{"count":1,"href":"https:\/\/batinyilmaz.av.tr\/fa\/wp-json\/wp\/v2\/posts\/2698\/revisions"}],"predecessor-version":[{"id":2700,"href":"https:\/\/batinyilmaz.av.tr\/fa\/wp-json\/wp\/v2\/posts\/2698\/revisions\/2700"}],"wp:featuredmedia":[{"embeddable":true,"href":"https:\/\/batinyilmaz.av.tr\/fa\/wp-json\/wp\/v2\/media\/2649"}],"wp:attachment":[{"href":"https:\/\/batinyilmaz.av.tr\/fa\/wp-json\/wp\/v2\/media?parent=2698"}],"wp:term":[{"taxonomy":"category","embeddable":true,"href":"https:\/\/batinyilmaz.av.tr\/fa\/wp-json\/wp\/v2\/categories?post=2698"},{"taxonomy":"post_tag","embeddable":true,"href":"https:\/\/batinyilmaz.av.tr\/fa\/wp-json\/wp\/v2\/tags?post=2698"}],"curies":[{"name":"wp","href":"https:\/\/api.w.org\/{rel}","templated":true}]}}