{"id":2681,"date":"2026-02-04T15:56:29","date_gmt":"2026-02-04T12:56:29","guid":{"rendered":"https:\/\/batinyilmaz.av.tr\/?p=2681"},"modified":"2026-02-04T16:18:15","modified_gmt":"2026-02-04T13:18:15","slug":"kisirlastirma-sucu-tck-101-nedir","status":"publish","type":"post","link":"https:\/\/batinyilmaz.av.tr\/fa\/kisirlastirma-sucu-tck-101-nedir\/","title":{"rendered":"K\u0131s\u0131rla\u015ft\u0131rma Su\u00e7u (TCK 101) Nedir?"},"content":{"rendered":"<p class=\"wp-block-paragraph\"><strong>K\u0131s\u0131rla\u015ft\u0131rma su\u00e7u<\/strong>, bir ki\u015finin&nbsp;<strong>\u00e7ocuk yapma\/\u00fcreme yetene\u011finin<\/strong>&nbsp;t\u0131bbi m\u00fcdahale ile&nbsp;<strong>kal\u0131c\u0131 \u015fekilde ortadan kald\u0131r\u0131lmas\u0131<\/strong>&nbsp;fiilinin, kanunun arad\u0131\u011f\u0131 ko\u015fullar d\u0131\u015f\u0131nda ger\u00e7ekle\u015ftirilmesidir.<\/p>\n\n\n\n<p class=\"wp-block-paragraph\">TCK 101, k\u0131s\u0131rla\u015ft\u0131rmay\u0131 \u00f6zellikle iki a\u00e7\u0131dan koruma alt\u0131na al\u0131r:<\/p>\n\n\n\n<ul class=\"wp-block-list\">\n<li><strong>R\u0131za (onam) yoksa:<\/strong>\u00a0Ki\u015finin v\u00fccut dokunulmazl\u0131\u011f\u0131 a\u011f\u0131r bi\u00e7imde ihlal edilir.<\/li>\n\n\n\n<li><strong>Yetkili ki\u015fi de\u011filse:<\/strong>\u00a0Sa\u011fl\u0131k g\u00fcvenli\u011fi ve t\u0131bbi m\u00fcdahalenin hukuka uygunlu\u011fu zedelenir.<\/li>\n<\/ul>\n\n\n\n<p class=\"wp-block-paragraph\"><strong>TCK 101\u2019e G\u00f6re K\u0131s\u0131rla\u015ft\u0131rma Su\u00e7unun \u015eartlar\u0131<\/strong><\/p>\n\n\n\n<p class=\"wp-block-paragraph\"><strong>1) \u201cK\u0131s\u0131rla\u015ft\u0131rma\u201d Niteli\u011finde Bir M\u00fcdahale Olmal\u0131<\/strong><\/p>\n\n\n\n<p class=\"wp-block-paragraph\">TCK 101\u2019in uygulanabilmesi i\u00e7in yap\u0131lan fiilin, ki\u015fiyi&nbsp;<strong>\u00fcreme yetene\u011finden yoksun b\u0131rakacak<\/strong>&nbsp;nitelikte olmas\u0131 gerekir. Bu t\u00fcr m\u00fcdahaleler genellikle t\u0131bbi i\u015flemlerdir ve \u00e7o\u011fu durumda uzmanl\u0131k, teknik ko\u015ful ve kay\u0131t\/izlem gerektirir.<\/p>\n\n\n\n<p class=\"wp-block-paragraph\"><strong>2) R\u0131za (Ayd\u0131nlat\u0131lm\u0131\u015f Onam) Unsuru<\/strong><\/p>\n\n\n\n<p class=\"wp-block-paragraph\">Kanun metni \u201cr\u0131za\u201d kavram\u0131n\u0131 a\u00e7\u0131k\u00e7a kullan\u0131r. Uygulamada&nbsp;<strong>r\u0131za<\/strong>, salt \u201cevet\u201d demek de\u011fildir; ki\u015finin:<\/p>\n\n\n\n<ul class=\"wp-block-list\">\n<li>m\u00fcdahalenin niteli\u011fini,<\/li>\n\n\n\n<li>sonu\u00e7lar\u0131n\u0131 (kal\u0131c\u0131l\u0131k d\u00e2hil),<\/li>\n\n\n\n<li>alternatiflerini,<\/li>\n\n\n\n<li>risklerini<\/li>\n<\/ul>\n\n\n\n<p class=\"wp-block-paragraph\">anlayarak karar vermesi beklenir. A\u0130HM i\u00e7tihad\u0131 da k\u0131s\u0131rla\u015ft\u0131rmada&nbsp;<strong>ayd\u0131nlat\u0131lm\u0131\u015f r\u0131za<\/strong>&nbsp;vurgusunu g\u00fc\u00e7lendirmektedir (V.C.\/Slovakya karar\u0131).<\/p>\n\n\n\n<p class=\"wp-block-paragraph\"><strong>3) Yetkili Ki\u015fi Taraf\u0131ndan Yap\u0131lma \u015eart\u0131<\/strong><\/p>\n\n\n\n<p class=\"wp-block-paragraph\">TCK 101\/2\u2019nin oda\u011f\u0131 \u015fudur:&nbsp;<strong>R\u0131za bulunsa bile<\/strong>, k\u0131s\u0131rla\u015ft\u0131rma&nbsp;<strong>yetkili olmayan<\/strong>&nbsp;ki\u015fi taraf\u0131ndan yap\u0131l\u0131rsa su\u00e7 olu\u015fur.<\/p>\n\n\n\n<p class=\"wp-block-paragraph\">Bu yakla\u015f\u0131m\u0131n temel gerek\u00e7esi \u015fudur: K\u0131s\u0131rla\u015ft\u0131rma, sonu\u00e7lar\u0131 itibar\u0131yla a\u011f\u0131r ve geri d\u00f6n\u00fc\u015f\u00fc zor bir m\u00fcdahaledir; bu nedenle yaln\u0131zca&nbsp;<strong>hukuken ve mesleki olarak yetkili<\/strong>&nbsp;ki\u015filerce, mevzuata uygun sa\u011fl\u0131k ko\u015fullar\u0131nda yap\u0131lmal\u0131d\u0131r.<\/p>\n\n\n\n<hr class=\"wp-block-separator has-alpha-channel-opacity\"\/>\n\n\n\n<p class=\"wp-block-paragraph\"><strong>R\u0131zas\u0131z K\u0131s\u0131rla\u015ft\u0131rma Su\u00e7unun Cezas\u0131<\/strong><\/p>\n\n\n\n<p class=\"wp-block-paragraph\"><strong>R\u0131zas\u0131z k\u0131s\u0131rla\u015ft\u0131rma cezas\u0131 ka\u00e7 y\u0131l?<\/strong><\/p>\n\n\n\n<p class=\"wp-block-paragraph\">TCK 101\/1\u2019e g\u00f6re:<\/p>\n\n\n\n<ul class=\"wp-block-list\">\n<li><strong>R\u0131za olmaks\u0131z\u0131n k\u0131s\u0131rla\u015ft\u0131rma<\/strong>\u00a0yapan ki\u015fi\u00a0<strong>3 y\u0131ldan 6 y\u0131la kadar hapis cezas\u0131<\/strong>\u00a0ile cezaland\u0131r\u0131l\u0131r.<\/li>\n<\/ul>\n\n\n\n<p class=\"wp-block-paragraph\"><strong>Yetkisiz ki\u015fi yaparsa ceza artar m\u0131?<\/strong><\/p>\n\n\n\n<p class=\"wp-block-paragraph\">Evet. Ayn\u0131 f\u0131kraya g\u00f6re:<\/p>\n\n\n\n<ul class=\"wp-block-list\">\n<li>\u0641\u0639\u0644\u00a0<strong>k\u0131s\u0131rla\u015ft\u0131rma i\u015flemi yapma yetkisi olmayan<\/strong>\u00a0bir ki\u015fi taraf\u0131ndan yap\u0131l\u0131rsa,<\/li>\n\n\n\n<li>verilecek ceza\u00a0<strong>\u00fc\u00e7te bir oran\u0131nda art\u0131r\u0131l\u0131r.<\/strong><\/li>\n<\/ul>\n\n\n\n<hr class=\"wp-block-separator has-alpha-channel-opacity\"\/>\n\n\n\n<p class=\"wp-block-paragraph\"><strong>R\u0131za Olsa Bile Yetkisiz Ki\u015finin K\u0131s\u0131rla\u015ft\u0131rma Yapmas\u0131<\/strong><\/p>\n\n\n\n<p class=\"wp-block-paragraph\"><strong>R\u0131za varsa neden su\u00e7 olur?<\/strong><\/p>\n\n\n\n<p class=\"wp-block-paragraph\">TCK 101\/2\u2019nin mant\u0131\u011f\u0131 \u015fu: Ki\u015fi r\u0131za g\u00f6stermi\u015f olsa bile, k\u0131s\u0131rla\u015ft\u0131rma gibi a\u011f\u0131r bir t\u0131bbi m\u00fcdahale&nbsp;<strong>yetkisiz<\/strong>&nbsp;ki\u015filerce yap\u0131l\u0131rsa:<\/p>\n\n\n\n<ul class=\"wp-block-list\">\n<li>hasta g\u00fcvenli\u011fi,<\/li>\n\n\n\n<li>t\u0131bbi standartlar,<\/li>\n\n\n\n<li>kay\u0131t\/izlenebilirlik,<\/li>\n\n\n\n<li>komplikasyonlarda m\u00fcdahale kapasitesi<\/li>\n<\/ul>\n\n\n\n<p class=\"wp-block-paragraph\">gibi ba\u015fl\u0131klarda ciddi risk do\u011far. Bu nedenle kanun, r\u0131za var diye fiili hukuka uygun saymaz.<\/p>\n\n\n\n<p class=\"wp-block-paragraph\"><strong>TCK 101\/2 cezas\u0131 nedir?<\/strong><\/p>\n\n\n\n<ul class=\"wp-block-list\">\n<li><strong>\u06f1 \u062a\u0627 \u06f3 \u0633\u0627\u0644 \u062d\u0628\u0633<\/strong>\u00a0\u00f6ng\u00f6r\u00fcl\u00fcr.<\/li>\n<\/ul>\n\n\n\n<hr class=\"wp-block-separator has-alpha-channel-opacity\"\/>\n\n\n\n<p class=\"wp-block-paragraph\"><strong>Sterilizasyon Hukuken Ne Zaman Uygulanabilir?<\/strong><\/p>\n\n\n\n<p class=\"wp-block-paragraph\">Ceza h\u00fckm\u00fcn\u00fcn yan\u0131nda, 2827 say\u0131l\u0131 Kanun m.4 \u015funu s\u00f6yler:<\/p>\n\n\n\n<ul class=\"wp-block-list\">\n<li><strong>Sterilizasyon ameliyat\u0131<\/strong>, t\u0131bbi sak\u0131nca yoksa <strong>re\u015fit ki\u015finin iste\u011fi \u00fczerine<\/strong>\u00a0\u0627\u0646\u062c\u0627\u0645 \u0634\u062f.<\/li>\n<\/ul>\n\n\n\n<p class=\"wp-block-paragraph\">Bu \u00e7er\u00e7eve, uygulamada iki \u00f6nemli noktay\u0131 hat\u0131rlat\u0131r:<\/p>\n\n\n\n<ol start=\"1\" class=\"wp-block-list\">\n<li><strong>Re\u015fit olmayanlarda<\/strong>\u00a0ve\/veya hukuki ehliyet tart\u0131\u015fmal\u0131 h\u00e2llerde r\u0131za meselesi daha karma\u015f\u0131k hale gelir.<\/li>\n\n\n\n<li>\u201c\u0130stek\u201d ve \u201cr\u0131za\u201dn\u0131n\u00a0<strong>usul\u00fcne uygun<\/strong>\u00a0al\u0131nmas\u0131 (ayd\u0131nlatma, belge, kay\u0131t, hekim de\u011ferlendirmesi) kritik \u00f6nemdedir.<\/li>\n<\/ol>\n\n\n\n<p class=\"wp-block-paragraph\"><em>Ayr\u0131ca ayn\u0131 maddede baz\u0131 t\u0131bbi zaruret hallerinde \u201ckastrasyon\u201d y\u00f6n\u00fcnden r\u0131za aranmaks\u0131z\u0131n m\u00fcdahale olabilece\u011fi belirtilmi\u015ftir; ancak bu, \u00e7ok istisnai ve t\u0131bbi zorunluluk gerektiren bir durumdur (2827 m.4).<\/em><\/p>\n\n\n\n<hr class=\"wp-block-separator has-alpha-channel-opacity\"\/>\n\n\n\n<p class=\"wp-block-paragraph\"><strong>K\u0131s\u0131rla\u015ft\u0131rma Su\u00e7unda Uygulamada Dikkat Edilen Noktalar<\/strong><\/p>\n\n\n\n<p class=\"wp-block-paragraph\"><strong>\u201cR\u0131za\u201d ger\u00e7ekten ge\u00e7erli mi?<\/strong><\/p>\n\n\n\n<p class=\"wp-block-paragraph\">Uygulamada tart\u0131\u015fma \u00e7\u0131kan ba\u015fl\u0131klardan baz\u0131lar\u0131:<\/p>\n\n\n\n<ul class=\"wp-block-list\">\n<li>R\u0131zan\u0131n\u00a0<strong>bask\u0131 alt\u0131nda<\/strong>\u00a0al\u0131n\u0131p al\u0131nmad\u0131\u011f\u0131<\/li>\n\n\n\n<li>Ki\u015finin r\u0131zay\u0131 verirken\u00a0<strong>yeterince bilgilendirilip bilgilendirilmedi\u011fi<\/strong><\/li>\n\n\n\n<li>K\u0131s\u0131rla\u015ft\u0131rman\u0131n kal\u0131c\u0131 sonucunun anla\u015f\u0131l\u0131p anla\u015f\u0131lmad\u0131\u011f\u0131<\/li>\n\n\n\n<li>T\u0131bbi kay\u0131tlar\u0131n ve onam formlar\u0131n\u0131n i\u00e7eri\u011fi<\/li>\n<\/ul>\n\n\n\n<hr class=\"wp-block-separator has-alpha-channel-opacity\"\/>\n\n\n\n<p class=\"wp-block-paragraph\"><strong>\u067e\u0631\u0633\u0634\u200c\u0647\u0627\u06cc \u0645\u062a\u062f\u0627\u0648\u0644 (\u0633\u0624\u0627\u0644\u0627\u062a \u0645\u062a\u062f\u0627\u0648\u0644)<\/strong><\/p>\n\n\n\n<p class=\"wp-block-paragraph\"><strong>1) K\u0131s\u0131rla\u015ft\u0131rma su\u00e7u \u015fik\u00e2yete tabi mi?<\/strong><\/p>\n\n\n\n<p class=\"wp-block-paragraph\">TCK 101 maddesinde \u015fik\u00e2yet ko\u015fulu a\u00e7\u0131k\u00e7a d\u00fczenlenmemi\u015ftir. Bu t\u00fcr su\u00e7larda s\u00fcre\u00e7, su\u00e7un niteli\u011fine g\u00f6re \u00e7o\u011fu durumda resen soru\u015fturma kapsam\u0131nda de\u011ferlendirilir. Somut olay\u0131n detay\u0131na g\u00f6re (\u00f6r. deliller, r\u0131za tart\u0131\u015fmas\u0131) de\u011ferlendirme de\u011fi\u015febilece\u011finden, bir ceza hukuku uzman\u0131yla dosya \u00fczerinden g\u00f6r\u00fc\u015fmek do\u011fru olur.<\/p>\n\n\n\n<p class=\"wp-block-paragraph\"><strong>2) R\u0131za varsa her durumda cezas\u0131z m\u0131d\u0131r?<\/strong><\/p>\n\n\n\n<p class=\"wp-block-paragraph\">\u0646\u0647.&nbsp;<strong>TCK 101\/2<\/strong>&nbsp;a\u00e7\u0131k\u00e7a d\u00fczenler:&nbsp;<strong>R\u0131zaya dayal\u0131 olsa bile<\/strong>&nbsp;e\u011fer fiil&nbsp;<strong>yetkili olmayan ki\u015fi<\/strong>&nbsp;taraf\u0131ndan i\u015flenmi\u015fse&nbsp;<strong>1\u20133 y\u0131l hapis<\/strong>&nbsp;cezas\u0131 s\u00f6z konusu olabilir.<\/p>\n\n\n\n<p class=\"wp-block-paragraph\"><strong>3) R\u0131zas\u0131z k\u0131s\u0131rla\u015ft\u0131rma cezas\u0131 nedir?<\/strong><\/p>\n\n\n\n<p class=\"wp-block-paragraph\">TCK 101\/1\u2019e g\u00f6re&nbsp;<strong>3\u20136 y\u0131l hapis<\/strong>&nbsp;cezas\u0131d\u0131r. E\u011fer bunu yapan ki\u015fi ayn\u0131 zamanda&nbsp;<strong>yetkisiz<\/strong>&nbsp;ise ceza&nbsp;<strong>\u00fc\u00e7te bir oran\u0131nda art\u0131r\u0131l\u0131r.<\/strong><\/p>\n\n\n\n<p class=\"wp-block-paragraph\"><strong>4) \u201cYetkisiz ki\u015fi\u201d taraf\u0131ndan yap\u0131lmas\u0131 neyi de\u011fi\u015ftirir?<\/strong><\/p>\n\n\n\n<ul class=\"wp-block-list\">\n<li>R\u0131zas\u0131z ise: ceza\u00a0<strong>art\u0131r\u0131m<\/strong>\u00a0g\u00f6r\u00fcr (TCK 101\/1 son c\u00fcmle).<\/li>\n\n\n\n<li>R\u0131za varsa bile: ayr\u0131ca su\u00e7 olu\u015fturur (TCK 101\/2).<\/li>\n<\/ul>\n\n\n\n<p class=\"wp-block-paragraph\"><strong>5) Sterilizasyon ile k\u0131s\u0131rla\u015ft\u0131rma ayn\u0131 \u015fey mi?<\/strong><\/p>\n\n\n\n<p class=\"wp-block-paragraph\">G\u00fcnl\u00fck dilde benzer kullan\u0131lsa da mevzuatta \u201csterilizasyon\u201d 2827 say\u0131l\u0131 Kanun m.4\u2019te tan\u0131mlanm\u0131\u015ft\u0131r. Ceza hukuku bak\u0131m\u0131ndan ise TCK 101\u2019deki&nbsp;<strong>k\u0131s\u0131rla\u015ft\u0131rma fiili<\/strong>&nbsp;ve \u00f6zellikle&nbsp;<strong>r\u0131za\/yetki<\/strong>&nbsp;\u015fartlar\u0131 belirleyicidir.<\/p>\n\n\n\n<p class=\"wp-block-paragraph\">Daha fazla bilgi i\u00e7in 0532 669 34 90 ve <a href=\"https:\/\/batinyilmaz.av.tr\/fa\/%d8%aa%d9%85%d8%a7%d8%b3\/\">https:\/\/batinyilmaz.av.tr\/iletisim\/ <\/a>adreslerimizden bizimle ileti\u015fime ge\u00e7ebilirsiniz.<\/p>\n\n\n\n<p class=\"wp-block-paragraph\">\u0628\u0627\u062a\u06cc\u0646 \u06cc\u0644\u0645\u0627\u0632\u060c \u0648\u06a9\u06cc\u0644<\/p>","protected":false},"excerpt":{"rendered":"<p>K\u0131s\u0131rla\u015ft\u0131rma su\u00e7u, bir ki\u015finin&nbsp;\u00e7ocuk yapma\/\u00fcreme yetene\u011finin&nbsp;t\u0131bbi m\u00fcdahale ile&nbsp;kal\u0131c\u0131 \u015fekilde ortadan kald\u0131r\u0131lmas\u0131&nbsp;fiilinin, kanunun arad\u0131\u011f\u0131 ko\u015fullar d\u0131\u015f\u0131nda ger\u00e7ekle\u015ftirilmesidir. TCK 101, k\u0131s\u0131rla\u015ft\u0131rmay\u0131 \u00f6zellikle iki a\u00e7\u0131dan koruma alt\u0131na al\u0131r: TCK 101\u2019e G\u00f6re K\u0131s\u0131rla\u015ft\u0131rma Su\u00e7unun \u015eartlar\u0131 1) \u201cK\u0131s\u0131rla\u015ft\u0131rma\u201d Niteli\u011finde Bir M\u00fcdahale Olmal\u0131 TCK 101\u2019in uygulanabilmesi i\u00e7in yap\u0131lan fiilin, ki\u015fiyi&nbsp;\u00fcreme yetene\u011finden yoksun b\u0131rakacak&nbsp;nitelikte olmas\u0131 gerekir. Bu t\u00fcr m\u00fcdahaleler genellikle t\u0131bbi i\u015flemlerdir [&hellip;]<\/p>\n","protected":false},"author":2,"featured_media":2682,"comment_status":"open","ping_status":"open","sticky":false,"template":"","format":"standard","meta":{"_joinchat":[],"footnotes":""},"categories":[61],"tags":[374,373],"class_list":["post-2681","post","type-post","status-publish","format-standard","has-post-thumbnail","hentry","category-ceza-hukuku","tag-kisirlastirma-sucu","tag-tck-101"],"_links":{"self":[{"href":"https:\/\/batinyilmaz.av.tr\/fa\/wp-json\/wp\/v2\/posts\/2681","targetHints":{"allow":["GET"]}}],"collection":[{"href":"https:\/\/batinyilmaz.av.tr\/fa\/wp-json\/wp\/v2\/posts"}],"about":[{"href":"https:\/\/batinyilmaz.av.tr\/fa\/wp-json\/wp\/v2\/types\/post"}],"author":[{"embeddable":true,"href":"https:\/\/batinyilmaz.av.tr\/fa\/wp-json\/wp\/v2\/users\/2"}],"replies":[{"embeddable":true,"href":"https:\/\/batinyilmaz.av.tr\/fa\/wp-json\/wp\/v2\/comments?post=2681"}],"version-history":[{"count":2,"href":"https:\/\/batinyilmaz.av.tr\/fa\/wp-json\/wp\/v2\/posts\/2681\/revisions"}],"predecessor-version":[{"id":2684,"href":"https:\/\/batinyilmaz.av.tr\/fa\/wp-json\/wp\/v2\/posts\/2681\/revisions\/2684"}],"wp:featuredmedia":[{"embeddable":true,"href":"https:\/\/batinyilmaz.av.tr\/fa\/wp-json\/wp\/v2\/media\/2682"}],"wp:attachment":[{"href":"https:\/\/batinyilmaz.av.tr\/fa\/wp-json\/wp\/v2\/media?parent=2681"}],"wp:term":[{"taxonomy":"category","embeddable":true,"href":"https:\/\/batinyilmaz.av.tr\/fa\/wp-json\/wp\/v2\/categories?post=2681"},{"taxonomy":"post_tag","embeddable":true,"href":"https:\/\/batinyilmaz.av.tr\/fa\/wp-json\/wp\/v2\/tags?post=2681"}],"curies":[{"name":"wp","href":"https:\/\/api.w.org\/{rel}","templated":true}]}}