{"id":2648,"date":"2026-01-22T12:54:29","date_gmt":"2026-01-22T09:54:29","guid":{"rendered":"https:\/\/batinyilmaz.av.tr\/?p=2648"},"modified":"2026-01-22T12:54:31","modified_gmt":"2026-01-22T09:54:31","slug":"neticesi-sebebiyle-agirlasmis-iskence-nedir-tck-95","status":"publish","type":"post","link":"https:\/\/batinyilmaz.av.tr\/fa\/neticesi-sebebiyle-agirlasmis-iskence-nedir-tck-95\/","title":{"rendered":"Neticesi Sebebiyle A\u011f\u0131rla\u015fm\u0131\u015f \u0130\u015fkence Nedir? (TCK 95)"},"content":{"rendered":"<div id=\"ez-toc-container\" class=\"ez-toc-v2_0_85 counter-hierarchy ez-toc-counter ez-toc-grey ez-toc-container-direction\">\n<div class=\"ez-toc-title-container\">\n<p class=\"ez-toc-title\" style=\"cursor:inherit\">\u0633\u0631\u0628\u0631\u06af\u200c\u0647\u0627<\/p>\n<span class=\"ez-toc-title-toggle\"><a href=\"#\" class=\"ez-toc-pull-right ez-toc-btn ez-toc-btn-xs ez-toc-btn-default ez-toc-toggle\" aria-label=\"\u062a\u063a\u06cc\u06cc\u0631 \u0648\u0636\u0639\u06cc\u062a \u0641\u0647\u0631\u0633\u062a \u0645\u0637\u0627\u0644\u0628\"><span class=\"ez-toc-js-icon-con\"><span class=\"\"><span class=\"eztoc-hide\" style=\"display:none;\">\u062aoggle<\/span><span class=\"ez-toc-icon-toggle-span\"><svg style=\"fill: #999;color:#999\" xmlns=\"http:\/\/www.w3.org\/2000\/svg\" class=\"list-377408\" width=\"20px\" height=\"20px\" viewbox=\"0 0 24 24\" fill=\"none\"><path d=\"M6 6H4v2h2V6zm14 0H8v2h12V6zM4 11h2v2H4v-2zm16 0H8v2h12v-2zM4 16h2v2H4v-2zm16 0H8v2h12v-2z\" fill=\"currentColor\"><\/path><\/svg><svg style=\"fill: #999;color:#999\" class=\"arrow-unsorted-368013\" xmlns=\"http:\/\/www.w3.org\/2000\/svg\" width=\"10px\" height=\"10px\" viewbox=\"0 0 24 24\" version=\"1.2\" baseprofile=\"tiny\"><path d=\"M18.2 9.3l-6.2-6.3-6.2 6.3c-.2.2-.3.4-.3.7s.1.5.3.7c.2.2.4.3.7.3h11c.3 0 .5-.1.7-.3.2-.2.3-.5.3-.7s-.1-.5-.3-.7zM5.8 14.7l6.2 6.3 6.2-6.3c.2-.2.3-.5.3-.7s-.1-.5-.3-.7c-.2-.2-.4-.3-.7-.3h-11c-.3 0-.5.1-.7.3-.2.2-.3.5-.3.7s.1.5.3.7z\"\/><\/svg><\/span><\/span><\/span><\/a><\/span><\/div>\n<nav><ul class='ez-toc-list ez-toc-list-level-1' ><li class='ez-toc-page-1 ez-toc-heading-level-2'><a class=\"ez-toc-link ez-toc-heading-1\" href=\"https:\/\/batinyilmaz.av.tr\/fa\/neticesi-sebebiyle-agirlasmis-iskence-nedir-tck-95\/#TCK_95te_Cezayi_Agirlastiran_Sonuclar_Nelerdir\" >TCK 95\u2019te Cezay\u0131 A\u011f\u0131rla\u015ft\u0131ran Sonu\u00e7lar Nelerdir?<\/a><\/li><li class='ez-toc-page-1 ez-toc-heading-level-2'><a class=\"ez-toc-link ez-toc-heading-2\" href=\"https:\/\/batinyilmaz.av.tr\/fa\/neticesi-sebebiyle-agirlasmis-iskence-nedir-tck-95\/#Neticesi_Sebebiyle_Agirlasmis_Iskencede_%E2%80%9CNetice%E2%80%9D_Ne_Demektir\" >Neticesi Sebebiyle A\u011f\u0131rla\u015fm\u0131\u015f \u0130\u015fkencede \u201cNetice\u201d Ne Demektir?<\/a><\/li><li class='ez-toc-page-1 ez-toc-heading-level-2'><a class=\"ez-toc-link ez-toc-heading-3\" href=\"https:\/\/batinyilmaz.av.tr\/fa\/neticesi-sebebiyle-agirlasmis-iskence-nedir-tck-95\/#Sikca_Sorulan_Sorular_SSS\" >\u067e\u0631\u0633\u0634\u200c\u0647\u0627\u06cc \u0645\u062a\u062f\u0627\u0648\u0644 (\u0633\u0624\u0627\u0644\u0627\u062a \u0645\u062a\u062f\u0627\u0648\u0644)<\/a><\/li><\/ul><\/nav><\/div>\n\n<p class=\"wp-block-paragraph\"><strong>Neticesi sebebiyle a\u011f\u0131rla\u015fm\u0131\u015f i\u015fkence<\/strong>, i\u015fkence su\u00e7unun i\u015flenmesi s\u0131ras\u0131nda veya sonras\u0131nda, ma\u011fdurda&nbsp;<strong>kanunun \u00f6zellikle sayd\u0131\u011f\u0131 a\u011f\u0131r sonu\u00e7lar\u0131n<\/strong>&nbsp;ortaya \u00e7\u0131kmas\u0131d\u0131r. Bu sonu\u00e7lar ger\u00e7ekle\u015fti\u011finde, fail \u201cs\u0131radan i\u015fkence\u201d cezas\u0131yla de\u011fil;&nbsp;<strong>art\u0131r\u0131ml\u0131 ceza<\/strong>&nbsp;\u06cc\u0627&nbsp;<strong>do\u011frudan daha a\u011f\u0131r bir ceza aral\u0131\u011f\u0131<\/strong>&nbsp;ile kar\u015f\u0131la\u015f\u0131r.<\/p>\n\n\n\n<p class=\"wp-block-paragraph\">Buradaki temel mant\u0131k \u015fudur:<\/p>\n\n\n\n<ul class=\"wp-block-list\">\n<li>\u0130\u015fkence fiili zaten a\u011f\u0131r bir su\u00e7tur.<\/li>\n\n\n\n<li>Ancak i\u015fkence\u00a0<strong>daha a\u011f\u0131r bedensel\/ruhsal ve kal\u0131c\u0131 neticeler<\/strong>\u00a0do\u011furursa, hukuk d\u00fczeni bunu ayr\u0131ca daha a\u011f\u0131r yapt\u0131r\u0131mla kar\u015f\u0131lar.<\/li>\n<\/ul>\n\n\n\n<h2 class=\"wp-block-heading\"><span class=\"ez-toc-section\" id=\"TCK_95te_Cezayi_Agirlastiran_Sonuclar_Nelerdir\"><\/span><strong>TCK 95\u2019te Cezay\u0131 A\u011f\u0131rla\u015ft\u0131ran Sonu\u00e7lar Nelerdir?<\/strong><span class=\"ez-toc-section-end\"><\/span><\/h2>\n\n\n\n<p class=\"wp-block-paragraph\">TCK 95, neticeyi a\u011f\u0131rl\u0131\u011f\u0131na g\u00f6re&nbsp;<strong>4 ayr\u0131 grupta<\/strong>&nbsp;ele al\u0131r:<\/p>\n\n\n\n<ul class=\"wp-block-list\">\n<li><strong>(1) Yar\u0131 oran\u0131nda art\u0131r\u0131m gerektiren haller<\/strong><\/li>\n\n\n\n<li><strong>(2) Bir kat art\u0131r\u0131m gerektiren haller<\/strong><\/li>\n\n\n\n<li><strong>(3) Kemik k\u0131r\u0131\u011f\u0131na \u00f6zg\u00fc \u00f6zel ceza aral\u0131\u011f\u0131<\/strong><\/li>\n\n\n\n<li><strong>(4) \u00d6l\u00fcm h\u00e2linde a\u011f\u0131rla\u015ft\u0131r\u0131lm\u0131\u015f m\u00fcebbet<\/strong><\/li>\n<\/ul>\n\n\n\n<p class=\"wp-block-paragraph\">A\u015fa\u011f\u0131da her birini sade \u015fekilde a\u00e7\u0131kl\u0131yorum.<\/p>\n\n\n\n<p class=\"wp-block-paragraph\"><strong>TCK 95\/1: Ceza Yar\u0131 Oran\u0131nda Artar (1\/2 Art\u0131r\u0131m)<\/strong><\/p>\n\n\n\n<p class=\"wp-block-paragraph\">A\u015fa\u011f\u0131daki sonu\u00e7lar ortaya \u00e7\u0131karsa, i\u015fkence su\u00e7undan belirlenen ceza&nbsp;<strong>yar\u0131 oran\u0131nda art\u0131r\u0131l\u0131r<\/strong>:<\/p>\n\n\n\n<p class=\"wp-block-paragraph\"><strong>Duyu veya organ i\u015flevinin s\u00fcrekli zay\u0131flamas\u0131<\/strong><\/p>\n\n\n\n<p class=\"wp-block-paragraph\">Ma\u011fdurun bir organ\u0131 veya duyusu tamamen kaybolmasa bile&nbsp;<strong>kal\u0131c\u0131 \u015fekilde zay\u0131flarsa<\/strong>&nbsp;bu bent g\u00fcndeme gelir (\u00f6r. g\u00f6rmede kal\u0131c\u0131 azalma, i\u015fitmede kal\u0131c\u0131 d\u00fc\u015f\u00fc\u015f).<\/p>\n\n\n\n<p class=\"wp-block-paragraph\"><strong>Konu\u015fmada s\u00fcrekli zorluk<\/strong><\/p>\n\n\n\n<p class=\"wp-block-paragraph\">Konu\u015fman\u0131n tamamen kaybolmas\u0131 de\u011fil;&nbsp;<strong>kal\u0131c\u0131 g\u00fc\u00e7l\u00fck<\/strong>&nbsp;(pelteklik, s\u00fcrekli tutukluk vb.) anla\u015f\u0131l\u0131r.<\/p>\n\n\n\n<p class=\"wp-block-paragraph\"><strong>Y\u00fczde sabit iz<\/strong><\/p>\n\n\n\n<p class=\"wp-block-paragraph\">Y\u00fcz b\u00f6lgesinde&nbsp;<strong>kal\u0131c\u0131 iz<\/strong>&nbsp;(sabit iz) olu\u015fmas\u0131 h\u00e2linde art\u0131r\u0131ml\u0131 ceza s\u00f6z konusu olur.<\/p>\n\n\n\n<p class=\"wp-block-paragraph\"><strong>Ya\u015fam\u0131 tehlikeye sokan durum<\/strong><\/p>\n\n\n\n<p class=\"wp-block-paragraph\">\u0130\u015fkence eylemi ma\u011fdurun hayat\u0131n\u0131 tehlikeye sokacak bir tablo yaratm\u0131\u015fsa (yo\u011fun kanama, i\u00e7 organ riski, hayati tehlike vb.) ceza art\u0131r\u0131l\u0131r.<\/p>\n\n\n\n<p class=\"wp-block-paragraph\"><strong>Gebe kad\u0131nda \u00e7ocu\u011fun vaktinden \u00f6nce do\u011fmas\u0131<\/strong><\/p>\n\n\n\n<p class=\"wp-block-paragraph\">\u0130\u015fkence nedeniyle hamilelik&nbsp;<strong>erken do\u011fumla<\/strong>&nbsp;sonu\u00e7lan\u0131rsa (\u00e7ocu\u011fun d\u00fc\u015fmesi de\u011fil, erken do\u011fum) bu bent uygulan\u0131r.<\/p>\n\n\n\n<p class=\"wp-block-paragraph\"><strong>TCK 95\/2: Ceza Bir Kat Artar (2 Kat\u0131na \u00c7\u0131kan Art\u0131r\u0131m)<\/strong><\/p>\n\n\n\n<p class=\"wp-block-paragraph\">A\u015fa\u011f\u0131daki sonu\u00e7lar daha a\u011f\u0131r g\u00f6r\u00fcld\u00fc\u011f\u00fc i\u00e7in ceza&nbsp;<strong>bir kat art\u0131r\u0131l\u0131r<\/strong>&nbsp;(yani daha y\u00fcksek art\u0131r\u0131m):<\/p>\n\n\n\n<p class=\"wp-block-paragraph\"><strong>\u0130yile\u015fmesi m\u00fcmk\u00fcn olmayan hastal\u0131k veya bitkisel hayata girme<\/strong><\/p>\n\n\n\n<p class=\"wp-block-paragraph\">Ma\u011fdurda kal\u0131c\u0131, geri d\u00f6n\u00fc\u015f\u00fc olmayan bir hastal\u0131k veya&nbsp;<strong>bitkisel hayat<\/strong>&nbsp;olu\u015fursa a\u011f\u0131rla\u015ft\u0131rma uygulan\u0131r.<\/p>\n\n\n\n<p class=\"wp-block-paragraph\"><strong>Duyu veya organ i\u015flevinin yitirilmesi<\/strong><\/p>\n\n\n\n<p class=\"wp-block-paragraph\">\u201cZay\u0131flama\u201ddan farkl\u0131 olarak burada i\u015flev&nbsp;<strong>kaybolur<\/strong>&nbsp;(\u00f6r. g\u00f6rme kayb\u0131, uzuv i\u015flev kayb\u0131).<\/p>\n\n\n\n<p class=\"wp-block-paragraph\"><strong>Konu\u015fma veya \u00e7ocuk yapma yetene\u011finin kaybolmas\u0131<\/strong><\/p>\n\n\n\n<p class=\"wp-block-paragraph\">Konu\u015fman\u0131n tamamen kaybolmas\u0131 ya da \u00fcreme yetene\u011finin kayb\u0131 bu kapsamdad\u0131r.<\/p>\n\n\n\n<p class=\"wp-block-paragraph\"><strong>Y\u00fcz\u00fcn s\u00fcrekli de\u011fi\u015fikli\u011fi<\/strong><\/p>\n\n\n\n<p class=\"wp-block-paragraph\">\u201cSabit iz\u201dden daha a\u011f\u0131r bir kavramd\u0131r: y\u00fcz\u00fcn&nbsp;<strong>kal\u0131c\u0131 bi\u00e7imde de\u011fi\u015fmesi<\/strong>&nbsp;(ciddi deformasyon vb.).<\/p>\n\n\n\n<p class=\"wp-block-paragraph\"><strong>Gebe kad\u0131nda \u00e7ocu\u011fun d\u00fc\u015fmesi<\/strong><\/p>\n\n\n\n<p class=\"wp-block-paragraph\">\u0130\u015fkence nedeniyle&nbsp;<strong>d\u00fc\u015f\u00fck<\/strong>&nbsp;meydana gelmesi h\u00e2linde ceza bir kat art\u0131r\u0131l\u0131r.<\/p>\n\n\n\n<p class=\"wp-block-paragraph\"><strong>TCK 95\/3: Kemik K\u0131r\u0131\u011f\u0131 Halinde \u00d6zel Ceza (8\u201315 Y\u0131l)<\/strong><\/p>\n\n\n\n<p class=\"wp-block-paragraph\">\u0130\u015fkence sonucunda&nbsp;<strong>kemik k\u0131r\u0131\u011f\u0131<\/strong>&nbsp;meydana gelmi\u015fse, kanun bu durumu ayr\u0131ca d\u00fczenlemi\u015ftir:<\/p>\n\n\n\n<ul class=\"wp-block-list\">\n<li>Ceza, k\u0131r\u0131\u011f\u0131n\u00a0<strong>hayat fonksiyonlar\u0131na etkisine g\u00f6re<\/strong>\u00a0belirlenir.<\/li>\n\n\n\n<li>H\u00e2kim,\u00a0<strong>8 y\u0131ldan 15 y\u0131la kadar hapis<\/strong>\u00a0cezas\u0131 aral\u0131\u011f\u0131nda de\u011ferlendirme yapar.<\/li>\n<\/ul>\n\n\n\n<p class=\"wp-block-paragraph\">Bu d\u00fczenleme, \u201cart\u0131r\u0131m\u201d tekni\u011finden farkl\u0131 olarak,&nbsp;<strong>do\u011frudan bir ceza aral\u0131\u011f\u0131<\/strong>&nbsp;\u00f6ng\u00f6r\u00fcr.<\/p>\n\n\n\n<p class=\"wp-block-paragraph\"><strong>TCK 95\/4: \u00d6l\u00fcm Halinde A\u011f\u0131rla\u015ft\u0131r\u0131lm\u0131\u015f M\u00fcebbet<\/strong><\/p>\n\n\n\n<p class=\"wp-block-paragraph\">\u0130\u015fkence sonucunda \u00f6l\u00fcm meydana gelirse, yapt\u0131r\u0131m en a\u011f\u0131r seviyeye \u00e7\u0131kar:<\/p>\n\n\n\n<ul class=\"wp-block-list\">\n<li><strong>A\u011f\u0131rla\u015ft\u0131r\u0131lm\u0131\u015f m\u00fcebbet hapis cezas\u0131<\/strong><\/li>\n<\/ul>\n\n\n\n<p class=\"wp-block-paragraph\">Bu h\u00fck\u00fcm, i\u015fkencenin \u00f6l\u00fcmle sonu\u00e7lanmas\u0131n\u0131 \u201cen a\u011f\u0131r netice\u201d olarak kabul eder.<\/p>\n\n\n\n<h2 class=\"wp-block-heading\"><span class=\"ez-toc-section\" id=\"Neticesi_Sebebiyle_Agirlasmis_Iskencede_%E2%80%9CNetice%E2%80%9D_Ne_Demektir\"><\/span><strong>Neticesi Sebebiyle A\u011f\u0131rla\u015fm\u0131\u015f \u0130\u015fkencede \u201cNetice\u201d Ne Demektir?<\/strong><span class=\"ez-toc-section-end\"><\/span><\/h2>\n\n\n\n<p class=\"wp-block-paragraph\">Bu maddede \u201cnetice\u201d, i\u015fkence fiilinin do\u011furdu\u011fu&nbsp;<strong>sonu\u00e7<\/strong>tur. \u00d6nemli olan \u015fudur:<\/p>\n\n\n\n<ul class=\"wp-block-list\">\n<li>Sadece k\u00f6t\u00fc muamele\/\u015fiddet de\u011fil,<\/li>\n\n\n\n<li>Bu \u015fiddetin\u00a0<strong>kanunda say\u0131lan a\u011f\u0131r sonu\u00e7lara yol a\u00e7mas\u0131<\/strong>.<\/li>\n<\/ul>\n\n\n\n<p class=\"wp-block-paragraph\">Uygulamada netice \u00e7o\u011funlukla \u015fu delillerle tart\u0131\u015f\u0131l\u0131r:<\/p>\n\n\n\n<ul class=\"wp-block-list\">\n<li>Adli raporlar ve sa\u011fl\u0131k kurulu raporlar\u0131<\/li>\n\n\n\n<li>Hayati tehlike de\u011ferlendirmesi<\/li>\n\n\n\n<li>Kal\u0131c\u0131 iz \/ y\u00fcz de\u011fi\u015fikli\u011fi tespiti<\/li>\n\n\n\n<li>Kemik k\u0131r\u0131\u011f\u0131 ve derecesi<\/li>\n\n\n\n<li>Gebelik durumuna ili\u015fkin t\u0131bbi kay\u0131tlar<\/li>\n<\/ul>\n\n\n\n<p class=\"wp-block-paragraph\"><strong>Uygulamada \u00d6nemli Nokta: \u0130\u015fkence Su\u00e7unda \u201c\u00d6zel A\u011f\u0131rla\u015fma\u201d D\u00fczenlemesi<\/strong><\/p>\n\n\n\n<p class=\"wp-block-paragraph\">\u0130\u015fkence su\u00e7unda netice a\u011f\u0131rla\u015f\u0131nca, kanun&nbsp;<strong>TCK 95 ile \u00f6zel bir sistem<\/strong>&nbsp;kurmu\u015ftur. Yarg\u0131tay kararlar\u0131nda da, neticesi sebebiyle a\u011f\u0131rla\u015fm\u0131\u015f h\u00e2llerin&nbsp;<strong>\u00f6zel d\u00fczenleme<\/strong>&nbsp;oldu\u011fu vurgulan\u0131r.<\/p>\n\n\n\n<p class=\"wp-block-paragraph\">Bu yakla\u015f\u0131m, somut olayda hangi maddenin uygulanaca\u011f\u0131 (temel i\u015fkence mi, a\u011f\u0131rla\u015fm\u0131\u015f i\u015fkence mi) tart\u0131\u015fmalar\u0131nda \u00f6nem ta\u015f\u0131r.<\/p>\n\n\n\n<h2 class=\"wp-block-heading\"><span class=\"ez-toc-section\" id=\"Sikca_Sorulan_Sorular_SSS\"><\/span><strong>\u067e\u0631\u0633\u0634\u200c\u0647\u0627\u06cc \u0645\u062a\u062f\u0627\u0648\u0644 (\u0633\u0624\u0627\u0644\u0627\u062a \u0645\u062a\u062f\u0627\u0648\u0644)<\/strong><span class=\"ez-toc-section-end\"><\/span><\/h2>\n\n\n\n<p class=\"wp-block-paragraph\"><strong>Neticesi sebebiyle a\u011f\u0131rla\u015fm\u0131\u015f i\u015fkence nedir?<\/strong><\/p>\n\n\n\n<p class=\"wp-block-paragraph\">\u0130\u015fkence eylemi sonucunda ma\u011fdurda&nbsp;<strong>kal\u0131c\u0131 zay\u0131flama, hayati tehlike, kemik k\u0131r\u0131\u011f\u0131, y\u00fcz de\u011fi\u015fikli\u011fi veya \u00f6l\u00fcm<\/strong>&nbsp;gibi a\u011f\u0131r sonu\u00e7lar meydana gelirse, su\u00e7&nbsp;<strong>neticesi sebebiyle a\u011f\u0131rla\u015fm\u0131\u015f i\u015fkence<\/strong>&nbsp;h\u00e2line gelir (TCK 95).<\/p>\n\n\n\n<p class=\"wp-block-paragraph\"><strong>TCK 95\/1 ile TCK 95\/2 aras\u0131ndaki fark nedir?<\/strong><\/p>\n\n\n\n<ul class=\"wp-block-list\">\n<li><strong>95\/1<\/strong>: Daha \u201chafif\u201d ama\u00a0<strong>kal\u0131c\u0131<\/strong>\u00a0sonu\u00e7lar (\u00f6r. s\u00fcrekli zay\u0131flama, sabit iz) \u2192 ceza\u00a0<strong>yar\u0131 oran\u0131nda artar<\/strong>.<\/li>\n\n\n\n<li><strong>95\/2<\/strong>: Daha a\u011f\u0131r ve geri d\u00f6n\u00fc\u015f\u00fc daha zor sonu\u00e7lar (\u00f6r. i\u015flev kayb\u0131, bitkisel hayat, y\u00fcz\u00fcn s\u00fcrekli de\u011fi\u015fmesi) \u2192 ceza\u00a0<strong>bir kat artar<\/strong>.<\/li>\n<\/ul>\n\n\n\n<p class=\"wp-block-paragraph\"><strong>\u0130\u015fkence sonucu kemik k\u0131r\u0131\u011f\u0131 olursa ceza ne olur?<\/strong><\/p>\n\n\n\n<p class=\"wp-block-paragraph\">TCK 95\/3\u2019e g\u00f6re, kemik k\u0131r\u0131\u011f\u0131 varsa h\u00e2kim&nbsp;<strong>8 y\u0131ldan 15 y\u0131la kadar hapis<\/strong>&nbsp;cezas\u0131 verir; k\u0131r\u0131\u011f\u0131n hayat fonksiyonlar\u0131na etkisi de\u011ferlendirilir.<\/p>\n\n\n\n<p class=\"wp-block-paragraph\"><strong>\u0130\u015fkence sonucu \u00f6l\u00fcm olursa ceza nedir?<\/strong><\/p>\n\n\n\n<p class=\"wp-block-paragraph\">TCK 95\/4\u2019e g\u00f6re i\u015fkence sonucunda \u00f6l\u00fcm meydana gelirse ceza&nbsp;<strong>a\u011f\u0131rla\u015ft\u0131r\u0131lm\u0131\u015f m\u00fcebbet hapis<\/strong>&nbsp;olur.<\/p>\n\n\n\n<p class=\"wp-block-paragraph\"><strong>\u201cYa\u015fam\u0131 tehlikeye sokan durum\u201d nas\u0131l belirlenir?<\/strong><\/p>\n\n\n\n<p class=\"wp-block-paragraph\">\u0645\u0639\u0645\u0648\u0644\u0627\u064b\u00a0<strong>adli t\u0131p \/ hastane raporlar\u0131<\/strong>\u00a0ile olay\u0131n ma\u011fdur a\u00e7\u0131s\u0131ndan hayati risk do\u011furup do\u011furmad\u0131\u011f\u0131 de\u011ferlendirilir.<\/p>\n\n\n\n<p class=\"wp-block-paragraph\">\u0628\u0627\u062a\u06cc\u0646 \u06cc\u0644\u0645\u0627\u0632\u060c \u0648\u06a9\u06cc\u0644 <\/p>","protected":false},"excerpt":{"rendered":"<p>Neticesi sebebiyle a\u011f\u0131rla\u015fm\u0131\u015f i\u015fkence, i\u015fkence su\u00e7unun i\u015flenmesi s\u0131ras\u0131nda veya sonras\u0131nda, ma\u011fdurda&nbsp;kanunun \u00f6zellikle sayd\u0131\u011f\u0131 a\u011f\u0131r sonu\u00e7lar\u0131n&nbsp;ortaya \u00e7\u0131kmas\u0131d\u0131r. Bu sonu\u00e7lar ger\u00e7ekle\u015fti\u011finde, fail \u201cs\u0131radan i\u015fkence\u201d cezas\u0131yla de\u011fil;&nbsp;art\u0131r\u0131ml\u0131 ceza&nbsp;veya&nbsp;do\u011frudan daha a\u011f\u0131r bir ceza aral\u0131\u011f\u0131&nbsp;ile kar\u015f\u0131la\u015f\u0131r. Buradaki temel mant\u0131k \u015fudur: TCK 95\u2019te Cezay\u0131 A\u011f\u0131rla\u015ft\u0131ran Sonu\u00e7lar Nelerdir? TCK 95, neticeyi a\u011f\u0131rl\u0131\u011f\u0131na g\u00f6re&nbsp;4 ayr\u0131 grupta&nbsp;ele al\u0131r: A\u015fa\u011f\u0131da her birini sade \u015fekilde a\u00e7\u0131kl\u0131yorum. [&hellip;]<\/p>\n","protected":false},"author":2,"featured_media":2649,"comment_status":"open","ping_status":"open","sticky":false,"template":"","format":"standard","meta":{"_joinchat":[],"footnotes":""},"categories":[61],"tags":[359],"class_list":["post-2648","post","type-post","status-publish","format-standard","has-post-thumbnail","hentry","category-ceza-hukuku","tag-neticesi-sebebiyle-agirlasmis-iskence-nedir"],"_links":{"self":[{"href":"https:\/\/batinyilmaz.av.tr\/fa\/wp-json\/wp\/v2\/posts\/2648","targetHints":{"allow":["GET"]}}],"collection":[{"href":"https:\/\/batinyilmaz.av.tr\/fa\/wp-json\/wp\/v2\/posts"}],"about":[{"href":"https:\/\/batinyilmaz.av.tr\/fa\/wp-json\/wp\/v2\/types\/post"}],"author":[{"embeddable":true,"href":"https:\/\/batinyilmaz.av.tr\/fa\/wp-json\/wp\/v2\/users\/2"}],"replies":[{"embeddable":true,"href":"https:\/\/batinyilmaz.av.tr\/fa\/wp-json\/wp\/v2\/comments?post=2648"}],"version-history":[{"count":1,"href":"https:\/\/batinyilmaz.av.tr\/fa\/wp-json\/wp\/v2\/posts\/2648\/revisions"}],"predecessor-version":[{"id":2650,"href":"https:\/\/batinyilmaz.av.tr\/fa\/wp-json\/wp\/v2\/posts\/2648\/revisions\/2650"}],"wp:featuredmedia":[{"embeddable":true,"href":"https:\/\/batinyilmaz.av.tr\/fa\/wp-json\/wp\/v2\/media\/2649"}],"wp:attachment":[{"href":"https:\/\/batinyilmaz.av.tr\/fa\/wp-json\/wp\/v2\/media?parent=2648"}],"wp:term":[{"taxonomy":"category","embeddable":true,"href":"https:\/\/batinyilmaz.av.tr\/fa\/wp-json\/wp\/v2\/categories?post=2648"},{"taxonomy":"post_tag","embeddable":true,"href":"https:\/\/batinyilmaz.av.tr\/fa\/wp-json\/wp\/v2\/tags?post=2648"}],"curies":[{"name":"wp","href":"https:\/\/api.w.org\/{rel}","templated":true}]}}