{"id":2544,"date":"2025-12-23T12:22:52","date_gmt":"2025-12-23T09:22:52","guid":{"rendered":"https:\/\/batinyilmaz.av.tr\/?p=2544"},"modified":"2025-12-23T12:22:53","modified_gmt":"2025-12-23T09:22:53","slug":"neticesi-sebebiyle-agirlasmis-yaralama-tck-87-nedir","status":"publish","type":"post","link":"https:\/\/batinyilmaz.av.tr\/fa\/neticesi-sebebiyle-agirlasmis-yaralama-tck-87-nedir\/","title":{"rendered":"Neticesi Sebebiyle A\u011f\u0131rla\u015fm\u0131\u015f Yaralama (TCK 87) Nedir?"},"content":{"rendered":"<div id=\"ez-toc-container\" class=\"ez-toc-v2_0_85 counter-hierarchy ez-toc-counter ez-toc-grey ez-toc-container-direction\">\n<div class=\"ez-toc-title-container\">\n<p class=\"ez-toc-title\" style=\"cursor:inherit\">\u0633\u0631\u0628\u0631\u06af\u200c\u0647\u0627<\/p>\n<span class=\"ez-toc-title-toggle\"><a href=\"#\" class=\"ez-toc-pull-right ez-toc-btn ez-toc-btn-xs ez-toc-btn-default ez-toc-toggle\" aria-label=\"\u062a\u063a\u06cc\u06cc\u0631 \u0648\u0636\u0639\u06cc\u062a \u0641\u0647\u0631\u0633\u062a \u0645\u0637\u0627\u0644\u0628\"><span class=\"ez-toc-js-icon-con\"><span class=\"\"><span class=\"eztoc-hide\" style=\"display:none;\">\u062aoggle<\/span><span class=\"ez-toc-icon-toggle-span\"><svg style=\"fill: #999;color:#999\" xmlns=\"http:\/\/www.w3.org\/2000\/svg\" class=\"list-377408\" width=\"20px\" height=\"20px\" viewbox=\"0 0 24 24\" fill=\"none\"><path d=\"M6 6H4v2h2V6zm14 0H8v2h12V6zM4 11h2v2H4v-2zm16 0H8v2h12v-2zM4 16h2v2H4v-2zm16 0H8v2h12v-2z\" fill=\"currentColor\"><\/path><\/svg><svg style=\"fill: #999;color:#999\" class=\"arrow-unsorted-368013\" xmlns=\"http:\/\/www.w3.org\/2000\/svg\" width=\"10px\" height=\"10px\" viewbox=\"0 0 24 24\" version=\"1.2\" baseprofile=\"tiny\"><path d=\"M18.2 9.3l-6.2-6.3-6.2 6.3c-.2.2-.3.4-.3.7s.1.5.3.7c.2.2.4.3.7.3h11c.3 0 .5-.1.7-.3.2-.2.3-.5.3-.7s-.1-.5-.3-.7zM5.8 14.7l6.2 6.3 6.2-6.3c.2-.2.3-.5.3-.7s-.1-.5-.3-.7c-.2-.2-.4-.3-.7-.3h-11c-.3 0-.5.1-.7.3-.2.2-.3.5-.3.7s.1.5.3.7z\"\/><\/svg><\/span><\/span><\/span><\/a><\/span><\/div>\n<nav><ul class='ez-toc-list ez-toc-list-level-1' ><li class='ez-toc-page-1 ez-toc-heading-level-2'><a class=\"ez-toc-link ez-toc-heading-1\" href=\"https:\/\/batinyilmaz.av.tr\/fa\/neticesi-sebebiyle-agirlasmis-yaralama-tck-87-nedir\/#Neticesi_Sebebiyle_Agirlasmis_Yaralama_Sucunun_Sartlari\" >Neticesi Sebebiyle A\u011f\u0131rla\u015fm\u0131\u015f Yaralama Su\u00e7unun \u015eartlar\u0131<\/a><\/li><li class='ez-toc-page-1 ez-toc-heading-level-2'><a class=\"ez-toc-link ez-toc-heading-2\" href=\"https:\/\/batinyilmaz.av.tr\/fa\/neticesi-sebebiyle-agirlasmis-yaralama-tck-87-nedir\/#Neticesi_Sebebiyle_Agirlasmis_Yaralama_Halleri_TCK_871\" >Neticesi Sebebiyle A\u011f\u0131rla\u015fm\u0131\u015f Yaralama H\u00e2lleri (TCK 87\/1)<\/a><\/li><li class='ez-toc-page-1 ez-toc-heading-level-2'><a class=\"ez-toc-link ez-toc-heading-3\" href=\"https:\/\/batinyilmaz.av.tr\/fa\/neticesi-sebebiyle-agirlasmis-yaralama-tck-87-nedir\/#Neticesi_Sebebiyle_Agirlasmis_Yaralama_Halleri_TCK_872\" >Neticesi Sebebiyle A\u011f\u0131rla\u015fm\u0131\u015f Yaralama H\u00e2lleri (TCK 87\/2)<\/a><\/li><li class='ez-toc-page-1 ez-toc-heading-level-2'><a class=\"ez-toc-link ez-toc-heading-4\" href=\"https:\/\/batinyilmaz.av.tr\/fa\/neticesi-sebebiyle-agirlasmis-yaralama-tck-87-nedir\/#Neticesi_Sebebiyle_Agirlasmis_Yaralama_Kemik_Kirigi_veya_Cikigi_TCK_873\" >Neticesi Sebebiyle A\u011f\u0131rla\u015fm\u0131\u015f Yaralama: Kemik K\u0131r\u0131\u011f\u0131 veya \u00c7\u0131k\u0131\u011f\u0131 (TCK 87\/3)<\/a><\/li><li class='ez-toc-page-1 ez-toc-heading-level-2'><a class=\"ez-toc-link ez-toc-heading-5\" href=\"https:\/\/batinyilmaz.av.tr\/fa\/neticesi-sebebiyle-agirlasmis-yaralama-tck-87-nedir\/#Neticesi_Sebebiyle_Agirlasmis_Yaralama_Sonucu_Olum_TCK_874\" >Neticesi Sebebiyle A\u011f\u0131rla\u015fm\u0131\u015f Yaralama Sonucu \u00d6l\u00fcm (TCK 87\/4)<\/a><\/li><li class='ez-toc-page-1 ez-toc-heading-level-2'><a class=\"ez-toc-link ez-toc-heading-6\" href=\"https:\/\/batinyilmaz.av.tr\/fa\/neticesi-sebebiyle-agirlasmis-yaralama-tck-87-nedir\/#Neticesi_Sebebiyle_Agirlasmis_Yaralama_Nasil_Ispatlanir\" >Neticesi Sebebiyle A\u011f\u0131rla\u015fm\u0131\u015f Yaralama Nas\u0131l \u0130spatlan\u0131r?<\/a><\/li><li class='ez-toc-page-1 ez-toc-heading-level-2'><a class=\"ez-toc-link ez-toc-heading-7\" href=\"https:\/\/batinyilmaz.av.tr\/fa\/neticesi-sebebiyle-agirlasmis-yaralama-tck-87-nedir\/#Sikca_Sorulan_Sorular_SSS\" >\u067e\u0631\u0633\u0634\u200c\u0647\u0627\u06cc \u0645\u062a\u062f\u0627\u0648\u0644 (\u0633\u0624\u0627\u0644\u0627\u062a \u0645\u062a\u062f\u0627\u0648\u0644)<\/a><\/li><\/ul><\/nav><\/div>\n\n<p class=\"wp-block-paragraph\"><strong>Neticesi sebebiyle a\u011f\u0131rla\u015fm\u0131\u015f yaralama<\/strong>, kasten yaralama fiilinin sonucunda ma\u011fdurda&nbsp;<strong>kanunda tek tek say\u0131lan a\u011f\u0131r sonu\u00e7lar\u0131n<\/strong>&nbsp;ortaya \u00e7\u0131kmas\u0131yla, fail hakk\u0131nda&nbsp;<strong>daha a\u011f\u0131r ceza<\/strong>&nbsp;uygulanmas\u0131na yol a\u00e7an h\u00e2llerdir.<\/p>\n\n\n\n<p class=\"wp-block-paragraph\">Burada kritik ayr\u0131m \u015fudur:&nbsp;&nbsp;&nbsp;&nbsp;&nbsp;&nbsp;&nbsp;&nbsp;&nbsp;&nbsp;&nbsp;&nbsp;&nbsp;&nbsp;&nbsp;&nbsp;&nbsp;&nbsp;&nbsp;&nbsp;&nbsp;&nbsp;&nbsp;&nbsp;&nbsp;<\/p>\n\n\n\n<ul class=\"wp-block-list\">\n<li>Fail\u00a0<strong>yaralamay\u0131 kasten<\/strong>\u00a0ger\u00e7ekle\u015ftirir.<\/li>\n\n\n\n<li>Ama ortaya \u00e7\u0131kan a\u011f\u0131r netice (\u00f6r. y\u00fcz\u00fcnde sabit iz, organ i\u015flev kayb\u0131, \u00f6l\u00fcm vb.) bak\u0131m\u0131ndan failin sorumlulu\u011fu, somut olay\u0131n \u00f6zelliklerine g\u00f6re de\u011ferlendirilir.<\/li>\n\n\n\n<li>Yarg\u0131tay yakla\u015f\u0131m\u0131nda, a\u011f\u0131r netice bak\u0131m\u0131ndan en az\u0131ndan\u00a0<strong>taksir<\/strong>\u00a0arand\u0131\u011f\u0131 vurgulan\u0131r (yukar\u0131daki CGK karar\u0131).<\/li>\n<\/ul>\n\n\n\n<hr class=\"wp-block-separator has-alpha-channel-opacity\"\/>\n\n\n\n<h2 class=\"wp-block-heading\"><span class=\"ez-toc-section\" id=\"Neticesi_Sebebiyle_Agirlasmis_Yaralama_Sucunun_Sartlari\"><\/span><strong>Neticesi Sebebiyle A\u011f\u0131rla\u015fm\u0131\u015f Yaralama Su\u00e7unun \u015eartlar\u0131<\/strong><span class=\"ez-toc-section-end\"><\/span><\/h2>\n\n\n\n<p class=\"wp-block-paragraph\"><strong>Neticesi Sebebiyle A\u011f\u0131rla\u015fm\u0131\u015f Yaralama \u0130\u00e7in Temel Fiil: Kasten Yaralama<\/strong><\/p>\n\n\n\n<p class=\"wp-block-paragraph\">Neticesi sebebiyle a\u011f\u0131rla\u015fm\u0131\u015f yaralama h\u00fck\u00fcmlerinin uygulanabilmesi i\u00e7in \u00f6nce&nbsp;<strong>kasten yaralama fiili<\/strong>&nbsp;bulunmal\u0131d\u0131r. Uygulamada bu, \u00e7o\u011funlukla:<\/p>\n\n\n\n<ul class=\"wp-block-list\">\n<li>darp,<\/li>\n\n\n\n<li>tekme, yumruk,<\/li>\n\n\n\n<li>kesici\/delici aletle yaralama,<\/li>\n\n\n\n<li>silahla yaralama,<\/li>\n\n\n\n<li>birlikte\/planl\u0131 sald\u0131r\u0131<\/li>\n<\/ul>\n\n\n\n<p class=\"wp-block-paragraph\">gibi eylemlerle kar\u015f\u0131m\u0131za \u00e7\u0131kar.<\/p>\n\n\n\n<p class=\"wp-block-paragraph\"><strong>Neticesi Sebebiyle A\u011f\u0131rla\u015fm\u0131\u015f Yaralama \u0130\u00e7in A\u011f\u0131r Neticenin Do\u011fmas\u0131<\/strong><\/p>\n\n\n\n<p class=\"wp-block-paragraph\">TCK m.87, a\u011f\u0131r neticeleri&nbsp;<strong>liste halinde<\/strong>&nbsp;saym\u0131\u015ft\u0131r. Bu neticelerden biri ger\u00e7ekle\u015fmeden \u201cm.87\u201d uygulanmaz.<\/p>\n\n\n\n<p class=\"wp-block-paragraph\"><strong>Neticesi Sebebiyle A\u011f\u0131rla\u015fm\u0131\u015f Yaralama ile Nedensellik Ba\u011f\u0131<\/strong><\/p>\n\n\n\n<p class=\"wp-block-paragraph\">A\u011f\u0131r sonu\u00e7 ile yaralama fiili aras\u0131nda&nbsp;<strong>nedensellik ba\u011f\u0131<\/strong>&nbsp;olmal\u0131d\u0131r. \u00d6rne\u011fin:<\/p>\n\n\n\n<ul class=\"wp-block-list\">\n<li>Y\u00fczdeki iz ger\u00e7ekten yaralama nedeniyle mi kal\u0131c\u0131 oldu?<\/li>\n\n\n\n<li>Organ i\u015flev kayb\u0131 darp sonras\u0131 m\u0131 geli\u015fti, yoksa \u00f6nceden var olan bir hastal\u0131k m\u0131?<\/li>\n\n\n\n<li>\u00d6l\u00fcm, yaralaman\u0131n komplikasyonu olarak m\u0131 olu\u015ftu?<\/li>\n<\/ul>\n\n\n\n<p class=\"wp-block-paragraph\">Bu sorular\u0131n yan\u0131t\u0131 genellikle&nbsp;<strong>adli t\u0131p raporlar\u0131<\/strong>&nbsp;ile belirlenir.<\/p>\n\n\n\n<hr class=\"wp-block-separator has-alpha-channel-opacity\"\/>\n\n\n\n<h2 class=\"wp-block-heading\"><span class=\"ez-toc-section\" id=\"Neticesi_Sebebiyle_Agirlasmis_Yaralama_Halleri_TCK_871\"><\/span><strong>Neticesi Sebebiyle A\u011f\u0131rla\u015fm\u0131\u015f Yaralama H\u00e2lleri (TCK 87\/1)<\/strong><span class=\"ez-toc-section-end\"><\/span><\/h2>\n\n\n\n<p class=\"wp-block-paragraph\"><strong>Neticesi Sebebiyle A\u011f\u0131rla\u015fm\u0131\u015f Yaralama: Organ\/Duyu \u0130\u015flevinde S\u00fcrekli Zay\u0131flama<\/strong><\/p>\n\n\n\n<p class=\"wp-block-paragraph\">TCK 87\/1-a kapsam\u0131, \u00f6rne\u011fin g\u00f6z g\u00f6rmesinde kal\u0131c\u0131 azalma, i\u015fitmede kal\u0131c\u0131 kay\u0131p gibi durumlarda g\u00fcndeme gelebilir.<\/p>\n\n\n\n<p class=\"wp-block-paragraph\"><strong>Neticesi Sebebiyle A\u011f\u0131rla\u015fm\u0131\u015f Yaralama: Konu\u015fmada S\u00fcrekli Zorluk<\/strong><\/p>\n\n\n\n<p class=\"wp-block-paragraph\">TCK 87\/1-b kapsam\u0131; travma sonras\u0131 konu\u015fma bozuklu\u011fu, kal\u0131c\u0131 pelteklik vb. h\u00e2llerle ili\u015fkilendirilebilir (mutlaka s\u00fcreklilik aran\u0131r).<\/p>\n\n\n\n<p class=\"wp-block-paragraph\"><strong>Neticesi Sebebiyle A\u011f\u0131rla\u015fm\u0131\u015f Yaralama: Y\u00fczde Sabit \u0130z<\/strong><\/p>\n\n\n\n<p class=\"wp-block-paragraph\">TCK 87\/1-c uygulamada \u00e7ok s\u0131k tart\u0131\u015f\u0131l\u0131r. \u201cSabit iz\u201d, estetik\/kal\u0131c\u0131 iz niteli\u011fi ta\u015f\u0131yan ve adli raporlarda de\u011ferlendirilen bir kriterdir.<\/p>\n\n\n\n<p class=\"wp-block-paragraph\"><strong>Neticesi Sebebiyle A\u011f\u0131rla\u015fm\u0131\u015f Yaralama: Ya\u015fam\u0131 Tehlikeye Sokma<\/strong><\/p>\n\n\n\n<p class=\"wp-block-paragraph\">TCK 87\/1-d, t\u0131bben hayati tehlike olu\u015fturan yaralanmalar\u0131 kapsar. Hastane kay\u0131tlar\u0131, yo\u011fun bak\u0131m, kan kayb\u0131, i\u00e7 organ yaralanmas\u0131 gibi veriler belirleyici olur.<\/p>\n\n\n\n<p class=\"wp-block-paragraph\"><strong>Neticesi Sebebiyle A\u011f\u0131rla\u015fm\u0131\u015f Yaralama: Gebe Kad\u0131nda Erken Do\u011fum<\/strong><\/p>\n\n\n\n<p class=\"wp-block-paragraph\">TCK 87\/1-e, ma\u011fdur gebeyse ve fiil erken do\u011fuma neden olmu\u015fsa uygulan\u0131r.<\/p>\n\n\n\n<p class=\"wp-block-paragraph\"><strong>Ceza etkisi:<\/strong>&nbsp;Bu grupta, TCK 86\u2019ya g\u00f6re bulunan ceza&nbsp;<strong>1 kat art\u0131r\u0131l\u0131r<\/strong>; ayr\u0131ca kanun&nbsp;<strong>alt s\u0131n\u0131rlar<\/strong>&nbsp;\u00f6ng\u00f6r\u00fcr (resmi metinde 4 y\u0131l \/ 6 y\u0131l alt s\u0131n\u0131rlar).<\/p>\n\n\n\n<hr class=\"wp-block-separator has-alpha-channel-opacity\"\/>\n\n\n\n<h2 class=\"wp-block-heading\"><span class=\"ez-toc-section\" id=\"Neticesi_Sebebiyle_Agirlasmis_Yaralama_Halleri_TCK_872\"><\/span><strong>Neticesi Sebebiyle A\u011f\u0131rla\u015fm\u0131\u015f Yaralama H\u00e2lleri (TCK 87\/2)<\/strong><span class=\"ez-toc-section-end\"><\/span><\/h2>\n\n\n\n<p class=\"wp-block-paragraph\"><strong>Neticesi Sebebiyle A\u011f\u0131rla\u015fm\u0131\u015f Yaralama: \u0130yile\u015fmesi Olmayan Hastal\u0131k veya Bitkisel Hayat<\/strong><\/p>\n\n\n\n<p class=\"wp-block-paragraph\">TCK 87\/2-a, en a\u011f\u0131r sonu\u00e7lardan biridir. Kal\u0131c\u0131 fel\u00e7 tablolar\u0131 veya bitkisel hayat gibi durumlar bu kapsamda tart\u0131\u015f\u0131l\u0131r.<\/p>\n\n\n\n<p class=\"wp-block-paragraph\"><strong>Neticesi Sebebiyle A\u011f\u0131rla\u015fm\u0131\u015f Yaralama: Organ\/Duyu \u0130\u015flevinin Yitirilmesi<\/strong><\/p>\n\n\n\n<p class=\"wp-block-paragraph\">TCK 87\/2-b, \u201cs\u00fcrekli zay\u0131flama\u201ddan daha a\u011f\u0131rd\u0131r; i\u015flevin&nbsp;<strong>yitirilmesi<\/strong>&nbsp;aran\u0131r.<\/p>\n\n\n\n<p class=\"wp-block-paragraph\"><strong>Neticesi Sebebiyle A\u011f\u0131rla\u015fm\u0131\u015f Yaralama: Konu\u015fma veya \u00c7ocuk Yapma Yetene\u011finin Kayb\u0131<\/strong><\/p>\n\n\n\n<p class=\"wp-block-paragraph\">TCK 87\/2-c; kal\u0131c\u0131 afazi, kal\u0131c\u0131 k\u0131s\u0131rl\u0131k gibi a\u011f\u0131r sonu\u00e7lar\u0131 kapsayabilir.<\/p>\n\n\n\n<p class=\"wp-block-paragraph\"><strong>Neticesi Sebebiyle A\u011f\u0131rla\u015fm\u0131\u015f Yaralama: Y\u00fcz\u00fcn S\u00fcrekli De\u011fi\u015fikli\u011fi<\/strong><\/p>\n\n\n\n<p class=\"wp-block-paragraph\">TCK 87\/2-d, \u201cy\u00fczde sabit iz\u201dden daha a\u011f\u0131r kabul edilir; y\u00fcz\u00fcn genel g\u00f6r\u00fcn\u00fcm\u00fcn\u00fc kal\u0131c\u0131 bi\u00e7imde de\u011fi\u015ftiren sonu\u00e7lar s\u00f6z konusu olur.<\/p>\n\n\n\n<p class=\"wp-block-paragraph\"><strong>Neticesi Sebebiyle A\u011f\u0131rla\u015fm\u0131\u015f Yaralama: Gebe Kad\u0131nda D\u00fc\u015f\u00fck<\/strong><\/p>\n\n\n\n<p class=\"wp-block-paragraph\">TCK 87\/2-e, ma\u011fdur gebeyse ve fiil d\u00fc\u015f\u00fckle sonu\u00e7lanm\u0131\u015fsa uygulan\u0131r.<\/p>\n\n\n\n<p class=\"wp-block-paragraph\"><strong>Ceza etkisi:<\/strong>&nbsp;Bu grupta ceza&nbsp;<strong>2 kat art\u0131r\u0131l\u0131r<\/strong>&nbsp;ve ayr\u0131ca&nbsp;<strong>6 y\u0131l \/ 9 y\u0131l<\/strong>&nbsp;gibi alt s\u0131n\u0131rlar d\u00fczenlenmi\u015ftir.<\/p>\n\n\n\n<hr class=\"wp-block-separator has-alpha-channel-opacity\"\/>\n\n\n\n<h2 class=\"wp-block-heading\"><span class=\"ez-toc-section\" id=\"Neticesi_Sebebiyle_Agirlasmis_Yaralama_Kemik_Kirigi_veya_Cikigi_TCK_873\"><\/span><strong>Neticesi Sebebiyle A\u011f\u0131rla\u015fm\u0131\u015f Yaralama: Kemik K\u0131r\u0131\u011f\u0131 veya \u00c7\u0131k\u0131\u011f\u0131 (TCK 87\/3)<\/strong><span class=\"ez-toc-section-end\"><\/span><\/h2>\n\n\n\n<p class=\"wp-block-paragraph\"><strong>Neticesi Sebebiyle A\u011f\u0131rla\u015fm\u0131\u015f Yaralama ve Hayat Fonksiyonlar\u0131na Etki Kriteri<\/strong><\/p>\n\n\n\n<p class=\"wp-block-paragraph\">TCK 87\/3\u2019te art\u0131r\u0131m otomatik \u201c1 kat\/2 kat\u201d \u015feklinde de\u011fildir. Kanun,&nbsp;<strong>k\u0131r\u0131k\/\u00e7\u0131k\u0131\u011f\u0131n hayat fonksiyonlar\u0131na etkisine g\u00f6re<\/strong>&nbsp;\u0645\u062c\u0627\u0632\u0627\u062a&nbsp;<strong>yar\u0131s\u0131na kadar<\/strong>&nbsp;art\u0131r\u0131laca\u011f\u0131n\u0131 s\u00f6yler.<\/p>\n\n\n\n<p class=\"wp-block-paragraph\">Bu nedenle uygulamada:<\/p>\n\n\n\n<ul class=\"wp-block-list\">\n<li>k\u0131r\u0131\u011f\u0131n yeri (kaburga, kol, kafa travmas\u0131 vb.),<\/li>\n\n\n\n<li>tedavi s\u00fcresi,<\/li>\n\n\n\n<li>kal\u0131c\u0131 sekel<\/li>\n\n\n\n<li>fonksiyon kayb\u0131<\/li>\n<\/ul>\n\n\n\n<p class=\"wp-block-paragraph\">gibi kriterler raporlarla de\u011ferlendirilir.<\/p>\n\n\n\n<hr class=\"wp-block-separator has-alpha-channel-opacity\"\/>\n\n\n\n<h2 class=\"wp-block-heading\"><span class=\"ez-toc-section\" id=\"Neticesi_Sebebiyle_Agirlasmis_Yaralama_Sonucu_Olum_TCK_874\"><\/span><strong>Neticesi Sebebiyle A\u011f\u0131rla\u015fm\u0131\u015f Yaralama Sonucu \u00d6l\u00fcm (TCK 87\/4)<\/strong><span class=\"ez-toc-section-end\"><\/span><\/h2>\n\n\n\n<p class=\"wp-block-paragraph\"><strong>Neticesi Sebebiyle A\u011f\u0131rla\u015fm\u0131\u015f Yaralama ile \u00d6ld\u00fcrme Aras\u0131ndaki Fark<\/strong><\/p>\n\n\n\n<p class=\"wp-block-paragraph\">TCK 87\/4\u2019te failin kast\u0131&nbsp;<strong>\u00f6ld\u00fcrmeye<\/strong>&nbsp;de\u011fil,&nbsp;<strong>yaralamaya<\/strong>&nbsp;y\u00f6neliktir; fakat yaralama eylemi \u00f6l\u00fcmle sonu\u00e7lan\u0131r.<\/p>\n\n\n\n<p class=\"wp-block-paragraph\">Yarg\u0131tay karar\u0131nda da (yukar\u0131da payla\u015f\u0131lan 1. Ceza Dairesi karar\u0131) bu ayr\u0131m\u0131n alt\u0131 \u00e7izilerek,87\/4 uygulanabilmesi i\u00e7in:<\/p>\n\n\n\n<ul class=\"wp-block-list\">\n<li>fiilin TCK 86\/1 veya 86\/3 kapsam\u0131na girmesi,<\/li>\n\n\n\n<li>\u00f6l\u00fcm neticesinin meydana gelmesi,<\/li>\n\n\n\n<li>olay\u0131n \u015fartlar\u0131n\u0131n 87\/4 ile uyumlu olmas\u0131<\/li>\n<\/ul>\n\n\n\n<p class=\"wp-block-paragraph\">gerekti\u011fi belirtilmi\u015ftir.<\/p>\n\n\n\n<p class=\"wp-block-paragraph\"><strong>Neticesi Sebebiyle A\u011f\u0131rla\u015fm\u0131\u015f Yaralama Sonucu \u00d6l\u00fcm\u00fcn Cezas\u0131<\/strong><\/p>\n\n\n\n<p class=\"wp-block-paragraph\">Resmi kanun metnine g\u00f6re (TCK 87\/4):<\/p>\n\n\n\n<ul class=\"wp-block-list\">\n<li>TCK 86\/1\u2019e giren h\u00e2llerde\u00a0<strong>10 y\u0131ldan 14 y\u0131la kadar<\/strong><\/li>\n\n\n\n<li>TCK 86\/3\u2019e giren h\u00e2llerde\u00a0<strong>14 y\u0131ldan 18 y\u0131la kadar<\/strong>\u00a0hapis cezas\u0131<\/li>\n<\/ul>\n\n\n\n<p class=\"wp-block-paragraph\">\u00f6ng\u00f6r\u00fcl\u00fcr.<\/p>\n\n\n\n<hr class=\"wp-block-separator has-alpha-channel-opacity\"\/>\n\n\n\n<h2 class=\"wp-block-heading\"><span class=\"ez-toc-section\" id=\"Neticesi_Sebebiyle_Agirlasmis_Yaralama_Nasil_Ispatlanir\"><\/span><strong>Neticesi Sebebiyle A\u011f\u0131rla\u015fm\u0131\u015f Yaralama Nas\u0131l \u0130spatlan\u0131r?<\/strong><span class=\"ez-toc-section-end\"><\/span><\/h2>\n\n\n\n<p class=\"wp-block-paragraph\"><strong>Neticesi Sebebiyle A\u011f\u0131rla\u015fm\u0131\u015f Yaralama Dosyalar\u0131nda Adli T\u0131p Raporu<\/strong><\/p>\n\n\n\n<p class=\"wp-block-paragraph\">TCK 87 uygulamas\u0131nda genellikle&nbsp;<strong>adli rapor<\/strong>&nbsp;belirleyicidir. \u015eu tespitler raporlarda \u00f6nem ta\u015f\u0131r:<\/p>\n\n\n\n<ul class=\"wp-block-list\">\n<li>yaralanman\u0131n\u00a0<strong>hayati tehlike<\/strong>\u00a0olu\u015fturup olu\u015fturmad\u0131\u011f\u0131,<\/li>\n\n\n\n<li>y\u00fczde\u00a0<strong>sabit iz<\/strong>\u00a0bulunup bulunmad\u0131\u011f\u0131,<\/li>\n\n\n\n<li>organ i\u015flevinin\u00a0<strong>s\u00fcrekli zay\u0131flamas\u0131<\/strong>\u00a0m\u0131,\u00a0<strong>yitirilmesi<\/strong>\u00a0mi oldu\u011fu,<\/li>\n\n\n\n<li>kemik k\u0131r\u0131\u011f\u0131\/\u00e7\u0131k\u0131\u011f\u0131 ve\u00a0<strong>hayat fonksiyonlar\u0131na etkisi<\/strong>,<\/li>\n\n\n\n<li>\u00f6l\u00fcm varsa \u00f6l\u00fcm\u00fcn yaralama ile\u00a0<strong>illiyet ba\u011f\u0131<\/strong>.<\/li>\n<\/ul>\n\n\n\n<p class=\"wp-block-paragraph\"><strong>Neticesi Sebebiyle A\u011f\u0131rla\u015fm\u0131\u015f Yaralama \u0130\u00e7in Nedensellik ve Kusur De\u011ferlendirmesi<\/strong><\/p>\n\n\n\n<p class=\"wp-block-paragraph\">Uygulamada tart\u0131\u015fma \u015fu eksende d\u00f6ner:<\/p>\n\n\n\n<ul class=\"wp-block-list\">\n<li>\u201cBu a\u011f\u0131r netice, yaralama fiilinin do\u011fal\/\u00f6ng\u00f6r\u00fclebilir sonucu mu?\u201d<\/li>\n\n\n\n<li>\u201cFail a\u011f\u0131r netice bak\u0131m\u0131ndan en az taksirle hareket etti mi?\u201d<\/li>\n<\/ul>\n\n\n\n<hr class=\"wp-block-separator has-alpha-channel-opacity\"\/>\n\n\n\n<h2 class=\"wp-block-heading\"><span class=\"ez-toc-section\" id=\"Sikca_Sorulan_Sorular_SSS\"><\/span><strong>\u067e\u0631\u0633\u0634\u200c\u0647\u0627\u06cc \u0645\u062a\u062f\u0627\u0648\u0644 (\u0633\u0624\u0627\u0644\u0627\u062a \u0645\u062a\u062f\u0627\u0648\u0644)<\/strong><span class=\"ez-toc-section-end\"><\/span><\/h2>\n\n\n\n<ol class=\"wp-block-list\">\n<li><strong>Neticesi sebebiyle a\u011f\u0131rla\u015fm\u0131\u015f yaralama ile kasten yaralama aras\u0131ndaki fark nedir?<\/strong><\/li>\n<\/ol>\n\n\n\n<p class=\"wp-block-paragraph\">Kasten yaralama (TCK m.86) temel fiildir.&nbsp;<strong>Neticesi sebebiyle a\u011f\u0131rla\u015fm\u0131\u015f yaralama (TCK m.87)<\/strong>&nbsp;ise bu fiilin sonucunda:<\/p>\n\n\n\n<ul class=\"wp-block-list\">\n<li>hayati tehlike,<\/li>\n\n\n\n<li>y\u00fczde sabit iz,<\/li>\n\n\n\n<li>organ i\u015flevinin s\u00fcrekli zay\u0131flamas\u0131\/yitirilmesi,<\/li>\n\n\n\n<li>kemik k\u0131r\u0131\u011f\u0131,<\/li>\n\n\n\n<li>\u00f6l\u00fcm gibi\u00a0<strong>a\u011f\u0131r neticeler<\/strong>\u00a0olu\u015ftu\u011funda cezan\u0131n artmas\u0131na yol a\u00e7ar.<\/li>\n<\/ul>\n\n\n\n<p class=\"wp-block-paragraph\">   2. <strong>Neticesi sebebiyle a\u011f\u0131rla\u015fm\u0131\u015f yaralama su\u00e7u \u015fik\u00e2yete ba\u011fl\u0131 m\u0131?<\/strong><\/p>\n\n\n\n<p class=\"wp-block-paragraph\">TCK 87\u2019de d\u00fczenlenen a\u011f\u0131r neticeler, su\u00e7un daha ciddi bir h\u00e2le d\u00f6n\u00fc\u015fmesine yol a\u00e7t\u0131\u011f\u0131ndan uygulamada genellikle&nbsp;<strong>\u015fik\u00e2yete tabi olmayan<\/strong>&nbsp;(re\u2019sen soru\u015fturulan) h\u00e2ller olarak kar\u015f\u0131m\u0131za \u00e7\u0131kar.Ancak hangi f\u0131kran\u0131n uygulanaca\u011f\u0131 (\u00f6zellikle temel yaralaman\u0131n niteli\u011fi ve olay\u0131n kapsam\u0131) somut olaya g\u00f6re de\u011fi\u015febilece\u011fi i\u00e7in, dosya \u00fczerinden de\u011ferlendirme yap\u0131lmal\u0131d\u0131r.<\/p>\n\n\n\n<p class=\"wp-block-paragraph\">3. <strong>Neticesi sebebiyle a\u011f\u0131rla\u015fm\u0131\u015f yaralama (TCK 87\/1) hangi durumlarda uygulan\u0131r?<\/strong><\/p>\n\n\n\n<p class=\"wp-block-paragraph\">TCK 87\/1 kapsam\u0131nda \u00f6rnek olarak:<\/p>\n\n\n\n<ul class=\"wp-block-list\">\n<li>organ\/duyu i\u015flevinin\u00a0<strong>s\u00fcrekli zay\u0131flamas\u0131<\/strong>,<\/li>\n\n\n\n<li><strong>konu\u015fmada s\u00fcrekli zorluk<\/strong>,<\/li>\n\n\n\n<li><strong>y\u00fczde sabit iz<\/strong>,<\/li>\n\n\n\n<li><strong>ya\u015fam\u0131 tehlikeye sokan<\/strong>\u00a0yaralanma,<\/li>\n\n\n\n<li>gebe kad\u0131na kar\u015f\u0131 i\u015flenip\u00a0<strong>erken do\u011fuma<\/strong>\u00a0neden olunmas\u0131 h\u00e2llerinde, TCK 86\u2019ya g\u00f6re belirlenen ceza\u00a0<strong>bir kat art\u0131r\u0131l\u0131r<\/strong>.<\/li>\n<\/ul>\n\n\n\n<p class=\"wp-block-paragraph\">4. <strong>Neticesi sebebiyle a\u011f\u0131rla\u015fm\u0131\u015f yaralama (TCK 87\/2) hangi durumlarda uygulan\u0131r?<\/strong><\/p>\n\n\n\n<p class=\"wp-block-paragraph\">TCK 87\/2 daha a\u011f\u0131r sonu\u00e7lar\u0131 kapsar. \u00d6rnekler:<\/p>\n\n\n\n<ul class=\"wp-block-list\">\n<li><strong>iyile\u015fmesi m\u00fcmk\u00fcn olmayan hastal\u0131k<\/strong>\u00a0\u06cc\u0627\u00a0<strong>bitkisel hayat<\/strong>,<\/li>\n\n\n\n<li>organ\/duyu i\u015flevinin\u00a0<strong>yitirilmesi<\/strong>,<\/li>\n\n\n\n<li><strong>konu\u015fma<\/strong>\u00a0\u06cc\u0627\u00a0<strong>\u00e7ocuk yapma<\/strong>\u00a0yetene\u011finin kayb\u0131,<\/li>\n\n\n\n<li><strong>y\u00fcz\u00fcn s\u00fcrekli de\u011fi\u015fikli\u011fi<\/strong>,<\/li>\n\n\n\n<li>gebe kad\u0131na kar\u015f\u0131 i\u015flenip\u00a0<strong>d\u00fc\u015f\u00fc\u011fe<\/strong>\u00a0neden olunmas\u0131.Bu hallerde ceza\u00a0<strong>iki kat art\u0131r\u0131l\u0131r<\/strong>.<\/li>\n<\/ul>\n\n\n\n<p class=\"wp-block-paragraph\">5. <strong>Neticesi sebebiyle a\u011f\u0131rla\u015fm\u0131\u015f yaralama (TCK 87\/3) kemik k\u0131r\u0131\u011f\u0131 varsa nas\u0131l uygulan\u0131r?<\/strong><\/p>\n\n\n\n<p class=\"wp-block-paragraph\">TCK 87\/3\u2019e g\u00f6re kemik k\u0131r\u0131\u011f\u0131 veya \u00e7\u0131k\u0131\u011f\u0131 olu\u015fmu\u015fsa ceza artar; ancak art\u0131r\u0131m:<\/p>\n\n\n\n<ul class=\"wp-block-list\">\n<li>sabit \u201c1 kat\/2 kat\u201d de\u011fildir,<\/li>\n\n\n\n<li>k\u0131r\u0131\u011f\u0131n\/\u00e7\u0131k\u0131\u011f\u0131n\u00a0<strong>hayat fonksiyonlar\u0131na etkisine g\u00f6re<\/strong>,<\/li>\n\n\n\n<li><strong>yar\u0131s\u0131na kadar<\/strong>\u00a0yap\u0131l\u0131r.Bu nedenle adli rapordaki \u201chayat fonksiyonlar\u0131na etkisi\u201d de\u011ferlendirmesi kritik \u00f6nem ta\u015f\u0131r.<\/li>\n<\/ul>\n\n\n\n<p class=\"wp-block-paragraph\">6. <strong>Neticesi sebebiyle a\u011f\u0131rla\u015fm\u0131\u015f yaralama sonucu \u00f6l\u00fcm olursa (TCK 87\/4) ne olur?<\/strong><\/p>\n\n\n\n<p class=\"wp-block-paragraph\">Kasten yaralama fiili sonucu&nbsp;<strong>\u00f6l\u00fcm meydana gelirse<\/strong>, failin kast\u0131 \u00f6ld\u00fcrmeye de\u011fil yaralamaya y\u00f6nelse bile TCK 87\/4 uygulan\u0131r.Kanun metnine g\u00f6re:<\/p>\n\n\n\n<ul class=\"wp-block-list\">\n<li>TCK 86\/1 kapsam\u0131ndaki yaralamalarda\u00a0<strong>10\u201314 y\u0131l<\/strong>,<\/li>\n\n\n\n<li>TCK 86\/3 kapsam\u0131ndaki (nitelikli) yaralamalarda\u00a0<strong>14\u201318 y\u0131l<\/strong>\u00a0hapis cezas\u0131 g\u00fcndeme gelir.<\/li>\n<\/ul>\n\n\n\n<p class=\"wp-block-paragraph\">7. <strong>Neticesi sebebiyle a\u011f\u0131rla\u015fm\u0131\u015f yaralama i\u00e7in \u201chayati tehlike\u201d nas\u0131l belirlenir?<\/strong><\/p>\n\n\n\n<p class=\"wp-block-paragraph\">\u201cYa\u015fam\u0131 tehlikeye sokan durum\u201d (TCK 87\/1-d) genellikle:<\/p>\n\n\n\n<ul class=\"wp-block-list\">\n<li>yo\u011fun bak\u0131m yat\u0131\u015f\u0131,<\/li>\n\n\n\n<li>i\u00e7 kanama,<\/li>\n\n\n\n<li>organ yaralanmas\u0131,<\/li>\n\n\n\n<li>kritik kan kayb\u0131,<\/li>\n\n\n\n<li>kafa travmas\u0131 gibi t\u0131bbi bulgularla ili\u015fkilendirilir. En belirleyici delil \u00e7o\u011fu zaman\u00a0<strong>adli t\u0131p raporu<\/strong>\u00a0ve hastane kay\u0131tlar\u0131d\u0131r.<\/li>\n<\/ul>\n\n\n\n<p class=\"wp-block-paragraph\">8. <strong>Neticesi sebebiyle a\u011f\u0131rla\u015fm\u0131\u015f yaralama kapsam\u0131nda \u201cy\u00fczde sabit iz\u201d ne demektir?<\/strong><\/p>\n\n\n\n<p class=\"wp-block-paragraph\"><strong>Y\u00fczde sabit iz<\/strong>, yara iyile\u015ftikten sonra y\u00fczde kal\u0131c\u0131 iz kald\u0131\u011f\u0131n\u0131n t\u0131bbi olarak tespiti anlam\u0131na gelir. Bu tespit:<\/p>\n\n\n\n<ul class=\"wp-block-list\">\n<li>genellikle iyile\u015fme s\u00fcreci tamamland\u0131ktan sonra,<\/li>\n\n\n\n<li>foto\u011fraflar ve muayene ile,<\/li>\n\n\n\n<li>adli raporda \u201csabit iz vard\u0131r\/yoktur\u201d \u015feklinde belirlenir.<\/li>\n<\/ul>\n\n\n\n<p class=\"wp-block-paragraph\">9. <strong>Neticesi sebebiyle a\u011f\u0131rla\u015fm\u0131\u015f yaralama kapsam\u0131nda \u201cy\u00fcz\u00fcn s\u00fcrekli de\u011fi\u015fikli\u011fi\u201d nedir?<\/strong><\/p>\n\n\n\n<p class=\"wp-block-paragraph\">\u201cY\u00fcz\u00fcn s\u00fcrekli de\u011fi\u015fikli\u011fi\u201d (TCK 87\/2-d), \u201cy\u00fczde sabit iz\u201dden daha a\u011f\u0131r bir sonu\u00e7 olarak de\u011ferlendirilir. Y\u00fcz\u00fcn genel g\u00f6r\u00fcn\u00fcm\u00fcn\u00fc kal\u0131c\u0131 bi\u00e7imde de\u011fi\u015ftiren (\u00f6r. doku kayb\u0131, ciddi deformasyon) sonu\u00e7larda g\u00fcndeme gelebilir. Bu ayr\u0131m da \u00e7o\u011funlukla&nbsp;<strong>adli rapor<\/strong>&nbsp;ile netle\u015fir<\/p>\n\n\n\n<p class=\"wp-block-paragraph\">10. <strong>Neticesi sebebiyle a\u011f\u0131rla\u015fm\u0131\u015f yaralamada birden fazla a\u011f\u0131r netice varsa ne olur?<\/strong><\/p>\n\n\n\n<p class=\"wp-block-paragraph\">Uygulamada ayn\u0131 eylem hem hayati tehlike, hem kemik k\u0131r\u0131\u011f\u0131, hem i\u015flev kayb\u0131 gibi birden fazla sonucu do\u011furabilir. Bu durumda mahkeme genellikle:<\/p>\n\n\n\n<ul class=\"wp-block-list\">\n<li>\u201cen a\u011f\u0131r neticeye\u201d g\u00f6re yapt\u0131r\u0131m belirleme mant\u0131\u011f\u0131yla hareket eder.Bu yakla\u015f\u0131m Yarg\u0131tay kararlar\u0131nda da g\u00f6r\u00fclen bir de\u011ferlendirme bi\u00e7imidir.<\/li>\n<\/ul>\n\n\n\n<hr class=\"wp-block-separator has-alpha-channel-opacity\"\/>\n\n\n\n<p class=\"wp-block-paragraph\">11. <strong>Neticesi sebebiyle a\u011f\u0131rla\u015fm\u0131\u015f yaralama su\u00e7u hangi delillerle ispatlan\u0131r?<\/strong><\/p>\n\n\n\n<p class=\"wp-block-paragraph\">En yayg\u0131n deliller:<\/p>\n\n\n\n<ul class=\"wp-block-list\">\n<li><strong>adli raporlar (adli t\u0131p\/sa\u011fl\u0131k raporu)<\/strong>,<\/li>\n\n\n\n<li>hastane epikrizleri, tomografi\/MR sonu\u00e7lar\u0131,<\/li>\n\n\n\n<li>olay yeri g\u00f6r\u00fcnt\u00fcleri, kamera kay\u0131tlar\u0131,<\/li>\n\n\n\n<li>tan\u0131k beyanlar\u0131,<\/li>\n\n\n\n<li>darp-cebir izlerini g\u00f6steren foto\u011fraflar,<\/li>\n\n\n\n<li>\u00f6l\u00fcm varsa otopsi raporu.<\/li>\n<\/ul>\n\n\n\n<hr class=\"wp-block-separator has-alpha-channel-opacity\"\/>\n\n\n\n<p class=\"wp-block-paragraph\">\u0628\u0631\u0627\u06cc \u0627\u0637\u0644\u0627\u0639\u0627\u062a \u0628\u06cc\u0634\u062a\u0631 <a href=\"https:\/\/batinyilmaz.av.tr\/fa\/%d8%aa%d9%85%d8%a7%d8%b3\/\">https:\/\/batinyilmaz.av.tr\/iletisim\/<\/a> adresimizden ileti\u015fime ge\u00e7ebilirsiniz.<\/p>\n\n\n\n<p class=\"wp-block-paragraph\">\u0628\u0627\u062a\u06cc\u0646 \u06cc\u0644\u0645\u0627\u0632\u060c \u0648\u06a9\u06cc\u0644<\/p>","protected":false},"excerpt":{"rendered":"<p>Neticesi sebebiyle a\u011f\u0131rla\u015fm\u0131\u015f yaralama, kasten yaralama fiilinin sonucunda ma\u011fdurda&nbsp;kanunda tek tek say\u0131lan a\u011f\u0131r sonu\u00e7lar\u0131n&nbsp;ortaya \u00e7\u0131kmas\u0131yla, fail hakk\u0131nda&nbsp;daha a\u011f\u0131r ceza&nbsp;uygulanmas\u0131na yol a\u00e7an h\u00e2llerdir. Burada kritik ayr\u0131m \u015fudur:&nbsp;&nbsp;&nbsp;&nbsp;&nbsp;&nbsp;&nbsp;&nbsp;&nbsp;&nbsp;&nbsp;&nbsp;&nbsp;&nbsp;&nbsp;&nbsp;&nbsp;&nbsp;&nbsp;&nbsp;&nbsp;&nbsp;&nbsp;&nbsp;&nbsp; Neticesi Sebebiyle A\u011f\u0131rla\u015fm\u0131\u015f Yaralama Su\u00e7unun \u015eartlar\u0131 Neticesi Sebebiyle A\u011f\u0131rla\u015fm\u0131\u015f Yaralama \u0130\u00e7in Temel Fiil: Kasten Yaralama Neticesi sebebiyle a\u011f\u0131rla\u015fm\u0131\u015f yaralama h\u00fck\u00fcmlerinin uygulanabilmesi i\u00e7in \u00f6nce&nbsp;kasten yaralama fiili&nbsp;bulunmal\u0131d\u0131r. Uygulamada bu, \u00e7o\u011funlukla: gibi [&hellip;]<\/p>\n","protected":false},"author":2,"featured_media":2545,"comment_status":"open","ping_status":"open","sticky":false,"template":"","format":"standard","meta":{"_joinchat":[],"footnotes":""},"categories":[61],"tags":[317],"class_list":["post-2544","post","type-post","status-publish","format-standard","has-post-thumbnail","hentry","category-ceza-hukuku","tag-neticesi-sebebiyle-agirlasmis-yaralama"],"_links":{"self":[{"href":"https:\/\/batinyilmaz.av.tr\/fa\/wp-json\/wp\/v2\/posts\/2544","targetHints":{"allow":["GET"]}}],"collection":[{"href":"https:\/\/batinyilmaz.av.tr\/fa\/wp-json\/wp\/v2\/posts"}],"about":[{"href":"https:\/\/batinyilmaz.av.tr\/fa\/wp-json\/wp\/v2\/types\/post"}],"author":[{"embeddable":true,"href":"https:\/\/batinyilmaz.av.tr\/fa\/wp-json\/wp\/v2\/users\/2"}],"replies":[{"embeddable":true,"href":"https:\/\/batinyilmaz.av.tr\/fa\/wp-json\/wp\/v2\/comments?post=2544"}],"version-history":[{"count":1,"href":"https:\/\/batinyilmaz.av.tr\/fa\/wp-json\/wp\/v2\/posts\/2544\/revisions"}],"predecessor-version":[{"id":2546,"href":"https:\/\/batinyilmaz.av.tr\/fa\/wp-json\/wp\/v2\/posts\/2544\/revisions\/2546"}],"wp:featuredmedia":[{"embeddable":true,"href":"https:\/\/batinyilmaz.av.tr\/fa\/wp-json\/wp\/v2\/media\/2545"}],"wp:attachment":[{"href":"https:\/\/batinyilmaz.av.tr\/fa\/wp-json\/wp\/v2\/media?parent=2544"}],"wp:term":[{"taxonomy":"category","embeddable":true,"href":"https:\/\/batinyilmaz.av.tr\/fa\/wp-json\/wp\/v2\/categories?post=2544"},{"taxonomy":"post_tag","embeddable":true,"href":"https:\/\/batinyilmaz.av.tr\/fa\/wp-json\/wp\/v2\/tags?post=2544"}],"curies":[{"name":"wp","href":"https:\/\/api.w.org\/{rel}","templated":true}]}}