{"id":2516,"date":"2025-12-20T00:42:26","date_gmt":"2025-12-19T21:42:26","guid":{"rendered":"https:\/\/batinyilmaz.av.tr\/?p=2516"},"modified":"2026-08-05T13:14:21","modified_gmt":"2026-08-05T10:14:21","slug":"askeritazminat","status":"publish","type":"post","link":"https:\/\/batinyilmaz.av.tr\/fa\/askeritazminat\/","title":{"rendered":"Polis ve Askeri Personellerin Vazife Ba\u015f\u0131ndayken Yaralanmas\u0131 ve Tazminat Durumu"},"content":{"rendered":"<p class=\"wp-block-paragraph\"><strong>Polis ve Askeri Personellerin Vazife Ba\u015f\u0131ndayken Yaralanmas\u0131 ve Tazminat Durumu<\/strong><\/p>\n\n\n\n<p class=\"wp-block-paragraph\"><strong>Polis g\u00f6revi ba\u015f\u0131nda yaralanma sebebiyle tazminat<\/strong>, <strong>jandarma yaralanma tazminat\u0131<\/strong> \u0648 <strong>asker vazife maluliyeti<\/strong> konular\u0131; kamu g\u00fcvenli\u011fini sa\u011flayan personelin hukuki ve mali haklar\u0131n\u0131 do\u011frudan ilgilendiren, son derece \u00f6nemli ba\u015fl\u0131klard\u0131r. G\u00f6rev s\u0131ras\u0131nda yaralanan veya malul kalan polis, jandarma ve asker\u00ee personelin hangi tazminat haklar\u0131na sahip oldu\u011fu, <strong>nakdi tazminat komisyonu<\/strong> s\u00fcreci, ba\u015fvuru yollar\u0131 ve itiraz mekanizmalar\u0131 \u00e7o\u011fu zaman yeterince bilinmemektedir.<\/p>\n\n\n\n<p class=\"wp-block-paragraph\">Bu rehberde; <strong>g\u00f6rev s\u0131ras\u0131nda yaralanma<\/strong>, <strong>polise mukavemet s\u0131ras\u0131nda yaralanma<\/strong>, <strong>askeri operasyonda yaralanma<\/strong> gibi durumlarda do\u011fan haklar ayr\u0131nt\u0131l\u0131 \u015fekilde ele al\u0131nmakta; 2330 say\u0131l\u0131 Kanun kapsam\u0131nda yap\u0131lan \u00f6demelerin hukuki niteli\u011fi ve <strong>polis maluliyet ayl\u0131\u011f\u0131<\/strong> gibi s\u00fcrekli haklar a\u00e7\u0131klanmaktad\u0131r.<\/p>\n\n\n\n<hr class=\"wp-block-separator has-alpha-channel-opacity\"\/>\n\n\n\n<p class=\"wp-block-paragraph\"><strong>G\u00f6rev S\u0131ras\u0131nda Yaralanma Ne Anlama Gelir?<\/strong><\/p>\n\n\n\n<p class=\"wp-block-paragraph\"><strong>G\u00f6rev Kavram\u0131n\u0131n Hukuki Tan\u0131m\u0131<\/strong><\/p>\n\n\n\n<p class=\"wp-block-paragraph\">\u0130dare Hukuku bak\u0131m\u0131ndan \u201cg\u00f6rev\u201d, kamu personelinin yetkili amirleri taraf\u0131ndan verilen ve kamu hizmetinin y\u00fcr\u00fct\u00fclmesi kapsam\u0131nda ger\u00e7ekle\u015ftirilen faaliyetlerin tamam\u0131n\u0131 kapsar. Bu nedenle:<\/p>\n\n\n\n<ul class=\"wp-block-list\">\n<li>Devriye g\u00f6revi<\/li>\n\n\n\n<li>Asayi\u015f uygulamalar\u0131<\/li>\n\n\n\n<li>Ter\u00f6rle m\u00fccadele operasyonlar\u0131<\/li>\n\n\n\n<li>Toplumsal olaylara m\u00fcdahale<\/li>\n\n\n\n<li>Trafik kontrol\u00fc<\/li>\n\n\n\n<li>E\u011fitim ve tatbikat faaliyetleri<\/li>\n<\/ul>\n\n\n\n<p class=\"wp-block-paragraph\">gibi durumlarda meydana gelen yaralanmalar <strong>g\u00f6rev s\u0131ras\u0131nda yaralanma<\/strong> olarak kabul edilir.<\/p>\n\n\n\n<p class=\"wp-block-paragraph\"><strong>Polise Mukavemet S\u0131ras\u0131nda Yaralanma<\/strong><\/p>\n\n\n\n<p class=\"wp-block-paragraph\">Polise mukavemet s\u0131ras\u0131nda yaralanma, en s\u0131k kar\u015f\u0131la\u015f\u0131lan durumlardan biridir. \u015e\u00fcphelinin veya \u00fc\u00e7\u00fcnc\u00fc ki\u015filerin direnmesi sonucu olu\u015fan bedensel zararlar, g\u00f6revle do\u011frudan ba\u011flant\u0131l\u0131 oldu\u011fu i\u00e7in tazminat kapsam\u0131na girer. <\/p>\n\n\n\n<p class=\"wp-block-paragraph\">Nitekim <strong>Ankara 10. \u0130dare Mahkemesi&#8217;nin 22.5.2002 g\u00fcnl\u00fc, E:2001\/1736, K:2002\/713 say\u0131l\u0131 karar\u0131yla<\/strong>; 2330 say\u0131l\u0131 Nakdi Tazminat ve Ayl\u0131k Ba\u011flanmas\u0131 Hakk\u0131nda Kanunun 1. maddesi ile Nakdi Tazminat ve Ayl\u0131k Ba\u011flanmas\u0131 Hakk\u0131nda Y\u00f6netmeli\u011fin 2. maddesinin (a) bendindeki h\u00fck\u00fcmlere yer verilerek, i\u00e7 g\u00fcvenlik ve asayi\u015fin korunmas\u0131 ile g\u00f6revlendirilen emniyet mensuplar\u0131na g\u00f6revleri s\u0131ras\u0131nda<br>maruz kald\u0131klar\u0131 yaralanma ve sakatlanma hallerinde nakdi tazminat \u00f6denmesinin \u00f6ng\u00f6r\u00fcld\u00fc\u011f\u00fc, bu \u00f6deme i\u00e7in ba\u015fka bir ko\u015fulun an\u0131lan h\u00fck\u00fcmlerde yer almad\u0131\u011f\u0131; <strong>olayda, Alt\u0131nda\u011f \u0130l\u00e7e Emniyet M\u00fcd\u00fcrl\u00fc\u011f\u00fcnde g\u00f6rev yapan davac\u0131n\u0131n, 30.6.2000 g\u00fcn\u00fc saat 01.00 s\u0131ralar\u0131nda, umuma a\u00e7\u0131k yerlerde yap\u0131lan kontrollerde &#8230; Halk \u0130\u015fhan\u0131nda bulunan &#8230; Taverna \u00f6n\u00fcne geldiklerinde kavga oldu\u011funu g\u00f6rmeleri \u00fczerine olaya m\u00fcdahale ettikleri ve taraflar\u0131 karakola getirdikleri, bekleme odas\u0131nda bu ki\u015filerden birisinin kafa atmas\u0131 sonucu davac\u0131n\u0131n yaraland\u0131\u011f\u0131 <\/strong>ve 15 (onbe\u015f) g\u00fcn i\u015f ve g\u00fc\u00e7ten kalacak \u015fekilde yaraland\u0131\u011f\u0131n\u0131 belirten kati rapor d\u00fczenlendi\u011fi, bu arada davac\u0131n\u0131n, 28.6.2001 g\u00fcnl\u00fc dilek\u00e7e ile g\u00f6revi s\u0131ras\u0131nda yaralanmas\u0131 nedeniyle taraf\u0131na nakdi tazminat \u00f6denmesi istemiyle daval\u0131 idareye yapt\u0131\u011f\u0131 ba\u015fvurusunun dava konusu i\u015flemle reddi \u00fczerine bak\u0131lan davan\u0131n a\u00e7\u0131ld\u0131\u011f\u0131n\u0131n anla\u015f\u0131ld\u0131\u011f\u0131, dosyada mevcut bilgi ve belgelerden, davac\u0131n\u0131n g\u00f6rev s\u0131ras\u0131nda yaraland\u0131\u011f\u0131n\u0131n tart\u0131\u015fmas\u0131z oldu\u011fu dikkate al\u0131nd\u0131\u011f\u0131nda davac\u0131n\u0131n yaralanma derecesi veya varsa sakatlanma durumu ve derecesi saptanarak yasa ve y\u00f6netmelikte \u00f6ng\u00f6r\u00fclen \u015fekilde tazminat miktar\u0131 hesaplan\u0131p \u00f6denmesi gerekirken, bu hususlar g\u00f6z ard\u0131 edilerek, olay\u0131n yasada belirtilen \u015fartlara uymad\u0131\u011f\u0131 gerek\u00e7esiyle davac\u0131ya nakdi tazminat \u00f6denmemesinde hukuka uyarl\u0131k g\u00f6r\u00fclmedi\u011fi gerek\u00e7esiyle dava konusu i\u015flemin iptaline karar verilmi\u015ftir.<\/p>\n\n\n\n<hr class=\"wp-block-separator has-alpha-channel-opacity\"\/>\n\n\n\n<p class=\"wp-block-paragraph\"><strong>Polis G\u00f6revi Ba\u015f\u0131nda Yaralanma Sebebiyle Tazminat Haklar\u0131<\/strong><\/p>\n\n\n\n<p class=\"wp-block-paragraph\">Polis memurlar\u0131n\u0131n g\u00f6rev s\u0131ras\u0131nda yaralanmalar\u0131 halinde birden fazla hukuki ve mali hak g\u00fcndeme gelir:<\/p>\n\n\n\n<p class=\"wp-block-paragraph\"><strong>1. Nakdi Tazminat Hakk\u0131 (2330 Say\u0131l\u0131 Kanun)<\/strong><\/p>\n\n\n\n<p class=\"wp-block-paragraph\">2330 say\u0131l\u0131 Nakdi Tazminat ve Ayl\u0131k Ba\u011flanmas\u0131 Hakk\u0131nda Kanun, g\u00f6rev s\u0131ras\u0131nda yaralanan kamu g\u00f6revlilerine \u00f6denecek tazminatlar\u0131 d\u00fczenler.<\/p>\n\n\n\n<p class=\"wp-block-paragraph\">\u062f\u0631 \u0627\u06cc\u0646 \u0632\u0645\u06cc\u0646\u0647:<\/p>\n\n\n\n<ul class=\"wp-block-list\">\n<li>Yaralanman\u0131n g\u00f6revle illiyet ba\u011f\u0131n\u0131n bulunmas\u0131<\/li>\n\n\n\n<li>Sa\u011fl\u0131k kurulu raporu ile yaralanman\u0131n belgelenmesi<\/li>\n\n\n\n<li>Olay\u0131n tutanak ve resmi evraklarla desteklenmesi<\/li>\n<\/ul>\n\n\n\n<p class=\"wp-block-paragraph\">gereklidir.<\/p>\n\n\n\n<p class=\"wp-block-paragraph\"><strong>2. Polis Maluliyet Ayl\u0131\u011f\u0131<\/strong><\/p>\n\n\n\n<p class=\"wp-block-paragraph\">Yaralanma sonucu meslekte kazanma kalan g\u00fcc\u00fcn\u00fc kaybeden polis memurlar\u0131na <strong>polis maluliyet ayl\u0131\u011f\u0131<\/strong> ba\u011flanabilir. Bu ayl\u0131k, s\u00fcrekli bir hakt\u0131r ve SGK taraf\u0131ndan \u00f6denir.<\/p>\n\n\n\n<hr class=\"wp-block-separator has-alpha-channel-opacity\"\/>\n\n\n\n<p class=\"wp-block-paragraph\"><strong>Jandarma Yaralanma Tazminat\u0131 ve Haklar\u0131<\/strong><\/p>\n\n\n\n<p class=\"wp-block-paragraph\">Jandarma personeli i\u00e7in de g\u00f6rev s\u0131ras\u0131nda yaralanma h\u00e2linde benzer haklar s\u00f6z konusudur.<\/p>\n\n\n\n<p class=\"wp-block-paragraph\"><strong>Jandarma Yaralanma Tazminat\u0131 Kapsam\u0131<\/strong><\/p>\n\n\n\n<ul class=\"wp-block-list\">\n<li>\u0130\u00e7 g\u00fcvenlik operasyonlar\u0131<\/li>\n\n\n\n<li>K\u0131rsal devriyeler<\/li>\n\n\n\n<li>Ter\u00f6rle m\u00fccadele faaliyetleri<\/li>\n\n\n\n<li>Askeri nitelik ta\u015f\u0131yan g\u00f6revler<\/li>\n<\/ul>\n\n\n\n<p class=\"wp-block-paragraph\">esnas\u0131nda meydana gelen yaralanmalar tazminat kapsam\u0131ndad\u0131r.<\/p>\n\n\n\n<p class=\"wp-block-paragraph\">Jandarma personeli, <strong>nakdi tazminat komisyonu<\/strong> kararlar\u0131 do\u011frultusunda \u00f6deme alabilir veya karar\u0131n hukuka ayk\u0131r\u0131 oldu\u011funu d\u00fc\u015f\u00fcn\u00fcyorsa itiraz yoluna gidebilir.<\/p>\n\n\n\n<hr class=\"wp-block-separator has-alpha-channel-opacity\"\/>\n\n\n\n<p class=\"wp-block-paragraph\"><strong>Asker Vazife Maluliyeti ve Askeri Operasyonda Yaralanma<\/strong><\/p>\n\n\n\n<p class=\"wp-block-paragraph\"><strong>Vazife Maluliyeti Nedir?<\/strong><\/p>\n\n\n\n<p class=\"wp-block-paragraph\"><strong>Asker vazife maluliyeti<\/strong>, askeri personelin g\u00f6revini ifa ederken veya g\u00f6revinden dolay\u0131 u\u011frad\u0131\u011f\u0131 yaralanma ya da hastal\u0131k sonucu mesle\u011fini yapamayacak duruma gelmesidir.<\/p>\n\n\n\n<p class=\"wp-block-paragraph\"><strong>Askeri Operasyonda Yaralanma<\/strong><\/p>\n\n\n\n<p class=\"wp-block-paragraph\">S\u0131n\u0131r \u00f6tesi operasyonlar, i\u00e7 g\u00fcvenlik harek\u00e2tlar\u0131 ve tatbikatlar s\u0131ras\u0131nda meydana gelen yaralanmalar, vazife maluliyeti kapsam\u0131nda de\u011ferlendirilir.<\/p>\n\n\n\n<p class=\"wp-block-paragraph\">Bu durumda asker\u00ee personel:<\/p>\n\n\n\n<ul class=\"wp-block-list\">\n<li>Vazife malul\u00fc say\u0131labilir<\/li>\n\n\n\n<li>Nakdi tazminat alabilir<\/li>\n\n\n\n<li>S\u00fcrekli ayl\u0131k ba\u011flanmas\u0131ndan yararlanabilir<\/li>\n<\/ul>\n\n\n\n<hr class=\"wp-block-separator has-alpha-channel-opacity\"\/>\n\n\n\n<p class=\"wp-block-paragraph\"><strong>Nakdi Tazminat Komisyonu Nedir?<\/strong><\/p>\n\n\n\n<p class=\"wp-block-paragraph\"><strong>Nakdi Tazminat Komisyonu<\/strong>, 2330 say\u0131l\u0131 Kanun kapsam\u0131nda yap\u0131lacak \u00f6demeleri de\u011ferlendiren idari kuruldur. Komisyon;<\/p>\n\n\n\n<ul class=\"wp-block-list\">\n<li>Yaralanman\u0131n g\u00f6revle ba\u011flant\u0131s\u0131n\u0131<\/li>\n\n\n\n<li>Olay\u0131n niteli\u011fini<\/li>\n\n\n\n<li>Sa\u011fl\u0131k raporlar\u0131n\u0131<\/li>\n\n\n\n<li>Kusur durumunu<\/li>\n<\/ul>\n\n\n\n<p class=\"wp-block-paragraph\">inceleyerek karar verir.<\/p>\n\n\n\n<hr class=\"wp-block-separator has-alpha-channel-opacity\"\/>\n\n\n\n<p class=\"wp-block-paragraph\"><strong>Nakdi Tazminat Komisyonu Ba\u015fvuru Nas\u0131l Yap\u0131l\u0131r?<\/strong><\/p>\n\n\n\n<p class=\"wp-block-paragraph\"><strong>Ba\u015fvuru A\u015famalar\u0131<\/strong><\/p>\n\n\n\n<ol start=\"1\" class=\"wp-block-list\">\n<li><strong>Olay\u0131n Resmi Kay\u0131tlara Ge\u00e7mesi<\/strong><\/li>\n\n\n\n<li><strong>Sa\u011fl\u0131k Kurulu Raporu Al\u0131nmas\u0131<\/strong><\/li>\n\n\n\n<li><strong>Birim Amiri \u00dczerinden Ba\u015fvuru<\/strong><\/li>\n\n\n\n<li><strong>Komisyon \u0130ncelemesi ve Karar<\/strong><\/li>\n<\/ol>\n\n\n\n<p class=\"wp-block-paragraph\">Eksik belgeyle yap\u0131lan ba\u015fvurular genellikle reddedildi\u011fi i\u00e7in s\u00fcrecin dikkatle y\u00fcr\u00fct\u00fclmesi \u00f6nemlidir.<\/p>\n\n\n\n<hr class=\"wp-block-separator has-alpha-channel-opacity\"\/>\n\n\n\n<p class=\"wp-block-paragraph\"><strong>Nakdi Tazminat Komisyonu Karar\u0131na \u0130tiraz<\/strong><\/p>\n\n\n\n<p class=\"wp-block-paragraph\">Komisyonun verdi\u011fi kararlar kesin de\u011fildir. <strong>Nakdi tazminat komisyonu karar\u0131na itiraz<\/strong>, idari yarg\u0131 yoluyla m\u00fcmk\u00fcnd\u00fcr.<\/p>\n\n\n\n<p class=\"wp-block-paragraph\"><strong>\u0130tiraz S\u00fcrec<\/strong>i<\/p>\n\n\n\n<ul class=\"wp-block-list\">\n<li>\u0130dare mahkemesinde iptal davas\u0131 a\u00e7\u0131l\u0131r<\/li>\n\n\n\n<li>S\u00fcre genellikle 60 g\u00fcnd\u00fcr<\/li>\n\n\n\n<li>Hukuka ayk\u0131r\u0131l\u0131k, eksik inceleme veya hatal\u0131 de\u011ferlendirme ileri s\u00fcr\u00fclebilir<\/li>\n<\/ul>\n\n\n\n<p class=\"wp-block-paragraph\">\u062f\u0631 \u0627\u06cc\u0646\u062c\u0627 <strong>idare hukuku<\/strong> alan\u0131nda uzman bir hukuk\u00e7udan destek al\u0131nmas\u0131 s\u00fcrecin ba\u015far\u0131s\u0131n\u0131 art\u0131r\u0131r.<\/p>\n\n\n\n<hr class=\"wp-block-separator has-alpha-channel-opacity\"\/>\n\n\n\n<p class=\"wp-block-paragraph\"><strong>2330 Kapsam\u0131nda Yap\u0131lan \u00d6demenin Hesaplamalarda Dikkate Al\u0131n\u0131r m\u0131?<\/strong><\/p>\n\n\n\n<p class=\"wp-block-paragraph\">S\u0131k\u00e7a sorulan sorulardan biri de \u015fudur:<br><strong>\u201c2330 kapsam\u0131nda yap\u0131lan \u00f6demenin hesaplamalarda dikkate al\u0131n\u0131r m\u0131?\u201d<\/strong><\/p>\n\n\n\n<p class=\"wp-block-paragraph\"><strong>Cevap: Evet.<\/strong><\/p>\n\n\n\n<p class=\"wp-block-paragraph\"><strong>Dan\u0131\u015ftay 10. \u0130dari Dava Dairesi 2017\/2475 E. Say\u0131l\u0131 karar\u0131nda <\/strong>\u015f\u00f6yle demektedir; \u00a0\u2018Aktif d\u00f6nemin i\u015fleyecek devre zarar\u0131 ile pasif d\u00f6nem zarar\u0131 hesaplan\u0131rken, bilirki\u015fi raporunun d\u00fczenlendi\u011fi tarihte bilinen net asgari \u00fccret miktar\u0131, her y\u0131l %10 art\u0131r\u0131lmak ve %10 iskontoya tabi tutulmak suretiyle belirlenmelidir. Davac\u0131n\u0131n efor kayb\u0131 zarar\u0131n\u0131n yukar\u0131daki \u015fekilde hesaplanmas\u0131ndan sonra olay nedeniyle yap\u0131lan \u00f6demelerden yarar olarak kabul edilip zarar hesab\u0131ndan d\u00fc\u015f\u00fclmesi gerekenlerin de tespiti zorunludur.<\/p>\n\n\n\n<p class=\"wp-block-paragraph\"><br>Bu \u00e7er\u00e7evede; ter\u00f6rle m\u00fccadele s\u0131ras\u0131nda yaralanan ve malul olan davac\u0131ya 2330 say\u0131l\u0131 Nakdi Tazminat ve Ayl\u0131k Ba\u011flanmas\u0131 Hakk\u0131nda Kanun uyar\u0131nca nakdi tazminat \u00f6dendi\u011fi, 5434 say\u0131l\u0131 Kanun&#8217;un Ek 79. maddesine g\u00f6re ek \u00f6deme (t\u00fct\u00fcn ikramiyesi \u00f6demesi) yap\u0131ld\u0131\u011f\u0131 anla\u015f\u0131lm\u0131\u015ft\u0131r. Buna g\u00f6re, Mahkemece, davac\u0131ya \u00f6denen nakdi tazminat ile t\u00fct\u00fcn ikramiyesinin yasal faiz ile g\u00fcncellenmi\u015f tutarlar\u0131n\u0131n davac\u0131ya sa\u011flanan &#8220;yarar&#8221; kapsam\u0131nda kabul edilmesi suretiyle ilgilinin zarar\u0131ndan indirilerek yap\u0131lacak denkle\u015ftirme sonucu ortaya \u00e7\u0131kacak sonuca g\u00f6re bir karar verilmesi gerekmektedir. \u2019<\/p>\n\n\n\n<p class=\"wp-block-paragraph\">Yukar\u0131da belirtilen emsal karar uyar\u0131nca 2330 say\u0131l\u0131 kanun kapsam\u0131nda yap\u0131lan \u00f6demeler hesaplamalarda mahsup edilir.<\/p>\n\n\n\n<hr class=\"wp-block-separator has-alpha-channel-opacity\"\/>\n\n\n\n<p class=\"wp-block-paragraph\"><strong>\u0130dare Hukuku A\u00e7\u0131s\u0131ndan Devletin Sorumlulu\u011fu<\/strong><\/p>\n\n\n\n<p class=\"wp-block-paragraph\">\u0130dare Hukuku\u2019na g\u00f6re devlet, kamu hizmetinin y\u00fcr\u00fct\u00fclmesi s\u0131ras\u0131nda meydana gelen zararlardan <strong>hizmet kusuru<\/strong> \u06cc\u0627 <strong>kusursuz sorumluluk<\/strong> ilkeleri gere\u011fi sorumlu olabilir.<\/p>\n\n\n\n<p class=\"wp-block-paragraph\">\u0628\u0647\u200c\u0648\u06cc\u0698\u0647:<\/p>\n\n\n\n<ul class=\"wp-block-list\">\n<li>Yetersiz ekipman<\/li>\n\n\n\n<li>Eksik e\u011fitim<\/li>\n\n\n\n<li>Riskli g\u00f6rev planlamas\u0131<\/li>\n<\/ul>\n\n\n\n<p class=\"wp-block-paragraph\">gibi durumlar devletin tazmin sorumlulu\u011funu do\u011furabilir.<\/p>\n\n\n\n<hr class=\"wp-block-separator has-alpha-channel-opacity\"\/>\n\n\n\n<p class=\"wp-block-paragraph\"><strong>Uygulamada S\u0131k Yap\u0131lan Hatalar ve \u0130pu\u00e7lar\u0131<\/strong><\/p>\n\n\n\n<p class=\"wp-block-paragraph\"><strong>S\u0131k Hatalar<\/strong><\/p>\n\n\n\n<ul class=\"wp-block-list\">\n<li>Sa\u011fl\u0131k raporunun eksik al\u0131nmas\u0131<\/li>\n\n\n\n<li>Olay tutana\u011f\u0131n\u0131n detayland\u0131r\u0131lmamas\u0131<\/li>\n\n\n\n<li>S\u00fcrelerin ka\u00e7\u0131r\u0131lmas\u0131<\/li>\n\n\n\n<li>Komisyon karar\u0131na itiraz edilmemesi<\/li>\n<\/ul>\n\n\n\n<p class=\"wp-block-paragraph\"><strong>\u0130pu\u00e7lar\u0131<\/strong><\/p>\n\n\n\n<ul class=\"wp-block-list\">\n<li>Her belgeyi yaz\u0131l\u0131 ve resmi al\u0131n<\/li>\n\n\n\n<li>Raporlarda \u201cg\u00f6revle illiyet\u201d ifadesinin yer almas\u0131na dikkat edin<\/li>\n\n\n\n<li>Hak kayb\u0131 ya\u015famamak i\u00e7in s\u00fcreleri takip edin<\/li>\n<\/ul>\n\n\n\n<hr class=\"wp-block-separator has-alpha-channel-opacity\"\/>\n\n\n\n<p class=\"wp-block-paragraph\"><strong>Sonu\u00e7: Haklar\u0131n\u0131z\u0131 Bilmek En G\u00fc\u00e7l\u00fc Korunma Yoludur<\/strong><\/p>\n\n\n\n<p class=\"wp-block-paragraph\"><strong>Polis g\u00f6revi ba\u015f\u0131nda yaralanma sebebiyle tazminat<\/strong>, <strong>jandarma yaralanma tazminat\u0131<\/strong> \u0648 <strong>asker vazife maluliyeti<\/strong> konular\u0131, yaln\u0131zca mali de\u011fil ayn\u0131 zamanda onur ve g\u00fcvence meselesidir. G\u00f6rev s\u0131ras\u0131nda yaralanan personelin, <strong>nakdi tazminat komisyonu<\/strong>, <strong>polis maluliyet ayl\u0131\u011f\u0131<\/strong> ve idari yarg\u0131 yollar\u0131 hakk\u0131nda bilin\u00e7li olmas\u0131 b\u00fcy\u00fck \u00f6nem ta\u015f\u0131r.<\/p>\n\n\n\n<p class=\"wp-block-paragraph\">Her olay kendi ko\u015fullar\u0131nda de\u011ferlendirilmelidir. Bu nedenle, hak kayb\u0131 ya\u015famamak ad\u0131na s\u00fcrecin ba\u015f\u0131ndan itibaren do\u011fru bilgiyle hareket etmek ve gerekirse uzman deste\u011fi almak, kamu g\u00f6revlilerinin gelece\u011fi a\u00e7\u0131s\u0131ndan hayati \u00f6nemdedir. Bu hususta avukatl\u0131k ofisimiz profesyonel hizmet vermektedir.<\/p>\n\n\n\n<p class=\"wp-block-paragraph\">\u0628\u0627\u062a\u06cc\u0646 \u06cc\u0644\u0645\u0627\u0632\u060c \u0648\u06a9\u06cc\u0644<\/p>","protected":false},"excerpt":{"rendered":"<p>Polis ve Askeri Personellerin Vazife Ba\u015f\u0131ndayken Yaralanmas\u0131 ve Tazminat Durumu Polis g\u00f6revi ba\u015f\u0131nda yaralanma sebebiyle tazminat, jandarma yaralanma tazminat\u0131 ve asker vazife maluliyeti konular\u0131; kamu g\u00fcvenli\u011fini sa\u011flayan personelin hukuki ve mali haklar\u0131n\u0131 do\u011frudan ilgilendiren, son derece \u00f6nemli ba\u015fl\u0131klard\u0131r. G\u00f6rev s\u0131ras\u0131nda yaralanan veya malul kalan polis, jandarma ve asker\u00ee personelin hangi tazminat haklar\u0131na sahip oldu\u011fu, nakdi [&hellip;]<\/p>\n","protected":false},"author":2,"featured_media":2517,"comment_status":"open","ping_status":"open","sticky":false,"template":"","format":"standard","meta":{"_joinchat":[],"footnotes":""},"categories":[444],"tags":[305,306,304,303],"class_list":["post-2516","post","type-post","status-publish","format-standard","has-post-thumbnail","hentry","category-tazminat-hukuku","tag-gorev-sirasinda-yaralanma","tag-nakdi-tazminat-komisyonu","tag-polise-mukavemet","tag-vazife-basinda-yaralanma"],"_links":{"self":[{"href":"https:\/\/batinyilmaz.av.tr\/fa\/wp-json\/wp\/v2\/posts\/2516","targetHints":{"allow":["GET"]}}],"collection":[{"href":"https:\/\/batinyilmaz.av.tr\/fa\/wp-json\/wp\/v2\/posts"}],"about":[{"href":"https:\/\/batinyilmaz.av.tr\/fa\/wp-json\/wp\/v2\/types\/post"}],"author":[{"embeddable":true,"href":"https:\/\/batinyilmaz.av.tr\/fa\/wp-json\/wp\/v2\/users\/2"}],"replies":[{"embeddable":true,"href":"https:\/\/batinyilmaz.av.tr\/fa\/wp-json\/wp\/v2\/comments?post=2516"}],"version-history":[{"count":2,"href":"https:\/\/batinyilmaz.av.tr\/fa\/wp-json\/wp\/v2\/posts\/2516\/revisions"}],"predecessor-version":[{"id":2519,"href":"https:\/\/batinyilmaz.av.tr\/fa\/wp-json\/wp\/v2\/posts\/2516\/revisions\/2519"}],"wp:featuredmedia":[{"embeddable":true,"href":"https:\/\/batinyilmaz.av.tr\/fa\/wp-json\/wp\/v2\/media\/2517"}],"wp:attachment":[{"href":"https:\/\/batinyilmaz.av.tr\/fa\/wp-json\/wp\/v2\/media?parent=2516"}],"wp:term":[{"taxonomy":"category","embeddable":true,"href":"https:\/\/batinyilmaz.av.tr\/fa\/wp-json\/wp\/v2\/categories?post=2516"},{"taxonomy":"post_tag","embeddable":true,"href":"https:\/\/batinyilmaz.av.tr\/fa\/wp-json\/wp\/v2\/tags?post=2516"}],"curies":[{"name":"wp","href":"https:\/\/api.w.org\/{rel}","templated":true}]}}