{"id":2464,"date":"2025-12-16T16:15:32","date_gmt":"2025-12-16T13:15:32","guid":{"rendered":"https:\/\/batinyilmaz.av.tr\/?p=2464"},"modified":"2025-12-16T16:17:52","modified_gmt":"2025-12-16T13:17:52","slug":"tck-82-nedir-nitelikli-kasten-oldurme","status":"publish","type":"post","link":"https:\/\/batinyilmaz.av.tr\/fa\/tck-82-nedir-nitelikli-kasten-oldurme\/","title":{"rendered":"TCK 82 Nedir? (Nitelikli Kasten \u00d6ld\u00fcrme)"},"content":{"rendered":"<p class=\"wp-block-paragraph\"><strong>TCK 82<\/strong>, T\u00fcrk Ceza Kanunu\u2019nda&nbsp;<strong>kasten \u00f6ld\u00fcrme<\/strong>&nbsp;su\u00e7unun&nbsp;<em>daha a\u011f\u0131r cezay\u0131 gerektiren nitelikli h\u00e2llerini<\/em>&nbsp;d\u00fczenler. Baz\u0131 durumlarda \u00f6ld\u00fcrme eylemi, ma\u011fdurun durumu, failin amac\u0131 veya eylemin i\u015fleni\u015f bi\u00e7imi nedeniyle&nbsp;<strong>daha a\u011f\u0131r<\/strong>&nbsp;kabul edilir ve ceza art\u0131r\u0131l\u0131r.<\/p>\n\n\n\n<p class=\"wp-block-paragraph\"><strong>TCK 82\u2019nin Temel Mant\u0131\u011f\u0131<\/strong><\/p>\n\n\n\n<ul class=\"wp-block-list\">\n<li><strong>TCK 81 (kasten \u00f6ld\u00fcrme)<\/strong>: Bir insan\u0131 kasten \u00f6ld\u00fcrmenin temel h\u00e2lidir.-\u00a0<strong>TCK 82 (nitelikli kasten \u00f6ld\u00fcrme)<\/strong>: Kasten \u00f6ld\u00fcrme, kanunda say\u0131lan a\u011f\u0131rla\u015ft\u0131r\u0131c\u0131 ko\u015fullarla i\u015flenirse\u00a0<strong>nitelikli h\u00e2l<\/strong>\u00a0olu\u015fur.<\/li>\n<\/ul>\n\n\n\n<p class=\"wp-block-paragraph\"><strong>TCK 82\u2019nin sonucu:<\/strong><br>Madde 82 kapsam\u0131na giren bir durumda, fail hakk\u0131nda&nbsp;<strong>a\u011f\u0131rla\u015ft\u0131r\u0131lm\u0131\u015f m\u00fcebbet hapis cezas\u0131<\/strong>&nbsp;\u0645\u0637\u0631\u062d \u0645\u06cc\u200c\u0634\u0648\u062f.<\/p>\n\n\n\n<hr class=\"wp-block-separator has-alpha-channel-opacity\"\/>\n\n\n\n<p class=\"wp-block-paragraph\"><strong>TCK 82 Nitelikli Haller<\/strong><\/p>\n\n\n\n<p class=\"wp-block-paragraph\">A\u015fa\u011f\u0131daki h\u00e2llerden&nbsp;<strong>birinin varl\u0131\u011f\u0131<\/strong>, \u00f6ld\u00fcrme su\u00e7unu \u201cnitelikli\u201d hale getirebilir:<\/p>\n\n\n\n<p class=\"wp-block-paragraph\"><strong>1) Tasarlayarak \u00f6ld\u00fcrme<\/strong><\/p>\n\n\n\n<p class=\"wp-block-paragraph\">Failin \u00f6ld\u00fcrme karar\u0131n\u0131&nbsp;<strong>\u00f6nceden almas\u0131<\/strong>, bunu&nbsp;<strong>planlay\u0131p<\/strong>&nbsp;uygulamas\u0131 gibi durumlar bu bent kapsam\u0131nda de\u011ferlendirilir.Uygulamada \u201ctasarlama\u201d de\u011ferlendirmesi, olay\u0131n detaylar\u0131na g\u00f6re yap\u0131l\u0131r.<\/p>\n\n\n\n<p class=\"wp-block-paragraph\"><strong>2) Canavarca hisle veya eziyet \u00e7ektirerek \u00f6ld\u00fcrme<\/strong><\/p>\n\n\n\n<ul class=\"wp-block-list\">\n<li><strong>Canavarca his:<\/strong>\u00a0Failin ac\u0131ma duygusundan uzak, vah\u015fi ve insanl\u0131k d\u0131\u015f\u0131 bir motivasyonla hareket etmesi olarak yorumlanabilir.-\u00a0<strong>Eziyet \u00e7ektirerek:<\/strong>\u00a0\u00d6ld\u00fcrmeden \u00f6nce ma\u011fdura\u00a0<strong>ac\u0131 \u00e7ektirme<\/strong>, eylemi\u00a0<strong>zamana yayma<\/strong>\u00a0gibi olgular tart\u0131\u015fma konusu olabilir.<\/li>\n<\/ul>\n\n\n\n<p class=\"wp-block-paragraph\">Bu kavramlar\u0131n i\u00e7eri\u011fi, \u00e7o\u011fu zaman&nbsp;<strong>mahkeme ve Yarg\u0131tay i\u00e7tihatlar\u0131<\/strong>&nbsp;ile somut olay baz\u0131nda \u015fekillenir.<\/p>\n\n\n\n<p class=\"wp-block-paragraph\"><strong>3) Yang\u0131n, bombalama, su bask\u0131n\u0131 gibi y\u00f6ntemlerle \u00f6ld\u00fcrme<\/strong><\/p>\n\n\n\n<p class=\"wp-block-paragraph\">\u00d6ld\u00fcrmenin, toplum i\u00e7in de y\u00fcksek risk do\u011furan y\u00f6ntemlerle (\u00f6r.&nbsp;<strong>bombalama<\/strong>) yap\u0131lmas\u0131 daha a\u011f\u0131r de\u011ferlendirilir.<\/p>\n\n\n\n<p class=\"wp-block-paragraph\"><strong>4) Yak\u0131n akrabaya kar\u015f\u0131 \u00f6ld\u00fcrme (\u00fcstsoy\/altsoy\/e\u015f\/bo\u015fand\u0131\u011f\u0131 e\u015f\/karde\u015f)<\/strong><\/p>\n\n\n\n<p class=\"wp-block-paragraph\">\u00d6ld\u00fcrmenin;<\/p>\n\n\n\n<ul class=\"wp-block-list\">\n<li>anne, baba, \u00e7ocuk gibi\u00a0<strong>\u00fcstsoy\/altsoy<\/strong>,-\u00a0<strong>e\u015f veya bo\u015fand\u0131\u011f\u0131 e\u015f<\/strong>,-\u00a0<strong>karde\u015f<\/strong><br>gibi yak\u0131nlara kar\u015f\u0131 i\u015flenmesi nitelikli h\u00e2l say\u0131l\u0131r.<\/li>\n<\/ul>\n\n\n\n<p class=\"wp-block-paragraph\"><em>\u00d6nemli g\u00fcncelleme: Kanun metninde \u201ce\u015f\u201d ibaresi g\u00fcncel h\u00e2liyle&nbsp;<strong>\u201ce\u015f, bo\u015fand\u0131\u011f\u0131 e\u015f\u201d<\/strong>&nbsp;\u015feklindedir (resmi metindeki dipnot).<\/em><\/p>\n\n\n\n<p class=\"wp-block-paragraph\"><strong>5) \u00c7ocu\u011fa kar\u015f\u0131 veya kendini savunamayacak ki\u015fiye kar\u015f\u0131 \u00f6ld\u00fcrme<\/strong><\/p>\n\n\n\n<ul class=\"wp-block-list\">\n<li><strong>\u00c7ocu\u011fa kar\u015f\u0131<\/strong>\u00a0(genel anlay\u0131\u015fla 18 ya\u015f alt\u0131),- veya ya\u015f, hastal\u0131k, engellilik gibi nedenlerle\u00a0<strong>kendini savunamayacak<\/strong>\u00a0durumda olan ki\u015fiye kar\u015f\u0131<br>i\u015flenmesi nitelikli h\u00e2l olabilir.<\/li>\n<\/ul>\n\n\n\n<p class=\"wp-block-paragraph\"><strong>6) Kad\u0131na kar\u015f\u0131 \u00f6ld\u00fcrme<\/strong><\/p>\n\n\n\n<p class=\"wp-block-paragraph\">Kanunda a\u00e7\u0131k\u00e7a,&nbsp;<strong>kad\u0131na kar\u015f\u0131<\/strong>&nbsp;i\u015flenen kasten \u00f6ld\u00fcrme nitelikli h\u00e2l olarak d\u00fczenlenmi\u015ftir (madde metninde de\u011fi\u015fiklik bilgisi yer al\u0131r).<\/p>\n\n\n\n<p class=\"wp-block-paragraph\"><strong>7) Kamu g\u00f6revi nedeniyle \u00f6ld\u00fcrme<\/strong><\/p>\n\n\n\n<p class=\"wp-block-paragraph\">Ma\u011fdurun yapt\u0131\u011f\u0131 kamu g\u00f6revi (\u00f6r. kolluk, kamu personeli) nedeniyle \u00f6ld\u00fcr\u00fclmesi durumunda nitelikli hal g\u00fcndeme gelebilir.<\/p>\n\n\n\n<p class=\"wp-block-paragraph\"><strong>8) Su\u00e7u gizlemek, delil yok etmek, su\u00e7u kolayla\u015ft\u0131rmak veya yakalanmamak amac\u0131yla \u00f6ld\u00fcrme<\/strong><\/p>\n\n\n\n<p class=\"wp-block-paragraph\">Fail, \u00f6ld\u00fcrmeyi:<\/p>\n\n\n\n<ul class=\"wp-block-list\">\n<li>ba\u015fka bir su\u00e7u\u00a0<strong>gizlemek<\/strong>,<\/li>\n\n\n\n<li>delilleri\u00a0<strong>ortadan kald\u0131rmak<\/strong>,<\/li>\n\n\n\n<li>su\u00e7u\u00a0<strong>kolayla\u015ft\u0131rmak<\/strong>,<\/li>\n\n\n\n<li>\u06cc\u0627\u00a0<strong>yakalanmamak<\/strong>\u00a0amac\u0131yla yapm\u0131\u015fsa, nitelikli h\u00e2l tart\u0131\u015f\u0131l\u0131r.<\/li>\n<\/ul>\n\n\n\n<p class=\"wp-block-paragraph\"><strong>9) Bir su\u00e7u i\u015fleyememekten do\u011fan infialle \u00f6ld\u00fcrme<\/strong><\/p>\n\n\n\n<p class=\"wp-block-paragraph\">Failin bir su\u00e7u ger\u00e7ekle\u015ftirememesi nedeniyle duydu\u011fu&nbsp;<strong>infial (ta\u015fk\u0131nl\u0131k\/\u00f6fkeli tepki)<\/strong>&nbsp;ile \u00f6ld\u00fcrmesi, kanunda ayr\u0131ca nitelikli h\u00e2l olarak say\u0131lm\u0131\u015ft\u0131r.<\/p>\n\n\n\n<p class=\"wp-block-paragraph\"><strong>10) Kan g\u00fctme saikiyle \u00f6ld\u00fcrme<\/strong><\/p>\n\n\n\n<p class=\"wp-block-paragraph\">Toplumda \u201ckan davas\u0131\/\u00f6\u00e7 alma\u201d olarak bilinen saiklerle \u00f6ld\u00fcrme, nitelikli hal kapsam\u0131ndad\u0131r.<\/p>\n\n\n\n<p class=\"wp-block-paragraph\"><strong>11) T\u00f6re saikiyle \u00f6ld\u00fcrme<\/strong><\/p>\n\n\n\n<p class=\"wp-block-paragraph\">T\u00f6re, namus, gelenek bask\u0131s\u0131 gibi saiklerle i\u015flenen \u00f6ld\u00fcrmeler de kanunda nitelikli hal olarak d\u00fczenlenmi\u015ftir.<\/p>\n\n\n\n<hr class=\"wp-block-separator has-alpha-channel-opacity\"\/>\n\n\n\n<p class=\"wp-block-paragraph\"><strong>TCK 82\u2019de Ceza Ne Kadar?<\/strong><\/p>\n\n\n\n<p class=\"wp-block-paragraph\"><strong>TCK 82 kapsam\u0131na giren nitelikli kasten \u00f6ld\u00fcrme<\/strong>&nbsp;halinde kanun, failin&nbsp;<strong>a\u011f\u0131rla\u015ft\u0131r\u0131lm\u0131\u015f m\u00fcebbet hapis<\/strong>&nbsp;ile cezaland\u0131r\u0131laca\u011f\u0131n\u0131 belirtir.<\/p>\n\n\n\n<p class=\"wp-block-paragraph\"><em>Ceza miktar\u0131, somut olay\u0131n \u00f6zellikleri, deliller, failin kusur durumu ve yarg\u0131lama s\u00fcrecindeki hukuki de\u011ferlendirmelere g\u00f6re \u015fekillenir. Bu nedenle olay bazl\u0131 avukat de\u011ferlendirmesi \u00f6nemlidir.<\/em><\/p>\n\n\n\n<hr class=\"wp-block-separator has-alpha-channel-opacity\"\/>\n\n\n\n<p class=\"wp-block-paragraph\"><strong>TCK 82\u2019de ceza neden a\u011f\u0131r?<\/strong><\/p>\n\n\n\n<p class=\"wp-block-paragraph\">Kanun koyucu, baz\u0131 \u00f6ld\u00fcrme bi\u00e7imlerini (\u00f6r. tasarlama, yak\u0131n akrabaya kar\u015f\u0131, su\u00e7u gizlemek amac\u0131yla vb.) daha a\u011f\u0131r ve tehlikeli g\u00f6rd\u00fc\u011f\u00fc i\u00e7in cezay\u0131 art\u0131rm\u0131\u015ft\u0131r.<\/p>\n\n\n\n<p class=\"wp-block-paragraph\"><strong>\u201cTasarlayarak \u00f6ld\u00fcrme\u201d nas\u0131l anla\u015f\u0131l\u0131r?<\/strong><\/p>\n\n\n\n<p class=\"wp-block-paragraph\">Genellikle olay \u00f6ncesi haz\u0131rl\u0131klar, planlama, bekleme gibi unsurlar de\u011ferlendirilebilir. Ancak kesin s\u0131n\u0131rlar somut dosyaya g\u00f6re de\u011fi\u015fir.<\/p>\n\n\n\n<p class=\"wp-block-paragraph\"><strong>S\u0131k\u00e7a Sorulan Sorular (S.S.S)<\/strong><\/p>\n\n\n\n<p class=\"wp-block-paragraph\"><strong>1) TCK 82 cezas\u0131 nedir?<\/strong><\/p>\n\n\n\n<p class=\"wp-block-paragraph\">TCK 82 uygulan\u0131rsa ceza&nbsp;a\u011f\u0131rla\u015ft\u0131r\u0131lm\u0131\u015f m\u00fcebbet hapistir.<\/p>\n\n\n\n<p class=\"wp-block-paragraph\"><strong>2) TCK 82 ile TCK 81 aras\u0131ndaki fark nedir?<\/strong><\/p>\n\n\n\n<ul class=\"wp-block-list\">\n<li><strong>TCK 81<\/strong>\u00a0temel kasten \u00f6ld\u00fcrmeyi,<\/li>\n\n\n\n<li><strong>TCK 82<\/strong>\u00a0ise \u00f6ld\u00fcrmenin kanunda say\u0131lan\u00a0<strong>a\u011f\u0131rla\u015ft\u0131r\u0131c\u0131 \u015fartlarla<\/strong>\u00a0i\u015flenmesini d\u00fczenler.<\/li>\n<\/ul>\n\n\n\n<p class=\"wp-block-paragraph\"><strong>3) TCK 82 hangi durumlarda uygulan\u0131r?<\/strong><\/p>\n\n\n\n<p class=\"wp-block-paragraph\">\u00d6ld\u00fcrme;&nbsp;<strong>tasarlama, canavarca his\/eziyet, yak\u0131n akraba, \u00e7ocuk, kad\u0131na kar\u015f\u0131, kamu g\u00f6revi nedeniyle, yakalanmamak amac\u0131<\/strong>&nbsp;gibi h\u00e2llerle i\u015flenirse uygulanabilir.<\/p>\n\n\n\n<p class=\"wp-block-paragraph\"><strong>4) Tasarlayarak \u00f6ld\u00fcrme (TCK 82) ne demek?<\/strong><\/p>\n\n\n\n<p class=\"wp-block-paragraph\">\u00d6ld\u00fcrme karar\u0131n\u0131n&nbsp;<strong>\u00f6nceden al\u0131n\u0131p planlanarak<\/strong>&nbsp;uygulanmas\u0131d\u0131r; somut delille de\u011ferlendirilir.<\/p>\n\n\n\n<p class=\"wp-block-paragraph\"><strong>5) Canavarca hisle \u00f6ld\u00fcrme ne demek?<\/strong><\/p>\n\n\n\n<p class=\"wp-block-paragraph\">A\u015f\u0131r\u0131&nbsp;<strong>vah\u015fet\/ac\u0131mas\u0131zl\u0131k<\/strong>&nbsp;i\u00e7eren y\u00f6ntem veya saikle i\u015flenmesi olarak de\u011ferlendirilir.<\/p>\n\n\n\n<p class=\"wp-block-paragraph\"><strong>6) Eziyet \u00e7ektirerek \u00f6ld\u00fcrme ne demek?<\/strong><\/p>\n\n\n\n<p class=\"wp-block-paragraph\">\u00d6l\u00fcmden \u00f6nce ma\u011fdura&nbsp;<strong>ac\u0131 \u00e7ektirmeye y\u00f6nelik<\/strong>, \u00e7o\u011fu kez zamana yay\u0131lan i\u015fleni\u015f tarz\u0131d\u0131r.<\/p>\n\n\n\n<p class=\"wp-block-paragraph\"><strong>7) \u201cKendisini savunamayacak ki\u015fiye kar\u015f\u0131\u201d ne demek?<\/strong><\/p>\n\n\n\n<p class=\"wp-block-paragraph\">Ya\u015f, hastal\u0131k, engellilik vb. nedenle ma\u011fdurun&nbsp;<strong>fiilen savunmas\u0131z<\/strong>&nbsp;\u0627\u0633\u062a.<\/p>\n\n\n\n<p class=\"wp-block-paragraph\"><strong>8) Yakalanmamak\/delil yok etmek amac\u0131yla \u00f6ld\u00fcrme ne demek?<\/strong><\/p>\n\n\n\n<p class=\"wp-block-paragraph\">\u00d6ld\u00fcrmenin amac\u0131&nbsp;<strong>yakalanmamak<\/strong>, delil yok etmek veya ba\u015fka su\u00e7u gizlemekse nitelikli h\u00e2l g\u00fcndeme gelir.<\/p>\n\n\n\n<p class=\"wp-block-paragraph\"><strong>9) Kan g\u00fctme saikiyle \u00f6ld\u00fcrme nedir?<\/strong><\/p>\n\n\n\n<p class=\"wp-block-paragraph\">\u201cKan davas\u0131\/\u00f6\u00e7 alma\u201d d\u00fc\u015f\u00fcncesiyle \u00f6ld\u00fcrme iddias\u0131d\u0131r; saik somut olayla ispatlan\u0131r.<\/p>\n\n\n\n<p class=\"wp-block-paragraph\"><strong>10) T\u00f6re saikiyle \u00f6ld\u00fcrme nedir?<\/strong><\/p>\n\n\n\n<p class=\"wp-block-paragraph\">\u201cT\u00f6re\/namus bask\u0131s\u0131\u201d gerek\u00e7esiyle \u00f6ld\u00fcrme iddias\u0131d\u0131r; saik delillerle de\u011ferlendirilir.<\/p>\n\n\n\n<p class=\"wp-block-paragraph\"><strong>11) TCK 82\u2019de birden fazla nitelikli h\u00e2l ayn\u0131 anda olabilir mi?<\/strong><\/p>\n\n\n\n<p class=\"wp-block-paragraph\">Evet, iddia edilebilir; mahkeme somut delillere g\u00f6re kabul eder veya reddeder.<\/p>\n\n\n\n<p class=\"wp-block-paragraph\"><strong>12) TCK 82 her olayda otomatik uygulan\u0131r m\u0131?<\/strong><\/p>\n\n\n\n<p class=\"wp-block-paragraph\">Hay\u0131r. \u0130lgili nitelikli h\u00e2lin&nbsp;<strong>somut olayda ispat\u0131<\/strong>&nbsp;\u0644\u0627\u0632\u0645 \u0627\u0633\u062a.<\/p>\n\n\n\n<hr class=\"wp-block-separator has-alpha-channel-opacity\"\/>\n\n\n\n<p class=\"wp-block-paragraph\"><strong>Hukuki Uyar\u0131<\/strong><\/p>\n\n\n\n<p class=\"wp-block-paragraph\">\u0627\u06cc\u0646 \u0645\u062d\u062a\u0648\u0627&nbsp;<strong>genel bilgilendirme<\/strong>&nbsp;ama\u00e7l\u0131d\u0131r. Somut olay\u0131n hukuki niteli\u011fi; deliller, olay\u0131n olu\u015f \u015fekli ve yarg\u0131sal de\u011ferlendirmeye g\u00f6re de\u011fi\u015febilir. \u00d6zellikle TCK 82 gibi a\u011f\u0131r yapt\u0131r\u0131ml\u0131 su\u00e7larda&nbsp;<strong>ceza avukat\u0131ndan<\/strong>&nbsp;profesyonel destek al\u0131nmas\u0131 \u00f6nemlidir.<\/p>\n\n\n\n<hr class=\"wp-block-separator has-alpha-channel-opacity\"\/>\n\n\n\n<p class=\"wp-block-paragraph\"><strong>Sonu\u00e7 \/ \u00d6zet<\/strong><\/p>\n\n\n\n<p class=\"wp-block-paragraph\">TCK Madde 82,&nbsp;<strong>kasten \u00f6ld\u00fcrme su\u00e7unun nitelikli h\u00e2llerini<\/strong>&nbsp;d\u00fczenler. Tasarlama, canavarca his\/eziyet, bombalama gibi y\u00f6ntemler, yak\u0131n akrabaya kar\u015f\u0131 i\u015flenmesi,&nbsp;<strong>kad\u0131na kar\u015f\u0131<\/strong>&nbsp;i\u015flenmesi veya su\u00e7u gizleme\/yakalanmamak amac\u0131 gibi durumlarda su\u00e7 \u201cnitelikli\u201d say\u0131labilir ve&nbsp;<strong>ceza a\u011f\u0131rla\u015ft\u0131r\u0131lm\u0131\u015f m\u00fcebbet hapistir<\/strong>.&nbsp;<strong>En do\u011fru de\u011ferlendirme somut olay\u0131n delillerine g\u00f6re yap\u0131l\u0131r.<\/strong><\/p>\n\n\n\n<p class=\"wp-block-paragraph\">\u0628\u0627\u062a\u06cc\u0646 \u06cc\u0644\u0645\u0627\u0632\u060c \u0648\u06a9\u06cc\u0644<\/p>","protected":false},"excerpt":{"rendered":"<p>TCK 82, T\u00fcrk Ceza Kanunu\u2019nda&nbsp;kasten \u00f6ld\u00fcrme&nbsp;su\u00e7unun&nbsp;daha a\u011f\u0131r cezay\u0131 gerektiren nitelikli h\u00e2llerini&nbsp;d\u00fczenler. Baz\u0131 durumlarda \u00f6ld\u00fcrme eylemi, ma\u011fdurun durumu, failin amac\u0131 veya eylemin i\u015fleni\u015f bi\u00e7imi nedeniyle&nbsp;daha a\u011f\u0131r&nbsp;kabul edilir ve ceza art\u0131r\u0131l\u0131r. TCK 82\u2019nin Temel Mant\u0131\u011f\u0131 TCK 82\u2019nin sonucu:Madde 82 kapsam\u0131na giren bir durumda, fail hakk\u0131nda&nbsp;a\u011f\u0131rla\u015ft\u0131r\u0131lm\u0131\u015f m\u00fcebbet hapis cezas\u0131&nbsp;g\u00fcndeme gelir. TCK 82 Nitelikli Haller A\u015fa\u011f\u0131daki h\u00e2llerden&nbsp;birinin varl\u0131\u011f\u0131, \u00f6ld\u00fcrme [&hellip;]<\/p>\n","protected":false},"author":2,"featured_media":2465,"comment_status":"open","ping_status":"open","sticky":false,"template":"","format":"standard","meta":{"_joinchat":[],"footnotes":""},"categories":[61],"tags":[289,288,287],"class_list":["post-2464","post","type-post","status-publish","format-standard","has-post-thumbnail","hentry","category-ceza-hukuku","tag-kasten-oldurme","tag-nitelikli-kasten-oldurme-sucu","tag-tck-82"],"_links":{"self":[{"href":"https:\/\/batinyilmaz.av.tr\/fa\/wp-json\/wp\/v2\/posts\/2464","targetHints":{"allow":["GET"]}}],"collection":[{"href":"https:\/\/batinyilmaz.av.tr\/fa\/wp-json\/wp\/v2\/posts"}],"about":[{"href":"https:\/\/batinyilmaz.av.tr\/fa\/wp-json\/wp\/v2\/types\/post"}],"author":[{"embeddable":true,"href":"https:\/\/batinyilmaz.av.tr\/fa\/wp-json\/wp\/v2\/users\/2"}],"replies":[{"embeddable":true,"href":"https:\/\/batinyilmaz.av.tr\/fa\/wp-json\/wp\/v2\/comments?post=2464"}],"version-history":[{"count":2,"href":"https:\/\/batinyilmaz.av.tr\/fa\/wp-json\/wp\/v2\/posts\/2464\/revisions"}],"predecessor-version":[{"id":2468,"href":"https:\/\/batinyilmaz.av.tr\/fa\/wp-json\/wp\/v2\/posts\/2464\/revisions\/2468"}],"wp:featuredmedia":[{"embeddable":true,"href":"https:\/\/batinyilmaz.av.tr\/fa\/wp-json\/wp\/v2\/media\/2465"}],"wp:attachment":[{"href":"https:\/\/batinyilmaz.av.tr\/fa\/wp-json\/wp\/v2\/media?parent=2464"}],"wp:term":[{"taxonomy":"category","embeddable":true,"href":"https:\/\/batinyilmaz.av.tr\/fa\/wp-json\/wp\/v2\/categories?post=2464"},{"taxonomy":"post_tag","embeddable":true,"href":"https:\/\/batinyilmaz.av.tr\/fa\/wp-json\/wp\/v2\/tags?post=2464"}],"curies":[{"name":"wp","href":"https:\/\/api.w.org\/{rel}","templated":true}]}}