{"id":1228,"date":"2025-10-19T11:00:00","date_gmt":"2025-10-19T08:00:00","guid":{"rendered":"https:\/\/batinyilmaz.av.tr\/?p=1228"},"modified":"2025-11-19T03:09:26","modified_gmt":"2025-11-19T00:09:26","slug":"gorevde-yaralanma-ve-maluliyet-sebebiyle-idarenin-tazminat-sorumlulugu","status":"publish","type":"post","link":"https:\/\/batinyilmaz.av.tr\/fa\/gorevde-yaralanma-ve-maluliyet-sebebiyle-idarenin-tazminat-sorumlulugu\/","title":{"rendered":"G\u00f6revde Yaralanma ve Maluliyet Sebebiyle \u0130darenin Tazminat Sorumlulu\u011fu"},"content":{"rendered":"<div id=\"ez-toc-container\" class=\"ez-toc-v2_0_85 counter-hierarchy ez-toc-counter ez-toc-grey ez-toc-container-direction\">\n<div class=\"ez-toc-title-container\">\n<p class=\"ez-toc-title\" style=\"cursor:inherit\">\u0633\u0631\u0628\u0631\u06af\u200c\u0647\u0627<\/p>\n<span class=\"ez-toc-title-toggle\"><a href=\"#\" class=\"ez-toc-pull-right ez-toc-btn ez-toc-btn-xs ez-toc-btn-default ez-toc-toggle\" aria-label=\"\u062a\u063a\u06cc\u06cc\u0631 \u0648\u0636\u0639\u06cc\u062a \u0641\u0647\u0631\u0633\u062a \u0645\u0637\u0627\u0644\u0628\"><span class=\"ez-toc-js-icon-con\"><span class=\"\"><span class=\"eztoc-hide\" style=\"display:none;\">\u062aoggle<\/span><span class=\"ez-toc-icon-toggle-span\"><svg style=\"fill: #999;color:#999\" xmlns=\"http:\/\/www.w3.org\/2000\/svg\" class=\"list-377408\" width=\"20px\" height=\"20px\" viewbox=\"0 0 24 24\" fill=\"none\"><path d=\"M6 6H4v2h2V6zm14 0H8v2h12V6zM4 11h2v2H4v-2zm16 0H8v2h12v-2zM4 16h2v2H4v-2zm16 0H8v2h12v-2z\" fill=\"currentColor\"><\/path><\/svg><svg style=\"fill: #999;color:#999\" class=\"arrow-unsorted-368013\" xmlns=\"http:\/\/www.w3.org\/2000\/svg\" width=\"10px\" height=\"10px\" viewbox=\"0 0 24 24\" version=\"1.2\" baseprofile=\"tiny\"><path d=\"M18.2 9.3l-6.2-6.3-6.2 6.3c-.2.2-.3.4-.3.7s.1.5.3.7c.2.2.4.3.7.3h11c.3 0 .5-.1.7-.3.2-.2.3-.5.3-.7s-.1-.5-.3-.7zM5.8 14.7l6.2 6.3 6.2-6.3c.2-.2.3-.5.3-.7s-.1-.5-.3-.7c-.2-.2-.4-.3-.7-.3h-11c-.3 0-.5.1-.7.3-.2.2-.3.5-.3.7s.1.5.3.7z\"\/><\/svg><\/span><\/span><\/span><\/a><\/span><\/div>\n<nav><ul class='ez-toc-list ez-toc-list-level-1' ><li class='ez-toc-page-1 ez-toc-heading-level-2'><a class=\"ez-toc-link ez-toc-heading-1\" href=\"https:\/\/batinyilmaz.av.tr\/fa\/gorevde-yaralanma-ve-maluliyet-sebebiyle-idarenin-tazminat-sorumlulugu\/#Idarenin_Tazminat_Sorumlulugunun_Hukuki_Dayanagi\" >\u0130darenin Tazminat Sorumlulu\u011funun Hukuki Dayana\u011f\u0131<\/a><\/li><li class='ez-toc-page-1 ez-toc-heading-level-2'><a class=\"ez-toc-link ez-toc-heading-2\" href=\"https:\/\/batinyilmaz.av.tr\/fa\/gorevde-yaralanma-ve-maluliyet-sebebiyle-idarenin-tazminat-sorumlulugu\/#2330_Sayili_Kanun_Kapsaminda_Tazminat_Odemeleri\" >2330 Say\u0131l\u0131 Kanun Kapsam\u0131nda Tazminat \u00d6demeleri<\/a><\/li><li class='ez-toc-page-1 ez-toc-heading-level-2'><a class=\"ez-toc-link ez-toc-heading-3\" href=\"https:\/\/batinyilmaz.av.tr\/fa\/gorevde-yaralanma-ve-maluliyet-sebebiyle-idarenin-tazminat-sorumlulugu\/#Nakdi_Tazminat_Komisyonu_ve_Isleyisi\" >Nakdi Tazminat Komisyonu ve \u0130\u015fleyi\u015fi<\/a><\/li><li class='ez-toc-page-1 ez-toc-heading-level-2'><a class=\"ez-toc-link ez-toc-heading-4\" href=\"https:\/\/batinyilmaz.av.tr\/fa\/gorevde-yaralanma-ve-maluliyet-sebebiyle-idarenin-tazminat-sorumlulugu\/#Polise_Mukavemet_ve_Gorevi_Yaptirmamak_icin_Direnme_Suclarinin_Tazminat_Baglantisi\" >Polise Mukavemet ve G\u00f6revi Yapt\u0131rmamak i\u00e7in Direnme Su\u00e7lar\u0131n\u0131n Tazminat Ba\u011flant\u0131s\u0131<\/a><\/li><li class='ez-toc-page-1 ez-toc-heading-level-2'><a class=\"ez-toc-link ez-toc-heading-5\" href=\"https:\/\/batinyilmaz.av.tr\/fa\/gorevde-yaralanma-ve-maluliyet-sebebiyle-idarenin-tazminat-sorumlulugu\/#Rucuen_Tahsil_Sureci_Geri_Alma_Davalari\" >R\u00fccuen Tahsil S\u00fcreci (Geri Alma Davalar\u0131)<\/a><\/li><li class='ez-toc-page-1 ez-toc-heading-level-2'><a class=\"ez-toc-link ez-toc-heading-6\" href=\"https:\/\/batinyilmaz.av.tr\/fa\/gorevde-yaralanma-ve-maluliyet-sebebiyle-idarenin-tazminat-sorumlulugu\/#Avukat_Desteginin_Onemi\" >Avukat Deste\u011finin \u00d6nemi<\/a><\/li><li class='ez-toc-page-1 ez-toc-heading-level-2'><a class=\"ez-toc-link ez-toc-heading-7\" href=\"https:\/\/batinyilmaz.av.tr\/fa\/gorevde-yaralanma-ve-maluliyet-sebebiyle-idarenin-tazminat-sorumlulugu\/#Sonuc_ve_Degerlendirme\" >\u0646\u062a\u06cc\u062c\u0647 \u0648 \u0627\u0631\u0632\u06cc\u0627\u0628\u06cc<\/a><\/li><\/ul><\/nav><\/div>\n\n<p class=\"wp-block-paragraph\">Kamu g\u00f6revlileri, g\u00f6revlerini ifa ederken \u00e7e\u015fitli risklerle kar\u015f\u0131 kar\u015f\u0131ya kalmakta ve zaman zaman yaralanma, maluliyet ya da daha a\u011f\u0131r sonu\u00e7lara maruz kalabilmektedir. \u00d6zellikle kolluk kuvvetleri olan polis memurlar\u0131, jandarma ve sahil g\u00fcvenlik personeli gibi g\u00f6revli kamu \u00e7al\u0131\u015fanlar\u0131, vatanda\u015f\u0131n huzur ve g\u00fcvenli\u011fini sa\u011flamak amac\u0131yla y\u00fcksek riskli g\u00f6revler \u00fcstlenmektedir.<\/p>\n\n\n\n<p class=\"wp-block-paragraph\">Bu yaz\u0131m\u0131zda, g\u00f6rev s\u0131ras\u0131nda meydana gelen yaralanma veya maluliyet hallerinde idarenin sorumlulu\u011fu, Nakd\u00ee Tazminat Komisyonu, 2330 say\u0131l\u0131 Kanun kapsam\u0131nda yap\u0131lan tazminat \u00f6demeleri, komisyonun yap\u0131s\u0131, toplanma s\u00fcresi, r\u00fccuen tahsil i\u015flemleri ve polise mukavemet ile g\u00f6revini yapt\u0131rmamak i\u00e7in direnme fiilleri ba\u011flam\u0131nda hukuki de\u011ferlendirmelere yer verilecektir.<\/p>\n\n\n\n<h2 class=\"wp-block-heading\"><span class=\"ez-toc-section\" id=\"Idarenin_Tazminat_Sorumlulugunun_Hukuki_Dayanagi\"><\/span>\u0130darenin Tazminat Sorumlulu\u011funun Hukuki Dayana\u011f\u0131<span class=\"ez-toc-section-end\"><\/span><\/h2>\n\n\n\n<p class=\"wp-block-paragraph\">Kamu g\u00f6revlilerinin g\u00f6revlerini yerine getirirken zarar g\u00f6rmesi halinde, bu zararlar\u0131n kar\u015f\u0131lanmas\u0131 anayasal g\u00fcvence alt\u0131na al\u0131nm\u0131\u015ft\u0131r. Anayasa\u2019n\u0131n 125. maddesi uyar\u0131nca, idarenin i\u015flem ve eylemlerinden dolay\u0131 do\u011fan zararlar, idare taraf\u0131ndan tazmin edilir.<\/p>\n\n\n\n<p class=\"wp-block-paragraph\">Bu \u00e7er\u00e7evede g\u00f6rev ba\u015f\u0131nda yaralanan veya s\u00fcrekli malul kalan kamu g\u00f6revlilerine ya da hak sahiplerine, 2330 say\u0131l\u0131 Nakd\u00ee Tazminat ve Ayl\u0131k Ba\u011flanmas\u0131 Hakk\u0131nda Kanun kapsam\u0131nda \u00e7e\u015fitli tazminatlar \u00f6denmektedir.<\/p>\n\n\n\n<p class=\"wp-block-paragraph\">Bu t\u00fcr olaylar genellikle <strong>polise mukavemet<\/strong> \u06cc\u0627 <strong>g\u00f6revini yapt\u0131rmamak i\u00e7in direnme<\/strong> gibi su\u00e7lar\u0131n i\u015flendi\u011fi durumlarda g\u00fcndeme gelmektedir.<\/p>\n\n\n\n<h2 class=\"wp-block-heading\"><span class=\"ez-toc-section\" id=\"2330_Sayili_Kanun_Kapsaminda_Tazminat_Odemeleri\"><\/span><strong>2330 Say\u0131l\u0131 Kanun Kapsam\u0131nda Tazminat \u00d6demeleri<\/strong><span class=\"ez-toc-section-end\"><\/span><\/h2>\n\n\n\n<p class=\"wp-block-paragraph\">2330 say\u0131l\u0131 Kanun, g\u00f6rev s\u0131ras\u0131nda yaralanan, sakatlanan veya hayat\u0131n\u0131 kaybeden kamu g\u00f6revlilerinin kendilerine ya da yak\u0131nlar\u0131na nakd\u00ee tazminat ve ayl\u0131k ba\u011flanmas\u0131n\u0131 d\u00fczenler.<\/p>\n\n\n\n<p class=\"wp-block-paragraph\">Bu kanun; polis, jandarma, asker, zab\u0131ta ve benzeri g\u00f6revlerde bulunan personeli kapsamaktad\u0131r.<\/p>\n\n\n\n<p class=\"wp-block-paragraph\"><strong>Tazminat \u00f6demesi yap\u0131labilmesi i\u00e7in \u015fu \u015fartlar\u0131n ger\u00e7ekle\u015fmi\u015f olmas\u0131 gerekir:<\/strong><\/p>\n\n\n\n<ul class=\"wp-block-list\">\n<li>Olay\u0131n g\u00f6rev s\u0131ras\u0131nda veya g\u00f6revden dolay\u0131 meydana gelmi\u015f olmas\u0131,<\/li>\n\n\n\n<li>Olay\u0131n kaza, sald\u0131r\u0131, \u00e7at\u0131\u015fma, direni\u015f ya da g\u00f6rev ifas\u0131n\u0131 engelleyen herhangi bir d\u0131\u015f etken sonucu olu\u015fmu\u015f olmas\u0131,<\/li>\n\n\n\n<li>Durumun sa\u011fl\u0131k raporlar\u0131 ve resmi tutanaklarla belgelenmi\u015f olmas\u0131.<\/li>\n<\/ul>\n\n\n\n<p class=\"wp-block-paragraph\">Bu kapsamdaki \u00f6demeler, <strong>Nakd\u00ee Tazminat Komisyonu<\/strong> taraf\u0131ndan de\u011ferlendirilerek yap\u0131l\u0131r.<\/p>\n\n\n\n<h2 class=\"wp-block-heading\"><span class=\"ez-toc-section\" id=\"Nakdi_Tazminat_Komisyonu_ve_Isleyisi\"><\/span>Nakdi Tazminat Komisyonu ve \u0130\u015fleyi\u015fi<span class=\"ez-toc-section-end\"><\/span><\/h2>\n\n\n\n<p class=\"wp-block-paragraph\">Nakd\u00ee Tazminat Komisyonu, 2330 say\u0131l\u0131 Kanun \u00e7er\u00e7evesinde kurulan ve g\u00f6revde yaralanma, sakatlanma ya da \u00f6l\u00fcm halinde yap\u0131lacak tazminat \u00f6demelerini de\u011ferlendiren idari bir komisyondur.<\/p>\n\n\n\n<p class=\"wp-block-paragraph\"><strong>Komisyonun Yap\u0131s\u0131 ve \u0130\u00e7eri\u011fi:<\/strong><br>Komisyon, \u0130\u00e7i\u015fleri Bakanl\u0131\u011f\u0131 veya ilgili kamu kurumlar\u0131n\u0131n temsilcilerinden olu\u015fur. Genellikle \u015fu \u00fcyeler yer al\u0131r:<\/p>\n\n\n\n<ul class=\"wp-block-list\">\n<li>Bakanl\u0131k temsilcisi (ba\u015fkan)<\/li>\n\n\n\n<li>Personel Dairesi yetkilisi<\/li>\n\n\n\n<li>Hukuk m\u00fc\u015faviri<\/li>\n\n\n\n<li>Maliye temsilcisi<\/li>\n\n\n\n<li>\u0130lgili kurum temsilcileri (emniyet, jandarma vs.)<\/li>\n<\/ul>\n\n\n\n<p class=\"wp-block-paragraph\"><strong>Toplanma S\u00fcresi ve Karar Mekanizmas\u0131:<\/strong><br>Komisyon genellikle ba\u015fvuru tarihinden itibaren <strong>30 ila 60 g\u00fcn<\/strong> i\u00e7inde toplan\u0131r. Ancak yo\u011funlu\u011fa g\u00f6re bu s\u00fcre uzayabilmektedir.<\/p>\n\n\n\n<p class=\"wp-block-paragraph\">Komisyonun karar\u0131 do\u011frultusunda, uygun g\u00f6r\u00fclmesi halinde belirlenen miktarda nakd\u00ee tazminat hak sahiplerine \u00f6denir.<\/p>\n\n\n\n<h2 class=\"wp-block-heading\"><span class=\"ez-toc-section\" id=\"Polise_Mukavemet_ve_Gorevi_Yaptirmamak_icin_Direnme_Suclarinin_Tazminat_Baglantisi\"><\/span>Polise Mukavemet ve G\u00f6revi Yapt\u0131rmamak i\u00e7in Direnme Su\u00e7lar\u0131n\u0131n Tazminat Ba\u011flant\u0131s\u0131<span class=\"ez-toc-section-end\"><\/span><\/h2>\n\n\n\n<p class=\"wp-block-paragraph\">G\u00f6rev s\u0131ras\u0131nda en s\u0131k kar\u015f\u0131la\u015f\u0131lan \u015fiddet vakalar\u0131ndan biri <strong>polise mukavemet<\/strong> su\u00e7udur.<\/p>\n\n\n\n<p class=\"wp-block-paragraph\"><strong>T\u00fcrk Ceza Kanunu\u2019nun 265. maddesi<\/strong> kapsam\u0131nda d\u00fczenlenen bu su\u00e7, g\u00f6revli kamu g\u00f6revlisine kar\u015f\u0131 cebir veya tehdit kullan\u0131larak g\u00f6revini yapt\u0131rmamak amac\u0131yla direnilmesi anlam\u0131na gelir.<\/p>\n\n\n\n<p class=\"wp-block-paragraph\">Bu t\u00fcr su\u00e7lar sonucunda kamu g\u00f6revlisi yaralan\u0131r veya malul kal\u0131rsa:<\/p>\n\n\n\n<ul class=\"wp-block-list\">\n<li>Ceza davas\u0131 ayr\u0131 olarak y\u00fcr\u00fct\u00fcl\u00fcr.<\/li>\n\n\n\n<li>\u0130dari tazminat s\u00fcreci <strong>2330 say\u0131l\u0131 Kanun<\/strong> kapsam\u0131nda i\u015fler.<\/li>\n\n\n\n<li>Fail hakk\u0131nda a\u00e7\u0131lan ceza davas\u0131 sonu\u00e7lansa dahi, idare taraf\u0131ndan \u00f6denen tazminat\u0131n <strong>r\u00fccuen tahsili<\/strong> amac\u0131yla ayr\u0131ca hukuk davas\u0131 a\u00e7\u0131labilir.<\/li>\n<\/ul>\n\n\n\n<h2 class=\"wp-block-heading\"><span class=\"ez-toc-section\" id=\"Rucuen_Tahsil_Sureci_Geri_Alma_Davalari\"><\/span>R\u00fccuen Tahsil S\u00fcreci (Geri Alma Davalar\u0131)<span class=\"ez-toc-section-end\"><\/span><\/h2>\n\n\n\n<p class=\"wp-block-paragraph\">\u0130dare, g\u00f6revli personele \u00f6dedi\u011fi tazminat\u0131, olayda kusurlu bulunan \u00fc\u00e7\u00fcnc\u00fc ki\u015filerden (sald\u0131rgan, fail vs.) r\u00fccuen talep edebilir.<\/p>\n\n\n\n<p class=\"wp-block-paragraph\">Bu talep, genellikle ceza davas\u0131 sonras\u0131nda hukuk mahkemelerinde a\u00e7\u0131lan alacak davas\u0131 \u015feklinde ger\u00e7ekle\u015fir.<\/p>\n\n\n\n<p class=\"wp-block-paragraph\"><strong>\u00d6rnek:<\/strong><br>Bir polis memuru g\u00f6rev s\u0131ras\u0131nda yaralanm\u0131\u015fsa ve faile ceza verilmi\u015fse, idare, memura yapt\u0131\u011f\u0131 \u00f6demeyi geri almak \u00fczere <strong>r\u00fccu davas\u0131<\/strong> a\u00e7abilir.<\/p>\n\n\n\n<p class=\"wp-block-paragraph\">Bu durumda tazminat miktar\u0131, \u00f6deme belgeleri ve olay\u0131n niteli\u011fi dikkate al\u0131narak belirlenir.<\/p>\n\n\n\n<p class=\"wp-block-paragraph\">Bu alanda uzman bir <strong>idare hukuku avukat\u0131<\/strong> s\u00fcreci titizlikle y\u00fcr\u00fctmelidir.<\/p>\n\n\n\n<h2 class=\"wp-block-heading\"><span class=\"ez-toc-section\" id=\"Avukat_Desteginin_Onemi\"><\/span>Avukat Deste\u011finin \u00d6nemi<span class=\"ez-toc-section-end\"><\/span><\/h2>\n\n\n\n<p class=\"wp-block-paragraph\">G\u00f6revde yaralanan ya da malul kalan kamu personeli veya yak\u0131nlar\u0131, haklar\u0131n\u0131 tam anlam\u0131yla alabilmek i\u00e7in hukuki dan\u0131\u015fmanl\u0131k almal\u0131d\u0131r.<\/p>\n\n\n\n<p class=\"wp-block-paragraph\">Tazminat s\u00fcreci teknik, b\u00fcrokratik ve hukuki a\u015famalar i\u00e7erdi\u011finden;<\/p>\n\n\n\n<ul class=\"wp-block-list\">\n<li>Nakd\u00ee Tazminat Komisyonu\u2019na eksiksiz ba\u015fvuru yap\u0131lmas\u0131,<\/li>\n\n\n\n<li>2330 say\u0131l\u0131 Kanun\u2019a uygun belgelerin sunulmas\u0131,<\/li>\n\n\n\n<li>R\u00fccu davalar\u0131nda hukuki temsil sa\u011flanmas\u0131,<\/li>\n\n\n\n<li>Ceza yarg\u0131lamalar\u0131yla ba\u011flant\u0131l\u0131 tazminat davalar\u0131n\u0131n takibi<\/li>\n<\/ul>\n\n\n\n<p class=\"wp-block-paragraph\">gibi i\u015flemlerde bir <strong>idare hukuku avukat\u0131<\/strong> \u06cc\u0627 <strong>ceza hukuku alan\u0131nda deneyimli bir avukat\u0131n<\/strong> deste\u011fi hak kay\u0131plar\u0131n\u0131 \u00f6nleyecektir.<\/p>\n\n\n\n<h2 class=\"wp-block-heading\"><span class=\"ez-toc-section\" id=\"Sonuc_ve_Degerlendirme\"><\/span>\u0646\u062a\u06cc\u062c\u0647 \u0648 \u0627\u0631\u0632\u06cc\u0627\u0628\u06cc<span class=\"ez-toc-section-end\"><\/span><\/h2>\n\n\n\n<p class=\"wp-block-paragraph\">G\u00f6rev s\u0131ras\u0131nda maruz kal\u0131nan yaralanma veya maluliyet halleri, sadece bireylerin de\u011fil, toplumsal d\u00fczenin korunmas\u0131 a\u00e7\u0131s\u0131ndan da \u00f6nem arz eder.<\/p>\n\n\n\n<p class=\"wp-block-paragraph\">Bu nedenle devletin, g\u00f6revli personeline sahip \u00e7\u0131kmas\u0131 ve hak ettikleri tazminatlar\u0131 zaman\u0131nda \u00f6demesi b\u00fcy\u00fck \u00f6nem ta\u015f\u0131r.<\/p>\n\n\n\n<p class=\"wp-block-paragraph\">Ancak bu s\u00fcre\u00e7lerin do\u011fru i\u015flemesi i\u00e7in ma\u011fdurlar\u0131n ve yak\u0131nlar\u0131n\u0131n da bilin\u00e7li olmas\u0131 gereklidir.<\/p>\n\n\n\n<p class=\"wp-block-paragraph\"><strong>Polise mukavemet<\/strong>, <strong>g\u00f6revini yapt\u0131rmamak i\u00e7in direnme<\/strong> gibi eylemler neticesinde ortaya \u00e7\u0131kan ma\u011fduriyetlerin giderilmesi i\u00e7in t\u00fcm idari ve hukuki yollar eksiksiz kullan\u0131lmal\u0131d\u0131r.<\/p>\n\n\n\n<p class=\"wp-block-paragraph\"><strong>2330 say\u0131l\u0131 Kanun<\/strong>, kamu g\u00f6revlilerini koruma alt\u0131na almakta; <strong>Nakd\u00ee Tazminat Komisyonu<\/strong> ise bu koruman\u0131n uygulay\u0131c\u0131 organ\u0131 olmaktad\u0131r.<\/p>\n\n\n\n<p class=\"wp-block-paragraph\">S\u00fcre\u00e7te kar\u015f\u0131la\u015f\u0131labilecek hukuki engellerin a\u015f\u0131lmas\u0131, do\u011fru ve etkili temsil ile m\u00fcmk\u00fcnd\u00fcr.<\/p>\n\n\n\n<p class=\"has-text-align-right wp-block-paragraph\"><strong>\u0628\u0627\u062a\u06cc\u0646 \u06cc\u0644\u0645\u0627\u0632\u060c \u0648\u06a9\u06cc\u0644<\/strong><\/p>","protected":false},"excerpt":{"rendered":"<p>Kamu g\u00f6revlileri, g\u00f6revlerini ifa ederken \u00e7e\u015fitli risklerle kar\u015f\u0131 kar\u015f\u0131ya kalmakta ve zaman zaman yaralanma, maluliyet ya da daha a\u011f\u0131r sonu\u00e7lara maruz kalabilmektedir. \u00d6zellikle kolluk kuvvetleri olan polis memurlar\u0131, jandarma ve sahil g\u00fcvenlik personeli gibi g\u00f6revli kamu \u00e7al\u0131\u015fanlar\u0131, vatanda\u015f\u0131n huzur ve g\u00fcvenli\u011fini sa\u011flamak amac\u0131yla y\u00fcksek riskli g\u00f6revler \u00fcstlenmektedir. Bu yaz\u0131m\u0131zda, g\u00f6rev s\u0131ras\u0131nda meydana gelen yaralanma veya [&hellip;]<\/p>\n","protected":false},"author":1,"featured_media":2201,"comment_status":"open","ping_status":"open","sticky":false,"template":"","format":"standard","meta":{"_joinchat":[],"footnotes":""},"categories":[77,235],"tags":[],"class_list":["post-1228","post","type-post","status-publish","format-standard","has-post-thumbnail","hentry","category-idare-hukuku","category-kamu-hukuku"],"_links":{"self":[{"href":"https:\/\/batinyilmaz.av.tr\/fa\/wp-json\/wp\/v2\/posts\/1228","targetHints":{"allow":["GET"]}}],"collection":[{"href":"https:\/\/batinyilmaz.av.tr\/fa\/wp-json\/wp\/v2\/posts"}],"about":[{"href":"https:\/\/batinyilmaz.av.tr\/fa\/wp-json\/wp\/v2\/types\/post"}],"author":[{"embeddable":true,"href":"https:\/\/batinyilmaz.av.tr\/fa\/wp-json\/wp\/v2\/users\/1"}],"replies":[{"embeddable":true,"href":"https:\/\/batinyilmaz.av.tr\/fa\/wp-json\/wp\/v2\/comments?post=1228"}],"version-history":[{"count":0,"href":"https:\/\/batinyilmaz.av.tr\/fa\/wp-json\/wp\/v2\/posts\/1228\/revisions"}],"wp:featuredmedia":[{"embeddable":true,"href":"https:\/\/batinyilmaz.av.tr\/fa\/wp-json\/wp\/v2\/media\/2201"}],"wp:attachment":[{"href":"https:\/\/batinyilmaz.av.tr\/fa\/wp-json\/wp\/v2\/media?parent=1228"}],"wp:term":[{"taxonomy":"category","embeddable":true,"href":"https:\/\/batinyilmaz.av.tr\/fa\/wp-json\/wp\/v2\/categories?post=1228"},{"taxonomy":"post_tag","embeddable":true,"href":"https:\/\/batinyilmaz.av.tr\/fa\/wp-json\/wp\/v2\/tags?post=1228"}],"curies":[{"name":"wp","href":"https:\/\/api.w.org\/{rel}","templated":true}]}}